{"id":2123425,"date":"2026-08-30T17:45:50","date_gmt":"2026-08-30T14:45:50","guid":{"rendered":"https:\/\/analyse.optim.biz\/?p=2123425"},"modified":"2026-08-30T17:45:50","modified_gmt":"2026-08-30T14:45:50","slug":"dezvoltarea-timisoarei-continua-cu-ruben-latcau-si-paula-romocean-fritz-se-bate-cu-caracatita-care-de-36-de-ani-sufoca-romania","status":"publish","type":"post","link":"https:\/\/analyse.optim.biz\/?p=2123425","title":{"rendered":"Dezvoltarea Timi\u0219oarei continu\u0103 cu Ruben La\u021bc\u0103u \u0219i Paula Romocean! Fritz se bate cu \u201ecaracati\u021ba care de 36 de ani sufoc\u0103 Rom\u00e2nia\u201d!"},"content":{"rendered":"<p>[analyse_image type=&#8221;featured&#8221; src=&#8221;https:\/\/cdn.expressdebanat.ro\/wp-content\/uploads\/2026\/08\/fritz_dominic_timisoara.jpg&#8221;]<\/p>\n<div id=\"post-area\" class=\"post-982030 post type-post status-publish format-standard has-post-thumbnail hentry category-administratie category-politica category-timis category-timisoara tag-articol-principal tag-caracatita-psd tag-dominic-frtiz tag-express-de-banat tag-important tag-paula-romocean tag-ruben-latcau tag-timisoara tag-usr\">\n<div id=\"social-box\">\n<ul class=\"post-social\">\n<li class=\"social-share-button\">\n<li class=\"social-share-button\">\n<li class=\"social-share-button\"><\/ul>\n<\/div>\n<div id=\"content-area\">\n<div class=\"post-image\"><img loading=\"lazy\" decoding=\"async\" width=\"620\" height=\"400\" src=\"https:\/\/cdn.expressdebanat.ro\/wp-content\/uploads\/2026\/08\/fritz_dominic_timisoara-620x400.jpg\" class=\"attachment-post-thumb size-post-thumb wp-post-image perfmatters-lazy\" alt=\"fritz dominic timisoara\"><img loading=\"lazy\" decoding=\"async\" width=\"620\" height=\"400\" src=\"https:\/\/cdn.expressdebanat.ro\/wp-content\/uploads\/2026\/08\/fritz_dominic_timisoara-620x400.jpg\" class=\"attachment-post-thumb size-post-thumb wp-post-image\" alt=\"fritz dominic timisoara\"><\/div>\n<p><strong>Dominic Fritz \u00eei asigur\u0103 pe timi\u0219oreni c\u0103 administra\u021bia public\u0103 local\u0103 r\u0103m\u00e2ne pe m\u00e2ini bune dup\u0103 ce i se \u00eencheie mandatul, consecin\u021b\u0103 a noii legi a integrit\u0103\u021bii.<\/strong><\/p>\n<p><em>\u201eAm primit mii de mesaje \u00een ultimele zile: ce se \u00eent\u00e2mpl\u0103 mai departe? M-am \u00eent\u00e2lnit cu prieteni, colegi din USR, simpatizan\u021bi, timi\u0219oreni simpli care \u00eenc\u0103 mai cred \u00een dreptate. M-am bucurat s\u0103 le pot r\u0103spunde \u00eentreb\u0103rilor. \u00cen Prim\u0103rie, \u00een ultimii ani am construit o echip\u0103 solid\u0103 \u0219i un sistem de lucru care vor duce mai departe munca \u00eenceput\u0103. Proiectele Timi\u0219oarei vor continua sub coordonarea celor doi viceprimari USR, Ruben La\u021bc\u0103u \u0219i Paula Romocean, \u0219i a administratorului public Matei Creiveanu. Timi\u0219oara r\u0103m\u00e2ne pe m\u00e2inile bune ale echipei mele. R\u0103bdarea oamenilor va fi \u00een continuare testat\u0103 de at\u00e2tea \u0219antiere, absorb\u021bia de fonduri europene va continua, noi poduri vor fi construite, \u0219coli modernizate \u0219i transportul public mai eficient.\u201d,<\/em> a comentat Fritz.<\/p>\n<p>Liderul USR a reiterat faptul c\u0103 \u00eencetarea mandatului de primar al Timi\u0219oarei nu \u00eenseamn\u0103 \u0219i ie\u0219irea sa din scena politic\u0103. Dominic Fritz spune c\u0103 va r\u0103m\u00e2ne timi\u0219orean implicat, liderul partidului, pozi\u021bii din care va taxa \u00een continuare politica PSD.<\/p>\n<p><em>\u201eM\u0103 voi bate \u00een continuare, \u00eempreun\u0103 cu voi, cu caracati\u021ba care de 36 de ani sufoc\u0103 Rom\u00e2nia. Speran\u021ba c\u0103 \u00eempreun\u0103 suntem contra-for\u021ba la aceast\u0103 mafie este crucial\u0103. Dar \u0219tim cu to\u021bii c\u0103 nu este suficient s\u0103 ne lupt\u0103m de la o zi la alta. Avem nevoie s\u0103 fim c\u00e2t mai mul\u021bi ca s\u0103 putem schimba regulile jocului. Iar pentru asta e nevoie de fiecare dintre voi. Nimeni nu poarte r\u0103m\u00e2ne pe margine.\u201d, <\/em>a mai transmis Fritz.<\/p>\n<\/div>\n<div id=\"social-box\">\n<ul class=\"post-social\">\n<li class=\"fb-line\">\n<li><a href=\"http:\/\/twitter.com\/share\" class=\"twitter-share-button\" data-lang=\"en\" data-count=\"horizontal\">Tweet<\/a><\/li>\n<li>\n<li><a href=\"http:\/\/pinterest.com\/pin\/create\/button\/?url=https%3A%2F%2Fexpressdebanat.ro%2Fdezvoltarea-timisoarei-continua-cu-ruben-latcau-si-paula-romocean-fritz-se-bate-cu-caracatita-care-de-36-de-ani-sufoca-romania%2F&amp;media=https:\/\/cdn.expressdebanat.ro\/wp-content\/uploads\/2026\/08\/fritz_dominic_timisoara.jpg&amp;description=Dezvoltarea%20Timi%C8%99oarei%20continu%C4%83%20cu%20Ruben%20La%C8%9Bc%C4%83u%20%C8%99i%20Paula%20Romocean!%20Fritz%20se%20bate%20cu%20%E2%80%9Ecaracati%C8%9Ba%20care%20de%2036%20de%20ani%20sufoc%C4%83%20Rom%C3%A2nia%E2%80%9D!\" class=\"pin-it-button\">Pin It<\/a><\/li>\n<\/ul>\n<\/div>\n<\/div>\n<div id=\"content-area\">\n<div class=\"post-image\"><img loading=\"lazy\" decoding=\"async\" width=\"620\" height=\"400\" src=\"https:\/\/cdn.expressdebanat.ro\/wp-content\/uploads\/2026\/08\/fritz_dominic_timisoara-620x400.jpg\" class=\"attachment-post-thumb size-post-thumb wp-post-image perfmatters-lazy\" alt=\"fritz dominic timisoara\"><img loading=\"lazy\" decoding=\"async\" width=\"620\" height=\"400\" src=\"https:\/\/cdn.expressdebanat.ro\/wp-content\/uploads\/2026\/08\/fritz_dominic_timisoara-620x400.jpg\" class=\"attachment-post-thumb size-post-thumb wp-post-image\" alt=\"fritz dominic timisoara\"><\/div>\n<p><strong>Dominic Fritz \u00eei asigur\u0103 pe timi\u0219oreni c\u0103 administra\u021bia public\u0103 local\u0103 r\u0103m\u00e2ne pe m\u00e2ini bune dup\u0103 ce i se \u00eencheie mandatul, consecin\u021b\u0103 a noii legi a integrit\u0103\u021bii.<\/strong><\/p>\n<p><em>\u201eAm primit mii de mesaje \u00een ultimele zile: ce se \u00eent\u00e2mpl\u0103 mai departe? M-am \u00eent\u00e2lnit cu prieteni, colegi din USR, simpatizan\u021bi, timi\u0219oreni simpli care \u00eenc\u0103 mai cred \u00een dreptate. M-am bucurat s\u0103 le pot r\u0103spunde \u00eentreb\u0103rilor. \u00cen Prim\u0103rie, \u00een ultimii ani am construit o echip\u0103 solid\u0103 \u0219i un sistem de lucru care vor duce mai departe munca \u00eenceput\u0103. Proiectele Timi\u0219oarei vor continua sub coordonarea celor doi viceprimari USR, Ruben La\u021bc\u0103u \u0219i Paula Romocean, \u0219i a administratorului public Matei Creiveanu. Timi\u0219oara r\u0103m\u00e2ne pe m\u00e2inile bune ale echipei mele. R\u0103bdarea oamenilor va fi \u00een continuare testat\u0103 de at\u00e2tea \u0219antiere, absorb\u021bia de fonduri europene va continua, noi poduri vor fi construite, \u0219coli modernizate \u0219i transportul public mai eficient.\u201d,<\/em> a comentat Fritz.<\/p>\n<p>Liderul USR a reiterat faptul c\u0103 \u00eencetarea mandatului de primar al Timi\u0219oarei nu \u00eenseamn\u0103 \u0219i ie\u0219irea sa din scena politic\u0103. Dominic Fritz spune c\u0103 va r\u0103m\u00e2ne timi\u0219orean implicat, liderul partidului, pozi\u021bii din care va taxa \u00een continuare politica PSD.<\/p>\n<p><em>\u201eM\u0103 voi bate \u00een continuare, \u00eempreun\u0103 cu voi, cu caracati\u021ba care de 36 de ani sufoc\u0103 Rom\u00e2nia. Speran\u021ba c\u0103 \u00eempreun\u0103 suntem contra-for\u021ba la aceast\u0103 mafie este crucial\u0103. Dar \u0219tim cu to\u021bii c\u0103 nu este suficient s\u0103 ne lupt\u0103m de la o zi la alta. Avem nevoie s\u0103 fim c\u00e2t mai mul\u021bi ca s\u0103 putem schimba regulile jocului. Iar pentru asta e nevoie de fiecare dintre voi. Nimeni nu poarte r\u0103m\u00e2ne pe margine.\u201d, <\/em>a mai transmis Fritz.<\/p>\n<\/div>\n<p>[analyse_source url=&#8221;https:\/\/expressdebanat.ro\/dezvoltarea-timisoarei-continua-cu-ruben-latcau-si-paula-romocean-fritz-se-bate-cu-caracatita-care-de-36-de-ani-sufoca-romania\/&#8221;]<\/p>\n","protected":false},"excerpt":{"rendered":"<p>[analyse_image type=&#8221;featured&#8221; src=&#8221;https:\/\/cdn.expressdebanat.ro\/wp-content\/uploads\/2026\/08\/fritz_dominic_timisoara.jpg&#8221;] Dominic Fritz \u00eei asigur\u0103 pe timi\u0219oreni c\u0103 administra\u021bia public\u0103 local\u0103 r\u0103m\u00e2ne pe m\u00e2ini bune dup\u0103 ce i se \u00eencheie mandatul, consecin\u021b\u0103 a noii legi a integrit\u0103\u021bii. \u201eAm primit mii de mesaje \u00een ultimele zile: ce se \u00eent\u00e2mpl\u0103 mai departe? M-am \u00eent\u00e2lnit cu prieteni, colegi din USR, simpatizan\u021bi, timi\u0219oreni simpli care \u00eenc\u0103 mai [&hellip;]<\/p>\n","protected":false},"author":1,"featured_media":0,"comment_status":"open","ping_status":"","sticky":false,"template":"","format":"standard","meta":{"footnotes":""},"categories":[89],"tags":[226,196],"class_list":["post-2123425","post","type-post","status-publish","format-standard","hentry","category-romania","tag-crawlmanager","tag-expressdebanat-ro"],"_links":{"self":[{"href":"https:\/\/analyse.optim.biz\/index.php?rest_route=\/wp\/v2\/posts\/2123425","targetHints":{"allow":["GET"]}}],"collection":[{"href":"https:\/\/analyse.optim.biz\/index.php?rest_route=\/wp\/v2\/posts"}],"about":[{"href":"https:\/\/analyse.optim.biz\/index.php?rest_route=\/wp\/v2\/types\/post"}],"author":[{"embeddable":true,"href":"https:\/\/analyse.optim.biz\/index.php?rest_route=\/wp\/v2\/users\/1"}],"replies":[{"embeddable":true,"href":"https:\/\/analyse.optim.biz\/index.php?rest_route=%2Fwp%2Fv2%2Fcomments&post=2123425"}],"version-history":[{"count":0,"href":"https:\/\/analyse.optim.biz\/index.php?rest_route=\/wp\/v2\/posts\/2123425\/revisions"}],"wp:attachment":[{"href":"https:\/\/analyse.optim.biz\/index.php?rest_route=%2Fwp%2Fv2%2Fmedia&parent=2123425"}],"wp:term":[{"taxonomy":"category","embeddable":true,"href":"https:\/\/analyse.optim.biz\/index.php?rest_route=%2Fwp%2Fv2%2Fcategories&post=2123425"},{"taxonomy":"post_tag","embeddable":true,"href":"https:\/\/analyse.optim.biz\/index.php?rest_route=%2Fwp%2Fv2%2Ftags&post=2123425"}],"curies":[{"name":"wp","href":"https:\/\/api.w.org\/{rel}","templated":true}]}}