{"id":2123424,"date":"2026-08-30T12:03:48","date_gmt":"2026-08-30T09:03:48","guid":{"rendered":"https:\/\/analyse.optim.biz\/?p=2123424"},"modified":"2026-08-30T12:03:48","modified_gmt":"2026-08-30T09:03:48","slug":"fritz-vom-transforma-cele-30-de-zile-dintr-un-abuz-intr-un-festival","status":"publish","type":"post","link":"https:\/\/analyse.optim.biz\/?p=2123424","title":{"rendered":"Fritz: \u201eVom transforma cele 30 de zile dintr-un abuz \u00eentr-un festival!\u201d"},"content":{"rendered":"<p>[analyse_image type=&#8221;featured&#8221; src=&#8221;https:\/\/cdn.expressdebanat.ro\/wp-content\/uploads\/2026\/08\/fritz_dominic-1.jpg&#8221;]<\/p>\n<div id=\"post-area\" class=\"post-982027 post type-post status-publish format-standard has-post-thumbnail hentry category-politica category-timis category-timisoara tag-articol-principal tag-dominic-fritz tag-express-de-banat tag-important tag-primar-timisoara tag-stiri-banat\">\n<div id=\"social-box\">\n<ul class=\"post-social\">\n<li class=\"social-share-button\">\n<li class=\"social-share-button\">\n<li class=\"social-share-button\"><\/ul>\n<\/div>\n<div id=\"content-area\">\n<div class=\"post-image\"><img loading=\"lazy\" decoding=\"async\" width=\"620\" height=\"400\" src=\"https:\/\/cdn.expressdebanat.ro\/wp-content\/uploads\/2026\/08\/fritz_dominic-1-620x400.jpg\" class=\"attachment-post-thumb size-post-thumb wp-post-image perfmatters-lazy\" alt=\"fritz dominic\"><img loading=\"lazy\" decoding=\"async\" width=\"620\" height=\"400\" src=\"https:\/\/cdn.expressdebanat.ro\/wp-content\/uploads\/2026\/08\/fritz_dominic-1-620x400.jpg\" class=\"attachment-post-thumb size-post-thumb wp-post-image\" alt=\"fritz dominic\"><\/div>\n<p><strong>Liderul USR, Dominic Fritz, care urmeaz\u0103 s\u0103 \u00ee\u0219i piard\u0103 func\u021bia dup\u0103 adoptarea reformei ANI, calific\u0103 Legea Integrit\u0103\u021bii drept \u201eLegea anti-Timi\u0219oara\u201d, lans\u00e2nd un atac la adresa PSD \u0219i AUR.<\/strong><\/p>\n<p><em>\u201eLegea anti-Timi\u0219oara a fost publicat\u0103 \u00een Monitorul Oficial. \u021ainta PSD+AUR cu aceast\u0103 lege: s\u0103 v\u0103 omoare speran\u021ba\u201d<\/em>, acuz\u0103 Dominic Fritz, pe pagina sa de Facebook.<\/p>\n<p>Legea a fost publicat\u0103 \u00eenc\u0103 de vineri seara \u00een monitorul oficial \u00eenc\u0103 de vineri seara, dup\u0103 ce a fost promulgat\u0103 de pre\u0219edintele Nicu\u0219or Dan.<\/p>\n<p>Acesta a venit \u0219i cu un mesaj de \u00eencurajare pentru timi\u0219orenii, dar \u0219i ceilal\u021bi cet\u0103\u021beni care \u00eel sus\u021bin.<\/p>\n<p><em>\u201eVom transforma aceste 30 de zile dintr-un abuz \u00eentr-un festival al faptelor prin care am schimbat Timi\u0219oara. Pentru c\u0103 asta \u00eei sperie cel mai tare: c\u0103 Rom\u00e2nia se poate schimba prin munc\u0103, seriozitate \u0219i f\u0103r\u0103 fur\u0103ciuni\u201d<\/em>, a scris Fritz.<\/p>\n<p>Actualul lider USR a mai precizat c\u0103, \u0219i dup\u0103 pierderea func\u021biei ce primar va r\u0103m\u00e2ne tot timi\u0219orean.<\/p>\n<p><em>\u201e\u0218i din ziua 31 \u2013 \u00een care eu tot timi\u0219orean voi fi \u2013 continu\u0103m. Eu voi fi tot aici. Cu voi. \u00cenainte\u201d<\/em>, se arat\u0103 \u00een mesajul publicat de Fritz.<\/p>\n<p>Potrivit verdictului \u00cenaltei Cur\u021bi de Casa\u021bie \u0219i Justi\u021bie, bazat pe Raportul ANI, Dominic Fritz se afl\u0103 \u00een incompatibilitate cu func\u021bia de primar al Timi\u0219oarei, dup\u0103 ce, \u00een a doua sa zi de mandat, a semnat un PUZ mo\u0219tenit de la administra\u021bia Robu, care a fost realizat de un arhitect local. Acel arhitect local a \u00eemprumutat USR cu 25.000 de lei \u00een campania electoral\u0103 a lui Dominic Fritz.<\/p>\n<p>PNL a decis s\u0103 voteze reforma ANI, de\u0219i ea con\u021bine amendamentul propus de PSD, cu privire la faptul c\u0103 oficialii care se afl\u0103 \u00een incompatibilitate cu func\u021bia sau \u00een conflict de interese \u00ee\u0219i pierd mandatul \u00een termen de 30 de zile de la intrarea \u00een vigoare a legii.<\/p>\n<p>Cu toate acestea, reforma ANI st\u00e2rne\u0219te controverse la nivel european. Partidul Popular European (PPE) \u0219i grupul Renew Europe \u00eei cer pre\u0219edintei Comisiei Europene s\u0103 blocheze cei 770 de milioane de euro din fondurile PNRR destinate Rom\u00e2niei, aferente jalonului PNRR.<\/p>\n<p>Reprezentan\u021bii celor dou\u0103 grupuri invoc\u0103 probleme legate de statul de drept, \u00eentre care \u201escopul de a elimina un adversar politic\u201d, dar \u0219i faptul c\u0103 aplicarea retroactiv\u0103 a prevederilor ar \u00eenc\u0103lca legisla\u021bia european\u0103, dup\u0103 cum au precizat reprezentan\u021bii celor dou\u0103 entit\u0103\u021bi pentru POLITICO.<\/p>\n<p>\u00a0<\/p>\n<\/div>\n<div id=\"social-box\">\n<ul class=\"post-social\">\n<li class=\"fb-line\">\n<li><a href=\"http:\/\/twitter.com\/share\" class=\"twitter-share-button\" data-lang=\"en\" data-count=\"horizontal\">Tweet<\/a><\/li>\n<li>\n<li><a href=\"http:\/\/pinterest.com\/pin\/create\/button\/?url=https%3A%2F%2Fexpressdebanat.ro%2Ffritz-vom-transforma-cele-30-de-zile-dintr-un-abuz-intr-un-festival%2F&amp;media=https:\/\/cdn.expressdebanat.ro\/wp-content\/uploads\/2026\/08\/fritz_dominic-1.jpg&amp;description=Fritz:%20%E2%80%9EVom%20transforma%20cele%2030%20de%20zile%20dintr-un%20abuz%20%C3%AEntr-un%20festival!%E2%80%9D\" class=\"pin-it-button\">Pin It<\/a><\/li>\n<\/ul>\n<\/div>\n<\/div>\n<div id=\"content-area\">\n<div class=\"post-image\"><img loading=\"lazy\" decoding=\"async\" width=\"620\" height=\"400\" src=\"https:\/\/cdn.expressdebanat.ro\/wp-content\/uploads\/2026\/08\/fritz_dominic-1-620x400.jpg\" class=\"attachment-post-thumb size-post-thumb wp-post-image perfmatters-lazy\" alt=\"fritz dominic\"><img loading=\"lazy\" decoding=\"async\" width=\"620\" height=\"400\" src=\"https:\/\/cdn.expressdebanat.ro\/wp-content\/uploads\/2026\/08\/fritz_dominic-1-620x400.jpg\" class=\"attachment-post-thumb size-post-thumb wp-post-image\" alt=\"fritz dominic\"><\/div>\n<p><strong>Liderul USR, Dominic Fritz, care urmeaz\u0103 s\u0103 \u00ee\u0219i piard\u0103 func\u021bia dup\u0103 adoptarea reformei ANI, calific\u0103 Legea Integrit\u0103\u021bii drept \u201eLegea anti-Timi\u0219oara\u201d, lans\u00e2nd un atac la adresa PSD \u0219i AUR.<\/strong><\/p>\n<p><em>\u201eLegea anti-Timi\u0219oara a fost publicat\u0103 \u00een Monitorul Oficial. \u021ainta PSD+AUR cu aceast\u0103 lege: s\u0103 v\u0103 omoare speran\u021ba\u201d<\/em>, acuz\u0103 Dominic Fritz, pe pagina sa de Facebook.<\/p>\n<p>Legea a fost publicat\u0103 \u00eenc\u0103 de vineri seara \u00een monitorul oficial \u00eenc\u0103 de vineri seara, dup\u0103 ce a fost promulgat\u0103 de pre\u0219edintele Nicu\u0219or Dan.<\/p>\n<p>Acesta a venit \u0219i cu un mesaj de \u00eencurajare pentru timi\u0219orenii, dar \u0219i ceilal\u021bi cet\u0103\u021beni care \u00eel sus\u021bin.<\/p>\n<p><em>\u201eVom transforma aceste 30 de zile dintr-un abuz \u00eentr-un festival al faptelor prin care am schimbat Timi\u0219oara. Pentru c\u0103 asta \u00eei sperie cel mai tare: c\u0103 Rom\u00e2nia se poate schimba prin munc\u0103, seriozitate \u0219i f\u0103r\u0103 fur\u0103ciuni\u201d<\/em>, a scris Fritz.<\/p>\n<p>Actualul lider USR a mai precizat c\u0103, \u0219i dup\u0103 pierderea func\u021biei ce primar va r\u0103m\u00e2ne tot timi\u0219orean.<\/p>\n<p><em>\u201e\u0218i din ziua 31 \u2013 \u00een care eu tot timi\u0219orean voi fi \u2013 continu\u0103m. Eu voi fi tot aici. Cu voi. \u00cenainte\u201d<\/em>, se arat\u0103 \u00een mesajul publicat de Fritz.<\/p>\n<p>Potrivit verdictului \u00cenaltei Cur\u021bi de Casa\u021bie \u0219i Justi\u021bie, bazat pe Raportul ANI, Dominic Fritz se afl\u0103 \u00een incompatibilitate cu func\u021bia de primar al Timi\u0219oarei, dup\u0103 ce, \u00een a doua sa zi de mandat, a semnat un PUZ mo\u0219tenit de la administra\u021bia Robu, care a fost realizat de un arhitect local. Acel arhitect local a \u00eemprumutat USR cu 25.000 de lei \u00een campania electoral\u0103 a lui Dominic Fritz.<\/p>\n<p>PNL a decis s\u0103 voteze reforma ANI, de\u0219i ea con\u021bine amendamentul propus de PSD, cu privire la faptul c\u0103 oficialii care se afl\u0103 \u00een incompatibilitate cu func\u021bia sau \u00een conflict de interese \u00ee\u0219i pierd mandatul \u00een termen de 30 de zile de la intrarea \u00een vigoare a legii.<\/p>\n<p>Cu toate acestea, reforma ANI st\u00e2rne\u0219te controverse la nivel european. Partidul Popular European (PPE) \u0219i grupul Renew Europe \u00eei cer pre\u0219edintei Comisiei Europene s\u0103 blocheze cei 770 de milioane de euro din fondurile PNRR destinate Rom\u00e2niei, aferente jalonului PNRR.<\/p>\n<p>Reprezentan\u021bii celor dou\u0103 grupuri invoc\u0103 probleme legate de statul de drept, \u00eentre care \u201escopul de a elimina un adversar politic\u201d, dar \u0219i faptul c\u0103 aplicarea retroactiv\u0103 a prevederilor ar \u00eenc\u0103lca legisla\u021bia european\u0103, dup\u0103 cum au precizat reprezentan\u021bii celor dou\u0103 entit\u0103\u021bi pentru POLITICO.<\/p>\n<p>\u00a0<\/p>\n<\/div>\n<p>[analyse_source url=&#8221;https:\/\/expressdebanat.ro\/fritz-vom-transforma-cele-30-de-zile-dintr-un-abuz-intr-un-festival\/&#8221;]<\/p>\n","protected":false},"excerpt":{"rendered":"<p>[analyse_image type=&#8221;featured&#8221; src=&#8221;https:\/\/cdn.expressdebanat.ro\/wp-content\/uploads\/2026\/08\/fritz_dominic-1.jpg&#8221;] Liderul USR, Dominic Fritz, care urmeaz\u0103 s\u0103 \u00ee\u0219i piard\u0103 func\u021bia dup\u0103 adoptarea reformei ANI, calific\u0103 Legea Integrit\u0103\u021bii drept \u201eLegea anti-Timi\u0219oara\u201d, lans\u00e2nd un atac la adresa PSD \u0219i AUR. \u201eLegea anti-Timi\u0219oara a fost publicat\u0103 \u00een Monitorul Oficial. \u021ainta PSD+AUR cu aceast\u0103 lege: s\u0103 v\u0103 omoare speran\u021ba\u201d, acuz\u0103 Dominic Fritz, pe pagina sa de [&hellip;]<\/p>\n","protected":false},"author":1,"featured_media":0,"comment_status":"open","ping_status":"","sticky":false,"template":"","format":"standard","meta":{"footnotes":""},"categories":[89],"tags":[226,196],"class_list":["post-2123424","post","type-post","status-publish","format-standard","hentry","category-romania","tag-crawlmanager","tag-expressdebanat-ro"],"_links":{"self":[{"href":"https:\/\/analyse.optim.biz\/index.php?rest_route=\/wp\/v2\/posts\/2123424","targetHints":{"allow":["GET"]}}],"collection":[{"href":"https:\/\/analyse.optim.biz\/index.php?rest_route=\/wp\/v2\/posts"}],"about":[{"href":"https:\/\/analyse.optim.biz\/index.php?rest_route=\/wp\/v2\/types\/post"}],"author":[{"embeddable":true,"href":"https:\/\/analyse.optim.biz\/index.php?rest_route=\/wp\/v2\/users\/1"}],"replies":[{"embeddable":true,"href":"https:\/\/analyse.optim.biz\/index.php?rest_route=%2Fwp%2Fv2%2Fcomments&post=2123424"}],"version-history":[{"count":0,"href":"https:\/\/analyse.optim.biz\/index.php?rest_route=\/wp\/v2\/posts\/2123424\/revisions"}],"wp:attachment":[{"href":"https:\/\/analyse.optim.biz\/index.php?rest_route=%2Fwp%2Fv2%2Fmedia&parent=2123424"}],"wp:term":[{"taxonomy":"category","embeddable":true,"href":"https:\/\/analyse.optim.biz\/index.php?rest_route=%2Fwp%2Fv2%2Fcategories&post=2123424"},{"taxonomy":"post_tag","embeddable":true,"href":"https:\/\/analyse.optim.biz\/index.php?rest_route=%2Fwp%2Fv2%2Ftags&post=2123424"}],"curies":[{"name":"wp","href":"https:\/\/api.w.org\/{rel}","templated":true}]}}