{"id":2123423,"date":"2026-08-30T09:03:32","date_gmt":"2026-08-30T06:03:32","guid":{"rendered":"https:\/\/analyse.optim.biz\/?p=2123423"},"modified":"2026-08-30T09:03:32","modified_gmt":"2026-08-30T06:03:32","slug":"corul-comunitar-si-300-de-artisti-canta-muzica-filmelor-celebre-in-parcul-rozelor-din-timisoara","status":"publish","type":"post","link":"https:\/\/analyse.optim.biz\/?p=2123423","title":{"rendered":"Corul comunitar \u0219i 300 de arti\u0219ti c\u00e2nt\u0103 muzica filmelor celebre \u00een Parcul Rozelor din Timi\u0219oara"},"content":{"rendered":"<p>[analyse_image type=&#8221;featured&#8221; src=&#8221;https:\/\/cdn.expressdebanat.ro\/wp-content\/uploads\/2026\/08\/Corul-comunitar-4.jpg&#8221;]<\/p>\n<div id=\"post-area\" class=\"post-981982 post type-post status-publish format-standard has-post-thumbnail hentry category-life-style category-timis category-timisoara tag-concert tag-corul-comunitar tag-filarmonica-banatul tag-parcul-rozelor tag-timisoara\">\n<div id=\"social-box\">\n<ul class=\"post-social\">\n<li class=\"social-share-button\">\n<li class=\"social-share-button\">\n<li class=\"social-share-button\"><\/ul>\n<\/div>\n<div id=\"content-area\">\n<div class=\"post-image\"><img loading=\"lazy\" decoding=\"async\" width=\"620\" height=\"400\" src=\"https:\/\/cdn.expressdebanat.ro\/wp-content\/uploads\/2026\/08\/Corul-comunitar-4-620x400.jpg\" class=\"attachment-post-thumb size-post-thumb wp-post-image perfmatters-lazy\" alt=\"corul comunitar (4)\"><img loading=\"lazy\" decoding=\"async\" width=\"620\" height=\"400\" src=\"https:\/\/cdn.expressdebanat.ro\/wp-content\/uploads\/2026\/08\/Corul-comunitar-4-620x400.jpg\" class=\"attachment-post-thumb size-post-thumb wp-post-image\" alt=\"corul comunitar (4)\"><\/div>\n<div class=\"rplav6a97589e23c87\"><a href=\"https:\/\/www.bacoluxhotels.ro\/\"><img loading=\"lazy\" decoding=\"async\" class=\"size-full wp-image-943602 perfmatters-lazy\" src=\"https:\/\/cdn.expressdebanat.ro\/wp-content\/uploads\/2025\/09\/WhatsApp-Image-2025-09-29-at-12.42.18.jpeg\" alt=\"Afrodita 1000x200 \" width=\"1000\" height=\"200\"><img loading=\"lazy\" decoding=\"async\" class=\"size-full wp-image-943602\" src=\"https:\/\/cdn.expressdebanat.ro\/wp-content\/uploads\/2025\/09\/WhatsApp-Image-2025-09-29-at-12.42.18.jpeg\" alt=\"Afrodita 1000x200 \" width=\"1000\" height=\"200\"><\/a><\/div>\n<p class=\"isSelectedEnd\"><strong>Corul comunitar al Timi\u0219oarei urc\u0103 din nou pe scen\u0103 al\u0103turi de Filarmonica Banatul, \u00eentr-un concert dedicat marilor coloane sonore de film. Evenimentul are loc pe 4 \u0219i 5 septembrie, \u00een Parcul Rozelor.\u00a0<\/strong><\/p>\n<p class=\"isSelectedEnd\">Timi\u0219orenii vor putea asculta live muzica din unele dintre cele mai cunoscute filme \u0219i seriale, \u00eentr-un concert \u00een aer liber sus\u021binut de aproximativ 300 de arti\u0219ti. Filarmonica Banatul Timi\u0219oara organizeaz\u0103, vineri, 4 septembrie, \u0219i s\u00e2mb\u0103t\u0103, 5 septembrie, de la ora 21.00, concertul \u201eSounds of Fantasy\u201d, \u00een Parcul Rozelor.<\/p>\n<p class=\"isSelectedEnd\">Pe scen\u0103 vor urca Orchestra simfonic\u0103 \u201eRemus Georgescu\u201d \u0219i Corul \u201eIon Rom\u00e2nu\u201d ale Filarmonicii Banatul, al\u0103turi de Corul comunitar. Arti\u0219tii vor fi condu\u0219i de dirijorul Stefan Geiger.<\/p>\n<p class=\"isSelectedEnd\">Programul include coloane sonore din \u201eGame of Thrones\u201d, \u201eThe Lord of the Rings\u201d, \u201eAvatar\u201d, \u201eThe Avengers\u201d, \u201eHow to Train Your Dragon\u201d, \u201eBlack Panther\u201d, \u201eJurassic Park\u201d \u0219i \u201eKing Kong\u201d.<\/p>\n<div class=\"hqsbf6a97589e23cee\"><a href=\"https:\/\/www.facebook.com\/clinicavestmed\"><img loading=\"lazy\" decoding=\"async\" class=\"size-full wp-image-961300 perfmatters-lazy\" src=\"https:\/\/cdn.expressdebanat.ro\/wp-content\/uploads\/2026\/02\/WhatsApp-Image-2026-02-03-at-11.55.13.jpeg\" alt=\"vestmed 1000x200\" width=\"1000\" height=\"200\"><img loading=\"lazy\" decoding=\"async\" class=\"size-full wp-image-961300\" src=\"https:\/\/cdn.expressdebanat.ro\/wp-content\/uploads\/2026\/02\/WhatsApp-Image-2026-02-03-at-11.55.13.jpeg\" alt=\"vestmed 1000x200\" width=\"1000\" height=\"200\"><\/a><\/div>\n<p>Este al patrulea an \u00een care Corul comunitar al Timi\u0219oarei urc\u0103 pe scen\u0103 al\u0103turi de arti\u0219tii profesioni\u0219ti ai Filarmonicii Banatul.<\/p>\n<p>Intrarea este liber\u0103.<\/p>\n<div class=\"rfboh6a97589e23d46\"><a href=\"https:\/\/www.hotel-versay.ro\/\" target=\"_blank\" rel=\"noopener noreferrer ugc sponsored\" title=\"Stiri si Publicitate pentru Timisoara si Resita\"><img loading=\"lazy\" decoding=\"async\" class=\"size-full wp-image-821392 perfmatters-lazy\" src=\"https:\/\/cdn.expressdebanat.ro\/wp-content\/uploads\/2024\/04\/Versay-aprilie-980x120-px.jpg\" alt=\"Stiri si Publicitate Timisoara, Resita, Hotel Versay aprilie 980x120 px\" width=\"980\" height=\"120\"><img loading=\"lazy\" decoding=\"async\" class=\"size-full wp-image-821392\" src=\"https:\/\/cdn.expressdebanat.ro\/wp-content\/uploads\/2024\/04\/Versay-aprilie-980x120-px.jpg\" alt=\"Stiri si Publicitate Timisoara, Resita, Hotel Versay aprilie 980x120 px\" width=\"980\" height=\"120\"><\/a><a href=\"https:\/\/www.facebook.com\/casaalex2018?locale=ro_RO\"><img loading=\"lazy\" decoding=\"async\" class=\"size-full wp-image-982095 perfmatters-lazy\" src=\"https:\/\/cdn.expressdebanat.ro\/wp-content\/uploads\/2026\/08\/7a8fd12b-1543-457e-9844-45bf46722da7.jpeg\" alt=\"afis casa alex toamna\" width=\"1000\" height=\"364\"><img loading=\"lazy\" decoding=\"async\" class=\"size-full wp-image-982095\" src=\"https:\/\/cdn.expressdebanat.ro\/wp-content\/uploads\/2026\/08\/7a8fd12b-1543-457e-9844-45bf46722da7.jpeg\" alt=\"afis casa alex toamna\" width=\"1000\" height=\"364\"><\/a><\/div>\n<\/div>\n<div id=\"social-box\">\n<ul class=\"post-social\">\n<li class=\"fb-line\">\n<li><a href=\"http:\/\/twitter.com\/share\" class=\"twitter-share-button\" data-lang=\"en\" data-count=\"horizontal\">Tweet<\/a><\/li>\n<li>\n<li><a href=\"http:\/\/pinterest.com\/pin\/create\/button\/?url=https%3A%2F%2Fexpressdebanat.ro%2Fcorul-comunitar-si-300-de-artisti-canta-muzica-filmelor-celebre-in-parcul-rozelor-din-timisoara%2F&amp;media=https:\/\/cdn.expressdebanat.ro\/wp-content\/uploads\/2026\/08\/Corul-comunitar-4.jpg&amp;description=Corul%20comunitar%20%C8%99i%20300%20de%20arti%C8%99ti%20c%C3%A2nt%C4%83%20muzica%20filmelor%20celebre%20%C3%AEn%20Parcul%20Rozelor%20din%20Timi%C8%99oara\" class=\"pin-it-button\">Pin It<\/a><\/li>\n<\/ul>\n<\/div>\n<\/div>\n<div id=\"content-area\">\n<div class=\"post-image\"><img loading=\"lazy\" decoding=\"async\" width=\"620\" height=\"400\" src=\"https:\/\/cdn.expressdebanat.ro\/wp-content\/uploads\/2026\/08\/Corul-comunitar-4-620x400.jpg\" class=\"attachment-post-thumb size-post-thumb wp-post-image perfmatters-lazy\" alt=\"corul comunitar (4)\"><img loading=\"lazy\" decoding=\"async\" width=\"620\" height=\"400\" src=\"https:\/\/cdn.expressdebanat.ro\/wp-content\/uploads\/2026\/08\/Corul-comunitar-4-620x400.jpg\" class=\"attachment-post-thumb size-post-thumb wp-post-image\" alt=\"corul comunitar (4)\"><\/div>\n<div class=\"rplav6a97589e23c87\"><a href=\"https:\/\/www.bacoluxhotels.ro\/\"><img loading=\"lazy\" decoding=\"async\" class=\"size-full wp-image-943602 perfmatters-lazy\" src=\"https:\/\/cdn.expressdebanat.ro\/wp-content\/uploads\/2025\/09\/WhatsApp-Image-2025-09-29-at-12.42.18.jpeg\" alt=\"Afrodita 1000x200 \" width=\"1000\" height=\"200\"><img loading=\"lazy\" decoding=\"async\" class=\"size-full wp-image-943602\" src=\"https:\/\/cdn.expressdebanat.ro\/wp-content\/uploads\/2025\/09\/WhatsApp-Image-2025-09-29-at-12.42.18.jpeg\" alt=\"Afrodita 1000x200 \" width=\"1000\" height=\"200\"><\/a><\/div>\n<p class=\"isSelectedEnd\"><strong>Corul comunitar al Timi\u0219oarei urc\u0103 din nou pe scen\u0103 al\u0103turi de Filarmonica Banatul, \u00eentr-un concert dedicat marilor coloane sonore de film. Evenimentul are loc pe 4 \u0219i 5 septembrie, \u00een Parcul Rozelor.\u00a0<\/strong><\/p>\n<p class=\"isSelectedEnd\">Timi\u0219orenii vor putea asculta live muzica din unele dintre cele mai cunoscute filme \u0219i seriale, \u00eentr-un concert \u00een aer liber sus\u021binut de aproximativ 300 de arti\u0219ti. Filarmonica Banatul Timi\u0219oara organizeaz\u0103, vineri, 4 septembrie, \u0219i s\u00e2mb\u0103t\u0103, 5 septembrie, de la ora 21.00, concertul \u201eSounds of Fantasy\u201d, \u00een Parcul Rozelor.<\/p>\n<p class=\"isSelectedEnd\">Pe scen\u0103 vor urca Orchestra simfonic\u0103 \u201eRemus Georgescu\u201d \u0219i Corul \u201eIon Rom\u00e2nu\u201d ale Filarmonicii Banatul, al\u0103turi de Corul comunitar. Arti\u0219tii vor fi condu\u0219i de dirijorul Stefan Geiger.<\/p>\n<p class=\"isSelectedEnd\">Programul include coloane sonore din \u201eGame of Thrones\u201d, \u201eThe Lord of the Rings\u201d, \u201eAvatar\u201d, \u201eThe Avengers\u201d, \u201eHow to Train Your Dragon\u201d, \u201eBlack Panther\u201d, \u201eJurassic Park\u201d \u0219i \u201eKing Kong\u201d.<\/p>\n<div class=\"hqsbf6a97589e23cee\"><a href=\"https:\/\/www.facebook.com\/clinicavestmed\"><img loading=\"lazy\" decoding=\"async\" class=\"size-full wp-image-961300 perfmatters-lazy\" src=\"https:\/\/cdn.expressdebanat.ro\/wp-content\/uploads\/2026\/02\/WhatsApp-Image-2026-02-03-at-11.55.13.jpeg\" alt=\"vestmed 1000x200\" width=\"1000\" height=\"200\"><img loading=\"lazy\" decoding=\"async\" class=\"size-full wp-image-961300\" src=\"https:\/\/cdn.expressdebanat.ro\/wp-content\/uploads\/2026\/02\/WhatsApp-Image-2026-02-03-at-11.55.13.jpeg\" alt=\"vestmed 1000x200\" width=\"1000\" height=\"200\"><\/a><\/div>\n<p>Este al patrulea an \u00een care Corul comunitar al Timi\u0219oarei urc\u0103 pe scen\u0103 al\u0103turi de arti\u0219tii profesioni\u0219ti ai Filarmonicii Banatul.<\/p>\n<p>Intrarea este liber\u0103.<\/p>\n<div class=\"rfboh6a97589e23d46\"><a href=\"https:\/\/www.hotel-versay.ro\/\" target=\"_blank\" rel=\"noopener noreferrer ugc sponsored\" title=\"Stiri si Publicitate pentru Timisoara si Resita\"><img loading=\"lazy\" decoding=\"async\" class=\"size-full wp-image-821392 perfmatters-lazy\" src=\"https:\/\/cdn.expressdebanat.ro\/wp-content\/uploads\/2024\/04\/Versay-aprilie-980x120-px.jpg\" alt=\"Stiri si Publicitate Timisoara, Resita, Hotel Versay aprilie 980x120 px\" width=\"980\" height=\"120\"><img loading=\"lazy\" decoding=\"async\" class=\"size-full wp-image-821392\" src=\"https:\/\/cdn.expressdebanat.ro\/wp-content\/uploads\/2024\/04\/Versay-aprilie-980x120-px.jpg\" alt=\"Stiri si Publicitate Timisoara, Resita, Hotel Versay aprilie 980x120 px\" width=\"980\" height=\"120\"><\/a><a href=\"https:\/\/www.facebook.com\/casaalex2018?locale=ro_RO\"><img loading=\"lazy\" decoding=\"async\" class=\"size-full wp-image-982095 perfmatters-lazy\" src=\"https:\/\/cdn.expressdebanat.ro\/wp-content\/uploads\/2026\/08\/7a8fd12b-1543-457e-9844-45bf46722da7.jpeg\" alt=\"afis casa alex toamna\" width=\"1000\" height=\"364\"><img loading=\"lazy\" decoding=\"async\" class=\"size-full wp-image-982095\" src=\"https:\/\/cdn.expressdebanat.ro\/wp-content\/uploads\/2026\/08\/7a8fd12b-1543-457e-9844-45bf46722da7.jpeg\" alt=\"afis casa alex toamna\" width=\"1000\" height=\"364\"><\/a><\/div>\n<\/div>\n<p>[analyse_source url=&#8221;https:\/\/expressdebanat.ro\/corul-comunitar-si-300-de-artisti-canta-muzica-filmelor-celebre-in-parcul-rozelor-din-timisoara\/&#8221;]<\/p>\n","protected":false},"excerpt":{"rendered":"<p>[analyse_image type=&#8221;featured&#8221; src=&#8221;https:\/\/cdn.expressdebanat.ro\/wp-content\/uploads\/2026\/08\/Corul-comunitar-4.jpg&#8221;] Corul comunitar al Timi\u0219oarei urc\u0103 din nou pe scen\u0103 al\u0103turi de Filarmonica Banatul, \u00eentr-un concert dedicat marilor coloane sonore de film. Evenimentul are loc pe 4 \u0219i 5 septembrie, \u00een Parcul Rozelor.\u00a0 Timi\u0219orenii vor putea asculta live muzica din unele dintre cele mai cunoscute filme \u0219i seriale, \u00eentr-un concert \u00een aer liber [&hellip;]<\/p>\n","protected":false},"author":1,"featured_media":0,"comment_status":"open","ping_status":"","sticky":false,"template":"","format":"standard","meta":{"footnotes":""},"categories":[89],"tags":[226,196],"class_list":["post-2123423","post","type-post","status-publish","format-standard","hentry","category-romania","tag-crawlmanager","tag-expressdebanat-ro"],"_links":{"self":[{"href":"https:\/\/analyse.optim.biz\/index.php?rest_route=\/wp\/v2\/posts\/2123423","targetHints":{"allow":["GET"]}}],"collection":[{"href":"https:\/\/analyse.optim.biz\/index.php?rest_route=\/wp\/v2\/posts"}],"about":[{"href":"https:\/\/analyse.optim.biz\/index.php?rest_route=\/wp\/v2\/types\/post"}],"author":[{"embeddable":true,"href":"https:\/\/analyse.optim.biz\/index.php?rest_route=\/wp\/v2\/users\/1"}],"replies":[{"embeddable":true,"href":"https:\/\/analyse.optim.biz\/index.php?rest_route=%2Fwp%2Fv2%2Fcomments&post=2123423"}],"version-history":[{"count":0,"href":"https:\/\/analyse.optim.biz\/index.php?rest_route=\/wp\/v2\/posts\/2123423\/revisions"}],"wp:attachment":[{"href":"https:\/\/analyse.optim.biz\/index.php?rest_route=%2Fwp%2Fv2%2Fmedia&parent=2123423"}],"wp:term":[{"taxonomy":"category","embeddable":true,"href":"https:\/\/analyse.optim.biz\/index.php?rest_route=%2Fwp%2Fv2%2Fcategories&post=2123423"},{"taxonomy":"post_tag","embeddable":true,"href":"https:\/\/analyse.optim.biz\/index.php?rest_route=%2Fwp%2Fv2%2Ftags&post=2123423"}],"curies":[{"name":"wp","href":"https:\/\/api.w.org\/{rel}","templated":true}]}}