{"id":2123420,"date":"2026-08-30T04:00:37","date_gmt":"2026-08-30T01:00:37","guid":{"rendered":"https:\/\/analyse.optim.biz\/?p=2123420"},"modified":"2026-08-30T04:00:37","modified_gmt":"2026-08-30T01:00:37","slug":"o-calatorie-altfel-cu-experiente-autentice-alaturi-de-o-timisoreanca-indragostita-de-natura","status":"publish","type":"post","link":"https:\/\/analyse.optim.biz\/?p=2123420","title":{"rendered":"O c\u0103l\u0103torie altfel, cu experien\u021be autentice al\u0103turi de o timi\u0219oreanc\u0103 \u00eendr\u0103gostit\u0103 de natur\u0103"},"content":{"rendered":"<p>[analyse_image type=&#8221;featured&#8221; src=&#8221;https:\/\/cdn.expressdebanat.ro\/wp-content\/uploads\/2026\/08\/Madeleine-si-cainii.jpghttps:\/\/cdn.expressdebanat.ro\/wp-content\/uploads\/2026\/08\/Lacul-Doman.jpghttps:\/\/cdn.expressdebanat.ro\/wp-content\/uploads\/2026\/08\/Yaya-Valiug.jpg&#8221;]<\/p>\n<div id=\"post-area\" class=\"post-981985 post type-post status-publish format-standard has-post-thumbnail hentry category-life-style category-poveste-viata category-resita category-timisoara tag-articol-principal tag-delicatese-florale tag-important tag-madeleine-savin tag-pasiune-pentru-munte tag-slow-travel\">\n<div id=\"social-box\">\n<ul class=\"post-social\">\n<li class=\"social-share-button\">\n<li class=\"social-share-button\">\n<li class=\"social-share-button\"><\/ul>\n<\/div>\n<div id=\"content-area\">\n<div class=\"post-image\"><img loading=\"lazy\" decoding=\"async\" width=\"619\" height=\"400\" src=\"https:\/\/cdn.expressdebanat.ro\/wp-content\/uploads\/2026\/08\/Madeleine-si-cainii-619x400.jpg\" class=\"attachment-post-thumb size-post-thumb wp-post-image perfmatters-lazy\" alt=\"madeleine si cainii\"><img loading=\"lazy\" decoding=\"async\" width=\"619\" height=\"400\" src=\"https:\/\/cdn.expressdebanat.ro\/wp-content\/uploads\/2026\/08\/Madeleine-si-cainii-619x400.jpg\" class=\"attachment-post-thumb size-post-thumb wp-post-image\" alt=\"madeleine si cainii\"><\/div>\n<div class=\"qoyxo6a9753261cfc0\"><a href=\"https:\/\/www.bacoluxhotels.ro\/\"><img loading=\"lazy\" decoding=\"async\" class=\"size-full wp-image-943602 perfmatters-lazy\" src=\"https:\/\/cdn.expressdebanat.ro\/wp-content\/uploads\/2025\/09\/WhatsApp-Image-2025-09-29-at-12.42.18.jpeg\" alt=\"Afrodita 1000x200 \" width=\"1000\" height=\"200\"><img loading=\"lazy\" decoding=\"async\" class=\"size-full wp-image-943602\" src=\"https:\/\/cdn.expressdebanat.ro\/wp-content\/uploads\/2025\/09\/WhatsApp-Image-2025-09-29-at-12.42.18.jpeg\" alt=\"Afrodita 1000x200 \" width=\"1000\" height=\"200\"><\/a><\/div>\n<p><strong>Madeleine Savin a \u00eenv\u0103\u021bat s\u0103 tr\u0103iasc\u0103 \u00eencet. \u00cendr\u0103gostit\u0103 de Banatul de Munte \u0219i, \u00een mod special, de V\u0103liug-Crivaia, promoveaz\u0103 slow turismul, conceptul de tiny house \u0219i redescoper\u0103 bucuriile simple, transform\u00e2nd florile \u0219i fructele de p\u0103dure \u00een delicatese.<\/strong><\/p>\n<p>Poate c\u0103, \u00eentr-o lume \u00een care aproape totul se \u00eent\u00e2mpl\u0103 pe fug\u0103, adev\u0103rata form\u0103 de r\u0103sf\u0103\u021b a devenit timpul. Timpul de a sta, de a privi, de a asculta, de a te bucura de un peisaj f\u0103r\u0103 s\u0103 te gr\u0103be\u0219ti spre urm\u0103torul obiectiv.<\/p>\n<div id=\"attachment_982009\" class=\"wp-caption aligncenter\"><img loading=\"lazy\" decoding=\"async\" aria-describedby=\"caption-attachment-982009\" class=\"wp-image-982009 size-full perfmatters-lazy\" src=\"https:\/\/cdn.expressdebanat.ro\/wp-content\/uploads\/2026\/08\/pe-Semenic.jpg\" alt=\"pe semenic\" width=\"619\" height=\"432\"><img loading=\"lazy\" decoding=\"async\" aria-describedby=\"caption-attachment-982009\" class=\"wp-image-982009 size-full\" src=\"https:\/\/cdn.expressdebanat.ro\/wp-content\/uploads\/2026\/08\/pe-Semenic.jpg\" alt=\"pe semenic\" width=\"619\" height=\"432\"><\/p>\n<p id=\"caption-attachment-982009\" class=\"wp-caption-text\">belvedere pe Semenic<\/p>\n<\/div>\n<p>Timpul de a descoperi un loc nu printr-o list\u0103 de atrac\u021bii turistice, ci prin pove\u0219tile, oamenii, natura \u0219i micile sale detalii.<\/p>\n<h4><strong>Madeleine Savin a \u00eenv\u0103\u021bat s\u0103 tr\u0103iasc\u0103 astfel<\/strong><\/h4>\n<p>De trei ani s-a mutat la Re\u0219i\u021ba, iar Banatul de Munte a devenit mai mult dec\u00e2t un loc \u00een care locuie\u0219te. Este un spa\u021biu pe care \u00eel descoper\u0103 permanent, \u00eel promoveaz\u0103 \u0219i, mai ales, \u00eel tr\u0103ie\u0219te. Spune c\u0103 iube\u0219te Banatul de Munte \u00een \u00eentregul s\u0103u, \u00eens\u0103 zona V\u0103liug \u2013 Crivaia ocup\u0103 un loc aparte \u00een povestea sa.<\/p>\n<div id=\"attachment_982004\" class=\"wp-caption aligncenter\"><img loading=\"lazy\" decoding=\"async\" aria-describedby=\"caption-attachment-982004\" class=\"wp-image-982004 size-full perfmatters-lazy\" src=\"https:\/\/cdn.expressdebanat.ro\/wp-content\/uploads\/2026\/08\/la-Valiug-cu-soare-dupa-ski.jpg\" alt=\"la valiug cu soare dupa ski\" width=\"620\" height=\"402\"><img loading=\"lazy\" decoding=\"async\" aria-describedby=\"caption-attachment-982004\" class=\"wp-image-982004 size-full\" src=\"https:\/\/cdn.expressdebanat.ro\/wp-content\/uploads\/2026\/08\/la-Valiug-cu-soare-dupa-ski.jpg\" alt=\"la valiug cu soare dupa ski\" width=\"620\" height=\"402\"><\/p>\n<p id=\"caption-attachment-982004\" class=\"wp-caption-text\">lacul Gozna de la V\u0103liug<\/p>\n<\/div>\n<p>Aici a g\u0103sit ceea ce c\u0103uta: p\u0103dure, lacul Gozna, lini\u0219te, peisaje, aer curat \u0219i acea senza\u021bie c\u0103 timpul curge altfel. <em>\u201eSunt at\u00e2tea lucruri frumoase \u00een jude\u021bul Cara\u0219-Severin\u2026mi-am \u0219i f\u0103cut o list\u0103 cu destina\u021bii unde vreau s\u0103 ajung \u00een urm\u0103toarele luni. \u00cen multe locuri am mai fost, dar\u00a0 poate \u00een alte anotimpuri. Iarna sunt alte priveli\u0219ti, alt\u0103 atmosfer\u0103, toamna e cu totul altceva.\u201d<\/em><\/p>\n<h4><strong>A \u00eenv\u0103\u021bat s\u0103 tr\u0103iasc\u0103 \u00eencet, cump\u0103tat<\/strong><\/h4>\n<p>Pentru Madeleine, slow tourism nu este doar un concept turistic la mod\u0103, ci o filozofie pe care a \u00eenceput s\u0103 o aplice propriei vie\u021bi. <em>\u201eDin experien\u021ba acumulat\u0103 \u00een ultimii ani, de c\u00e2nd practic preponderent turismul lent, pot spune c\u0103 am \u00eenv\u0103\u021bat multe lucruri valoroase: s\u0103 apreciez \u0219i s\u0103 m\u0103 bucur mai mult de lucrurile simple, s\u0103 observ frumuse\u021bea locurilor mai pu\u021bin cunoscute, nu doar a obiectivelor turistice renumite\u201d, <\/em>noteaz\u0103 pe Facebook.<\/p>\n<div id=\"attachment_981999\" class=\"wp-caption aligncenter\"><img loading=\"lazy\" decoding=\"async\" aria-describedby=\"caption-attachment-981999\" class=\"wp-image-981999 size-full perfmatters-lazy\" src=\"https:\/\/cdn.expressdebanat.ro\/wp-content\/uploads\/2026\/08\/Colt-de-Rai.jpg\" alt=\"colt de rai\" width=\"620\" height=\"465\"><img loading=\"lazy\" decoding=\"async\" aria-describedby=\"caption-attachment-981999\" class=\"wp-image-981999 size-full\" src=\"https:\/\/cdn.expressdebanat.ro\/wp-content\/uploads\/2026\/08\/Colt-de-Rai.jpg\" alt=\"colt de rai\" width=\"620\" height=\"465\"><\/p>\n<p id=\"caption-attachment-981999\" class=\"wp-caption-text\">lacul Dognecea de la Col\u021b de Rai<\/p>\n<\/div>\n<p>A \u00eencetini \u00eenseamn\u0103, s\u0103 renun\u021bi la presiunea de a bifa c\u00e2t mai multe obiective \u0219i s\u0103 la\u0219i loc pentru ceea ce apare pe nea\u0219teptate. Pentru o potec\u0103 ce merit\u0103 urmat\u0103, pentru o floare care atrage privirea, pentru un animal \u00eent\u00e2lnit \u00een cale, pentru sunetele p\u0103durii sau pentru o dup\u0103-amiaz\u0103 \u00een care singurul plan este s\u0103 fii prezent. Este felul ei de a c\u0103l\u0103tori \u0219i, \u00een acela\u0219i timp, felul ei de a privi lumea. \u201e<em>Am \u00eenv\u0103\u021bat s\u0103 m\u0103 conectez mai profund cu locul respectiv, inclusiv cu partea de natur\u0103, s\u0103 fiu mai atent\u0103 la detalii, s\u0103 observ sunetele naturii \u0219i via\u021ba la scar\u0103 mic\u0103 \u2013 insecte, flori, p\u0103s\u0103ri \u0219i alte viet\u0103\u021bi\u201d<\/em>, poveste\u0219te Madeleine.<\/p>\n<div id=\"attachment_982003\" class=\"wp-caption aligncenter\"><img loading=\"lazy\" decoding=\"async\" aria-describedby=\"caption-attachment-982003\" class=\"wp-image-982003 size-full perfmatters-lazy\" src=\"https:\/\/cdn.expressdebanat.ro\/wp-content\/uploads\/2026\/08\/eoliene-la-Racasdia.jpg\" alt=\"eoliene la racasdia\" width=\"619\" height=\"421\"><img loading=\"lazy\" decoding=\"async\" aria-describedby=\"caption-attachment-982003\" class=\"wp-image-982003 size-full\" src=\"https:\/\/cdn.expressdebanat.ro\/wp-content\/uploads\/2026\/08\/eoliene-la-Racasdia.jpg\" alt=\"eoliene la racasdia\" width=\"619\" height=\"421\"><\/p>\n<p id=\"caption-attachment-982003\" class=\"wp-caption-text\">eoliene la R\u0103c\u0103\u0219dia<\/p>\n<\/div>\n<p><em>\u201eTurismul de mas\u0103 se practic\u0103, e popular \u0219i nu face bine peste tot, fiindc\u0103 \u00een week-end se \u00eenghesuie toat\u0103 lumea \u0219i \u00een timpul s\u0103pt\u0103m\u00e2nii bate v\u00e2ntul. \u0218i atunci restaurante, hoteluri, pensiuni, nu \u00ee\u0219i mai permit ca pe termen lung s\u0103 aib\u0103 personal. Rezultatul este c\u0103, de pild\u0103 hotelurile de aici din V\u0103liug, sunt nefunc\u021bionale. Deschid pe timp de var\u0103, poate mai mi\u0219c\u0103 un pic iarna \u0219i \u00een rest, bate v\u00e2ntul pe aici\u2026\u201d<\/em><\/p>\n<h4><strong>V\u0103liug-Crivaia, locul \u00een care natura se simte altfel<\/strong><\/h4>\n<p>Dintre toate locurile Banatului de Munte, zona V\u0103liug-Crivaia \u00eei este deosebit de drag\u0103.<\/p>\n<div id=\"attachment_982022\" class=\"wp-caption aligncenter\"><img loading=\"lazy\" decoding=\"async\" aria-describedby=\"caption-attachment-982022\" class=\"wp-image-982022 size-full perfmatters-lazy\" src=\"https:\/\/cdn.expressdebanat.ro\/wp-content\/uploads\/2026\/08\/Yaya-Valiug.jpg\" alt=\"yaya v\u0103liug\" width=\"619\" height=\"412\"><img loading=\"lazy\" decoding=\"async\" aria-describedby=\"caption-attachment-982022\" class=\"wp-image-982022 size-full\" src=\"https:\/\/cdn.expressdebanat.ro\/wp-content\/uploads\/2026\/08\/Yaya-Valiug.jpg\" alt=\"yaya v\u0103liug\" width=\"619\" height=\"412\"><\/p>\n<p id=\"caption-attachment-982022\" class=\"wp-caption-text\">yaya V\u0103liug<\/p>\n<\/div>\n<p>Peisajele, p\u0103durile \u0219i lacurile creeaz\u0103 aici cadrul ideal pentru acel tip de turism \u00een care destina\u021bia nu trebuie cucerit\u0103, ci savurat\u0103. Un drum prin p\u0103dure poate deveni o experien\u021b\u0103 \u00een sine. La fel \u0219i o oprire pe malul lacului, o plimbare f\u0103r\u0103 destina\u021bie precis\u0103 sau o zi \u00een care natura dicteaz\u0103 ritmul.<\/p>\n<p><em>\u201eEu sunt \u00eendr\u0103gostit\u0103 de V\u0103liug, chiar am decis \u00eempreun\u0103 cu prietenul meu, s\u0103 facem o mic\u0103 zon\u0103 de cazare, ni\u0219te c\u0103su\u021be tiny.\u201d<\/em><\/p>\n<p>Madeleine Savin este una dintre vocile care vorbesc despre aceast\u0103 alt\u0103 fa\u021b\u0103 a Banatului de Munte: una \u00een care frumuse\u021bea nu st\u0103 doar \u00een obiectivele turistice cunoscute, ci \u0219i \u00een locurile discrete, \u00een peisajele neamenajate excesiv \u0219i \u00een experien\u021bele care nu pot fi bifate \u00eentr-un ghid.<\/p>\n<h4><strong>P\u0103durea, cel mai bun loc pentru a \u00eencetini<\/strong><\/h4>\n<p>\u00cen aceast\u0103 apropiere de natur\u0103 a descoperit \u0219i silvoterapia \u0219i efectele pe care timpul petrecut \u00een p\u0103dure le poate avea asupra st\u0103rii de bine. <em>\u201eDe asemenea, am descoperit asocierea cu silvoterapia \u0219i efectele ei benefice asupra st\u0103rii de bine.\u201d <\/em>Pentru cineva obi\u0219nuit s\u0103 priveasc\u0103 natura cu aten\u021bie, p\u0103durea devine mult mai mult dec\u00e2t un decor.<\/p>\n<p><img loading=\"lazy\" decoding=\"async\" class=\"wp-image-982006 size-full perfmatters-lazy\" src=\"https:\/\/cdn.expressdebanat.ro\/wp-content\/uploads\/2026\/08\/Lacul-Doman.jpg\" alt=\"lacul doman\" width=\"617\" height=\"486\"><\/p>\n<p><img loading=\"lazy\" decoding=\"async\" class=\"wp-image-982006 size-full\" src=\"https:\/\/cdn.expressdebanat.ro\/wp-content\/uploads\/2026\/08\/Lacul-Doman.jpg\" alt=\"lacul doman\" width=\"617\" height=\"486\"><\/p>\n<p>Este un loc \u00een care toate sim\u021burile intr\u0103 \u00een joc: fo\u0219netul frunzelor, c\u00e2ntecul p\u0103s\u0103rilor, mirosul de r\u0103\u0219in\u0103 \u0219i p\u0103m\u00e2nt umed, lumina care se strecoar\u0103 printre copaci, florile s\u0103lbatice \u0219i micile vie\u021buitoare care, \u00een grab\u0103, r\u0103m\u00e2n aproape invizibile.<\/p>\n<p><em>\u201eAm \u00eenv\u0103\u021bat s\u0103 m\u0103 conectez mai bine cu mine \u00eens\u0103mi, s\u0103 tr\u0103iesc mai mult \u00een prezent, f\u0103r\u0103 graba de a bifa c\u00e2t mai multe obiective\u201d,<\/em> spune Madeleine.<\/p>\n<div class=\"tbpnq6a9753261d000\"><a href=\"https:\/\/www.facebook.com\/clinicavestmed\"><img loading=\"lazy\" decoding=\"async\" class=\"size-full wp-image-961300 perfmatters-lazy\" src=\"https:\/\/cdn.expressdebanat.ro\/wp-content\/uploads\/2026\/02\/WhatsApp-Image-2026-02-03-at-11.55.13.jpeg\" alt=\"vestmed 1000x200\" width=\"1000\" height=\"200\"><img loading=\"lazy\" decoding=\"async\" class=\"size-full wp-image-961300\" src=\"https:\/\/cdn.expressdebanat.ro\/wp-content\/uploads\/2026\/02\/WhatsApp-Image-2026-02-03-at-11.55.13.jpeg\" alt=\"vestmed 1000x200\" width=\"1000\" height=\"200\"><\/a><\/div>\n<p>Poate c\u0103 tocmai aceasta este una dintre lec\u021biile cele mai importante pe care le poate oferi natura: aceea c\u0103 nu este nevoie s\u0103 te gr\u0103be\u0219ti pentru ca o zi s\u0103 fie plin\u0103.<\/p>\n<h4><strong>Tiny house \u2013 un vis care a\u0219teapt\u0103 s\u0103 prind\u0103 contur<\/strong><\/h4>\n<p>Pasiunea Madeleinei\u00a0 Savin pentru natur\u0103 se leag\u0103 firesc \u0219i de interesul pentru conceptul de tiny house \u2013 acele c\u0103su\u021be de vacan\u021b\u0103 de mici dimensiuni, amplasate \u00een mijlocul naturii, unde confortul se \u00eent\u00e2lne\u0219te cu simplitatea. Ideea nu \u00eenseamn\u0103 doar un alt tip de cazare. Este o continuare fireasc\u0103 a filosofiei slow turism: mai pu\u021bin spa\u021biu consumat, mai pu\u021bin\u0103 grab\u0103, mai mult timp petrecut afar\u0103 \u0219i o leg\u0103tur\u0103 mai direct\u0103 cu locul. <em>\u201eAu \u00eentre 40 \u0219i 45 de metri p\u0103tra\u021bi, sunt mai u\u0219or de \u00eentre\u021binut, concepute pentru doi adul\u021bi sau varianta family. Suntem hot\u0103r\u00e2\u021bi s\u0103 construim \u0219i doar a\u0219a pentru noi, f\u0103r\u0103 a urm\u0103ri \u00een mod special cererea venit\u0103 din partea turi\u0219tilor. A durat mult p\u00e2n\u0103 s\u0103 ajungem de la momentul cump\u0103r\u0103rii terenului la autoriz\u0103ri \u0219i certific\u0103ri, etc. Lucrurile se mi\u0219c\u0103 \u00eencet, \u00eencet.\u201d<\/em><\/p>\n<p>Un astfel de refugiu poate deveni, \u00een Banatul de Munte, punctul de plecare pentru experien\u021be simple: dimine\u021bi \u00een mijlocul p\u0103durii, cafea b\u0103ut\u0103 \u00een lini\u0219te, plimb\u0103ri pe poteci, seri \u00een care cerul \u00eenstelat \u021bine loc de televizor. Madeleine sper\u0103 ca un vis mai vechi al s\u0103u s\u0103 prind\u0103, \u00een cele din urm\u0103, contur \u0219i s\u0103 poat\u0103 concretiza un astfel de proiect. Un vis care reune\u0219te, de fapt, toate lucrurile \u00een care crede: natur\u0103, simplitate, tihn\u0103 \u0219i experien\u021be autentice.<\/p>\n<h4><strong>C\u00e2nd florile ajung \u00een borcan<\/strong><\/h4>\n<p>Dac\u0103 p\u0103durea \u0219i c\u0103l\u0103toriile reprezint\u0103 una dintre marile sale pasiuni, florile au ajuns s\u0103 ocupe un loc special \u00een via\u021ba interlocutoarei noastre. \u00ce\u0219i urmeaz\u0103 acest hobby dedic\u00e2ndu-i o mare parte din timp, transform\u00e2nd flori \u0219i fructe de p\u0103dure \u00een ceea ce nume\u0219te, cu un termen care spune aproape totul, \u201edelicatese florale\u201d. Dulce\u021burile din flori sunt o alt\u0103 modalitate prin care p\u0103streaz\u0103 ceva din farmecul naturii \u0219i \u00eel transform\u0103 \u00eentr-o experien\u021b\u0103 care poate fi dus\u0103 acas\u0103.<\/p>\n<div id=\"attachment_982002\" class=\"wp-caption aligncenter\"><img loading=\"lazy\" decoding=\"async\" aria-describedby=\"caption-attachment-982002\" class=\"wp-image-982002 size-full perfmatters-lazy\" src=\"https:\/\/cdn.expressdebanat.ro\/wp-content\/uploads\/2026\/08\/dulceata-de-soc.jpg\" alt=\"dulceata de soc\" width=\"620\" height=\"413\"><img loading=\"lazy\" decoding=\"async\" aria-describedby=\"caption-attachment-982002\" class=\"wp-image-982002 size-full\" src=\"https:\/\/cdn.expressdebanat.ro\/wp-content\/uploads\/2026\/08\/dulceata-de-soc.jpg\" alt=\"dulceata de soc\" width=\"620\" height=\"413\"><\/p>\n<p id=\"caption-attachment-982002\" class=\"wp-caption-text\">dulcea\u021b\u0103 de soc<\/p>\n<\/div>\n<p>Petalele, aromele \u0219i fructele culese din natur\u0103 devin ingrediente pentru produse delicate, neobi\u0219nuite \u0219i pline de personalitate. \u00centr-un borcan se \u00eent\u00e2lnesc astfel nu doar gusturi, ci \u0219i anotimpuri, amintiri \u0219i buc\u0103\u021bi din peisajul pe care \u00eel iube\u0219te. Florile, pe care cei mai mul\u021bi dintre noi le privim pentru frumuse\u021bea lor, devin pentru Madeleine \u0219i o surs\u0103 de creativitate. T\u00e2n\u0103ra e de admirat pentru ambi\u021bia ei, pentru timpul dedicat odat\u0103 culegerii \u0219i apoi sp\u0103l\u0103rii fiec\u0103rei petale \u00een sine. E de admirat \u0219i pentru c\u0103 ceea ce produce e rezultatul numeroaselor sale \u00eencerc\u0103ri \u0219i adapt\u0103ri de re\u021bete. Autodidact fiind \u0219tie s\u0103 armonizeze gusturi, s\u0103 tempereze acidit\u0103\u021bi, s\u0103 confere culoare \u0219i form\u0103 muncii sale. <em>\u201eNu am inventat nimic, doar am adaptat re\u021bete. Este o munc\u0103 imens\u0103 \u00een spate. Nimeni nu \u00ee\u0219i poate imagina ce \u00eenseamn\u0103 s\u0103 iei petal\u0103 cu petal\u0103 \u0219i s\u0103 speli sub jet de ap\u0103.<\/em><\/p>\n<p><img loading=\"lazy\" decoding=\"async\" class=\"wp-image-982014 size-full perfmatters-lazy\" src=\"https:\/\/cdn.expressdebanat.ro\/wp-content\/uploads\/2026\/08\/ceva-bun.jpg\" alt=\"ceva bun\" width=\"620\" height=\"413\"><\/p>\n<p><img loading=\"lazy\" decoding=\"async\" class=\"wp-image-982014 size-full\" src=\"https:\/\/cdn.expressdebanat.ro\/wp-content\/uploads\/2026\/08\/ceva-bun.jpg\" alt=\"ceva bun\" width=\"620\" height=\"413\"><\/p>\n<p><em>Tot ce fac, fac singur\u0103. M-au contactat diverse entit\u0103\u021bi turistice, puncte gastronomice, doar c\u0103 eu nu pot s\u0103 produc la scar\u0103 mare, doar a\u0219a la nivel de hobby. Am vrut cumva s\u0103 leg cele dou\u0103 activit\u0103\u021bi, (tiny house \u0219i dulce\u021buri rafinate) de produse locale pentru turi\u0219tii care vin la V\u0103liug.\u201d<\/em><\/p>\n<p>De departe cea mai mare c\u0103utare a avut-o dulcea\u021ba de topora\u0219i. <em>\u201eIni\u021bial am f\u0103cut trei borc\u0103na\u0219e de 100 de grame, am postat o poz\u0103 pe internet \u0219i, surprinz\u0103tor, am primit peste 100 de cereri.<\/em><\/p>\n<div id=\"attachment_982013\" class=\"wp-caption aligncenter\"><img loading=\"lazy\" decoding=\"async\" aria-describedby=\"caption-attachment-982013\" class=\"wp-image-982013 size-full perfmatters-lazy\" src=\"https:\/\/cdn.expressdebanat.ro\/wp-content\/uploads\/2026\/08\/toporasi-cea-mai-ceruta-dulceata.jpg\" alt=\"toporasi cea mai ceruta dulceata\" width=\"619\" height=\"427\"><img loading=\"lazy\" decoding=\"async\" aria-describedby=\"caption-attachment-982013\" class=\"wp-image-982013 size-full\" src=\"https:\/\/cdn.expressdebanat.ro\/wp-content\/uploads\/2026\/08\/toporasi-cea-mai-ceruta-dulceata.jpg\" alt=\"toporasi cea mai ceruta dulceata\" width=\"619\" height=\"427\"><\/p>\n<p id=\"caption-attachment-982013\" class=\"wp-caption-text\">cea mai ceruta dulcea\u021b\u0103 de topora\u0219i<\/p>\n<\/div>\n<p><em>Bine\u00een\u021beles c\u0103 nu am putut onora dec\u00e2t \u00een anii urm\u0103tori. Mai sunt c\u0103utate: dulcea\u021ba din flori de maci s\u0103lbatici, de magnolie, de tei, de flori de soc, de caprifoi, flori din acestea mai neobi\u0219nuite.<\/em><\/p>\n<p><img loading=\"lazy\" decoding=\"async\" class=\"wp-image-982000 size-full perfmatters-lazy\" src=\"https:\/\/cdn.expressdebanat.ro\/wp-content\/uploads\/2026\/08\/desert-in-rosu.jpg\" alt=\"desert in rosu\" width=\"620\" height=\"428\"><\/p>\n<p><img loading=\"lazy\" decoding=\"async\" class=\"wp-image-982000 size-full\" src=\"https:\/\/cdn.expressdebanat.ro\/wp-content\/uploads\/2026\/08\/desert-in-rosu.jpg\" alt=\"desert in rosu\" width=\"620\" height=\"428\"><\/p>\n<p><em>Am \u00eencercat s\u0103 fac \u0219i combina\u021bii de flori cu fructe, pentru c\u0103 florile sunt sezoniere. De pild\u0103 pere cu mu\u0219e\u021bel, fructe de soc cu lavand\u0103, sirop din fructe de soc cu lavand\u0103, scor\u021bi\u0219oar\u0103 \u0219i cui\u0219oare. Am mers pe ideea unui concept, totul combinat cu flori!<\/em><\/p>\n<div id=\"attachment_982011\" class=\"wp-caption aligncenter\"><img loading=\"lazy\" decoding=\"async\" aria-describedby=\"caption-attachment-982011\" class=\"wp-image-982011 size-full perfmatters-lazy\" src=\"https:\/\/cdn.expressdebanat.ro\/wp-content\/uploads\/2026\/08\/sirop-din-magnolii.jpg\" alt=\"sirop din magnolii\" width=\"621\" height=\"439\"><img loading=\"lazy\" decoding=\"async\" aria-describedby=\"caption-attachment-982011\" class=\"wp-image-982011 size-full\" src=\"https:\/\/cdn.expressdebanat.ro\/wp-content\/uploads\/2026\/08\/sirop-din-magnolii.jpg\" alt=\"sirop din magnolii\" width=\"621\" height=\"439\"><\/p>\n<p id=\"caption-attachment-982011\" class=\"wp-caption-text\">sirop din flori de magnolie<\/p>\n<\/div>\n<p><em>Tot eu m\u0103 ocup de ambalare, prezentare \u0219i promovare. Sunt amprenta mea personal\u0103 \u00eentr-o zon\u0103 de ni\u0219\u0103.\u201d<\/em><\/p>\n<h4><strong>Un altfel de a descoperi Banatul<\/strong><\/h4>\n<p>Slow tourism, silvoterapia, tiny house \u0219i delicatesele florale par, la prima vedere, idei diferite. \u00cen povestea lui Madeleine Savin \u00eens\u0103, ele se \u00eent\u00e2lnesc \u00een acela\u0219i punct: nevoia de a ne reconecta cu natura \u0219i cu lucrurile simple. Ea nu vorbe\u0219te despre Banatul de Munte doar ca despre o destina\u021bie turistic\u0103. \u00cel vede ca pe un loc care poate fi locuit, sim\u021bit \u0219i descoperit \u00een ritmul fiec\u0103ruia. Iar \u00eentr-o zon\u0103 \u00een care p\u0103durile \u0219i lacurile, florile \u0219i animalele, satele \u0219i peisajele creeaz\u0103 un decor at\u00e2t de generos, poate c\u0103 turismul lent este una dintre cele mai fire\u0219ti modalit\u0103\u021bi de a o pune \u00een valoare.\u00a0 F\u0103r\u0103 grab\u0103. F\u0103r\u0103 liste interminabile. F\u0103r\u0103 nevoia de a vedea totul \u00eentr-un singur weekend.<\/p>\n<div id=\"attachment_982005\" class=\"wp-caption aligncenter\"><img loading=\"lazy\" decoding=\"async\" aria-describedby=\"caption-attachment-982005\" class=\"wp-image-982005 size-full perfmatters-lazy\" src=\"https:\/\/cdn.expressdebanat.ro\/wp-content\/uploads\/2026\/08\/lacul-Doman-II.jpg\" alt=\"lacul doman ii\" width=\"621\" height=\"428\"><img loading=\"lazy\" decoding=\"async\" aria-describedby=\"caption-attachment-982005\" class=\"wp-image-982005 size-full\" src=\"https:\/\/cdn.expressdebanat.ro\/wp-content\/uploads\/2026\/08\/lacul-Doman-II.jpg\" alt=\"lacul doman ii\" width=\"621\" height=\"428\"><\/p>\n<p id=\"caption-attachment-982005\" class=\"wp-caption-text\">lacul Doman<\/p>\n<\/div>\n<p><span>Doar cu timp pentru natur\u0103, pentru gust, pentru lini\u0219te \u0219i pentru tine. <\/span>Madeleine Savin a ales s\u0103 tr\u0103iasc\u0103 astfel. Cu sufletul \u00een p\u0103dure \u0219i, uneori, cu florile \u00een borcan.<\/p>\n<p>Iar Banatul de Munte pare locul perfect pentru a \u00eenv\u0103\u021ba, la r\u00e2ndul nostru, arta de a tr\u0103i \u00eencet!<\/p>\n<div id=\"attachment_982010\" class=\"wp-caption aligncenter\"><img loading=\"lazy\" decoding=\"async\" aria-describedby=\"caption-attachment-982010\" class=\"wp-image-982010 size-full perfmatters-lazy\" src=\"https:\/\/cdn.expressdebanat.ro\/wp-content\/uploads\/2026\/08\/primavara-la-Carasova.jpg\" alt=\"primavara la carasova\" width=\"619\" height=\"439\"><img loading=\"lazy\" decoding=\"async\" aria-describedby=\"caption-attachment-982010\" class=\"wp-image-982010 size-full\" src=\"https:\/\/cdn.expressdebanat.ro\/wp-content\/uploads\/2026\/08\/primavara-la-Carasova.jpg\" alt=\"primavara la carasova\" width=\"619\" height=\"439\"><\/p>\n<p id=\"caption-attachment-982010\" class=\"wp-caption-text\"><strong>Sursa foto: arhiva personal\u0103 Facebook<\/strong><\/p>\n<\/div>\n<div class=\"kulra6a9753261d033\"><a href=\"https:\/\/www.hotel-versay.ro\/\" target=\"_blank\" rel=\"noopener noreferrer ugc sponsored\" title=\"Stiri si Publicitate pentru Timisoara si Resita\"><img loading=\"lazy\" decoding=\"async\" class=\"size-full wp-image-821392 perfmatters-lazy\" src=\"https:\/\/cdn.expressdebanat.ro\/wp-content\/uploads\/2024\/04\/Versay-aprilie-980x120-px.jpg\" alt=\"Stiri si Publicitate Timisoara, Resita, Hotel Versay aprilie 980x120 px\" width=\"980\" height=\"120\"><img loading=\"lazy\" decoding=\"async\" class=\"size-full wp-image-821392\" src=\"https:\/\/cdn.expressdebanat.ro\/wp-content\/uploads\/2024\/04\/Versay-aprilie-980x120-px.jpg\" alt=\"Stiri si Publicitate Timisoara, Resita, Hotel Versay aprilie 980x120 px\" width=\"980\" height=\"120\"><\/a><a href=\"https:\/\/www.facebook.com\/casaalex2018?locale=ro_RO\"><img loading=\"lazy\" decoding=\"async\" class=\"size-full wp-image-982095 perfmatters-lazy\" src=\"https:\/\/cdn.expressdebanat.ro\/wp-content\/uploads\/2026\/08\/7a8fd12b-1543-457e-9844-45bf46722da7.jpeg\" alt=\"afis casa alex toamna\" width=\"1000\" height=\"364\"><img loading=\"lazy\" decoding=\"async\" class=\"size-full wp-image-982095\" src=\"https:\/\/cdn.expressdebanat.ro\/wp-content\/uploads\/2026\/08\/7a8fd12b-1543-457e-9844-45bf46722da7.jpeg\" alt=\"afis casa alex toamna\" width=\"1000\" height=\"364\"><\/a><\/div>\n<\/div>\n<div id=\"social-box\">\n<ul class=\"post-social\">\n<li class=\"fb-line\">\n<li><a href=\"http:\/\/twitter.com\/share\" class=\"twitter-share-button\" data-lang=\"en\" data-count=\"horizontal\">Tweet<\/a><\/li>\n<li>\n<li><a href=\"http:\/\/pinterest.com\/pin\/create\/button\/?url=https%3A%2F%2Fexpressdebanat.ro%2Fo-calatorie-altfel-cu-experiente-autentice-alaturi-de-o-timisoreanca-indragostita-de-natura%2F&amp;media=https:\/\/cdn.expressdebanat.ro\/wp-content\/uploads\/2026\/08\/Madeleine-si-cainii.jpg&amp;description=O%20c%C4%83l%C4%83torie%20altfel,%20cu%20experien%C8%9Be%20autentice%20al%C4%83turi%20de%20o%20timi%C8%99oreanc%C4%83%20%C3%AEndr%C4%83gostit%C4%83%20de%20natur%C4%83\" class=\"pin-it-button\">Pin It<\/a><\/li>\n<\/ul>\n<\/div>\n<\/div>\n<div id=\"content-area\">\n<div class=\"post-image\"><img loading=\"lazy\" decoding=\"async\" width=\"619\" height=\"400\" src=\"https:\/\/cdn.expressdebanat.ro\/wp-content\/uploads\/2026\/08\/Madeleine-si-cainii-619x400.jpg\" class=\"attachment-post-thumb size-post-thumb wp-post-image perfmatters-lazy\" alt=\"madeleine si cainii\"><img loading=\"lazy\" decoding=\"async\" width=\"619\" height=\"400\" src=\"https:\/\/cdn.expressdebanat.ro\/wp-content\/uploads\/2026\/08\/Madeleine-si-cainii-619x400.jpg\" class=\"attachment-post-thumb size-post-thumb wp-post-image\" alt=\"madeleine si cainii\"><\/div>\n<div class=\"qoyxo6a9753261cfc0\"><a href=\"https:\/\/www.bacoluxhotels.ro\/\"><img loading=\"lazy\" decoding=\"async\" class=\"size-full wp-image-943602 perfmatters-lazy\" src=\"https:\/\/cdn.expressdebanat.ro\/wp-content\/uploads\/2025\/09\/WhatsApp-Image-2025-09-29-at-12.42.18.jpeg\" alt=\"Afrodita 1000x200 \" width=\"1000\" height=\"200\"><img loading=\"lazy\" decoding=\"async\" class=\"size-full wp-image-943602\" src=\"https:\/\/cdn.expressdebanat.ro\/wp-content\/uploads\/2025\/09\/WhatsApp-Image-2025-09-29-at-12.42.18.jpeg\" alt=\"Afrodita 1000x200 \" width=\"1000\" height=\"200\"><\/a><\/div>\n<p><strong>Madeleine Savin a \u00eenv\u0103\u021bat s\u0103 tr\u0103iasc\u0103 \u00eencet. \u00cendr\u0103gostit\u0103 de Banatul de Munte \u0219i, \u00een mod special, de V\u0103liug-Crivaia, promoveaz\u0103 slow turismul, conceptul de tiny house \u0219i redescoper\u0103 bucuriile simple, transform\u00e2nd florile \u0219i fructele de p\u0103dure \u00een delicatese.<\/strong><\/p>\n<p>Poate c\u0103, \u00eentr-o lume \u00een care aproape totul se \u00eent\u00e2mpl\u0103 pe fug\u0103, adev\u0103rata form\u0103 de r\u0103sf\u0103\u021b a devenit timpul. Timpul de a sta, de a privi, de a asculta, de a te bucura de un peisaj f\u0103r\u0103 s\u0103 te gr\u0103be\u0219ti spre urm\u0103torul obiectiv.<\/p>\n<div id=\"attachment_982009\" class=\"wp-caption aligncenter\"><img loading=\"lazy\" decoding=\"async\" aria-describedby=\"caption-attachment-982009\" class=\"wp-image-982009 size-full perfmatters-lazy\" src=\"https:\/\/cdn.expressdebanat.ro\/wp-content\/uploads\/2026\/08\/pe-Semenic.jpg\" alt=\"pe semenic\" width=\"619\" height=\"432\"><img loading=\"lazy\" decoding=\"async\" aria-describedby=\"caption-attachment-982009\" class=\"wp-image-982009 size-full\" src=\"https:\/\/cdn.expressdebanat.ro\/wp-content\/uploads\/2026\/08\/pe-Semenic.jpg\" alt=\"pe semenic\" width=\"619\" height=\"432\"><\/p>\n<p id=\"caption-attachment-982009\" class=\"wp-caption-text\">belvedere pe Semenic<\/p>\n<\/div>\n<p>Timpul de a descoperi un loc nu printr-o list\u0103 de atrac\u021bii turistice, ci prin pove\u0219tile, oamenii, natura \u0219i micile sale detalii.<\/p>\n<h4><strong>Madeleine Savin a \u00eenv\u0103\u021bat s\u0103 tr\u0103iasc\u0103 astfel<\/strong><\/h4>\n<p>De trei ani s-a mutat la Re\u0219i\u021ba, iar Banatul de Munte a devenit mai mult dec\u00e2t un loc \u00een care locuie\u0219te. Este un spa\u021biu pe care \u00eel descoper\u0103 permanent, \u00eel promoveaz\u0103 \u0219i, mai ales, \u00eel tr\u0103ie\u0219te. Spune c\u0103 iube\u0219te Banatul de Munte \u00een \u00eentregul s\u0103u, \u00eens\u0103 zona V\u0103liug \u2013 Crivaia ocup\u0103 un loc aparte \u00een povestea sa.<\/p>\n<div id=\"attachment_982004\" class=\"wp-caption aligncenter\"><img loading=\"lazy\" decoding=\"async\" aria-describedby=\"caption-attachment-982004\" class=\"wp-image-982004 size-full perfmatters-lazy\" src=\"https:\/\/cdn.expressdebanat.ro\/wp-content\/uploads\/2026\/08\/la-Valiug-cu-soare-dupa-ski.jpg\" alt=\"la valiug cu soare dupa ski\" width=\"620\" height=\"402\"><img loading=\"lazy\" decoding=\"async\" aria-describedby=\"caption-attachment-982004\" class=\"wp-image-982004 size-full\" src=\"https:\/\/cdn.expressdebanat.ro\/wp-content\/uploads\/2026\/08\/la-Valiug-cu-soare-dupa-ski.jpg\" alt=\"la valiug cu soare dupa ski\" width=\"620\" height=\"402\"><\/p>\n<p id=\"caption-attachment-982004\" class=\"wp-caption-text\">lacul Gozna de la V\u0103liug<\/p>\n<\/div>\n<p>Aici a g\u0103sit ceea ce c\u0103uta: p\u0103dure, lacul Gozna, lini\u0219te, peisaje, aer curat \u0219i acea senza\u021bie c\u0103 timpul curge altfel. <em>\u201eSunt at\u00e2tea lucruri frumoase \u00een jude\u021bul Cara\u0219-Severin\u2026mi-am \u0219i f\u0103cut o list\u0103 cu destina\u021bii unde vreau s\u0103 ajung \u00een urm\u0103toarele luni. \u00cen multe locuri am mai fost, dar\u00a0 poate \u00een alte anotimpuri. Iarna sunt alte priveli\u0219ti, alt\u0103 atmosfer\u0103, toamna e cu totul altceva.\u201d<\/em><\/p>\n<h4><strong>A \u00eenv\u0103\u021bat s\u0103 tr\u0103iasc\u0103 \u00eencet, cump\u0103tat<\/strong><\/h4>\n<p>Pentru Madeleine, slow tourism nu este doar un concept turistic la mod\u0103, ci o filozofie pe care a \u00eenceput s\u0103 o aplice propriei vie\u021bi. <em>\u201eDin experien\u021ba acumulat\u0103 \u00een ultimii ani, de c\u00e2nd practic preponderent turismul lent, pot spune c\u0103 am \u00eenv\u0103\u021bat multe lucruri valoroase: s\u0103 apreciez \u0219i s\u0103 m\u0103 bucur mai mult de lucrurile simple, s\u0103 observ frumuse\u021bea locurilor mai pu\u021bin cunoscute, nu doar a obiectivelor turistice renumite\u201d, <\/em>noteaz\u0103 pe Facebook.<\/p>\n<div id=\"attachment_981999\" class=\"wp-caption aligncenter\"><img loading=\"lazy\" decoding=\"async\" aria-describedby=\"caption-attachment-981999\" class=\"wp-image-981999 size-full perfmatters-lazy\" src=\"https:\/\/cdn.expressdebanat.ro\/wp-content\/uploads\/2026\/08\/Colt-de-Rai.jpg\" alt=\"colt de rai\" width=\"620\" height=\"465\"><img loading=\"lazy\" decoding=\"async\" aria-describedby=\"caption-attachment-981999\" class=\"wp-image-981999 size-full\" src=\"https:\/\/cdn.expressdebanat.ro\/wp-content\/uploads\/2026\/08\/Colt-de-Rai.jpg\" alt=\"colt de rai\" width=\"620\" height=\"465\"><\/p>\n<p id=\"caption-attachment-981999\" class=\"wp-caption-text\">lacul Dognecea de la Col\u021b de Rai<\/p>\n<\/div>\n<p>A \u00eencetini \u00eenseamn\u0103, s\u0103 renun\u021bi la presiunea de a bifa c\u00e2t mai multe obiective \u0219i s\u0103 la\u0219i loc pentru ceea ce apare pe nea\u0219teptate. Pentru o potec\u0103 ce merit\u0103 urmat\u0103, pentru o floare care atrage privirea, pentru un animal \u00eent\u00e2lnit \u00een cale, pentru sunetele p\u0103durii sau pentru o dup\u0103-amiaz\u0103 \u00een care singurul plan este s\u0103 fii prezent. Este felul ei de a c\u0103l\u0103tori \u0219i, \u00een acela\u0219i timp, felul ei de a privi lumea. \u201e<em>Am \u00eenv\u0103\u021bat s\u0103 m\u0103 conectez mai profund cu locul respectiv, inclusiv cu partea de natur\u0103, s\u0103 fiu mai atent\u0103 la detalii, s\u0103 observ sunetele naturii \u0219i via\u021ba la scar\u0103 mic\u0103 \u2013 insecte, flori, p\u0103s\u0103ri \u0219i alte viet\u0103\u021bi\u201d<\/em>, poveste\u0219te Madeleine.<\/p>\n<div id=\"attachment_982003\" class=\"wp-caption aligncenter\"><img loading=\"lazy\" decoding=\"async\" aria-describedby=\"caption-attachment-982003\" class=\"wp-image-982003 size-full perfmatters-lazy\" src=\"https:\/\/cdn.expressdebanat.ro\/wp-content\/uploads\/2026\/08\/eoliene-la-Racasdia.jpg\" alt=\"eoliene la racasdia\" width=\"619\" height=\"421\"><img loading=\"lazy\" decoding=\"async\" aria-describedby=\"caption-attachment-982003\" class=\"wp-image-982003 size-full\" src=\"https:\/\/cdn.expressdebanat.ro\/wp-content\/uploads\/2026\/08\/eoliene-la-Racasdia.jpg\" alt=\"eoliene la racasdia\" width=\"619\" height=\"421\"><\/p>\n<p id=\"caption-attachment-982003\" class=\"wp-caption-text\">eoliene la R\u0103c\u0103\u0219dia<\/p>\n<\/div>\n<p><em>\u201eTurismul de mas\u0103 se practic\u0103, e popular \u0219i nu face bine peste tot, fiindc\u0103 \u00een week-end se \u00eenghesuie toat\u0103 lumea \u0219i \u00een timpul s\u0103pt\u0103m\u00e2nii bate v\u00e2ntul. \u0218i atunci restaurante, hoteluri, pensiuni, nu \u00ee\u0219i mai permit ca pe termen lung s\u0103 aib\u0103 personal. Rezultatul este c\u0103, de pild\u0103 hotelurile de aici din V\u0103liug, sunt nefunc\u021bionale. Deschid pe timp de var\u0103, poate mai mi\u0219c\u0103 un pic iarna \u0219i \u00een rest, bate v\u00e2ntul pe aici\u2026\u201d<\/em><\/p>\n<h4><strong>V\u0103liug-Crivaia, locul \u00een care natura se simte altfel<\/strong><\/h4>\n<p>Dintre toate locurile Banatului de Munte, zona V\u0103liug-Crivaia \u00eei este deosebit de drag\u0103.<\/p>\n<div id=\"attachment_982022\" class=\"wp-caption aligncenter\"><img loading=\"lazy\" decoding=\"async\" aria-describedby=\"caption-attachment-982022\" class=\"wp-image-982022 size-full perfmatters-lazy\" src=\"https:\/\/cdn.expressdebanat.ro\/wp-content\/uploads\/2026\/08\/Yaya-Valiug.jpg\" alt=\"yaya v\u0103liug\" width=\"619\" height=\"412\"><img loading=\"lazy\" decoding=\"async\" aria-describedby=\"caption-attachment-982022\" class=\"wp-image-982022 size-full\" src=\"https:\/\/cdn.expressdebanat.ro\/wp-content\/uploads\/2026\/08\/Yaya-Valiug.jpg\" alt=\"yaya v\u0103liug\" width=\"619\" height=\"412\"><\/p>\n<p id=\"caption-attachment-982022\" class=\"wp-caption-text\">yaya V\u0103liug<\/p>\n<\/div>\n<p>Peisajele, p\u0103durile \u0219i lacurile creeaz\u0103 aici cadrul ideal pentru acel tip de turism \u00een care destina\u021bia nu trebuie cucerit\u0103, ci savurat\u0103. Un drum prin p\u0103dure poate deveni o experien\u021b\u0103 \u00een sine. La fel \u0219i o oprire pe malul lacului, o plimbare f\u0103r\u0103 destina\u021bie precis\u0103 sau o zi \u00een care natura dicteaz\u0103 ritmul.<\/p>\n<p><em>\u201eEu sunt \u00eendr\u0103gostit\u0103 de V\u0103liug, chiar am decis \u00eempreun\u0103 cu prietenul meu, s\u0103 facem o mic\u0103 zon\u0103 de cazare, ni\u0219te c\u0103su\u021be tiny.\u201d<\/em><\/p>\n<p>Madeleine Savin este una dintre vocile care vorbesc despre aceast\u0103 alt\u0103 fa\u021b\u0103 a Banatului de Munte: una \u00een care frumuse\u021bea nu st\u0103 doar \u00een obiectivele turistice cunoscute, ci \u0219i \u00een locurile discrete, \u00een peisajele neamenajate excesiv \u0219i \u00een experien\u021bele care nu pot fi bifate \u00eentr-un ghid.<\/p>\n<h4><strong>P\u0103durea, cel mai bun loc pentru a \u00eencetini<\/strong><\/h4>\n<p>\u00cen aceast\u0103 apropiere de natur\u0103 a descoperit \u0219i silvoterapia \u0219i efectele pe care timpul petrecut \u00een p\u0103dure le poate avea asupra st\u0103rii de bine. <em>\u201eDe asemenea, am descoperit asocierea cu silvoterapia \u0219i efectele ei benefice asupra st\u0103rii de bine.\u201d <\/em>Pentru cineva obi\u0219nuit s\u0103 priveasc\u0103 natura cu aten\u021bie, p\u0103durea devine mult mai mult dec\u00e2t un decor.<\/p>\n<p><img loading=\"lazy\" decoding=\"async\" class=\"wp-image-982006 size-full perfmatters-lazy\" src=\"https:\/\/cdn.expressdebanat.ro\/wp-content\/uploads\/2026\/08\/Lacul-Doman.jpg\" alt=\"lacul doman\" width=\"617\" height=\"486\"><\/p>\n<p><img loading=\"lazy\" decoding=\"async\" class=\"wp-image-982006 size-full\" src=\"https:\/\/cdn.expressdebanat.ro\/wp-content\/uploads\/2026\/08\/Lacul-Doman.jpg\" alt=\"lacul doman\" width=\"617\" height=\"486\"><\/p>\n<p>Este un loc \u00een care toate sim\u021burile intr\u0103 \u00een joc: fo\u0219netul frunzelor, c\u00e2ntecul p\u0103s\u0103rilor, mirosul de r\u0103\u0219in\u0103 \u0219i p\u0103m\u00e2nt umed, lumina care se strecoar\u0103 printre copaci, florile s\u0103lbatice \u0219i micile vie\u021buitoare care, \u00een grab\u0103, r\u0103m\u00e2n aproape invizibile.<\/p>\n<p><em>\u201eAm \u00eenv\u0103\u021bat s\u0103 m\u0103 conectez mai bine cu mine \u00eens\u0103mi, s\u0103 tr\u0103iesc mai mult \u00een prezent, f\u0103r\u0103 graba de a bifa c\u00e2t mai multe obiective\u201d,<\/em> spune Madeleine.<\/p>\n<div class=\"tbpnq6a9753261d000\"><a href=\"https:\/\/www.facebook.com\/clinicavestmed\"><img loading=\"lazy\" decoding=\"async\" class=\"size-full wp-image-961300 perfmatters-lazy\" src=\"https:\/\/cdn.expressdebanat.ro\/wp-content\/uploads\/2026\/02\/WhatsApp-Image-2026-02-03-at-11.55.13.jpeg\" alt=\"vestmed 1000x200\" width=\"1000\" height=\"200\"><img loading=\"lazy\" decoding=\"async\" class=\"size-full wp-image-961300\" src=\"https:\/\/cdn.expressdebanat.ro\/wp-content\/uploads\/2026\/02\/WhatsApp-Image-2026-02-03-at-11.55.13.jpeg\" alt=\"vestmed 1000x200\" width=\"1000\" height=\"200\"><\/a><\/div>\n<p>Poate c\u0103 tocmai aceasta este una dintre lec\u021biile cele mai importante pe care le poate oferi natura: aceea c\u0103 nu este nevoie s\u0103 te gr\u0103be\u0219ti pentru ca o zi s\u0103 fie plin\u0103.<\/p>\n<h4><strong>Tiny house \u2013 un vis care a\u0219teapt\u0103 s\u0103 prind\u0103 contur<\/strong><\/h4>\n<p>Pasiunea Madeleinei\u00a0 Savin pentru natur\u0103 se leag\u0103 firesc \u0219i de interesul pentru conceptul de tiny house \u2013 acele c\u0103su\u021be de vacan\u021b\u0103 de mici dimensiuni, amplasate \u00een mijlocul naturii, unde confortul se \u00eent\u00e2lne\u0219te cu simplitatea. Ideea nu \u00eenseamn\u0103 doar un alt tip de cazare. Este o continuare fireasc\u0103 a filosofiei slow turism: mai pu\u021bin spa\u021biu consumat, mai pu\u021bin\u0103 grab\u0103, mai mult timp petrecut afar\u0103 \u0219i o leg\u0103tur\u0103 mai direct\u0103 cu locul. <em>\u201eAu \u00eentre 40 \u0219i 45 de metri p\u0103tra\u021bi, sunt mai u\u0219or de \u00eentre\u021binut, concepute pentru doi adul\u021bi sau varianta family. Suntem hot\u0103r\u00e2\u021bi s\u0103 construim \u0219i doar a\u0219a pentru noi, f\u0103r\u0103 a urm\u0103ri \u00een mod special cererea venit\u0103 din partea turi\u0219tilor. A durat mult p\u00e2n\u0103 s\u0103 ajungem de la momentul cump\u0103r\u0103rii terenului la autoriz\u0103ri \u0219i certific\u0103ri, etc. Lucrurile se mi\u0219c\u0103 \u00eencet, \u00eencet.\u201d<\/em><\/p>\n<p>Un astfel de refugiu poate deveni, \u00een Banatul de Munte, punctul de plecare pentru experien\u021be simple: dimine\u021bi \u00een mijlocul p\u0103durii, cafea b\u0103ut\u0103 \u00een lini\u0219te, plimb\u0103ri pe poteci, seri \u00een care cerul \u00eenstelat \u021bine loc de televizor. Madeleine sper\u0103 ca un vis mai vechi al s\u0103u s\u0103 prind\u0103, \u00een cele din urm\u0103, contur \u0219i s\u0103 poat\u0103 concretiza un astfel de proiect. Un vis care reune\u0219te, de fapt, toate lucrurile \u00een care crede: natur\u0103, simplitate, tihn\u0103 \u0219i experien\u021be autentice.<\/p>\n<h4><strong>C\u00e2nd florile ajung \u00een borcan<\/strong><\/h4>\n<p>Dac\u0103 p\u0103durea \u0219i c\u0103l\u0103toriile reprezint\u0103 una dintre marile sale pasiuni, florile au ajuns s\u0103 ocupe un loc special \u00een via\u021ba interlocutoarei noastre. \u00ce\u0219i urmeaz\u0103 acest hobby dedic\u00e2ndu-i o mare parte din timp, transform\u00e2nd flori \u0219i fructe de p\u0103dure \u00een ceea ce nume\u0219te, cu un termen care spune aproape totul, \u201edelicatese florale\u201d. Dulce\u021burile din flori sunt o alt\u0103 modalitate prin care p\u0103streaz\u0103 ceva din farmecul naturii \u0219i \u00eel transform\u0103 \u00eentr-o experien\u021b\u0103 care poate fi dus\u0103 acas\u0103.<\/p>\n<div id=\"attachment_982002\" class=\"wp-caption aligncenter\"><img loading=\"lazy\" decoding=\"async\" aria-describedby=\"caption-attachment-982002\" class=\"wp-image-982002 size-full perfmatters-lazy\" src=\"https:\/\/cdn.expressdebanat.ro\/wp-content\/uploads\/2026\/08\/dulceata-de-soc.jpg\" alt=\"dulceata de soc\" width=\"620\" height=\"413\"><img loading=\"lazy\" decoding=\"async\" aria-describedby=\"caption-attachment-982002\" class=\"wp-image-982002 size-full\" src=\"https:\/\/cdn.expressdebanat.ro\/wp-content\/uploads\/2026\/08\/dulceata-de-soc.jpg\" alt=\"dulceata de soc\" width=\"620\" height=\"413\"><\/p>\n<p id=\"caption-attachment-982002\" class=\"wp-caption-text\">dulcea\u021b\u0103 de soc<\/p>\n<\/div>\n<p>Petalele, aromele \u0219i fructele culese din natur\u0103 devin ingrediente pentru produse delicate, neobi\u0219nuite \u0219i pline de personalitate. \u00centr-un borcan se \u00eent\u00e2lnesc astfel nu doar gusturi, ci \u0219i anotimpuri, amintiri \u0219i buc\u0103\u021bi din peisajul pe care \u00eel iube\u0219te. Florile, pe care cei mai mul\u021bi dintre noi le privim pentru frumuse\u021bea lor, devin pentru Madeleine \u0219i o surs\u0103 de creativitate. T\u00e2n\u0103ra e de admirat pentru ambi\u021bia ei, pentru timpul dedicat odat\u0103 culegerii \u0219i apoi sp\u0103l\u0103rii fiec\u0103rei petale \u00een sine. E de admirat \u0219i pentru c\u0103 ceea ce produce e rezultatul numeroaselor sale \u00eencerc\u0103ri \u0219i adapt\u0103ri de re\u021bete. Autodidact fiind \u0219tie s\u0103 armonizeze gusturi, s\u0103 tempereze acidit\u0103\u021bi, s\u0103 confere culoare \u0219i form\u0103 muncii sale. <em>\u201eNu am inventat nimic, doar am adaptat re\u021bete. Este o munc\u0103 imens\u0103 \u00een spate. Nimeni nu \u00ee\u0219i poate imagina ce \u00eenseamn\u0103 s\u0103 iei petal\u0103 cu petal\u0103 \u0219i s\u0103 speli sub jet de ap\u0103.<\/em><\/p>\n<p><img loading=\"lazy\" decoding=\"async\" class=\"wp-image-982014 size-full perfmatters-lazy\" src=\"https:\/\/cdn.expressdebanat.ro\/wp-content\/uploads\/2026\/08\/ceva-bun.jpg\" alt=\"ceva bun\" width=\"620\" height=\"413\"><\/p>\n<p><img loading=\"lazy\" decoding=\"async\" class=\"wp-image-982014 size-full\" src=\"https:\/\/cdn.expressdebanat.ro\/wp-content\/uploads\/2026\/08\/ceva-bun.jpg\" alt=\"ceva bun\" width=\"620\" height=\"413\"><\/p>\n<p><em>Tot ce fac, fac singur\u0103. M-au contactat diverse entit\u0103\u021bi turistice, puncte gastronomice, doar c\u0103 eu nu pot s\u0103 produc la scar\u0103 mare, doar a\u0219a la nivel de hobby. Am vrut cumva s\u0103 leg cele dou\u0103 activit\u0103\u021bi, (tiny house \u0219i dulce\u021buri rafinate) de produse locale pentru turi\u0219tii care vin la V\u0103liug.\u201d<\/em><\/p>\n<p>De departe cea mai mare c\u0103utare a avut-o dulcea\u021ba de topora\u0219i. <em>\u201eIni\u021bial am f\u0103cut trei borc\u0103na\u0219e de 100 de grame, am postat o poz\u0103 pe internet \u0219i, surprinz\u0103tor, am primit peste 100 de cereri.<\/em><\/p>\n<div id=\"attachment_982013\" class=\"wp-caption aligncenter\"><img loading=\"lazy\" decoding=\"async\" aria-describedby=\"caption-attachment-982013\" class=\"wp-image-982013 size-full perfmatters-lazy\" src=\"https:\/\/cdn.expressdebanat.ro\/wp-content\/uploads\/2026\/08\/toporasi-cea-mai-ceruta-dulceata.jpg\" alt=\"toporasi cea mai ceruta dulceata\" width=\"619\" height=\"427\"><img loading=\"lazy\" decoding=\"async\" aria-describedby=\"caption-attachment-982013\" class=\"wp-image-982013 size-full\" src=\"https:\/\/cdn.expressdebanat.ro\/wp-content\/uploads\/2026\/08\/toporasi-cea-mai-ceruta-dulceata.jpg\" alt=\"toporasi cea mai ceruta dulceata\" width=\"619\" height=\"427\"><\/p>\n<p id=\"caption-attachment-982013\" class=\"wp-caption-text\">cea mai ceruta dulcea\u021b\u0103 de topora\u0219i<\/p>\n<\/div>\n<p><em>Bine\u00een\u021beles c\u0103 nu am putut onora dec\u00e2t \u00een anii urm\u0103tori. Mai sunt c\u0103utate: dulcea\u021ba din flori de maci s\u0103lbatici, de magnolie, de tei, de flori de soc, de caprifoi, flori din acestea mai neobi\u0219nuite.<\/em><\/p>\n<p><img loading=\"lazy\" decoding=\"async\" class=\"wp-image-982000 size-full perfmatters-lazy\" src=\"https:\/\/cdn.expressdebanat.ro\/wp-content\/uploads\/2026\/08\/desert-in-rosu.jpg\" alt=\"desert in rosu\" width=\"620\" height=\"428\"><\/p>\n<p><img loading=\"lazy\" decoding=\"async\" class=\"wp-image-982000 size-full\" src=\"https:\/\/cdn.expressdebanat.ro\/wp-content\/uploads\/2026\/08\/desert-in-rosu.jpg\" alt=\"desert in rosu\" width=\"620\" height=\"428\"><\/p>\n<p><em>Am \u00eencercat s\u0103 fac \u0219i combina\u021bii de flori cu fructe, pentru c\u0103 florile sunt sezoniere. De pild\u0103 pere cu mu\u0219e\u021bel, fructe de soc cu lavand\u0103, sirop din fructe de soc cu lavand\u0103, scor\u021bi\u0219oar\u0103 \u0219i cui\u0219oare. Am mers pe ideea unui concept, totul combinat cu flori!<\/em><\/p>\n<div id=\"attachment_982011\" class=\"wp-caption aligncenter\"><img loading=\"lazy\" decoding=\"async\" aria-describedby=\"caption-attachment-982011\" class=\"wp-image-982011 size-full perfmatters-lazy\" src=\"https:\/\/cdn.expressdebanat.ro\/wp-content\/uploads\/2026\/08\/sirop-din-magnolii.jpg\" alt=\"sirop din magnolii\" width=\"621\" height=\"439\"><img loading=\"lazy\" decoding=\"async\" aria-describedby=\"caption-attachment-982011\" class=\"wp-image-982011 size-full\" src=\"https:\/\/cdn.expressdebanat.ro\/wp-content\/uploads\/2026\/08\/sirop-din-magnolii.jpg\" alt=\"sirop din magnolii\" width=\"621\" height=\"439\"><\/p>\n<p id=\"caption-attachment-982011\" class=\"wp-caption-text\">sirop din flori de magnolie<\/p>\n<\/div>\n<p><em>Tot eu m\u0103 ocup de ambalare, prezentare \u0219i promovare. Sunt amprenta mea personal\u0103 \u00eentr-o zon\u0103 de ni\u0219\u0103.\u201d<\/em><\/p>\n<h4><strong>Un altfel de a descoperi Banatul<\/strong><\/h4>\n<p>Slow tourism, silvoterapia, tiny house \u0219i delicatesele florale par, la prima vedere, idei diferite. \u00cen povestea lui Madeleine Savin \u00eens\u0103, ele se \u00eent\u00e2lnesc \u00een acela\u0219i punct: nevoia de a ne reconecta cu natura \u0219i cu lucrurile simple. Ea nu vorbe\u0219te despre Banatul de Munte doar ca despre o destina\u021bie turistic\u0103. \u00cel vede ca pe un loc care poate fi locuit, sim\u021bit \u0219i descoperit \u00een ritmul fiec\u0103ruia. Iar \u00eentr-o zon\u0103 \u00een care p\u0103durile \u0219i lacurile, florile \u0219i animalele, satele \u0219i peisajele creeaz\u0103 un decor at\u00e2t de generos, poate c\u0103 turismul lent este una dintre cele mai fire\u0219ti modalit\u0103\u021bi de a o pune \u00een valoare.\u00a0 F\u0103r\u0103 grab\u0103. F\u0103r\u0103 liste interminabile. F\u0103r\u0103 nevoia de a vedea totul \u00eentr-un singur weekend.<\/p>\n<div id=\"attachment_982005\" class=\"wp-caption aligncenter\"><img loading=\"lazy\" decoding=\"async\" aria-describedby=\"caption-attachment-982005\" class=\"wp-image-982005 size-full perfmatters-lazy\" src=\"https:\/\/cdn.expressdebanat.ro\/wp-content\/uploads\/2026\/08\/lacul-Doman-II.jpg\" alt=\"lacul doman ii\" width=\"621\" height=\"428\"><img loading=\"lazy\" decoding=\"async\" aria-describedby=\"caption-attachment-982005\" class=\"wp-image-982005 size-full\" src=\"https:\/\/cdn.expressdebanat.ro\/wp-content\/uploads\/2026\/08\/lacul-Doman-II.jpg\" alt=\"lacul doman ii\" width=\"621\" height=\"428\"><\/p>\n<p id=\"caption-attachment-982005\" class=\"wp-caption-text\">lacul Doman<\/p>\n<\/div>\n<p><span>Doar cu timp pentru natur\u0103, pentru gust, pentru lini\u0219te \u0219i pentru tine. <\/span>Madeleine Savin a ales s\u0103 tr\u0103iasc\u0103 astfel. Cu sufletul \u00een p\u0103dure \u0219i, uneori, cu florile \u00een borcan.<\/p>\n<p>Iar Banatul de Munte pare locul perfect pentru a \u00eenv\u0103\u021ba, la r\u00e2ndul nostru, arta de a tr\u0103i \u00eencet!<\/p>\n<div id=\"attachment_982010\" class=\"wp-caption aligncenter\"><img loading=\"lazy\" decoding=\"async\" aria-describedby=\"caption-attachment-982010\" class=\"wp-image-982010 size-full perfmatters-lazy\" src=\"https:\/\/cdn.expressdebanat.ro\/wp-content\/uploads\/2026\/08\/primavara-la-Carasova.jpg\" alt=\"primavara la carasova\" width=\"619\" height=\"439\"><img loading=\"lazy\" decoding=\"async\" aria-describedby=\"caption-attachment-982010\" class=\"wp-image-982010 size-full\" src=\"https:\/\/cdn.expressdebanat.ro\/wp-content\/uploads\/2026\/08\/primavara-la-Carasova.jpg\" alt=\"primavara la carasova\" width=\"619\" height=\"439\"><\/p>\n<p id=\"caption-attachment-982010\" class=\"wp-caption-text\"><strong>Sursa foto: arhiva personal\u0103 Facebook<\/strong><\/p>\n<\/div>\n<div class=\"kulra6a9753261d033\"><a href=\"https:\/\/www.hotel-versay.ro\/\" target=\"_blank\" rel=\"noopener noreferrer ugc sponsored\" title=\"Stiri si Publicitate pentru Timisoara si Resita\"><img loading=\"lazy\" decoding=\"async\" class=\"size-full wp-image-821392 perfmatters-lazy\" src=\"https:\/\/cdn.expressdebanat.ro\/wp-content\/uploads\/2024\/04\/Versay-aprilie-980x120-px.jpg\" alt=\"Stiri si Publicitate Timisoara, Resita, Hotel Versay aprilie 980x120 px\" width=\"980\" height=\"120\"><img loading=\"lazy\" decoding=\"async\" class=\"size-full wp-image-821392\" src=\"https:\/\/cdn.expressdebanat.ro\/wp-content\/uploads\/2024\/04\/Versay-aprilie-980x120-px.jpg\" alt=\"Stiri si Publicitate Timisoara, Resita, Hotel Versay aprilie 980x120 px\" width=\"980\" height=\"120\"><\/a><a href=\"https:\/\/www.facebook.com\/casaalex2018?locale=ro_RO\"><img loading=\"lazy\" decoding=\"async\" class=\"size-full wp-image-982095 perfmatters-lazy\" src=\"https:\/\/cdn.expressdebanat.ro\/wp-content\/uploads\/2026\/08\/7a8fd12b-1543-457e-9844-45bf46722da7.jpeg\" alt=\"afis casa alex toamna\" width=\"1000\" height=\"364\"><img loading=\"lazy\" decoding=\"async\" class=\"size-full wp-image-982095\" src=\"https:\/\/cdn.expressdebanat.ro\/wp-content\/uploads\/2026\/08\/7a8fd12b-1543-457e-9844-45bf46722da7.jpeg\" alt=\"afis casa alex toamna\" width=\"1000\" height=\"364\"><\/a><\/div>\n<\/div>\n<p>[analyse_source url=&#8221;https:\/\/expressdebanat.ro\/o-calatorie-altfel-cu-experiente-autentice-alaturi-de-o-timisoreanca-indragostita-de-natura\/&#8221;]<\/p>\n","protected":false},"excerpt":{"rendered":"<p>[analyse_image type=&#8221;featured&#8221; src=&#8221;https:\/\/cdn.expressdebanat.ro\/wp-content\/uploads\/2026\/08\/Madeleine-si-cainii.jpghttps:\/\/cdn.expressdebanat.ro\/wp-content\/uploads\/2026\/08\/Lacul-Doman.jpghttps:\/\/cdn.expressdebanat.ro\/wp-content\/uploads\/2026\/08\/Yaya-Valiug.jpg&#8221;] Madeleine Savin a \u00eenv\u0103\u021bat s\u0103 tr\u0103iasc\u0103 \u00eencet. \u00cendr\u0103gostit\u0103 de Banatul de Munte \u0219i, \u00een mod special, de V\u0103liug-Crivaia, promoveaz\u0103 slow turismul, conceptul de tiny house \u0219i redescoper\u0103 bucuriile simple, transform\u00e2nd florile \u0219i fructele de p\u0103dure \u00een delicatese. Poate c\u0103, \u00eentr-o lume \u00een care aproape totul se \u00eent\u00e2mpl\u0103 pe fug\u0103, adev\u0103rata form\u0103 de [&hellip;]<\/p>\n","protected":false},"author":1,"featured_media":0,"comment_status":"open","ping_status":"","sticky":false,"template":"","format":"standard","meta":{"footnotes":""},"categories":[89],"tags":[226,196],"class_list":["post-2123420","post","type-post","status-publish","format-standard","hentry","category-romania","tag-crawlmanager","tag-expressdebanat-ro"],"_links":{"self":[{"href":"https:\/\/analyse.optim.biz\/index.php?rest_route=\/wp\/v2\/posts\/2123420","targetHints":{"allow":["GET"]}}],"collection":[{"href":"https:\/\/analyse.optim.biz\/index.php?rest_route=\/wp\/v2\/posts"}],"about":[{"href":"https:\/\/analyse.optim.biz\/index.php?rest_route=\/wp\/v2\/types\/post"}],"author":[{"embeddable":true,"href":"https:\/\/analyse.optim.biz\/index.php?rest_route=\/wp\/v2\/users\/1"}],"replies":[{"embeddable":true,"href":"https:\/\/analyse.optim.biz\/index.php?rest_route=%2Fwp%2Fv2%2Fcomments&post=2123420"}],"version-history":[{"count":0,"href":"https:\/\/analyse.optim.biz\/index.php?rest_route=\/wp\/v2\/posts\/2123420\/revisions"}],"wp:attachment":[{"href":"https:\/\/analyse.optim.biz\/index.php?rest_route=%2Fwp%2Fv2%2Fmedia&parent=2123420"}],"wp:term":[{"taxonomy":"category","embeddable":true,"href":"https:\/\/analyse.optim.biz\/index.php?rest_route=%2Fwp%2Fv2%2Fcategories&post=2123420"},{"taxonomy":"post_tag","embeddable":true,"href":"https:\/\/analyse.optim.biz\/index.php?rest_route=%2Fwp%2Fv2%2Ftags&post=2123420"}],"curies":[{"name":"wp","href":"https:\/\/api.w.org\/{rel}","templated":true}]}}