{"id":2123418,"date":"2026-08-29T10:07:38","date_gmt":"2026-08-29T07:07:38","guid":{"rendered":"https:\/\/analyse.optim.biz\/?p=2123418"},"modified":"2026-08-29T10:07:38","modified_gmt":"2026-08-29T07:07:38","slug":"spatiren-la-teremia-mare-la-pas-printr-un-sat-banatean","status":"publish","type":"post","link":"https:\/\/analyse.optim.biz\/?p=2123418","title":{"rendered":"\u0218pa\u021biren la Teremia Mare. La pas printr-un sat b\u0103n\u0103\u021bean"},"content":{"rendered":"<p>[analyse_image type=&#8221;featured&#8221; src=&#8221;https:\/\/cdn.expressdebanat.ro\/wp-content\/uploads\/2026\/08\/teremia-mare.jpg&#8221;]<\/p>\n<div id=\"post-area\" class=\"post-981920 post type-post status-publish format-standard has-post-thumbnail hentry category-lugoj category-timis category-timisoara category-turism tag-banat tag-patrimoniu-banat tag-spatiren tag-teremia-mare tag-tur-ghidat\">\n<div id=\"social-box\">\n<ul class=\"post-social\">\n<li class=\"social-share-button\">\n<li class=\"social-share-button\">\n<li class=\"social-share-button\"><\/ul>\n<\/div>\n<div id=\"content-area\">\n<div class=\"post-image\"><img loading=\"lazy\" decoding=\"async\" width=\"620\" height=\"400\" src=\"https:\/\/cdn.expressdebanat.ro\/wp-content\/uploads\/2026\/08\/teremia-mare-620x400.jpg\" class=\"attachment-post-thumb size-post-thumb wp-post-image perfmatters-lazy\" alt=\"teremia mare\"><img loading=\"lazy\" decoding=\"async\" width=\"620\" height=\"400\" src=\"https:\/\/cdn.expressdebanat.ro\/wp-content\/uploads\/2026\/08\/teremia-mare-620x400.jpg\" class=\"attachment-post-thumb size-post-thumb wp-post-image\" alt=\"teremia mare\"><\/div>\n<p class=\"isSelectedEnd\"><strong>Situat\u0103 la aproximativ 60 de kilometri de Timi\u0219oara, Teremia Mare va putea fi descoperit\u0103 duminic\u0103 prin pove\u0219tile locului, arhitectura caselor \u0219i m\u00e2ncarea b\u0103n\u0103\u021bean\u0103. Turul \u00eencepe la ora 13 \u0219i se \u00eencheie cu preparate inspirate din buc\u0103t\u0103ria \u0219v\u0103beasc\u0103.<\/strong><\/p>\n<p class=\"isSelectedEnd\">Evenimentul are loc duminic\u0103, 30 august, \u0219i face parte din proiectul \u201e\u0218pa\u021biren la Teremia Mare\u201d, dedicat istoriei \u0219i patrimoniului local din Banat.<\/p>\n<p class=\"isSelectedEnd\">Turul \u00eencepe \u00een parcul din centrul comunei. Participan\u021bii vor afla pove\u0219ti despre viticultura din zon\u0103, fabrica de lichior \u0219i coniac a lui Kr\u00e4uter, jaful de pe drumul Teremiei Mici \u0219i \u201edublii proprietari\u201d. Pe traseu vor fi \u0219i biserica romano-catolic\u0103 \u0219i monumentul Sfintei Treimi. Arhitectul Casian Avram va vorbi despre casele din Teremia Mare \u0219i despre stilurile \u00een care au fost construite, de la Art Nouveau la baroc.<\/p>\n<div class=\"bwfmc6a975343f0d92\"><a href=\"https:\/\/www.bacoluxhotels.ro\/\"><img loading=\"lazy\" decoding=\"async\" class=\"size-full wp-image-943602 perfmatters-lazy\" src=\"https:\/\/cdn.expressdebanat.ro\/wp-content\/uploads\/2025\/09\/WhatsApp-Image-2025-09-29-at-12.42.18.jpeg\" alt=\"Afrodita 1000x200 \" width=\"1000\" height=\"200\"><img loading=\"lazy\" decoding=\"async\" class=\"size-full wp-image-943602\" src=\"https:\/\/cdn.expressdebanat.ro\/wp-content\/uploads\/2025\/09\/WhatsApp-Image-2025-09-29-at-12.42.18.jpeg\" alt=\"Afrodita 1000x200 \" width=\"1000\" height=\"200\"><\/a><\/div>\n<p class=\"isSelectedEnd\">Dup\u0103 plimbare urmeaz\u0103 masa, \u00een aer liber. Chef David Cioica preg\u0103te\u0219te mai multe feluri inspirate din buc\u0103t\u0103ria Banatului \u0219i din re\u021betele de alt\u0103dat\u0103. \u00cen meniu se afl\u0103 un preparat din aluat op\u0103rit, cu crem\u0103 de \u021bu\u0219pais de gulie \u0219i piept de pui, dar \u0219i mu\u0219chiule\u021b de porc cu piure de cartofi \u0219i praz copt, al\u0103turi de sos de mere cu rozmarin \u0219i ghimbir.<\/p>\n<p class=\"isSelectedEnd\">Evenimentul este organizat de Muzeul Presei \u201eSever Bocu\u201d, Restaurant Bun \u0219i Timi\u0219oara pe Buc\u0103\u021bi, cu sprijinul Prim\u0103riei Teremia Mare. Proiectul continu\u0103 demersurile funda\u021biei culturale \u00eenfiin\u021bate de scriitorul Petre Stoica. Organizatorii vor s\u0103 duc\u0103 proiectul \u0219i \u00een alte localit\u0103\u021bi din Banat, printre care Lovrin, Beba \u0219i Periam.<\/p>\n<\/div>\n<div id=\"social-box\">\n<ul class=\"post-social\">\n<li class=\"fb-line\">\n<li><a href=\"http:\/\/twitter.com\/share\" class=\"twitter-share-button\" data-lang=\"en\" data-count=\"horizontal\">Tweet<\/a><\/li>\n<li>\n<li><a href=\"http:\/\/pinterest.com\/pin\/create\/button\/?url=https%3A%2F%2Fexpressdebanat.ro%2Fspatiren-la-teremia-mare-la-pas-printr-un-sat-banatean%2F&amp;media=https:\/\/cdn.expressdebanat.ro\/wp-content\/uploads\/2026\/08\/teremia-mare.jpg&amp;description=%C8%98pa%C8%9Biren%20la%20Teremia%20Mare.%20La%20pas%20printr-un%20sat%20b%C4%83n%C4%83%C8%9Bean\" class=\"pin-it-button\">Pin It<\/a><\/li>\n<\/ul>\n<\/div>\n<\/div>\n<div id=\"content-area\">\n<div class=\"post-image\"><img loading=\"lazy\" decoding=\"async\" width=\"620\" height=\"400\" src=\"https:\/\/cdn.expressdebanat.ro\/wp-content\/uploads\/2026\/08\/teremia-mare-620x400.jpg\" class=\"attachment-post-thumb size-post-thumb wp-post-image perfmatters-lazy\" alt=\"teremia mare\"><img loading=\"lazy\" decoding=\"async\" width=\"620\" height=\"400\" src=\"https:\/\/cdn.expressdebanat.ro\/wp-content\/uploads\/2026\/08\/teremia-mare-620x400.jpg\" class=\"attachment-post-thumb size-post-thumb wp-post-image\" alt=\"teremia mare\"><\/div>\n<p class=\"isSelectedEnd\"><strong>Situat\u0103 la aproximativ 60 de kilometri de Timi\u0219oara, Teremia Mare va putea fi descoperit\u0103 duminic\u0103 prin pove\u0219tile locului, arhitectura caselor \u0219i m\u00e2ncarea b\u0103n\u0103\u021bean\u0103. Turul \u00eencepe la ora 13 \u0219i se \u00eencheie cu preparate inspirate din buc\u0103t\u0103ria \u0219v\u0103beasc\u0103.<\/strong><\/p>\n<p class=\"isSelectedEnd\">Evenimentul are loc duminic\u0103, 30 august, \u0219i face parte din proiectul \u201e\u0218pa\u021biren la Teremia Mare\u201d, dedicat istoriei \u0219i patrimoniului local din Banat.<\/p>\n<p class=\"isSelectedEnd\">Turul \u00eencepe \u00een parcul din centrul comunei. Participan\u021bii vor afla pove\u0219ti despre viticultura din zon\u0103, fabrica de lichior \u0219i coniac a lui Kr\u00e4uter, jaful de pe drumul Teremiei Mici \u0219i \u201edublii proprietari\u201d. Pe traseu vor fi \u0219i biserica romano-catolic\u0103 \u0219i monumentul Sfintei Treimi. Arhitectul Casian Avram va vorbi despre casele din Teremia Mare \u0219i despre stilurile \u00een care au fost construite, de la Art Nouveau la baroc.<\/p>\n<div class=\"bwfmc6a975343f0d92\"><a href=\"https:\/\/www.bacoluxhotels.ro\/\"><img loading=\"lazy\" decoding=\"async\" class=\"size-full wp-image-943602 perfmatters-lazy\" src=\"https:\/\/cdn.expressdebanat.ro\/wp-content\/uploads\/2025\/09\/WhatsApp-Image-2025-09-29-at-12.42.18.jpeg\" alt=\"Afrodita 1000x200 \" width=\"1000\" height=\"200\"><img loading=\"lazy\" decoding=\"async\" class=\"size-full wp-image-943602\" src=\"https:\/\/cdn.expressdebanat.ro\/wp-content\/uploads\/2025\/09\/WhatsApp-Image-2025-09-29-at-12.42.18.jpeg\" alt=\"Afrodita 1000x200 \" width=\"1000\" height=\"200\"><\/a><\/div>\n<p class=\"isSelectedEnd\">Dup\u0103 plimbare urmeaz\u0103 masa, \u00een aer liber. Chef David Cioica preg\u0103te\u0219te mai multe feluri inspirate din buc\u0103t\u0103ria Banatului \u0219i din re\u021betele de alt\u0103dat\u0103. \u00cen meniu se afl\u0103 un preparat din aluat op\u0103rit, cu crem\u0103 de \u021bu\u0219pais de gulie \u0219i piept de pui, dar \u0219i mu\u0219chiule\u021b de porc cu piure de cartofi \u0219i praz copt, al\u0103turi de sos de mere cu rozmarin \u0219i ghimbir.<\/p>\n<p class=\"isSelectedEnd\">Evenimentul este organizat de Muzeul Presei \u201eSever Bocu\u201d, Restaurant Bun \u0219i Timi\u0219oara pe Buc\u0103\u021bi, cu sprijinul Prim\u0103riei Teremia Mare. Proiectul continu\u0103 demersurile funda\u021biei culturale \u00eenfiin\u021bate de scriitorul Petre Stoica. Organizatorii vor s\u0103 duc\u0103 proiectul \u0219i \u00een alte localit\u0103\u021bi din Banat, printre care Lovrin, Beba \u0219i Periam.<\/p>\n<\/div>\n<p>[analyse_source url=&#8221;https:\/\/expressdebanat.ro\/spatiren-la-teremia-mare-la-pas-printr-un-sat-banatean\/&#8221;]<\/p>\n","protected":false},"excerpt":{"rendered":"<p>[analyse_image type=&#8221;featured&#8221; src=&#8221;https:\/\/cdn.expressdebanat.ro\/wp-content\/uploads\/2026\/08\/teremia-mare.jpg&#8221;] Situat\u0103 la aproximativ 60 de kilometri de Timi\u0219oara, Teremia Mare va putea fi descoperit\u0103 duminic\u0103 prin pove\u0219tile locului, arhitectura caselor \u0219i m\u00e2ncarea b\u0103n\u0103\u021bean\u0103. Turul \u00eencepe la ora 13 \u0219i se \u00eencheie cu preparate inspirate din buc\u0103t\u0103ria \u0219v\u0103beasc\u0103. Evenimentul are loc duminic\u0103, 30 august, \u0219i face parte din proiectul \u201e\u0218pa\u021biren la Teremia Mare\u201d, [&hellip;]<\/p>\n","protected":false},"author":1,"featured_media":0,"comment_status":"open","ping_status":"","sticky":false,"template":"","format":"standard","meta":{"footnotes":""},"categories":[89],"tags":[226,196],"class_list":["post-2123418","post","type-post","status-publish","format-standard","hentry","category-romania","tag-crawlmanager","tag-expressdebanat-ro"],"_links":{"self":[{"href":"https:\/\/analyse.optim.biz\/index.php?rest_route=\/wp\/v2\/posts\/2123418","targetHints":{"allow":["GET"]}}],"collection":[{"href":"https:\/\/analyse.optim.biz\/index.php?rest_route=\/wp\/v2\/posts"}],"about":[{"href":"https:\/\/analyse.optim.biz\/index.php?rest_route=\/wp\/v2\/types\/post"}],"author":[{"embeddable":true,"href":"https:\/\/analyse.optim.biz\/index.php?rest_route=\/wp\/v2\/users\/1"}],"replies":[{"embeddable":true,"href":"https:\/\/analyse.optim.biz\/index.php?rest_route=%2Fwp%2Fv2%2Fcomments&post=2123418"}],"version-history":[{"count":0,"href":"https:\/\/analyse.optim.biz\/index.php?rest_route=\/wp\/v2\/posts\/2123418\/revisions"}],"wp:attachment":[{"href":"https:\/\/analyse.optim.biz\/index.php?rest_route=%2Fwp%2Fv2%2Fmedia&parent=2123418"}],"wp:term":[{"taxonomy":"category","embeddable":true,"href":"https:\/\/analyse.optim.biz\/index.php?rest_route=%2Fwp%2Fv2%2Fcategories&post=2123418"},{"taxonomy":"post_tag","embeddable":true,"href":"https:\/\/analyse.optim.biz\/index.php?rest_route=%2Fwp%2Fv2%2Ftags&post=2123418"}],"curies":[{"name":"wp","href":"https:\/\/api.w.org\/{rel}","templated":true}]}}