{"id":2123417,"date":"2026-08-29T06:53:46","date_gmt":"2026-08-29T03:53:46","guid":{"rendered":"https:\/\/analyse.optim.biz\/?p=2123417"},"modified":"2026-08-29T06:53:46","modified_gmt":"2026-08-29T03:53:46","slug":"a-fugit-de-politisti-si-a-intrat-intr-o-terasa-la-lugoj-patru-raniti","status":"publish","type":"post","link":"https:\/\/analyse.optim.biz\/?p=2123417","title":{"rendered":"A fugit de poli\u021bi\u0219ti \u0219i a intrat \u00eentr-o teras\u0103, la Lugoj. Patru r\u0103ni\u021bi"},"content":{"rendered":"<p>[analyse_image type=&#8221;featured&#8221; src=&#8221;https:\/\/cdn.expressdebanat.ro\/wp-content\/uploads\/2025\/08\/masina-de-politie-noaptea-lumini-620&#215;400-1.jpg&#8221;]<\/p>\n<div id=\"post-area\" class=\"post-981979 post type-post status-publish format-standard has-post-thumbnail hentry category-actualitate category-lugoj category-timis tag-accident tag-alcool tag-fara-permis tag-lugoj tag-rutier\">\n<div id=\"social-box\">\n<ul class=\"post-social\">\n<li class=\"social-share-button\">\n<li class=\"social-share-button\">\n<li class=\"social-share-button\"><\/ul>\n<\/div>\n<div id=\"content-area\">\n<div class=\"post-image\"><img loading=\"lazy\" decoding=\"async\" width=\"620\" height=\"400\" src=\"https:\/\/cdn.expressdebanat.ro\/wp-content\/uploads\/2025\/08\/masina-de-politie-noaptea-lumini-620x400-1.jpg\" class=\"attachment-post-thumb size-post-thumb wp-post-image perfmatters-lazy\" alt=\"masina de politie\"><img loading=\"lazy\" decoding=\"async\" width=\"620\" height=\"400\" src=\"https:\/\/cdn.expressdebanat.ro\/wp-content\/uploads\/2025\/08\/masina-de-politie-noaptea-lumini-620x400-1.jpg\" class=\"attachment-post-thumb size-post-thumb wp-post-image\" alt=\"masina de politie\"><\/div>\n<div class=\"piamg6a9763a72668b\"><a href=\"https:\/\/www.facebook.com\/clinicavestmed\"><img loading=\"lazy\" decoding=\"async\" class=\"size-full wp-image-961300 perfmatters-lazy\" src=\"https:\/\/cdn.expressdebanat.ro\/wp-content\/uploads\/2026\/02\/WhatsApp-Image-2026-02-03-at-11.55.13.jpeg\" alt=\"vestmed 1000x200\" width=\"1000\" height=\"200\"><img loading=\"lazy\" decoding=\"async\" class=\"size-full wp-image-961300\" src=\"https:\/\/cdn.expressdebanat.ro\/wp-content\/uploads\/2026\/02\/WhatsApp-Image-2026-02-03-at-11.55.13.jpeg\" alt=\"vestmed 1000x200\" width=\"1000\" height=\"200\"><\/a><\/div>\n<p><strong>La Lugoj, un t\u00e2n\u0103r de 27 de ani, f\u0103r\u0103 permis \u0219i cu 1,02 mg\/l alcool \u00een aerul expirat, a fugit de poli\u021bi\u0219ti \u0219i a provocat un accident. Patru persoane au ajuns la spital, inclusiv un b\u0103rbat aflat pe terasa unui restaurant.<\/strong><\/p>\n<p>Incidentul s-a petrecut s\u00e2mb\u0103t\u0103 noapte, pe strada Bucegi din Lugoj.<\/p>\n<p>Poli\u021bi\u0219tii i-au f\u0103cut semn s\u0103 opreasc\u0103 unui autoturism, \u00eens\u0103 \u0219oferul \u0219i-a continuat drumul. Agen\u021bii au pornit apoi \u00een urm\u0103rirea lui.\u00a0Pe strada Timi\u0219orii, b\u0103rbatul a pierdut controlul ma\u0219inii \u0219i a intrat \u00eentr-un autoturism care circula regulamentar din sens opus. La volanul celeilalte ma\u0219ini se afla o t\u00e2n\u0103r\u0103 de 20 de ani. \u00cen urma impactului, autoturismul condus de t\u00e2n\u0103r\u0103 a fost proiectat \u00eentr-o teras\u0103 a unui restaurant.<\/p>\n<p>Patru persoane au fost transportate la spital: cei doi \u0219oferi, o pasager\u0103 de 16 ani aflat\u0103 \u00een ma\u0219ina tinerei \u0219i un b\u0103rbat de 44 de ani care se afla pe teras\u0103.<\/p>\n<div class=\"bybuv6a9763a7266d7\"><a href=\"https:\/\/maxagro.ro\/\" target=\"_blank\" rel=\"noopener noreferrer sponsored ugc\" title=\"Publicitate si promovare in ziar Express de Banat, \u0218tiri din Timi\u0219oara \u0219i Re\u0219i\u021ba\"><img loading=\"lazy\" decoding=\"async\" width=\"1500\" height=\"300\" class=\"size-full wp-image-752850 perfmatters-lazy\" src=\"https:\/\/cdn.expressdebanat.ro\/wp-content\/uploads\/2023\/05\/banner-maxagro.jpg\" alt=\"Stiri Timisoara promovare banner maxagro\"><img loading=\"lazy\" decoding=\"async\" width=\"1500\" height=\"300\" class=\"size-full wp-image-752850\" src=\"https:\/\/cdn.expressdebanat.ro\/wp-content\/uploads\/2023\/05\/banner-maxagro.jpg\" alt=\"Stiri Timisoara promovare banner maxagro\"><\/a><\/div>\n<p>\u0218oferul de 27 de ani a fost testat cu etilotestul, iar aparatul a indicat 1,02 mg\/l alcool pur \u00een aerul expirat. La spital i-au fost recoltate probe de s\u00e2nge pentru stabilirea alcoolemiei.<\/p>\n<p>Poli\u021bi\u0219tii au mai stabilit c\u0103 b\u0103rbatul nu avea permis de conducere pentru nicio categorie de vehicule. Ma\u0219ina pe care o conducea apar\u021binea unei alte persoane.<\/p>\n<p>B\u0103rbatul este acum cercetat pentru conducere f\u0103r\u0103 permis, conducere sub influen\u021ba alcoolului, furt \u00een scop de folosin\u021b\u0103 \u0219i v\u0103t\u0103mare corporal\u0103 din culp\u0103.\u00a0El a fost re\u021binut pentru 24 de ore \u0219i dus \u00een arestul IPJ Timi\u0219.\u00a0Cercet\u0103rile continu\u0103 sub coordonarea procurorilor de la Parchetul de pe l\u00e2ng\u0103 Judec\u0103toria Lugoj.<\/p>\n<div class=\"uevfh6a9763a72670f\"><a href=\"https:\/\/www.facebook.com\/casaalex2018?locale=ro_RO\"><img loading=\"lazy\" decoding=\"async\" class=\"size-full wp-image-982095 perfmatters-lazy\" src=\"https:\/\/cdn.expressdebanat.ro\/wp-content\/uploads\/2026\/08\/7a8fd12b-1543-457e-9844-45bf46722da7.jpeg\" alt=\"afis casa alex toamna\" width=\"1000\" height=\"364\"><img loading=\"lazy\" decoding=\"async\" class=\"size-full wp-image-982095\" src=\"https:\/\/cdn.expressdebanat.ro\/wp-content\/uploads\/2026\/08\/7a8fd12b-1543-457e-9844-45bf46722da7.jpeg\" alt=\"afis casa alex toamna\" width=\"1000\" height=\"364\"><\/a><\/div>\n<\/div>\n<div id=\"social-box\">\n<ul class=\"post-social\">\n<li class=\"fb-line\">\n<li><a href=\"http:\/\/twitter.com\/share\" class=\"twitter-share-button\" data-lang=\"en\" data-count=\"horizontal\">Tweet<\/a><\/li>\n<li>\n<li><a href=\"http:\/\/pinterest.com\/pin\/create\/button\/?url=https%3A%2F%2Fexpressdebanat.ro%2Fa-fugit-de-politisti-si-a-intrat-intr-o-terasa-la-lugoj-patru-raniti%2F&amp;media=https:\/\/cdn.expressdebanat.ro\/wp-content\/uploads\/2025\/08\/masina-de-politie-noaptea-lumini-620x400-1.jpg&amp;description=A%20fugit%20de%20poli%C8%9Bi%C8%99ti%20%C8%99i%20a%20intrat%20%C3%AEntr-o%20teras%C4%83,%20la%20Lugoj.%20Patru%20r%C4%83ni%C8%9Bi\" class=\"pin-it-button\">Pin It<\/a><\/li>\n<\/ul>\n<\/div>\n<\/div>\n<div id=\"content-area\">\n<div class=\"post-image\"><img loading=\"lazy\" decoding=\"async\" width=\"620\" height=\"400\" src=\"https:\/\/cdn.expressdebanat.ro\/wp-content\/uploads\/2025\/08\/masina-de-politie-noaptea-lumini-620x400-1.jpg\" class=\"attachment-post-thumb size-post-thumb wp-post-image perfmatters-lazy\" alt=\"masina de politie\"><img loading=\"lazy\" decoding=\"async\" width=\"620\" height=\"400\" src=\"https:\/\/cdn.expressdebanat.ro\/wp-content\/uploads\/2025\/08\/masina-de-politie-noaptea-lumini-620x400-1.jpg\" class=\"attachment-post-thumb size-post-thumb wp-post-image\" alt=\"masina de politie\"><\/div>\n<div class=\"piamg6a9763a72668b\"><a href=\"https:\/\/www.facebook.com\/clinicavestmed\"><img loading=\"lazy\" decoding=\"async\" class=\"size-full wp-image-961300 perfmatters-lazy\" src=\"https:\/\/cdn.expressdebanat.ro\/wp-content\/uploads\/2026\/02\/WhatsApp-Image-2026-02-03-at-11.55.13.jpeg\" alt=\"vestmed 1000x200\" width=\"1000\" height=\"200\"><img loading=\"lazy\" decoding=\"async\" class=\"size-full wp-image-961300\" src=\"https:\/\/cdn.expressdebanat.ro\/wp-content\/uploads\/2026\/02\/WhatsApp-Image-2026-02-03-at-11.55.13.jpeg\" alt=\"vestmed 1000x200\" width=\"1000\" height=\"200\"><\/a><\/div>\n<p><strong>La Lugoj, un t\u00e2n\u0103r de 27 de ani, f\u0103r\u0103 permis \u0219i cu 1,02 mg\/l alcool \u00een aerul expirat, a fugit de poli\u021bi\u0219ti \u0219i a provocat un accident. Patru persoane au ajuns la spital, inclusiv un b\u0103rbat aflat pe terasa unui restaurant.<\/strong><\/p>\n<p>Incidentul s-a petrecut s\u00e2mb\u0103t\u0103 noapte, pe strada Bucegi din Lugoj.<\/p>\n<p>Poli\u021bi\u0219tii i-au f\u0103cut semn s\u0103 opreasc\u0103 unui autoturism, \u00eens\u0103 \u0219oferul \u0219i-a continuat drumul. Agen\u021bii au pornit apoi \u00een urm\u0103rirea lui.\u00a0Pe strada Timi\u0219orii, b\u0103rbatul a pierdut controlul ma\u0219inii \u0219i a intrat \u00eentr-un autoturism care circula regulamentar din sens opus. La volanul celeilalte ma\u0219ini se afla o t\u00e2n\u0103r\u0103 de 20 de ani. \u00cen urma impactului, autoturismul condus de t\u00e2n\u0103r\u0103 a fost proiectat \u00eentr-o teras\u0103 a unui restaurant.<\/p>\n<p>Patru persoane au fost transportate la spital: cei doi \u0219oferi, o pasager\u0103 de 16 ani aflat\u0103 \u00een ma\u0219ina tinerei \u0219i un b\u0103rbat de 44 de ani care se afla pe teras\u0103.<\/p>\n<div class=\"bybuv6a9763a7266d7\"><a href=\"https:\/\/maxagro.ro\/\" target=\"_blank\" rel=\"noopener noreferrer sponsored ugc\" title=\"Publicitate si promovare in ziar Express de Banat, \u0218tiri din Timi\u0219oara \u0219i Re\u0219i\u021ba\"><img loading=\"lazy\" decoding=\"async\" width=\"1500\" height=\"300\" class=\"size-full wp-image-752850 perfmatters-lazy\" src=\"https:\/\/cdn.expressdebanat.ro\/wp-content\/uploads\/2023\/05\/banner-maxagro.jpg\" alt=\"Stiri Timisoara promovare banner maxagro\"><img loading=\"lazy\" decoding=\"async\" width=\"1500\" height=\"300\" class=\"size-full wp-image-752850\" src=\"https:\/\/cdn.expressdebanat.ro\/wp-content\/uploads\/2023\/05\/banner-maxagro.jpg\" alt=\"Stiri Timisoara promovare banner maxagro\"><\/a><\/div>\n<p>\u0218oferul de 27 de ani a fost testat cu etilotestul, iar aparatul a indicat 1,02 mg\/l alcool pur \u00een aerul expirat. La spital i-au fost recoltate probe de s\u00e2nge pentru stabilirea alcoolemiei.<\/p>\n<p>Poli\u021bi\u0219tii au mai stabilit c\u0103 b\u0103rbatul nu avea permis de conducere pentru nicio categorie de vehicule. Ma\u0219ina pe care o conducea apar\u021binea unei alte persoane.<\/p>\n<p>B\u0103rbatul este acum cercetat pentru conducere f\u0103r\u0103 permis, conducere sub influen\u021ba alcoolului, furt \u00een scop de folosin\u021b\u0103 \u0219i v\u0103t\u0103mare corporal\u0103 din culp\u0103.\u00a0El a fost re\u021binut pentru 24 de ore \u0219i dus \u00een arestul IPJ Timi\u0219.\u00a0Cercet\u0103rile continu\u0103 sub coordonarea procurorilor de la Parchetul de pe l\u00e2ng\u0103 Judec\u0103toria Lugoj.<\/p>\n<div class=\"uevfh6a9763a72670f\"><a href=\"https:\/\/www.facebook.com\/casaalex2018?locale=ro_RO\"><img loading=\"lazy\" decoding=\"async\" class=\"size-full wp-image-982095 perfmatters-lazy\" src=\"https:\/\/cdn.expressdebanat.ro\/wp-content\/uploads\/2026\/08\/7a8fd12b-1543-457e-9844-45bf46722da7.jpeg\" alt=\"afis casa alex toamna\" width=\"1000\" height=\"364\"><img loading=\"lazy\" decoding=\"async\" class=\"size-full wp-image-982095\" src=\"https:\/\/cdn.expressdebanat.ro\/wp-content\/uploads\/2026\/08\/7a8fd12b-1543-457e-9844-45bf46722da7.jpeg\" alt=\"afis casa alex toamna\" width=\"1000\" height=\"364\"><\/a><\/div>\n<\/div>\n<p>[analyse_source url=&#8221;https:\/\/expressdebanat.ro\/a-fugit-de-politisti-si-a-intrat-intr-o-terasa-la-lugoj-patru-raniti\/&#8221;]<\/p>\n","protected":false},"excerpt":{"rendered":"<p>[analyse_image type=&#8221;featured&#8221; src=&#8221;https:\/\/cdn.expressdebanat.ro\/wp-content\/uploads\/2025\/08\/masina-de-politie-noaptea-lumini-620&#215;400-1.jpg&#8221;] La Lugoj, un t\u00e2n\u0103r de 27 de ani, f\u0103r\u0103 permis \u0219i cu 1,02 mg\/l alcool \u00een aerul expirat, a fugit de poli\u021bi\u0219ti \u0219i a provocat un accident. Patru persoane au ajuns la spital, inclusiv un b\u0103rbat aflat pe terasa unui restaurant. Incidentul s-a petrecut s\u00e2mb\u0103t\u0103 noapte, pe strada Bucegi din Lugoj. Poli\u021bi\u0219tii [&hellip;]<\/p>\n","protected":false},"author":1,"featured_media":0,"comment_status":"open","ping_status":"","sticky":false,"template":"","format":"standard","meta":{"footnotes":""},"categories":[89],"tags":[226,196],"class_list":["post-2123417","post","type-post","status-publish","format-standard","hentry","category-romania","tag-crawlmanager","tag-expressdebanat-ro"],"_links":{"self":[{"href":"https:\/\/analyse.optim.biz\/index.php?rest_route=\/wp\/v2\/posts\/2123417","targetHints":{"allow":["GET"]}}],"collection":[{"href":"https:\/\/analyse.optim.biz\/index.php?rest_route=\/wp\/v2\/posts"}],"about":[{"href":"https:\/\/analyse.optim.biz\/index.php?rest_route=\/wp\/v2\/types\/post"}],"author":[{"embeddable":true,"href":"https:\/\/analyse.optim.biz\/index.php?rest_route=\/wp\/v2\/users\/1"}],"replies":[{"embeddable":true,"href":"https:\/\/analyse.optim.biz\/index.php?rest_route=%2Fwp%2Fv2%2Fcomments&post=2123417"}],"version-history":[{"count":0,"href":"https:\/\/analyse.optim.biz\/index.php?rest_route=\/wp\/v2\/posts\/2123417\/revisions"}],"wp:attachment":[{"href":"https:\/\/analyse.optim.biz\/index.php?rest_route=%2Fwp%2Fv2%2Fmedia&parent=2123417"}],"wp:term":[{"taxonomy":"category","embeddable":true,"href":"https:\/\/analyse.optim.biz\/index.php?rest_route=%2Fwp%2Fv2%2Fcategories&post=2123417"},{"taxonomy":"post_tag","embeddable":true,"href":"https:\/\/analyse.optim.biz\/index.php?rest_route=%2Fwp%2Fv2%2Ftags&post=2123417"}],"curies":[{"name":"wp","href":"https:\/\/api.w.org\/{rel}","templated":true}]}}