{"id":2123416,"date":"2026-08-29T04:00:43","date_gmt":"2026-08-29T01:00:43","guid":{"rendered":"https:\/\/analyse.optim.biz\/?p=2123416"},"modified":"2026-08-29T04:00:43","modified_gmt":"2026-08-29T01:00:43","slug":"o-altfel-de-premiera-pentru-timisoara-dupa-1989-primarul-care-isi-pierde-mandatul-inainte-de-termen","status":"publish","type":"post","link":"https:\/\/analyse.optim.biz\/?p=2123416","title":{"rendered":"O altfel de premier\u0103 pentru Timi\u0219oara dup\u0103 1989. Primarul care \u00ee\u0219i pierde mandatul \u00eenainte de termen"},"content":{"rendered":"<p>[analyse_image type=&#8221;featured&#8221; src=&#8221;https:\/\/cdn.expressdebanat.ro\/wp-content\/uploads\/2026\/08\/Dominic-Fritz-la-castigarea-alegerilor-in-2020.jpg&#8221;]<\/p>\n<div id=\"post-area\" class=\"post-981970 post type-post status-publish format-standard has-post-thumbnail hentry category-politica category-timis category-timisoara tag-alegeri-timisoara tag-articol-principal tag-dominic-fritz tag-important tag-legea-ani tag-primar-timisoara tag-timisoara\">\n<div id=\"social-box\">\n<ul class=\"post-social\">\n<li class=\"social-share-button\">\n<li class=\"social-share-button\">\n<li class=\"social-share-button\"><\/ul>\n<\/div>\n<div id=\"content-area\">\n<div class=\"post-image\"><img loading=\"lazy\" decoding=\"async\" width=\"620\" height=\"400\" src=\"https:\/\/cdn.expressdebanat.ro\/wp-content\/uploads\/2026\/08\/Dominic-Fritz-la-castigarea-alegerilor-in-2020-620x400.jpg\" class=\"attachment-post-thumb size-post-thumb wp-post-image perfmatters-lazy\" alt=\"dominic fritz la castigarea alegerilor in 2020\"><img loading=\"lazy\" decoding=\"async\" width=\"620\" height=\"400\" src=\"https:\/\/cdn.expressdebanat.ro\/wp-content\/uploads\/2026\/08\/Dominic-Fritz-la-castigarea-alegerilor-in-2020-620x400.jpg\" class=\"attachment-post-thumb size-post-thumb wp-post-image\" alt=\"dominic fritz la castigarea alegerilor in 2020\"><\/div>\n<p class=\"PDq2pG_selectionAnchorContainer\" data-start=\"245\" data-end=\"401\"><strong data-start=\"245\" data-end=\"401\">Timi\u0219oara a f\u0103cut istorie prin premiere care au schimbat ora\u0219ul. Acum ar putea intra \u00een istoria recent\u0103 printr-o situa\u021bie administrativ\u0103 f\u0103r\u0103 precedent.<\/strong><\/p>\n<p class=\"isSelectedEnd\">Timi\u0219oara este cunoscut\u0103 drept \u201eora\u0219ul premierelor\u201d. Istoria ora\u0219ului ofer\u0103 suficiente motive pentru aceast\u0103 reputa\u021bie, de la prima linie de tramvai tras de cai de pe teritoriul actual al Rom\u00e2niei, pus\u0103 \u00een func\u021biune \u00een 1869, p\u00e2n\u0103 la iluminatul electric al str\u0103zilor, introdus \u00een 1884. La mai bine de un secol, Timi\u0219oara ar putea ajunge din nou \u00eentr-o situa\u021bie f\u0103r\u0103 precedent, dar nu printr-o inven\u021bie, ci prin administra\u021bia local\u0103.<\/p>\n<p class=\"isSelectedEnd\">Dac\u0103 Dominic Fritz \u00ee\u0219i pierde func\u021bia \u00eenainte de termen, ar fi pentru prima dat\u0103 dup\u0103 1989 c\u00e2nd un primar ales al Timi\u0219oarei nu \u00ee\u0219i duce mandatul p\u00e2n\u0103 la cap\u0103t.<\/p>\n<h2>Timi\u0219oara, 6 primari \u00een 36 de ani<\/h2>\n<p class=\"isSelectedEnd\">Dup\u0103 Revolu\u021bia din 1989, Pompiliu Al\u0103morean (1937-2019) a fost numit, printr-o decizie a consiliului local, primul edil local al Timi\u0219oarei libere. I-a urmat, c\u00e2teva luni mai t\u00e2rziu, \u00een august 90, Liviu Borha, pe atunci pre\u0219edintele Mi\u0219c\u0103rii Ecologiste, filiala Timi\u0219.<\/p>\n<p>Doi ani mai t\u00e2rziu, Liviu Borha organiza primele alegeri libere. C\u00e2\u0219tig\u0103tor la Timi\u0219oara a fost candidatul Partidului Alian\u021ba Civic\u0103, Viorel Oancea. I-a urmat, \u00een 1996, Gheorghe Ciuhandu (PN\u021aCD), care a guvernat 16 ani Timi\u0219oara.<\/p>\n<p>\u00cen 2012, timi\u0219orenii i-au acordat \u00eencrederea liberalului Nicolae Robu, care a r\u0103mas \u00een func\u021bie p\u00e2n\u0103 \u00een 2020, c\u00e2nd a pierdut \u00een fa\u021ba lui Dominic Fritz. Liderul USR a c\u00e2\u0219tigat apoi \u0219i alegerile locale din 2024.<\/p>\n<p class=\"isSelectedEnd\">\u00cen cazul primarilor ale\u0219i dup\u0103 1992, schimbarea s-a f\u0103cut la finalul mandatului sau dup\u0103 un nou scrutin. \u00cen cazul lui Dominic Fritz, mandatul s\u0103u ar urma s\u0103 \u00eenceteze \u00eenainte de 2028, prin efectul noii Legi ANI.<\/p>\n<p class=\"isSelectedEnd\">Dac\u0103 func\u021bia de primar devine vacant\u0103, atribu\u021biile sunt exercitate de unul dintre viceprimari, desemnat de Consiliul Local. La Timi\u0219oara, Ruben La\u021bc\u0103u, viceprimar din 2020, ar putea fi cel care va prelua atribu\u021biile de primar. Dac\u0103 va ajunge s\u0103 exercite aceste atribu\u021bii, La\u021bc\u0103u ar conduce administra\u021bia local\u0103 p\u00e2n\u0103 la alegerea unui nou primar sau p\u00e2n\u0103 la \u00eencetarea interimatului.<\/p>\n<h2>Alegeri \u00een 90 de zile. Sau nu<\/h2>\n<p>Codul administrativ prevede organizarea de alegeri pentru func\u021bia de primar r\u0103mas\u0103 vacant\u0103. Data scrutinului este stabilit\u0103 de Guvern, la solicitarea prefectului \u0219i la propunerea autorit\u0103\u021bilor care se ocup\u0103 de organizarea alegerilor.<\/p>\n<p>Alegerile se organizeaz\u0103 \u00een termen de maximum 90 de zile, termen raportat la procedura de contestare a ordinului prefectului prin care se constat\u0103 \u00eencetarea mandatului. Ordinul poate fi contestat \u00een 10 zile, iar instan\u021ba trebuie s\u0103 se pronun\u021be \u00een 30 de zile. Hot\u0103r\u00e2rea primei instan\u021be este definitiv\u0103.<\/p>\n<p>Art. 160, alin. 11, prevede c\u0103 alegerile se organizeaz\u0103 <em>\u201e\u00een termen de maximum 90 de zile de la expirarea termenului prev\u0103zut la alin. (9) sau de la data pronun\u021b\u0103rii hot\u0103r\u00e2rii instan\u021bei, \u00een condi\u021biile alin. (10)\u201d<\/em>.<\/p>\n<p class=\"isSelectedEnd\">Ce s-a \u00eent\u00e2mplat la Lugoj, spre exemplu, arat\u0103 \u00eens\u0103 c\u0103, \u00een practic\u0103, lucrurile pot fi mai complicate.<\/p>\n<p class=\"isSelectedEnd\">Mandatul primarului Claudiu Buciu a \u00eencetat \u00een 2022, iar atribu\u021biile au fost preluate de viceprimarul Bogdan Blidariu. Nu au fost organizate alegeri par\u021biale, iar interimatul a continuat p\u00e2n\u0103 dup\u0103 alegerile locale din 2024. \u00cen vara lui 2024, Blidariu a fost \u00eenlocuit temporar de viceprimarul Adrian Serendan, p\u00e2n\u0103 la instalarea noii administra\u021bii, conduse de C\u0103lin Dobra.<\/p>\n<p class=\"isSelectedEnd\">\u0218i \u00een alte localit\u0103\u021bi din \u021bar\u0103 au existat situa\u021bii \u00een care alegerile par\u021biale nu au fost organizate imediat. \u00cen 2022, <a href=\"https:\/\/sgg.gov.ro\/1\/wp-content\/uploads\/2022\/10\/INFO.pdf\">Autoritatea Electoral\u0103 Permanent\u0103<\/a> informa Guvernul c\u0103 erau \u00eendeplinite condi\u021biile pentru organizarea de alegeri par\u021biale \u00een zeci de circumscrip\u021bii, \u00eens\u0103 <a href=\"https:\/\/romania.europalibera.org\/a\/aep-nu-%C8%99tim-cine-trebuie-s%C4%83-initieze-alegerile-partiale-\/32081081.html\">scrutinurile nu au avut loc \u00een toate cazurile.\u00a0<\/a><\/p>\n<\/div>\n<div id=\"social-box\">\n<ul class=\"post-social\">\n<li class=\"fb-line\">\n<li><a href=\"http:\/\/twitter.com\/share\" class=\"twitter-share-button\" data-lang=\"en\" data-count=\"horizontal\">Tweet<\/a><\/li>\n<li>\n<li><a href=\"http:\/\/pinterest.com\/pin\/create\/button\/?url=https%3A%2F%2Fexpressdebanat.ro%2Fo-altfel-de-premiera-pentru-timisoara-dupa-1989-primarul-care-isi-pierde-mandatul-inainte-de-termen%2F&amp;media=https:\/\/cdn.expressdebanat.ro\/wp-content\/uploads\/2026\/08\/Dominic-Fritz-la-castigarea-alegerilor-in-2020.jpg&amp;description=O%20altfel%20de%20premier%C4%83%20pentru%20Timi%C8%99oara%20dup%C4%83%201989.%20Primarul%20care%20%C3%AE%C8%99i%20pierde%20mandatul%20%C3%AEnainte%20de%20termen\" class=\"pin-it-button\">Pin It<\/a><\/li>\n<\/ul>\n<\/div>\n<\/div>\n<div id=\"content-area\">\n<div class=\"post-image\"><img loading=\"lazy\" decoding=\"async\" width=\"620\" height=\"400\" src=\"https:\/\/cdn.expressdebanat.ro\/wp-content\/uploads\/2026\/08\/Dominic-Fritz-la-castigarea-alegerilor-in-2020-620x400.jpg\" class=\"attachment-post-thumb size-post-thumb wp-post-image perfmatters-lazy\" alt=\"dominic fritz la castigarea alegerilor in 2020\"><img loading=\"lazy\" decoding=\"async\" width=\"620\" height=\"400\" src=\"https:\/\/cdn.expressdebanat.ro\/wp-content\/uploads\/2026\/08\/Dominic-Fritz-la-castigarea-alegerilor-in-2020-620x400.jpg\" class=\"attachment-post-thumb size-post-thumb wp-post-image\" alt=\"dominic fritz la castigarea alegerilor in 2020\"><\/div>\n<p class=\"PDq2pG_selectionAnchorContainer\" data-start=\"245\" data-end=\"401\"><strong data-start=\"245\" data-end=\"401\">Timi\u0219oara a f\u0103cut istorie prin premiere care au schimbat ora\u0219ul. Acum ar putea intra \u00een istoria recent\u0103 printr-o situa\u021bie administrativ\u0103 f\u0103r\u0103 precedent.<\/strong><\/p>\n<p class=\"isSelectedEnd\">Timi\u0219oara este cunoscut\u0103 drept \u201eora\u0219ul premierelor\u201d. Istoria ora\u0219ului ofer\u0103 suficiente motive pentru aceast\u0103 reputa\u021bie, de la prima linie de tramvai tras de cai de pe teritoriul actual al Rom\u00e2niei, pus\u0103 \u00een func\u021biune \u00een 1869, p\u00e2n\u0103 la iluminatul electric al str\u0103zilor, introdus \u00een 1884. La mai bine de un secol, Timi\u0219oara ar putea ajunge din nou \u00eentr-o situa\u021bie f\u0103r\u0103 precedent, dar nu printr-o inven\u021bie, ci prin administra\u021bia local\u0103.<\/p>\n<p class=\"isSelectedEnd\">Dac\u0103 Dominic Fritz \u00ee\u0219i pierde func\u021bia \u00eenainte de termen, ar fi pentru prima dat\u0103 dup\u0103 1989 c\u00e2nd un primar ales al Timi\u0219oarei nu \u00ee\u0219i duce mandatul p\u00e2n\u0103 la cap\u0103t.<\/p>\n<h2>Timi\u0219oara, 6 primari \u00een 36 de ani<\/h2>\n<p class=\"isSelectedEnd\">Dup\u0103 Revolu\u021bia din 1989, Pompiliu Al\u0103morean (1937-2019) a fost numit, printr-o decizie a consiliului local, primul edil local al Timi\u0219oarei libere. I-a urmat, c\u00e2teva luni mai t\u00e2rziu, \u00een august 90, Liviu Borha, pe atunci pre\u0219edintele Mi\u0219c\u0103rii Ecologiste, filiala Timi\u0219.<\/p>\n<p>Doi ani mai t\u00e2rziu, Liviu Borha organiza primele alegeri libere. C\u00e2\u0219tig\u0103tor la Timi\u0219oara a fost candidatul Partidului Alian\u021ba Civic\u0103, Viorel Oancea. I-a urmat, \u00een 1996, Gheorghe Ciuhandu (PN\u021aCD), care a guvernat 16 ani Timi\u0219oara.<\/p>\n<p>\u00cen 2012, timi\u0219orenii i-au acordat \u00eencrederea liberalului Nicolae Robu, care a r\u0103mas \u00een func\u021bie p\u00e2n\u0103 \u00een 2020, c\u00e2nd a pierdut \u00een fa\u021ba lui Dominic Fritz. Liderul USR a c\u00e2\u0219tigat apoi \u0219i alegerile locale din 2024.<\/p>\n<p class=\"isSelectedEnd\">\u00cen cazul primarilor ale\u0219i dup\u0103 1992, schimbarea s-a f\u0103cut la finalul mandatului sau dup\u0103 un nou scrutin. \u00cen cazul lui Dominic Fritz, mandatul s\u0103u ar urma s\u0103 \u00eenceteze \u00eenainte de 2028, prin efectul noii Legi ANI.<\/p>\n<p class=\"isSelectedEnd\">Dac\u0103 func\u021bia de primar devine vacant\u0103, atribu\u021biile sunt exercitate de unul dintre viceprimari, desemnat de Consiliul Local. La Timi\u0219oara, Ruben La\u021bc\u0103u, viceprimar din 2020, ar putea fi cel care va prelua atribu\u021biile de primar. Dac\u0103 va ajunge s\u0103 exercite aceste atribu\u021bii, La\u021bc\u0103u ar conduce administra\u021bia local\u0103 p\u00e2n\u0103 la alegerea unui nou primar sau p\u00e2n\u0103 la \u00eencetarea interimatului.<\/p>\n<h2>Alegeri \u00een 90 de zile. Sau nu<\/h2>\n<p>Codul administrativ prevede organizarea de alegeri pentru func\u021bia de primar r\u0103mas\u0103 vacant\u0103. Data scrutinului este stabilit\u0103 de Guvern, la solicitarea prefectului \u0219i la propunerea autorit\u0103\u021bilor care se ocup\u0103 de organizarea alegerilor.<\/p>\n<p>Alegerile se organizeaz\u0103 \u00een termen de maximum 90 de zile, termen raportat la procedura de contestare a ordinului prefectului prin care se constat\u0103 \u00eencetarea mandatului. Ordinul poate fi contestat \u00een 10 zile, iar instan\u021ba trebuie s\u0103 se pronun\u021be \u00een 30 de zile. Hot\u0103r\u00e2rea primei instan\u021be este definitiv\u0103.<\/p>\n<p>Art. 160, alin. 11, prevede c\u0103 alegerile se organizeaz\u0103 <em>\u201e\u00een termen de maximum 90 de zile de la expirarea termenului prev\u0103zut la alin. (9) sau de la data pronun\u021b\u0103rii hot\u0103r\u00e2rii instan\u021bei, \u00een condi\u021biile alin. (10)\u201d<\/em>.<\/p>\n<p class=\"isSelectedEnd\">Ce s-a \u00eent\u00e2mplat la Lugoj, spre exemplu, arat\u0103 \u00eens\u0103 c\u0103, \u00een practic\u0103, lucrurile pot fi mai complicate.<\/p>\n<p class=\"isSelectedEnd\">Mandatul primarului Claudiu Buciu a \u00eencetat \u00een 2022, iar atribu\u021biile au fost preluate de viceprimarul Bogdan Blidariu. Nu au fost organizate alegeri par\u021biale, iar interimatul a continuat p\u00e2n\u0103 dup\u0103 alegerile locale din 2024. \u00cen vara lui 2024, Blidariu a fost \u00eenlocuit temporar de viceprimarul Adrian Serendan, p\u00e2n\u0103 la instalarea noii administra\u021bii, conduse de C\u0103lin Dobra.<\/p>\n<p class=\"isSelectedEnd\">\u0218i \u00een alte localit\u0103\u021bi din \u021bar\u0103 au existat situa\u021bii \u00een care alegerile par\u021biale nu au fost organizate imediat. \u00cen 2022, <a href=\"https:\/\/sgg.gov.ro\/1\/wp-content\/uploads\/2022\/10\/INFO.pdf\">Autoritatea Electoral\u0103 Permanent\u0103<\/a> informa Guvernul c\u0103 erau \u00eendeplinite condi\u021biile pentru organizarea de alegeri par\u021biale \u00een zeci de circumscrip\u021bii, \u00eens\u0103 <a href=\"https:\/\/romania.europalibera.org\/a\/aep-nu-%C8%99tim-cine-trebuie-s%C4%83-initieze-alegerile-partiale-\/32081081.html\">scrutinurile nu au avut loc \u00een toate cazurile.\u00a0<\/a><\/p>\n<\/div>\n<p>[analyse_source url=&#8221;https:\/\/expressdebanat.ro\/o-altfel-de-premiera-pentru-timisoara-dupa-1989-primarul-care-isi-pierde-mandatul-inainte-de-termen\/&#8221;]<\/p>\n","protected":false},"excerpt":{"rendered":"<p>[analyse_image type=&#8221;featured&#8221; src=&#8221;https:\/\/cdn.expressdebanat.ro\/wp-content\/uploads\/2026\/08\/Dominic-Fritz-la-castigarea-alegerilor-in-2020.jpg&#8221;] Timi\u0219oara a f\u0103cut istorie prin premiere care au schimbat ora\u0219ul. Acum ar putea intra \u00een istoria recent\u0103 printr-o situa\u021bie administrativ\u0103 f\u0103r\u0103 precedent. Timi\u0219oara este cunoscut\u0103 drept \u201eora\u0219ul premierelor\u201d. Istoria ora\u0219ului ofer\u0103 suficiente motive pentru aceast\u0103 reputa\u021bie, de la prima linie de tramvai tras de cai de pe teritoriul actual al Rom\u00e2niei, pus\u0103 [&hellip;]<\/p>\n","protected":false},"author":1,"featured_media":0,"comment_status":"open","ping_status":"","sticky":false,"template":"","format":"standard","meta":{"footnotes":""},"categories":[89],"tags":[226,196],"class_list":["post-2123416","post","type-post","status-publish","format-standard","hentry","category-romania","tag-crawlmanager","tag-expressdebanat-ro"],"_links":{"self":[{"href":"https:\/\/analyse.optim.biz\/index.php?rest_route=\/wp\/v2\/posts\/2123416","targetHints":{"allow":["GET"]}}],"collection":[{"href":"https:\/\/analyse.optim.biz\/index.php?rest_route=\/wp\/v2\/posts"}],"about":[{"href":"https:\/\/analyse.optim.biz\/index.php?rest_route=\/wp\/v2\/types\/post"}],"author":[{"embeddable":true,"href":"https:\/\/analyse.optim.biz\/index.php?rest_route=\/wp\/v2\/users\/1"}],"replies":[{"embeddable":true,"href":"https:\/\/analyse.optim.biz\/index.php?rest_route=%2Fwp%2Fv2%2Fcomments&post=2123416"}],"version-history":[{"count":0,"href":"https:\/\/analyse.optim.biz\/index.php?rest_route=\/wp\/v2\/posts\/2123416\/revisions"}],"wp:attachment":[{"href":"https:\/\/analyse.optim.biz\/index.php?rest_route=%2Fwp%2Fv2%2Fmedia&parent=2123416"}],"wp:term":[{"taxonomy":"category","embeddable":true,"href":"https:\/\/analyse.optim.biz\/index.php?rest_route=%2Fwp%2Fv2%2Fcategories&post=2123416"},{"taxonomy":"post_tag","embeddable":true,"href":"https:\/\/analyse.optim.biz\/index.php?rest_route=%2Fwp%2Fv2%2Ftags&post=2123416"}],"curies":[{"name":"wp","href":"https:\/\/api.w.org\/{rel}","templated":true}]}}