{"id":2123414,"date":"2026-08-28T17:26:50","date_gmt":"2026-08-28T14:26:50","guid":{"rendered":"https:\/\/analyse.optim.biz\/?p=2123414"},"modified":"2026-08-28T17:26:50","modified_gmt":"2026-08-28T14:26:50","slug":"nicusor-dan-o-dezamagire-imensa-atac-la-unison-al-liderilor-usr-timis-dupa-promulgarea-legii-ani","status":"publish","type":"post","link":"https:\/\/analyse.optim.biz\/?p=2123414","title":{"rendered":"Nicu\u0219or Dan, \u201eo dezam\u0103gire imens\u0103\u201d. Atac la unison al liderilor USR Timi\u0219 dup\u0103 promulgarea Legii ANI"},"content":{"rendered":"<p>[analyse_image type=&#8221;featured&#8221; src=&#8221;https:\/\/cdn.expressdebanat.ro\/wp-content\/uploads\/2026\/08\/nicusor-dan-si-dominic-fritz.jpg&#8221;]<\/p>\n<div id=\"post-area\" class=\"post-981965 post type-post status-publish format-standard has-post-thumbnail hentry category-politica category-timis category-timisoara tag-dominic-fritz tag-important tag-legea-ani tag-nicusor-dan tag-sorin-sipos tag-usr-timis\">\n<div id=\"social-box\">\n<ul class=\"post-social\">\n<li class=\"social-share-button\">\n<li class=\"social-share-button\">\n<li class=\"social-share-button\"><\/ul>\n<\/div>\n<div id=\"content-area\">\n<div class=\"post-image\"><img loading=\"lazy\" decoding=\"async\" width=\"620\" height=\"400\" src=\"https:\/\/cdn.expressdebanat.ro\/wp-content\/uploads\/2026\/08\/nicusor-dan-si-dominic-fritz-620x400.jpg\" class=\"attachment-post-thumb size-post-thumb wp-post-image perfmatters-lazy\" alt=\"nicusor dan si dominic fritz\"><img loading=\"lazy\" decoding=\"async\" width=\"620\" height=\"400\" src=\"https:\/\/cdn.expressdebanat.ro\/wp-content\/uploads\/2026\/08\/nicusor-dan-si-dominic-fritz-620x400.jpg\" class=\"attachment-post-thumb size-post-thumb wp-post-image\" alt=\"nicusor dan si dominic fritz\"><\/div>\n<p><strong>Sorin \u0218ipo\u0219, Paula Romocean \u0219i Ruben La\u021bc\u0103u \u00eel critic\u0103 pe pre\u0219edintele Nicu\u0219or Dan dup\u0103 promulgarea Legii ANI, actul normativ care duce la \u00eencetarea mandatului lui Dominic Fritz.<\/strong><\/p>\n<p><em>\u201eCeea ce a hot\u0103r\u00e2t PSD, cu \u00eenc\u0103lcarea Constitu\u021biei \u0219i a dreptului european, a promulgat Nicu\u0219or Dan, un om \u00een care ne-am pus speran\u021ba \u0219i ne-a dezam\u0103git imens.\u201d<\/em>, a transmis Sorin \u0218ipo\u0219, liderul USR Timi\u0219.<\/p>\n<p>\u00cen acela\u0219i mesaj, Sorin \u0218ipo\u0219 sus\u021bine c\u0103 Dominic Fritz r\u0103m\u00e2ne \u00een Timi\u0219oara \u0219i la conducerea USR, chiar dac\u0103 \u00ee\u0219i va pierde mandatul de primar.<\/p>\n<h4><a href=\"https:\/\/expressdebanat.ro\/dominic-fritz-52-000-de-voturi-ale-timisorenilor-anulate-scuipate-masinarie-mafiota-psd-pentru-a-scapa-de-primarul-timisoarei\/\">CITE\u0218TE \u0218I: Dominic Fritz: 52.000 de voturi ale timi\u0219orenilor anulate, scuipate! Ma\u0219in\u0103rie mafiot\u0103 PSD pentru a sc\u0103pa de primarul Timi\u0219oarei!<\/a><\/h4>\n<p>\u0218i viceprim\u0103ri\u021ba Timi\u0219oarei, Paula Romocean, \u00eel critic\u0103 pe Nicu\u0219or Dan pentru promulgarea legii.<\/p>\n<p><em>\u201eTimi\u0219oara r\u0103m\u00e2ne f\u0103r\u0103 primarul ales. (\u2026) Ast\u0103zi, PSD \u0219i AUR au f\u0103cut exact asta: o lege str\u00e2mb\u0103, f\u0103cut\u0103 pentru a elimina un adversar politic pe care nu l-au putut \u00eenvinge prin vot. Rezultatul este simplu \u0219i revolt\u0103tor: timi\u0219orenilor li se ia votul, iar rom\u00e2nilor li se ia din democra\u021bie.<\/em><\/p>\n<p><em>Iar Nicu\u0219or Dan a ales s\u0103 pun\u0103 semn\u0103tura lui pe aceast\u0103 lege. Este o dezam\u0103gire imens\u0103. Omul \u00een care milioane de rom\u00e2ni au v\u0103zut speran\u021ba unei politici bazate pe principii, pe respectarea legii \u0219i pe ap\u0103rarea democra\u021biei, se dovede\u0219te un pre\u0219edinte care a ales s\u0103 legitimeze o lege care love\u0219te direct \u00een votul timi\u0219orenilor \u0219i \u00een statul de drept.\u201d<\/em>, a declarat Paula Romocean.<\/p>\n<p>Ruben La\u021bc\u0103u a criticat, la r\u00e2ndul s\u0103u, PSD \u0219i Curtea Constitu\u021bional\u0103.<\/p>\n<p><em>\u201eNu ai nevoie de studii juridice ca s\u0103 vezi abuzul grosolan, r\u0103zbunarea politic\u0103, \u00eenc\u0103lcarea Constitu\u021biei. Nicio contorsiune a majorit\u0103\u021bii PSD la Curtea Constitu\u021bional\u0103 nu poate ascunde adev\u0103rul: statul de drept \u00een Rom\u00e2nia nu mai exist\u0103. PSD este un partid care nu mai are nicio \u0219ans\u0103 s\u0103 c\u00e2\u0219tige lupta democratic\u0103, a\u0219a c\u0103 folose\u0219te instrumentele dictatorilor pentru a-\u0219i p\u0103stra puterea.\u201d<\/em>, a transmis La\u021bc\u0103u.<\/p>\n<h4><a href=\"https:\/\/expressdebanat.ro\/ruben-latcau-succesorul-lui-fritz-raspunsul-viceprimarului\/\">CITE\u0218TE \u0218I: Ruben La\u021bc\u0103u, succesorul lui Fritz? R\u0103spunsul viceprimarului<\/a><\/h4>\n<p>Ruben La\u021bc\u0103u ar putea fi cel care va prelua atribu\u021biile de primar dup\u0103 \u00eencetarea mandatului lui Dominic Fritz. Potrivit Codului administrativ, atunci c\u00e2nd func\u021bia de primar devine vacant\u0103, atribu\u021biile sunt exercitate de drept de unul dintre viceprimari, desemnat de Consiliul Local.<\/p>\n<p>Dup\u0103 vacantarea func\u021biei de primar, Guvernul va trebui s\u0103 stabileasc\u0103 dac\u0103 vor fi organizate alegeri \u0219i data acestora.<\/p>\n<\/div>\n<div id=\"social-box\">\n<ul class=\"post-social\">\n<li class=\"fb-line\">\n<li><a href=\"http:\/\/twitter.com\/share\" class=\"twitter-share-button\" data-lang=\"en\" data-count=\"horizontal\">Tweet<\/a><\/li>\n<li>\n<li><a href=\"http:\/\/pinterest.com\/pin\/create\/button\/?url=https%3A%2F%2Fexpressdebanat.ro%2Fnicusor-dan-o-dezamagire-imensa-atac-la-unison-al-liderilor-usr-timis-dupa-promulgarea-legii-ani%2F&amp;media=https:\/\/cdn.expressdebanat.ro\/wp-content\/uploads\/2026\/08\/nicusor-dan-si-dominic-fritz.jpg&amp;description=Nicu%C8%99or%20Dan,%20%E2%80%9Eo%20dezam%C4%83gire%20imens%C4%83%E2%80%9D.%20Atac%20la%20unison%20al%20liderilor%20USR%20Timi%C8%99%20dup%C4%83%20promulgarea%20Legii%20ANI\" class=\"pin-it-button\">Pin It<\/a><\/li>\n<\/ul>\n<\/div>\n<\/div>\n<div id=\"content-area\">\n<div class=\"post-image\"><img loading=\"lazy\" decoding=\"async\" width=\"620\" height=\"400\" src=\"https:\/\/cdn.expressdebanat.ro\/wp-content\/uploads\/2026\/08\/nicusor-dan-si-dominic-fritz-620x400.jpg\" class=\"attachment-post-thumb size-post-thumb wp-post-image perfmatters-lazy\" alt=\"nicusor dan si dominic fritz\"><img loading=\"lazy\" decoding=\"async\" width=\"620\" height=\"400\" src=\"https:\/\/cdn.expressdebanat.ro\/wp-content\/uploads\/2026\/08\/nicusor-dan-si-dominic-fritz-620x400.jpg\" class=\"attachment-post-thumb size-post-thumb wp-post-image\" alt=\"nicusor dan si dominic fritz\"><\/div>\n<p><strong>Sorin \u0218ipo\u0219, Paula Romocean \u0219i Ruben La\u021bc\u0103u \u00eel critic\u0103 pe pre\u0219edintele Nicu\u0219or Dan dup\u0103 promulgarea Legii ANI, actul normativ care duce la \u00eencetarea mandatului lui Dominic Fritz.<\/strong><\/p>\n<p><em>\u201eCeea ce a hot\u0103r\u00e2t PSD, cu \u00eenc\u0103lcarea Constitu\u021biei \u0219i a dreptului european, a promulgat Nicu\u0219or Dan, un om \u00een care ne-am pus speran\u021ba \u0219i ne-a dezam\u0103git imens.\u201d<\/em>, a transmis Sorin \u0218ipo\u0219, liderul USR Timi\u0219.<\/p>\n<p>\u00cen acela\u0219i mesaj, Sorin \u0218ipo\u0219 sus\u021bine c\u0103 Dominic Fritz r\u0103m\u00e2ne \u00een Timi\u0219oara \u0219i la conducerea USR, chiar dac\u0103 \u00ee\u0219i va pierde mandatul de primar.<\/p>\n<h4><a href=\"https:\/\/expressdebanat.ro\/dominic-fritz-52-000-de-voturi-ale-timisorenilor-anulate-scuipate-masinarie-mafiota-psd-pentru-a-scapa-de-primarul-timisoarei\/\">CITE\u0218TE \u0218I: Dominic Fritz: 52.000 de voturi ale timi\u0219orenilor anulate, scuipate! Ma\u0219in\u0103rie mafiot\u0103 PSD pentru a sc\u0103pa de primarul Timi\u0219oarei!<\/a><\/h4>\n<p>\u0218i viceprim\u0103ri\u021ba Timi\u0219oarei, Paula Romocean, \u00eel critic\u0103 pe Nicu\u0219or Dan pentru promulgarea legii.<\/p>\n<p><em>\u201eTimi\u0219oara r\u0103m\u00e2ne f\u0103r\u0103 primarul ales. (\u2026) Ast\u0103zi, PSD \u0219i AUR au f\u0103cut exact asta: o lege str\u00e2mb\u0103, f\u0103cut\u0103 pentru a elimina un adversar politic pe care nu l-au putut \u00eenvinge prin vot. Rezultatul este simplu \u0219i revolt\u0103tor: timi\u0219orenilor li se ia votul, iar rom\u00e2nilor li se ia din democra\u021bie.<\/em><\/p>\n<p><em>Iar Nicu\u0219or Dan a ales s\u0103 pun\u0103 semn\u0103tura lui pe aceast\u0103 lege. Este o dezam\u0103gire imens\u0103. Omul \u00een care milioane de rom\u00e2ni au v\u0103zut speran\u021ba unei politici bazate pe principii, pe respectarea legii \u0219i pe ap\u0103rarea democra\u021biei, se dovede\u0219te un pre\u0219edinte care a ales s\u0103 legitimeze o lege care love\u0219te direct \u00een votul timi\u0219orenilor \u0219i \u00een statul de drept.\u201d<\/em>, a declarat Paula Romocean.<\/p>\n<p>Ruben La\u021bc\u0103u a criticat, la r\u00e2ndul s\u0103u, PSD \u0219i Curtea Constitu\u021bional\u0103.<\/p>\n<p><em>\u201eNu ai nevoie de studii juridice ca s\u0103 vezi abuzul grosolan, r\u0103zbunarea politic\u0103, \u00eenc\u0103lcarea Constitu\u021biei. Nicio contorsiune a majorit\u0103\u021bii PSD la Curtea Constitu\u021bional\u0103 nu poate ascunde adev\u0103rul: statul de drept \u00een Rom\u00e2nia nu mai exist\u0103. PSD este un partid care nu mai are nicio \u0219ans\u0103 s\u0103 c\u00e2\u0219tige lupta democratic\u0103, a\u0219a c\u0103 folose\u0219te instrumentele dictatorilor pentru a-\u0219i p\u0103stra puterea.\u201d<\/em>, a transmis La\u021bc\u0103u.<\/p>\n<h4><a href=\"https:\/\/expressdebanat.ro\/ruben-latcau-succesorul-lui-fritz-raspunsul-viceprimarului\/\">CITE\u0218TE \u0218I: Ruben La\u021bc\u0103u, succesorul lui Fritz? R\u0103spunsul viceprimarului<\/a><\/h4>\n<p>Ruben La\u021bc\u0103u ar putea fi cel care va prelua atribu\u021biile de primar dup\u0103 \u00eencetarea mandatului lui Dominic Fritz. Potrivit Codului administrativ, atunci c\u00e2nd func\u021bia de primar devine vacant\u0103, atribu\u021biile sunt exercitate de drept de unul dintre viceprimari, desemnat de Consiliul Local.<\/p>\n<p>Dup\u0103 vacantarea func\u021biei de primar, Guvernul va trebui s\u0103 stabileasc\u0103 dac\u0103 vor fi organizate alegeri \u0219i data acestora.<\/p>\n<\/div>\n<p>[analyse_source url=&#8221;https:\/\/expressdebanat.ro\/nicusor-dan-o-dezamagire-imensa-atac-la-unison-al-liderilor-usr-timis-dupa-promulgarea-legii-ani\/&#8221;]<\/p>\n","protected":false},"excerpt":{"rendered":"<p>[analyse_image type=&#8221;featured&#8221; src=&#8221;https:\/\/cdn.expressdebanat.ro\/wp-content\/uploads\/2026\/08\/nicusor-dan-si-dominic-fritz.jpg&#8221;] Sorin \u0218ipo\u0219, Paula Romocean \u0219i Ruben La\u021bc\u0103u \u00eel critic\u0103 pe pre\u0219edintele Nicu\u0219or Dan dup\u0103 promulgarea Legii ANI, actul normativ care duce la \u00eencetarea mandatului lui Dominic Fritz. \u201eCeea ce a hot\u0103r\u00e2t PSD, cu \u00eenc\u0103lcarea Constitu\u021biei \u0219i a dreptului european, a promulgat Nicu\u0219or Dan, un om \u00een care ne-am pus speran\u021ba \u0219i ne-a [&hellip;]<\/p>\n","protected":false},"author":1,"featured_media":0,"comment_status":"open","ping_status":"","sticky":false,"template":"","format":"standard","meta":{"footnotes":""},"categories":[89],"tags":[226,196],"class_list":["post-2123414","post","type-post","status-publish","format-standard","hentry","category-romania","tag-crawlmanager","tag-expressdebanat-ro"],"_links":{"self":[{"href":"https:\/\/analyse.optim.biz\/index.php?rest_route=\/wp\/v2\/posts\/2123414","targetHints":{"allow":["GET"]}}],"collection":[{"href":"https:\/\/analyse.optim.biz\/index.php?rest_route=\/wp\/v2\/posts"}],"about":[{"href":"https:\/\/analyse.optim.biz\/index.php?rest_route=\/wp\/v2\/types\/post"}],"author":[{"embeddable":true,"href":"https:\/\/analyse.optim.biz\/index.php?rest_route=\/wp\/v2\/users\/1"}],"replies":[{"embeddable":true,"href":"https:\/\/analyse.optim.biz\/index.php?rest_route=%2Fwp%2Fv2%2Fcomments&post=2123414"}],"version-history":[{"count":0,"href":"https:\/\/analyse.optim.biz\/index.php?rest_route=\/wp\/v2\/posts\/2123414\/revisions"}],"wp:attachment":[{"href":"https:\/\/analyse.optim.biz\/index.php?rest_route=%2Fwp%2Fv2%2Fmedia&parent=2123414"}],"wp:term":[{"taxonomy":"category","embeddable":true,"href":"https:\/\/analyse.optim.biz\/index.php?rest_route=%2Fwp%2Fv2%2Fcategories&post=2123414"},{"taxonomy":"post_tag","embeddable":true,"href":"https:\/\/analyse.optim.biz\/index.php?rest_route=%2Fwp%2Fv2%2Ftags&post=2123414"}],"curies":[{"name":"wp","href":"https:\/\/api.w.org\/{rel}","templated":true}]}}