{"id":2123410,"date":"2026-08-31T13:26:25","date_gmt":"2026-08-31T10:26:25","guid":{"rendered":"https:\/\/analyse.optim.biz\/?p=2123410"},"modified":"2026-08-31T13:26:25","modified_gmt":"2026-08-31T10:26:25","slug":"codru-festival-2026-trei-zile-si-peste-100-000-de-oameni","status":"publish","type":"post","link":"https:\/\/analyse.optim.biz\/?p=2123410","title":{"rendered":"CODRU Festival 2026. Trei zile \u0219i peste 100.000 de oameni"},"content":{"rendered":"<p>[analyse_image type=&#8221;featured&#8221; src=&#8221;https:\/\/cdn.expressdebanat.ro\/wp-content\/uploads\/2026\/08\/CODRU-2026.jpeg&#8221;]<\/p>\n<div id=\"post-area\" class=\"post-982106 post type-post status-publish format-standard has-post-thumbnail hentry category-life-style category-timis category-timisoara tag-codru-2026 tag-codru-festival tag-festival-timisoara tag-padurea-verde tag-timisoara\">\n<div id=\"social-box\">\n<ul class=\"post-social\">\n<li class=\"social-share-button\">\n<li class=\"social-share-button\">\n<li class=\"social-share-button\"><\/ul>\n<\/div>\n<div id=\"content-area\">\n<div class=\"post-image\"><img loading=\"lazy\" decoding=\"async\" width=\"620\" height=\"400\" src=\"https:\/\/cdn.expressdebanat.ro\/wp-content\/uploads\/2026\/08\/CODRU-2026-620x400.jpeg\" class=\"attachment-post-thumb size-post-thumb wp-post-image perfmatters-lazy\" alt=\"codru 2026\"><img loading=\"lazy\" decoding=\"async\" width=\"620\" height=\"400\" src=\"https:\/\/cdn.expressdebanat.ro\/wp-content\/uploads\/2026\/08\/CODRU-2026-620x400.jpeg\" class=\"attachment-post-thumb size-post-thumb wp-post-image\" alt=\"codru 2026\"><\/div>\n<div class=\"pptmd6a97667100af3\"><a href=\"https:\/\/www.bacoluxhotels.ro\/\"><img loading=\"lazy\" decoding=\"async\" class=\"size-full wp-image-943602 perfmatters-lazy\" src=\"https:\/\/cdn.expressdebanat.ro\/wp-content\/uploads\/2025\/09\/WhatsApp-Image-2025-09-29-at-12.42.18.jpeg\" alt=\"Afrodita 1000x200 \" width=\"1000\" height=\"200\"><img loading=\"lazy\" decoding=\"async\" class=\"size-full wp-image-943602\" src=\"https:\/\/cdn.expressdebanat.ro\/wp-content\/uploads\/2025\/09\/WhatsApp-Image-2025-09-29-at-12.42.18.jpeg\" alt=\"Afrodita 1000x200 \" width=\"1000\" height=\"200\"><\/a><\/div>\n<div class=\"flex max-w-full flex-col gap-4 grow\">\n<div class=\"min-h-8 text-message relative flex w-full flex-col items-end gap-2 text-start break-words whitespace-normal outline-none keyboard-focused:focus-ring [.text-message+&amp;]:mt-1\" dir=\"auto\" data-message-author-role=\"assistant\" data-message-id=\"065886bd-5e7a-49db-a2b0-7307f1c4a79b\" data-message-model-slug=\"gpt-5-6-mini\" data-turn-start-message=\"true\">\n<div class=\"flex w-full flex-col gap-1 empty:hidden\">\n<div class=\"markdown prose dark:prose-invert wrap-break-word w-full light markdown-new-styling\">\n<p class=\"PDq2pG_selectionAnchorContainer\" data-start=\"78\" data-end=\"201\" data-is-last-node data-is-only-node><strong data-start=\"78\" data-end=\"201\" data-is-last-node>Peste 100.000 de oameni au trecut, \u00een cele trei zile, pe la CODRU Festival, ajuns anul acesta la cea de-a \u0219asea edi\u021bie.<\/strong><\/p>\n<\/div>\n<\/div>\n<\/div>\n<\/div>\n<p>De la primele ore ale dup\u0103-amiezii \u0219i p\u00e2n\u0103 spre diminea\u021b\u0103, energia a fost la cote maxime. Concertele, scenele de DJ, instala\u021biile de art\u0103, zonele de relaxare \u0219i activit\u0103\u021bile pentru familii au creat un festival \u00een care fiecare \u0219i-a putut g\u0103si propriul ritm.<\/p>\n<h3>Trei zile, zeci de arti\u0219ti \u0219i momente memorabile<\/h3>\n<p>Festivalul a \u00eenceput \u00een for\u021b\u0103 cu Robin and the Backstabbers, Damian &amp; Brothers, S.A.R.S. \u0219i Alternosfera, iar publicul a r\u0103mas \u00een fa\u021ba scenelor p\u00e2n\u0103 t\u00e2rziu \u00een noapte. S.A.R.S. au adus energia lor balcanic\u0103 \u0219i au f\u0103cut publicul s\u0103 c\u00e2nte al\u0103turi de ei, \u00een timp ce Alternosfera a transformat seara \u00eentr-un moment de rock memorabil.<\/p>\n<p>S\u00e2mb\u0103t\u0103, Balkandreea &amp; The Balkan Sisters, E-an-na, Puya \u0219i Subcarpa\u021bi au preluat \u0219tafeta. Puya a adus hip-hopul \u00een P\u0103durea Verde, iar Subcarpa\u021bi a \u00eencheiat seria marilor concerte cu combina\u021bia lor inconfundabil\u0103 de sound urban \u0219i de folclor.<\/p>\n<p>Ultima zi a festivalului a avut parte de un final pe m\u0103sur\u0103. Gipsy Kings, featuring Tonino Baliardo, au electrizat publicul cu hituri precum Bamboleo \u0219i Volare, transform\u00e2nd P\u0103durea Verde \u00eentr-un uria\u0219 ring de dans. \u00cen aceea\u0219i sear\u0103, publicul s-a bucurat de Ternipe, Lupii lui Calancea &amp; Surorile Osoianu \u0219i HVNDS, iar programul a continuat p\u00e2n\u0103 diminea\u021b\u0103 cu afterparty-urile RUP Takeover \u0219i El Cartel.<\/p>\n<h3>La CODRU, concertele au fost doar \u00eenceputul<\/h3>\n<p>Unul dintre lucrurile care au definit \u0219i aceast\u0103 edi\u021bie a fost energia care a continuat \u0219i dup\u0103 concerte. \u00cen fiecare sear\u0103, RUP Takeover \u2013 DJ M\u0103-Ta \u0219i invita\u021bii au \u021binut publicul \u00een mi\u0219care p\u00e2n\u0103 spre diminea\u021b\u0103, iar El Cartel Reggaeton Party a transformat nop\u021bile de la CODRU \u00een adev\u0103rate afterparty-uri.<\/p>\n<p>\u00cen timpul zilei, festivalul a avut un ritm complet diferit: familiile s-au bucurat de activit\u0103\u021bi pentru copii, publicul a descoperit instala\u021biile de art\u0103 realizate din materiale reciclate, iar zonele de relaxare au oferit locul perfect pentru o pauz\u0103 \u00eentre dou\u0103 concerte.<\/p>\n<div class=\"vtqfe6a97667100b5d\"><a href=\"https:\/\/www.facebook.com\/clinicavestmed\"><img loading=\"lazy\" decoding=\"async\" class=\"size-full wp-image-961300 perfmatters-lazy\" src=\"https:\/\/cdn.expressdebanat.ro\/wp-content\/uploads\/2026\/02\/WhatsApp-Image-2026-02-03-at-11.55.13.jpeg\" alt=\"vestmed 1000x200\" width=\"1000\" height=\"200\"><img loading=\"lazy\" decoding=\"async\" class=\"size-full wp-image-961300\" src=\"https:\/\/cdn.expressdebanat.ro\/wp-content\/uploads\/2026\/02\/WhatsApp-Image-2026-02-03-at-11.55.13.jpeg\" alt=\"vestmed 1000x200\" width=\"1000\" height=\"200\"><\/a><\/div>\n<p>De la Rave with the KID(s) la instala\u021bii interactive, de la muzic\u0103 \u0219i dans la experien\u021be culturale, CODRU a fost construit pentru oameni de toate v\u00e2rstele.<\/p>\n<h3>\u201eCea mai mare bucurie este s\u0103 vedem oamenii ferici\u021bi\u201d<\/h3>\n<p>Pentru organizatori, succesul CODRU nu se m\u0103soar\u0103 doar \u00een num\u0103rul de participan\u021bi sau \u00een numele mari de pe afi\u0219, ci mai ales \u00een atmosfera creat\u0103 \u00een P\u0103durea Verde.<\/p>\n<p><em>\u201eNe bucur\u0103m enorm s\u0103 vedem cum CODRU cre\u0219te de la an la an, dar cea mai mare bucurie pentru noi este s\u0103 vedem fe\u021bele oamenilor ferici\u021bi. S\u0103 vedem oameni care danseaz\u0103, c\u00e2nt\u0103, descoper\u0103 un artist nou, se bucur\u0103 de o instala\u021bie de art\u0103 sau petrec timp \u00eempreun\u0103 cu familia. Asta este, de fapt, ceea ce ne dorim s\u0103 construim la CODRU: un loc \u00een care fiecare s\u0103 g\u0103seasc\u0103 ceva pentru el \u0219i din care oamenii s\u0103 plece acas\u0103 cu amintiri frumoase. Le mul\u021bumim tuturor celor care au fost al\u0103turi de noi \u0219i au f\u0103cut din aceast\u0103 edi\u021bie una at\u00e2t de special\u0103. P\u0103durea Verde a fost din nou plin\u0103 de energie \u0219i abia a\u0219tept\u0103m s\u0103 ne revedem anul viitor.\u201d<\/em>, a declarat Victor Balaniuc, General Manager al CODRU Festival.<\/p>\n<p>CODRU Festival a reu\u0219it \u0219i \u00een acest an s\u0103 aduc\u0103 \u00eempreun\u0103 muzica, arta, natura \u0219i comunitatea, \u00eentr-un spa\u021biu \u00een care distrac\u021bia \u0219i responsabilitatea fa\u021b\u0103 de mediul \u00eenconjur\u0103tor merg m\u00e2n\u0103 \u00een m\u00e2n\u0103.<\/p>\n<p>Cele trei zile s-au \u00eencheiat, muzica s-a oprit, iar P\u0103durea Verde \u00ee\u0219i recap\u0103t\u0103 lini\u0219tea. R\u0103m\u00e2n \u00eens\u0103 pozele, pove\u0219tile, vocile r\u0103gu\u0219ite dup\u0103 concerte, distrac\u021bia p\u00e2n\u0103 diminea\u021ba \u0219i sentimentul c\u0103 ultimul weekend de var\u0103 a fost memorabil.<\/p>\n<div class=\"sivlp6a97667100bba\"><a href=\"https:\/\/www.hotel-versay.ro\/\" target=\"_blank\" rel=\"noopener noreferrer ugc sponsored\" title=\"Stiri si Publicitate pentru Timisoara si Resita\"><img loading=\"lazy\" decoding=\"async\" class=\"size-full wp-image-821392 perfmatters-lazy\" src=\"https:\/\/cdn.expressdebanat.ro\/wp-content\/uploads\/2024\/04\/Versay-aprilie-980x120-px.jpg\" alt=\"Stiri si Publicitate Timisoara, Resita, Hotel Versay aprilie 980x120 px\" width=\"980\" height=\"120\"><img loading=\"lazy\" decoding=\"async\" class=\"size-full wp-image-821392\" src=\"https:\/\/cdn.expressdebanat.ro\/wp-content\/uploads\/2024\/04\/Versay-aprilie-980x120-px.jpg\" alt=\"Stiri si Publicitate Timisoara, Resita, Hotel Versay aprilie 980x120 px\" width=\"980\" height=\"120\"><\/a><a href=\"https:\/\/www.facebook.com\/casaalex2018?locale=ro_RO\"><img loading=\"lazy\" decoding=\"async\" class=\"size-full wp-image-982095 perfmatters-lazy\" src=\"https:\/\/cdn.expressdebanat.ro\/wp-content\/uploads\/2026\/08\/7a8fd12b-1543-457e-9844-45bf46722da7.jpeg\" alt=\"afis casa alex toamna\" width=\"1000\" height=\"364\"><img loading=\"lazy\" decoding=\"async\" class=\"size-full wp-image-982095\" src=\"https:\/\/cdn.expressdebanat.ro\/wp-content\/uploads\/2026\/08\/7a8fd12b-1543-457e-9844-45bf46722da7.jpeg\" alt=\"afis casa alex toamna\" width=\"1000\" height=\"364\"><\/a><\/div>\n<\/div>\n<div id=\"social-box\">\n<ul class=\"post-social\">\n<li class=\"fb-line\">\n<li><a href=\"http:\/\/twitter.com\/share\" class=\"twitter-share-button\" data-lang=\"en\" data-count=\"horizontal\">Tweet<\/a><\/li>\n<li>\n<li><a href=\"http:\/\/pinterest.com\/pin\/create\/button\/?url=https%3A%2F%2Fexpressdebanat.ro%2Fcodru-festival-2026-trei-zile-si-peste-100-000-de-oameni%2F&amp;media=https:\/\/cdn.expressdebanat.ro\/wp-content\/uploads\/2026\/08\/CODRU-2026.jpeg&amp;description=CODRU%20Festival%202026.%20Trei%20zile%20%C8%99i%20peste%20100.000%20de%20oameni\" class=\"pin-it-button\">Pin It<\/a><\/li>\n<\/ul>\n<\/div>\n<\/div>\n<div id=\"content-area\">\n<div class=\"post-image\"><img loading=\"lazy\" decoding=\"async\" width=\"620\" height=\"400\" src=\"https:\/\/cdn.expressdebanat.ro\/wp-content\/uploads\/2026\/08\/CODRU-2026-620x400.jpeg\" class=\"attachment-post-thumb size-post-thumb wp-post-image perfmatters-lazy\" alt=\"codru 2026\"><img loading=\"lazy\" decoding=\"async\" width=\"620\" height=\"400\" src=\"https:\/\/cdn.expressdebanat.ro\/wp-content\/uploads\/2026\/08\/CODRU-2026-620x400.jpeg\" class=\"attachment-post-thumb size-post-thumb wp-post-image\" alt=\"codru 2026\"><\/div>\n<div class=\"pptmd6a97667100af3\"><a href=\"https:\/\/www.bacoluxhotels.ro\/\"><img loading=\"lazy\" decoding=\"async\" class=\"size-full wp-image-943602 perfmatters-lazy\" src=\"https:\/\/cdn.expressdebanat.ro\/wp-content\/uploads\/2025\/09\/WhatsApp-Image-2025-09-29-at-12.42.18.jpeg\" alt=\"Afrodita 1000x200 \" width=\"1000\" height=\"200\"><img loading=\"lazy\" decoding=\"async\" class=\"size-full wp-image-943602\" src=\"https:\/\/cdn.expressdebanat.ro\/wp-content\/uploads\/2025\/09\/WhatsApp-Image-2025-09-29-at-12.42.18.jpeg\" alt=\"Afrodita 1000x200 \" width=\"1000\" height=\"200\"><\/a><\/div>\n<div class=\"flex max-w-full flex-col gap-4 grow\">\n<div class=\"min-h-8 text-message relative flex w-full flex-col items-end gap-2 text-start break-words whitespace-normal outline-none keyboard-focused:focus-ring [.text-message+&amp;]:mt-1\" dir=\"auto\" data-message-author-role=\"assistant\" data-message-id=\"065886bd-5e7a-49db-a2b0-7307f1c4a79b\" data-message-model-slug=\"gpt-5-6-mini\" data-turn-start-message=\"true\">\n<div class=\"flex w-full flex-col gap-1 empty:hidden\">\n<div class=\"markdown prose dark:prose-invert wrap-break-word w-full light markdown-new-styling\">\n<p class=\"PDq2pG_selectionAnchorContainer\" data-start=\"78\" data-end=\"201\" data-is-last-node data-is-only-node><strong data-start=\"78\" data-end=\"201\" data-is-last-node>Peste 100.000 de oameni au trecut, \u00een cele trei zile, pe la CODRU Festival, ajuns anul acesta la cea de-a \u0219asea edi\u021bie.<\/strong><\/p>\n<\/div>\n<\/div>\n<\/div>\n<\/div>\n<p>De la primele ore ale dup\u0103-amiezii \u0219i p\u00e2n\u0103 spre diminea\u021b\u0103, energia a fost la cote maxime. Concertele, scenele de DJ, instala\u021biile de art\u0103, zonele de relaxare \u0219i activit\u0103\u021bile pentru familii au creat un festival \u00een care fiecare \u0219i-a putut g\u0103si propriul ritm.<\/p>\n<h3>Trei zile, zeci de arti\u0219ti \u0219i momente memorabile<\/h3>\n<p>Festivalul a \u00eenceput \u00een for\u021b\u0103 cu Robin and the Backstabbers, Damian &amp; Brothers, S.A.R.S. \u0219i Alternosfera, iar publicul a r\u0103mas \u00een fa\u021ba scenelor p\u00e2n\u0103 t\u00e2rziu \u00een noapte. S.A.R.S. au adus energia lor balcanic\u0103 \u0219i au f\u0103cut publicul s\u0103 c\u00e2nte al\u0103turi de ei, \u00een timp ce Alternosfera a transformat seara \u00eentr-un moment de rock memorabil.<\/p>\n<p>S\u00e2mb\u0103t\u0103, Balkandreea &amp; The Balkan Sisters, E-an-na, Puya \u0219i Subcarpa\u021bi au preluat \u0219tafeta. Puya a adus hip-hopul \u00een P\u0103durea Verde, iar Subcarpa\u021bi a \u00eencheiat seria marilor concerte cu combina\u021bia lor inconfundabil\u0103 de sound urban \u0219i de folclor.<\/p>\n<p>Ultima zi a festivalului a avut parte de un final pe m\u0103sur\u0103. Gipsy Kings, featuring Tonino Baliardo, au electrizat publicul cu hituri precum Bamboleo \u0219i Volare, transform\u00e2nd P\u0103durea Verde \u00eentr-un uria\u0219 ring de dans. \u00cen aceea\u0219i sear\u0103, publicul s-a bucurat de Ternipe, Lupii lui Calancea &amp; Surorile Osoianu \u0219i HVNDS, iar programul a continuat p\u00e2n\u0103 diminea\u021b\u0103 cu afterparty-urile RUP Takeover \u0219i El Cartel.<\/p>\n<h3>La CODRU, concertele au fost doar \u00eenceputul<\/h3>\n<p>Unul dintre lucrurile care au definit \u0219i aceast\u0103 edi\u021bie a fost energia care a continuat \u0219i dup\u0103 concerte. \u00cen fiecare sear\u0103, RUP Takeover \u2013 DJ M\u0103-Ta \u0219i invita\u021bii au \u021binut publicul \u00een mi\u0219care p\u00e2n\u0103 spre diminea\u021b\u0103, iar El Cartel Reggaeton Party a transformat nop\u021bile de la CODRU \u00een adev\u0103rate afterparty-uri.<\/p>\n<p>\u00cen timpul zilei, festivalul a avut un ritm complet diferit: familiile s-au bucurat de activit\u0103\u021bi pentru copii, publicul a descoperit instala\u021biile de art\u0103 realizate din materiale reciclate, iar zonele de relaxare au oferit locul perfect pentru o pauz\u0103 \u00eentre dou\u0103 concerte.<\/p>\n<div class=\"vtqfe6a97667100b5d\"><a href=\"https:\/\/www.facebook.com\/clinicavestmed\"><img loading=\"lazy\" decoding=\"async\" class=\"size-full wp-image-961300 perfmatters-lazy\" src=\"https:\/\/cdn.expressdebanat.ro\/wp-content\/uploads\/2026\/02\/WhatsApp-Image-2026-02-03-at-11.55.13.jpeg\" alt=\"vestmed 1000x200\" width=\"1000\" height=\"200\"><img loading=\"lazy\" decoding=\"async\" class=\"size-full wp-image-961300\" src=\"https:\/\/cdn.expressdebanat.ro\/wp-content\/uploads\/2026\/02\/WhatsApp-Image-2026-02-03-at-11.55.13.jpeg\" alt=\"vestmed 1000x200\" width=\"1000\" height=\"200\"><\/a><\/div>\n<p>De la Rave with the KID(s) la instala\u021bii interactive, de la muzic\u0103 \u0219i dans la experien\u021be culturale, CODRU a fost construit pentru oameni de toate v\u00e2rstele.<\/p>\n<h3>\u201eCea mai mare bucurie este s\u0103 vedem oamenii ferici\u021bi\u201d<\/h3>\n<p>Pentru organizatori, succesul CODRU nu se m\u0103soar\u0103 doar \u00een num\u0103rul de participan\u021bi sau \u00een numele mari de pe afi\u0219, ci mai ales \u00een atmosfera creat\u0103 \u00een P\u0103durea Verde.<\/p>\n<p><em>\u201eNe bucur\u0103m enorm s\u0103 vedem cum CODRU cre\u0219te de la an la an, dar cea mai mare bucurie pentru noi este s\u0103 vedem fe\u021bele oamenilor ferici\u021bi. S\u0103 vedem oameni care danseaz\u0103, c\u00e2nt\u0103, descoper\u0103 un artist nou, se bucur\u0103 de o instala\u021bie de art\u0103 sau petrec timp \u00eempreun\u0103 cu familia. Asta este, de fapt, ceea ce ne dorim s\u0103 construim la CODRU: un loc \u00een care fiecare s\u0103 g\u0103seasc\u0103 ceva pentru el \u0219i din care oamenii s\u0103 plece acas\u0103 cu amintiri frumoase. Le mul\u021bumim tuturor celor care au fost al\u0103turi de noi \u0219i au f\u0103cut din aceast\u0103 edi\u021bie una at\u00e2t de special\u0103. P\u0103durea Verde a fost din nou plin\u0103 de energie \u0219i abia a\u0219tept\u0103m s\u0103 ne revedem anul viitor.\u201d<\/em>, a declarat Victor Balaniuc, General Manager al CODRU Festival.<\/p>\n<p>CODRU Festival a reu\u0219it \u0219i \u00een acest an s\u0103 aduc\u0103 \u00eempreun\u0103 muzica, arta, natura \u0219i comunitatea, \u00eentr-un spa\u021biu \u00een care distrac\u021bia \u0219i responsabilitatea fa\u021b\u0103 de mediul \u00eenconjur\u0103tor merg m\u00e2n\u0103 \u00een m\u00e2n\u0103.<\/p>\n<p>Cele trei zile s-au \u00eencheiat, muzica s-a oprit, iar P\u0103durea Verde \u00ee\u0219i recap\u0103t\u0103 lini\u0219tea. R\u0103m\u00e2n \u00eens\u0103 pozele, pove\u0219tile, vocile r\u0103gu\u0219ite dup\u0103 concerte, distrac\u021bia p\u00e2n\u0103 diminea\u021ba \u0219i sentimentul c\u0103 ultimul weekend de var\u0103 a fost memorabil.<\/p>\n<div class=\"sivlp6a97667100bba\"><a href=\"https:\/\/www.hotel-versay.ro\/\" target=\"_blank\" rel=\"noopener noreferrer ugc sponsored\" title=\"Stiri si Publicitate pentru Timisoara si Resita\"><img loading=\"lazy\" decoding=\"async\" class=\"size-full wp-image-821392 perfmatters-lazy\" src=\"https:\/\/cdn.expressdebanat.ro\/wp-content\/uploads\/2024\/04\/Versay-aprilie-980x120-px.jpg\" alt=\"Stiri si Publicitate Timisoara, Resita, Hotel Versay aprilie 980x120 px\" width=\"980\" height=\"120\"><img loading=\"lazy\" decoding=\"async\" class=\"size-full wp-image-821392\" src=\"https:\/\/cdn.expressdebanat.ro\/wp-content\/uploads\/2024\/04\/Versay-aprilie-980x120-px.jpg\" alt=\"Stiri si Publicitate Timisoara, Resita, Hotel Versay aprilie 980x120 px\" width=\"980\" height=\"120\"><\/a><a href=\"https:\/\/www.facebook.com\/casaalex2018?locale=ro_RO\"><img loading=\"lazy\" decoding=\"async\" class=\"size-full wp-image-982095 perfmatters-lazy\" src=\"https:\/\/cdn.expressdebanat.ro\/wp-content\/uploads\/2026\/08\/7a8fd12b-1543-457e-9844-45bf46722da7.jpeg\" alt=\"afis casa alex toamna\" width=\"1000\" height=\"364\"><img loading=\"lazy\" decoding=\"async\" class=\"size-full wp-image-982095\" src=\"https:\/\/cdn.expressdebanat.ro\/wp-content\/uploads\/2026\/08\/7a8fd12b-1543-457e-9844-45bf46722da7.jpeg\" alt=\"afis casa alex toamna\" width=\"1000\" height=\"364\"><\/a><\/div>\n<\/div>\n<p>[analyse_source url=&#8221;https:\/\/expressdebanat.ro\/codru-festival-2026-trei-zile-si-peste-100-000-de-oameni\/&#8221;]<\/p>\n","protected":false},"excerpt":{"rendered":"<p>[analyse_image type=&#8221;featured&#8221; src=&#8221;https:\/\/cdn.expressdebanat.ro\/wp-content\/uploads\/2026\/08\/CODRU-2026.jpeg&#8221;] Peste 100.000 de oameni au trecut, \u00een cele trei zile, pe la CODRU Festival, ajuns anul acesta la cea de-a \u0219asea edi\u021bie. De la primele ore ale dup\u0103-amiezii \u0219i p\u00e2n\u0103 spre diminea\u021b\u0103, energia a fost la cote maxime. Concertele, scenele de DJ, instala\u021biile de art\u0103, zonele de relaxare \u0219i activit\u0103\u021bile pentru familii [&hellip;]<\/p>\n","protected":false},"author":1,"featured_media":0,"comment_status":"open","ping_status":"","sticky":false,"template":"","format":"standard","meta":{"footnotes":""},"categories":[89],"tags":[226,196],"class_list":["post-2123410","post","type-post","status-publish","format-standard","hentry","category-romania","tag-crawlmanager","tag-expressdebanat-ro"],"_links":{"self":[{"href":"https:\/\/analyse.optim.biz\/index.php?rest_route=\/wp\/v2\/posts\/2123410","targetHints":{"allow":["GET"]}}],"collection":[{"href":"https:\/\/analyse.optim.biz\/index.php?rest_route=\/wp\/v2\/posts"}],"about":[{"href":"https:\/\/analyse.optim.biz\/index.php?rest_route=\/wp\/v2\/types\/post"}],"author":[{"embeddable":true,"href":"https:\/\/analyse.optim.biz\/index.php?rest_route=\/wp\/v2\/users\/1"}],"replies":[{"embeddable":true,"href":"https:\/\/analyse.optim.biz\/index.php?rest_route=%2Fwp%2Fv2%2Fcomments&post=2123410"}],"version-history":[{"count":0,"href":"https:\/\/analyse.optim.biz\/index.php?rest_route=\/wp\/v2\/posts\/2123410\/revisions"}],"wp:attachment":[{"href":"https:\/\/analyse.optim.biz\/index.php?rest_route=%2Fwp%2Fv2%2Fmedia&parent=2123410"}],"wp:term":[{"taxonomy":"category","embeddable":true,"href":"https:\/\/analyse.optim.biz\/index.php?rest_route=%2Fwp%2Fv2%2Fcategories&post=2123410"},{"taxonomy":"post_tag","embeddable":true,"href":"https:\/\/analyse.optim.biz\/index.php?rest_route=%2Fwp%2Fv2%2Ftags&post=2123410"}],"curies":[{"name":"wp","href":"https:\/\/api.w.org\/{rel}","templated":true}]}}