{"id":2123379,"date":"2026-09-01T14:03:12","date_gmt":"2026-09-01T11:03:12","guid":{"rendered":"https:\/\/analyse.optim.biz\/?p=2123379"},"modified":"2026-09-01T14:03:12","modified_gmt":"2026-09-01T11:03:12","slug":"angela-merkel-isi-lanseaza-la-bucuresti-cartea-de-memorii-inclusiv-la-o-intalnire-cu-presedintele-romaniei","status":"publish","type":"post","link":"https:\/\/analyse.optim.biz\/?p=2123379","title":{"rendered":"Angela Merkel \u00ee\u0219i lanseaz\u0103 la Bucure\u0219ti cartea de memorii, inclusiv la o \u00eent\u00e2lnire cu pre\u0219edintele Rom\u00e2niei"},"content":{"rendered":"<p>[analyse_image type=&#8221;featured&#8221; src=&#8221;https:\/\/r3media.ro\/wp-content\/uploads\/2023\/03\/vladimir-putin-angela-merkel&#8211;e1788271369698.jpghttps:\/\/r3media.ro\/wp-content\/uploads\/2023\/03\/vladimir-putin-angela-merkel&#8211;e1788271369698.jpg&#8221;]<\/p>\n<article id=\"template-id-109\" class=\"post-109 tdb_templates type-tdb_templates status-publish post\">\n<div id=\"tdi_2\" class=\"tdc-zone\">\n<div class=\"tdc_zone tdi_3  wpb_row td-pb-row\">\n<div id=\"tdi_4\" class=\"tdc-row\">\n<div class=\"vc_row tdi_5  wpb_row td-pb-row\">\n<div class=\"vc_column tdi_7  wpb_column vc_column_container tdc-column td-pb-span8\">\n<div class=\"wpb_wrapper\">\n<div class=\"td_block_wrap tdb_breadcrumbs tdi_8 td-pb-border-top td_block_template_1 tdb-breadcrumbs \" data-td-block-uid=\"tdi_8\">\n<div class=\"tdb-block-inner td-fix-index\"><span><a title=\"Vede\u021bi toate articolele \u00een PRIM PLAN\" class=\"tdb-entry-crumb\" href=\"https:\/\/r3media.ro\/category\/stiri-prim-plan\/\">PRIM PLAN<\/a><\/span><span class=\"tdb-bred-no-url-last\">Angela Merkel \u00ee\u0219i lanseaz\u0103 la Bucure\u0219ti cartea de memorii, inclusiv la o&#8230;<\/span><\/div>\n<\/div>\n<div class=\"td_block_wrap tdb_single_categories tdi_9 td-pb-border-top td_block_template_1 \" data-td-block-uid=\"tdi_9\">\n<div class=\"tdb-category td-fix-index\"><a class=\"tdb-entry-category\" href=\"https:\/\/r3media.ro\/category\/stiri-prim-plan\/\">PRIM PLAN<\/a><a class=\"tdb-entry-category\" href=\"https:\/\/r3media.ro\/category\/stiri\/\">\u0218TIRI<\/a><\/div>\n<\/div>\n<div class=\"td_block_wrap tdb_title tdi_10 tdb-single-title td-pb-border-top td_block_template_1\" data-td-block-uid=\"tdi_10\">\n<div class=\"tdb-block-inner td-fix-index\">\n<h1 class=\"tdb-title-text\">Angela Merkel \u00ee\u0219i lanseaz\u0103 la Bucure\u0219ti cartea de memorii, inclusiv la o \u00eent\u00e2lnire cu pre\u0219edintele Rom\u00e2niei<\/h1>\n<\/div>\n<\/div>\n<div class=\"vc_row_inner tdi_12  vc_row vc_inner wpb_row td-pb-row\">\n<div class=\"vc_column_inner tdi_14  wpb_column vc_column_container tdc-inner-column td-pb-span12\">\n<div class=\"vc_column-inner\">\n<div class=\"wpb_wrapper\">\n<div class=\"td_block_wrap tdb_single_author tdi_15 td-pb-border-top td_block_template_1 tdb-post-meta\" data-td-block-uid=\"tdi_15\">\n<div class=\"tdb-block-inner td-fix-index\">\n<div class=\"tdb-author-name-wrap\"><a class=\"tdb-author-name\" href=\"https:\/\/r3media.ro\/author\/redactia\/\">Redac\u021bia<\/a><\/div>\n<\/div>\n<\/div>\n<div class=\"td_block_wrap tdb_single_date tdi_16 td-pb-border-top td_block_template_1 tdb-post-meta\" data-td-block-uid=\"tdi_16\">\n<div class=\"tdb-block-inner td-fix-index\"><time class=\"entry-date updated td-module-date\" datetime=\"2026-09-01T17:03:12+03:00\">01\/09\/2026<\/time><\/div>\n<\/div>\n<\/div>\n<\/div>\n<\/div>\n<\/div>\n<div class=\"wpb_wrapper td_block_wrap vc_raw_html tdi_19 \">\n<div class=\"td-fix-index\"><a href=\"https:\/\/www.google.com\/preferences\/source?q=r3media.ro\" target=\"_blank\" rel=\"noopener nofollow\">Ad\u0103uga\u021bi R3media la sursele preferate din Google<\/a><\/div>\n<\/div>\n<div class=\"td_block_wrap tdb_single_content tdi_20 td-pb-border-top td_block_template_1 td-post-content tagdiv-type\" data-td-block-uid=\"tdi_20\">\n<div class=\"tdb-block-inner td-fix-index\">\n<p><strong>Fostul cancelar german Angela Merkel a sosit mar\u021bi \u00een Rom\u00e2nia pentru a-\u0219i lansa volumul de memorii intitulat \u201eLibertate. Amintiri 1954 \u2013 2021\u201d.<\/strong><\/p>\n<p>P\u00e2n\u0103 la lansarea oficial\u0103, care are loc la Ateneul Rom\u00e2n \u00een aceast\u0103 sear\u0103, Angela Merkel se va \u00eent\u00e2lni cu pre\u0219edintele Rom\u00e2niei, despre care nu este ce clar ce rol are \u00eentr-un asemenea eveniment.<\/p>\n<p>La Ateneul Rom\u00e2n, lansarea va fi marcat\u0103 de o discu\u021bie cu Emil Hurezeanu \u0219i va fi moderat\u0103 de Ioana B\u00e2ldea Constantinescu, director de comunicare \u00een cadrul editurii Litera.<\/p>\n<p>Evenimentul va dura 90 de minute.<\/p>\n<p>P\u00e2n\u0103 \u00een acest moment, autoarea a participat la promovarea lucr\u0103rii sale doar \u00een ora\u0219e precum Berlin, Washington, Budapesta \u0219i Atena.<\/p>\n<div class=\"crp_related     crp-masonry\">\n<h2>\u00ceN CONTEXT<\/h2>\n<ul>\n<li><a href=\"https:\/\/r3media.ro\/angela-merkel-cancelar-german-afaceri-putin-polonia-state-baltice-vinovate-declansare-razboi-rusia-ucraina\/\" target=\"_blank\" class=\"crp_link post-113511\"><span class=\"crp_title\">Angela Merkel spune c\u0103 Polonia \u0219i statele baltice sunt vinovate de declan\u0219area r\u0103zboiului\u2026<\/span><\/a><\/li>\n<li><a href=\"https:\/\/r3media.ro\/ursula-von-der-leyen-votat-pentru-eliminare-energie-nucleara-germania-greseala-uriasa\/\" target=\"_blank\" class=\"crp_link post-115439\"><span class=\"crp_title\">Ursula von der Leyen a votat pentru eliminarea energiei nucleare de c\u0103tre Germania. Acum\u2026<\/span><\/a><\/li>\n<li><a href=\"https:\/\/r3media.ro\/bolojan-fritz-pnl-si-usr-germania\/\" target=\"_blank\" class=\"crp_link post-118635\"><span class=\"crp_title\">Bolojan, Fritz, PNL \u0219i USR. Adic\u0103 Germania<\/span><\/a><\/li>\n<li><a href=\"https:\/\/r3media.ro\/stefan-popescu-avertisment-germania-hegemon-europa\/\" target=\"_blank\" class=\"crp_link post-117147\"><span class=\"crp_title\">\u0218tefan Popescu avertizeaz\u0103 c\u0103 Germania urm\u0103re\u0219te s\u0103 devin\u0103 hegemonul militar al Europei<\/span><\/a><\/li>\n<li><a href=\"https:\/\/r3media.ro\/germania-tanara-ucraineanca-16-ani-impinsa-fata-trenului-irakian-31-de-ani-ucigas-scapa-inchisoare-spital-psihiatrie\/\" target=\"_blank\" class=\"crp_link post-115989\"><span class=\"crp_title\">Germania | O t\u00e2n\u0103r\u0103 ucraineanc\u0103 de 16 ani a fost \u00eempins\u0103 \u00een fa\u021ba trenului de un irakian de\u2026<\/span><\/a><\/li>\n<li><a href=\"https:\/\/r3media.ro\/polonia-tara-cumpara-aur-rezerve-banca-angliei-independenta-germania-control-varsovia\/\" target=\"_blank\" class=\"crp_link post-114972\"><span class=\"crp_title\">Polonia e \u021bara care cump\u0103r\u0103 cel mai mult aur \u0219i are o rezerv\u0103 mai mare dec\u00e2t cea de la Banca\u2026<\/span><\/a><\/li>\n<li><a href=\"https:\/\/r3media.ro\/mihail-neamtu-neeuropeana-imperiu-birocrati-bruxelles-inarmarea-germaniei\/\" target=\"_blank\" class=\"crp_link post-118770\"><span class=\"crp_title\">EXCLUSIVITATE Mihail Neam\u021bu: Exist\u0103 o tendin\u021b\u0103 neeuropean\u0103 de a se crea un imperiu condus de\u2026<\/span><\/a><\/li>\n<li><a href=\"https:\/\/r3media.ro\/actori-sportivi-oameni-de-afaceri-ong-germania-descurajare-nemti-saxonia-anhalt-vot-afd\/\" target=\"_blank\" class=\"crp_link post-121322\"><span class=\"crp_title\">Actori, sportivi, oameni de afaceri, Antifa \u0219i alte ONG-uri din Germania \u00ee\u0219i unesc for\u021bele\u2026<\/span><\/a><\/li>\n<\/ul>\n<\/div>\n<\/div>\n<\/div>\n<div class=\"td_block_wrap tdb_single_tags tdi_21 td-pb-border-top td_block_template_1\" data-td-block-uid=\"tdi_21\">\n<div class=\"tdb-block-inner td-fix-index\">\n<ul class=\"tdb-tags\">\n<li><span>SUBIECTE FIERBIN\u021aI<\/span><\/li>\n<li><a href=\"https:\/\/r3media.ro\/tag\/angela-merkel\/\">angela merkel<\/a><\/li>\n<li><a href=\"https:\/\/r3media.ro\/tag\/germania\/\">germania<\/a><\/li>\n<\/ul>\n<\/div>\n<\/div>\n<div class=\"td_block_wrap td_block_9 tdi_22 td_with_ajax_pagination td-pb-border-top td_block_template_1 td-column-2 td_block_padding td_block_bot_line\" data-td-block-uid=\"tdi_22\">\n<div class=\"td-block-title-wrap\">\n<h4 class=\"block-title td-block-title\"><span class=\"td-pulldown-size\">CITE\u0218TE MAI MULT<\/span><\/h4>\n<\/div>\n<div id=\"tdi_22\" class=\"td_block_inner\">\n<div class=\"td-block-row\">\n<div class=\"td-block-span6\">\n<div class=\"td_module_8 td_module_wrap\">\n<div class=\"item-details\">\n<h3 class=\"entry-title td-module-title\"><a href=\"https:\/\/r3media.ro\/cod-urbanism-interzicere-masini-oras-15-minute\/\" rel=\"bookmark\" title=\"A fost adoptat noul Cod al Urbanismului. Interzicerea ma\u0219inilor poluante \u00een unele zone urbane, ora\u0219ul de 15 minute devin norme\">A fost adoptat noul Cod al Urbanismului. Interzicerea ma\u0219inilor poluante \u00een unele zone urbane,&#8230;<\/a><\/h3>\n<div class=\"td-module-meta-info\"><a href=\"https:\/\/r3media.ro\/category\/stiri\/\" class=\"td-post-category\">\u0218TIRI<\/a><span class=\"td-post-author-name\"><a href=\"https:\/\/r3media.ro\/author\/teodor_stan\/\">Teodor Stan<\/a><span>&#8211;<\/span><\/span><span class=\"td-post-date\"><time class=\"entry-date updated td-module-date\" datetime=\"2026-08-27T11:31:03+03:00\">27\/08\/2026<\/time><\/span><\/div>\n<\/div>\n<\/div>\n<\/div>\n<div class=\"td-block-span6\">\n<div class=\"td_module_8 td_module_wrap\">\n<div class=\"item-details\">\n<h3 class=\"entry-title td-module-title\"><a href=\"https:\/\/r3media.ro\/actor-alex-bogdan-nicusor-dan-video\/\" rel=\"bookmark\" title=\"VIDEO | Actorul Alex Bogdan: \u00cemi e sc\u00e2rb\u0103 c\u0103 mi-am pus la b\u0103taie reputa\u021bia, familia \u0219i energia pentru Nicu\u0219or Dan. Pentru ce? Dac\u0103-l v\u0103d vreodat\u0103 \u00een fa\u021ba mea, \u00eel scuip!\">VIDEO | Actorul Alex Bogdan: \u00cemi e sc\u00e2rb\u0103 c\u0103 mi-am pus la b\u0103taie reputa\u021bia,&#8230;<\/a><\/h3>\n<div class=\"td-module-meta-info\"><a href=\"https:\/\/r3media.ro\/category\/stiri\/\" class=\"td-post-category\">\u0218TIRI<\/a><span class=\"td-post-author-name\"><a href=\"https:\/\/r3media.ro\/author\/oana\/\">Oana Ivan<\/a><span>&#8211;<\/span><\/span><span class=\"td-post-date\"><time class=\"entry-date updated td-module-date\" datetime=\"2026-08-28T21:43:58+03:00\">28\/08\/2026<\/time><\/span><\/div>\n<\/div>\n<\/div>\n<\/div>\n<\/div>\n<div class=\"td-block-row\">\n<div class=\"td-block-span6\">\n<div class=\"td_module_8 td_module_wrap\">\n<div class=\"item-details\">\n<h3 class=\"entry-title td-module-title\"><a href=\"https:\/\/r3media.ro\/stapanul-inelelor-vanatoarea-lui-gollum-regizor-andy-serkis-actori-intineriti-inteligenta-artificiala\/\" rel=\"bookmark\" title=\"St\u0103p\u00e2nul Inelelor: V\u00e2n\u0103toarea lui Gollum. Regizorul Andy Serkis a confirmat c\u0103 actorii originari care revin vor fi \u00eentineri\u021bi cu ajutorul inteligen\u021bei artificiale (IA)\">St\u0103p\u00e2nul Inelelor: V\u00e2n\u0103toarea lui Gollum. Regizorul Andy Serkis a confirmat c\u0103 actorii originari care&#8230;<\/a><\/h3>\n<div class=\"td-module-meta-info\"><a href=\"https:\/\/r3media.ro\/category\/actualitate\/\" class=\"td-post-category\">ACTUALITATE<\/a><span class=\"td-post-author-name\"><a href=\"https:\/\/r3media.ro\/author\/oana\/\">Oana Ivan<\/a><span>&#8211;<\/span><\/span><span class=\"td-post-date\"><time class=\"entry-date updated td-module-date\" datetime=\"2026-08-28T21:45:04+03:00\">28\/08\/2026<\/time><\/span><\/div>\n<\/div>\n<\/div>\n<\/div>\n<div class=\"td-block-span6\">\n<div class=\"td_module_8 td_module_wrap\">\n<div class=\"item-details\">\n<h3 class=\"entry-title td-module-title\"><a href=\"https:\/\/r3media.ro\/america-implicare-capete-razboiul-din-iugoslavia\/\" rel=\"bookmark\" title=\"Cum a jucat America la toate capetele r\u0103zboiului din fosta Iugoslavie\">Cum a jucat America la toate capetele r\u0103zboiului din fosta Iugoslavie<\/a><\/h3>\n<div class=\"td-module-meta-info\"><a href=\"https:\/\/r3media.ro\/category\/actualitate\/\" class=\"td-post-category\">ACTUALITATE<\/a><span class=\"td-post-author-name\"><a href=\"https:\/\/r3media.ro\/author\/radu_ursan\/\">Radu Ursan<\/a><span>&#8211;<\/span><\/span><span class=\"td-post-date\"><time class=\"entry-date updated td-module-date\" datetime=\"2026-08-26T19:58:22+03:00\">26\/08\/2026<\/time><\/span><\/div>\n<\/div>\n<\/div>\n<\/div>\n<\/div>\n<div class=\"td-block-row\">\n<div class=\"td-block-span6\">\n<div class=\"td_module_8 td_module_wrap\">\n<div class=\"item-details\">\n<h3 class=\"entry-title td-module-title\"><a href=\"https:\/\/r3media.ro\/jurnalista-liliana-ruse-digi24-cancer-tratament-povara-financiara\/\" rel=\"bookmark\" title=\"Jurnalista Liliana Ruse de la Digi24 se lupt\u0103 cu o form\u0103 de cancer \u0219i \u00ee\u0219i procur\u0103 singur\u0103 tratamentul: Nu mi se pare normal s\u0103 mai suport o asemenea povar\u0103 financiar\u0103\">Jurnalista Liliana Ruse de la Digi24 se lupt\u0103 cu o form\u0103 de cancer \u0219i&#8230;<\/a><\/h3>\n<div class=\"td-module-meta-info\"><a href=\"https:\/\/r3media.ro\/category\/actualitate\/\" class=\"td-post-category\">ACTUALITATE<\/a><span class=\"td-post-author-name\"><a href=\"https:\/\/r3media.ro\/author\/oana\/\">Oana Ivan<\/a><span>&#8211;<\/span><\/span><span class=\"td-post-date\"><time class=\"entry-date updated td-module-date\" datetime=\"2026-08-26T11:35:58+03:00\">26\/08\/2026<\/time><\/span><\/div>\n<\/div>\n<\/div>\n<\/div>\n<div class=\"td-block-span6\">\n<div class=\"td_module_8 td_module_wrap\">\n<div class=\"item-details\">\n<h3 class=\"entry-title td-module-title\"><a href=\"https:\/\/r3media.ro\/asociatia-parakletos-ong-banci-franci-elvetieni\/\" rel=\"bookmark\" title=\"Asocia\u021bia Parakletos a disp\u0103rut, oficial. ONG-ul a fost distrus de procesul contra b\u0103ncilor care oferiser\u0103 credite \u00een franci elve\u021bieni\">Asocia\u021bia Parakletos a disp\u0103rut, oficial. ONG-ul a fost distrus de procesul contra b\u0103ncilor care&#8230;<\/a><\/h3>\n<div class=\"td-module-meta-info\"><a href=\"https:\/\/r3media.ro\/category\/actualitate\/\" class=\"td-post-category\">ACTUALITATE<\/a><span class=\"td-post-author-name\"><a href=\"https:\/\/r3media.ro\/author\/redactia\/\">Redac\u021bia<\/a><span>&#8211;<\/span><\/span><span class=\"td-post-date\"><time class=\"entry-date updated td-module-date\" datetime=\"2026-08-24T11:50:15+03:00\">24\/08\/2026<\/time><\/span><\/div>\n<\/div>\n<\/div>\n<\/div>\n<\/div>\n<div class=\"td-block-row\">\n<div class=\"td-block-span6\">\n<div class=\"td_module_8 td_module_wrap\">\n<div class=\"item-details\">\n<h3 class=\"entry-title td-module-title\"><a href=\"https:\/\/r3media.ro\/drona-aeriana-incarcata-explozibil-ajunsa-plaja-tuzla-ucraineana\/\" rel=\"bookmark\" title=\"VIDEO | O dron\u0103 aerian\u0103 \u00eenc\u0103rcat\u0103 cu explozibil \u0219i ajuns\u0103 pe plaja Tuzla s-a dovedit a fi ucrainean\u0103\">VIDEO | O dron\u0103 aerian\u0103 \u00eenc\u0103rcat\u0103 cu explozibil \u0219i ajuns\u0103 pe plaja Tuzla s-a&#8230;<\/a><\/h3>\n<div class=\"td-module-meta-info\"><a href=\"https:\/\/r3media.ro\/category\/actualitate\/\" class=\"td-post-category\">ACTUALITATE<\/a><span class=\"td-post-author-name\"><a href=\"https:\/\/r3media.ro\/author\/oana\/\">Oana Ivan<\/a><span>&#8211;<\/span><\/span><span class=\"td-post-date\"><time class=\"entry-date updated td-module-date\" datetime=\"2026-08-22T21:13:17+03:00\">22\/08\/2026<\/time><\/span><\/div>\n<\/div>\n<\/div>\n<\/div>\n<div class=\"td-block-span6\">\n<div class=\"td_module_8 td_module_wrap\">\n<div class=\"item-details\">\n<h3 class=\"entry-title td-module-title\"><a href=\"https:\/\/r3media.ro\/stapanul-ineleor-inelele-puterii-producator-patrick-mckay-public\/\" rel=\"bookmark\" title=\"St\u0103p\u00e2nul Inelelor: Inelele Puterii. Produc\u0103torul Patrick McKay: Nu cred c\u0103 publicul este cu adev\u0103rat preg\u0103tit pentru ceea ce urmeaz\u0103 de data aceasta\">St\u0103p\u00e2nul Inelelor: Inelele Puterii. Produc\u0103torul Patrick McKay: Nu cred c\u0103 publicul este cu adev\u0103rat&#8230;<\/a><\/h3>\n<div class=\"td-module-meta-info\"><a href=\"https:\/\/r3media.ro\/category\/actualitate\/\" class=\"td-post-category\">ACTUALITATE<\/a><span class=\"td-post-author-name\"><a href=\"https:\/\/r3media.ro\/author\/oana\/\">Oana Ivan<\/a><span>&#8211;<\/span><\/span><span class=\"td-post-date\"><time class=\"entry-date updated td-module-date\" datetime=\"2026-08-21T23:24:20+03:00\">21\/08\/2026<\/time><\/span><\/div>\n<\/div>\n<\/div>\n<\/div>\n<\/div>\n<div class=\"td-block-row\">\n<div class=\"td-block-span6\">\n<div class=\"td_module_8 td_module_wrap\">\n<div class=\"item-details\">\n<h3 class=\"entry-title td-module-title\"><a href=\"https:\/\/r3media.ro\/ultimul-climat\/\" rel=\"bookmark\" title=\"Ultimul climat\u00a0\u00a0\u00a0\u00a0\u00a0\">Ultimul climat\u00a0\u00a0\u00a0\u00a0\u00a0<\/a><\/h3>\n<div class=\"td-module-meta-info\"><a href=\"https:\/\/r3media.ro\/category\/opinii\/\" class=\"td-post-category\">OPINII<\/a><span class=\"td-post-author-name\"><a href=\"https:\/\/r3media.ro\/author\/tru\/\">TRU (Traian Ungureanu)<\/a><span>&#8211;<\/span><\/span><span class=\"td-post-date\"><time class=\"entry-date updated td-module-date\" datetime=\"2026-08-20T19:12:13+03:00\">20\/08\/2026<\/time><\/span><\/div>\n<\/div>\n<\/div>\n<\/div>\n<div class=\"td-block-span6\">\n<div class=\"td_module_8 td_module_wrap\">\n<div class=\"item-details\">\n<h3 class=\"entry-title td-module-title\"><a href=\"https:\/\/r3media.ro\/presedintele-serbiei-razboiul-din-ucraina\/\" rel=\"bookmark\" title=\"Pre\u0219edintele Serbiei nu crede c\u0103 r\u0103zboiul din Ucraina se termin\u0103 cur\u00e2nd: Cred c\u0103 ne afl\u0103m la \u00eenceputul unui r\u0103zboi mult, mult mai mare\">Pre\u0219edintele Serbiei nu crede c\u0103 r\u0103zboiul din Ucraina se termin\u0103 cur\u00e2nd: Cred c\u0103 ne&#8230;<\/a><\/h3>\n<div class=\"td-module-meta-info\"><a href=\"https:\/\/r3media.ro\/category\/actualitate\/\" class=\"td-post-category\">ACTUALITATE<\/a><span class=\"td-post-author-name\"><a href=\"https:\/\/r3media.ro\/author\/teodor_stan\/\">Teodor Stan<\/a><span>&#8211;<\/span><\/span><span class=\"td-post-date\"><time class=\"entry-date updated td-module-date\" datetime=\"2026-08-10T12:22:44+03:00\">10\/08\/2026<\/time><\/span><\/div>\n<\/div>\n<\/div>\n<\/div>\n<\/div>\n<div class=\"td-block-row\">\n<div class=\"td-block-span6\">\n<div class=\"td_module_8 td_module_wrap\">\n<div class=\"item-details\">\n<h3 class=\"entry-title td-module-title\"><a href=\"https:\/\/r3media.ro\/fara-apa-fara-curent-fara-viitor-cum-au-sacrificat-pro-europenii-romania-pe-altarul-ecologiei-ieftine\/\" rel=\"bookmark\" title=\"F\u0103r\u0103 ap\u0103, f\u0103r\u0103 curent, f\u0103r\u0103 viitor: cum au sacrificat pro-europenii Rom\u00e2nia pe altarul ecologiei ieftine\">F\u0103r\u0103 ap\u0103, f\u0103r\u0103 curent, f\u0103r\u0103 viitor: cum au sacrificat pro-europenii Rom\u00e2nia pe altarul ecologiei&#8230;<\/a><\/h3>\n<div class=\"td-module-meta-info\"><a href=\"https:\/\/r3media.ro\/category\/actualitate\/\" class=\"td-post-category\">ACTUALITATE<\/a><span class=\"td-post-author-name\"><a href=\"https:\/\/r3media.ro\/author\/paul_lazar\/\">Paul-Daniel Laz\u0103r<\/a><span>&#8211;<\/span><\/span><span class=\"td-post-date\"><time class=\"entry-date updated td-module-date\" datetime=\"2026-08-08T22:30:54+03:00\">08\/08\/2026<\/time><\/span><\/div>\n<\/div>\n<\/div>\n<\/div>\n<div class=\"td-block-span6\">\n<div class=\"td_module_8 td_module_wrap\">\n<div class=\"item-details\">\n<h3 class=\"entry-title td-module-title\"><a href=\"https:\/\/r3media.ro\/show-iluzie-si-realitate-de-la-the-truman-show-la-son-of-a-rich\/\" rel=\"bookmark\" title=\"Show, iluzie \u0219i realitate: de la The Truman Show la Son of a Rich\">Show, iluzie \u0219i realitate: de la The Truman Show la Son of a Rich<\/a><\/h3>\n<div class=\"td-module-meta-info\"><a href=\"https:\/\/r3media.ro\/category\/actualitate\/\" class=\"td-post-category\">ACTUALITATE<\/a><span class=\"td-post-author-name\"><a href=\"https:\/\/r3media.ro\/author\/costi_balasoiu\/\">Constantin B\u0103l\u0103\u0219oiu<\/a><span>&#8211;<\/span><\/span><span class=\"td-post-date\"><time class=\"entry-date updated td-module-date\" datetime=\"2026-08-08T15:30:25+03:00\">08\/08\/2026<\/time><\/span><\/div>\n<\/div>\n<\/div>\n<\/div>\n<\/div>\n<\/div>\n<div class=\"td-load-more-wrap td-load-more-infinite-wrap\" id=\"infinite-lm-tdi_22\"><a href=\"https:\/\/r3media.ro\/angela-merkel-lansare-carte-bucuresti\/\" class=\"td_ajax_load_more td_ajax_load_more_js\" aria-label=\"\u00cenc\u0103rca\u021bi mai multe\" id=\"next-page-tdi_22\" data-td_block_id=\"tdi_22\">\u00cenc\u0103rca\u021bi mai multe<\/a><\/div>\n<\/div>\n<div class=\"td_block_wrap tdb_single_comments tdi_23 tdb-comm-layout2 td-pb-border-top td_block_template_1\" data-td-block-uid=\"tdi_23\">\n<div class=\"tdb-block-inner td-fix-index\">\n<div class=\"comments\" id=\"comments\">\n<div id=\"respond\" class=\"comment-respond\">\n<h3 id=\"reply-title\" class=\"comment-reply-title\">AI CEVA DE SPUS? <small><a rel=\"nofollow\" id=\"cancel-comment-reply-link\" href=\"https:\/\/r3media.ro\/angela-merkel-lansare-carte-bucuresti\/#respond\">Renun\u021ba\u021bi la r\u0103spuns<\/a><\/small><\/h3>\n<div class=\"comment-form-input-wrap td-form-comment\">\n<div class=\"td-warning-comment\">V\u0103 rug\u0103m s\u0103 introduce\u021bi comentariul dvs.!<\/div>\n<\/div>\n<div class=\"comment-form-input-wrap td-form-author\">\n<div class=\"td-warning-author\">Introduce\u021bi aici numele dvs.<\/div>\n<\/div>\n<div class=\"comment-form-input-wrap td-form-email\">\n<div class=\"td-warning-email-error\">A\u021bi introdus o adres\u0103 de e-mail incorect\u0103!<\/div>\n<div class=\"td-warning-email\">V\u0103 rug\u0103m s\u0103 introduce\u021bi adresa dvs. de e-mail aici<\/div>\n<\/div>\n<\/div>\n<\/div>\n<\/div>\n<\/div>\n<\/div>\n<\/div>\n<div class=\"vc_column tdi_25  wpb_column vc_column_container tdc-column td-pb-span4 td-is-sticky\">\n<div class=\"wpb_wrapper\" data-sticky-enabled-on=\"W3RydWUsdHJ1ZSx0cnVlLHRydWVd\" data-sticky-offset=\"20\" data-sticky-is-width-auto=\"W2ZhbHNlLGZhbHNlLGZhbHNlLGZhbHNlXQ==\">\n<div class=\"wpb_wrapper td_block_wrap vc_widget_sidebar tdi_27 \">\n<div class=\"td_block_wrap td_block_7 td_block_widget tdi_28 td-pb-border-top td_block_template_1 td-column-1 td_block_padding\" data-td-block-uid=\"tdi_28\">\n<div class=\"td-block-title-wrap\">\n<h4 class=\"block-title td-block-title\"><span class=\"td-pulldown-size\">Articole RELA\u021aIONATE<\/span><\/h4>\n<\/div>\n<div id=\"tdi_28\" class=\"td_block_inner\">\n<div class=\"td-block-span12\">\n<div class=\"td_module_6 td_module_wrap td-animation-stack\">\n<div class=\"td-module-thumb\"><a href=\"https:\/\/r3media.ro\/calendarul-zilei-2-septembrie-sf-mucenic-mamant\/\" rel=\"bookmark\" class=\"td-image-wrap \" title=\"Calendarul zilei 2 septembrie: Sf. Mucenic Mamant. Sf. Ioan Postitorul\"><img loading=\"lazy\" decoding=\"async\" class=\"entry-thumb\" src=\"https:\/\/r3media.ro\/wp-content\/uploads\/2023\/09\/sddefault-100x70.jpg\" alt title=\"Calendarul zilei 2 septembrie: Sf. Mucenic Mamant. Sf. Ioan Postitorul\" width=\"100\" height=\"70\"><\/a><\/div>\n<div class=\"item-details\">\n<h3 class=\"entry-title td-module-title\"><a href=\"https:\/\/r3media.ro\/calendarul-zilei-2-septembrie-sf-mucenic-mamant\/\" rel=\"bookmark\" title=\"Calendarul zilei 2 septembrie: Sf. Mucenic Mamant. Sf. Ioan Postitorul\">Calendarul zilei 2 septembrie: Sf. Mucenic Mamant. Sf. Ioan Postitorul<\/a><\/h3>\n<div class=\"td-module-meta-info\"><span class=\"td-post-date\"><time class=\"entry-date updated td-module-date\" datetime=\"2026-09-01T21:32:03+03:00\">01\/09\/2026<\/time><\/span><\/div>\n<\/div>\n<\/div>\n<\/div>\n<div class=\"td-block-span12\">\n<div class=\"td_module_6 td_module_wrap td-animation-stack\">\n<div class=\"td-module-thumb\"><a href=\"https:\/\/r3media.ro\/nicusor-dan-ito-2026-discursul-nu-a-starnit-entuziasm-printre-participanti\/\" rel=\"bookmark\" class=\"td-image-wrap \" title=\"Nicu\u0219or Dan, la deschiderea \u00cent\u00e2lnirii Tinerilor Ortodoc\u0219i 2026. Discursul nu a st\u00e2rnit entuziasm printre participan\u021bi\"><img loading=\"lazy\" decoding=\"async\" class=\"entry-thumb\" src=\"https:\/\/r3media.ro\/wp-content\/uploads\/2026\/09\/nicusor-dan-ito-2026-100x70.jpg\" alt title=\"Nicu\u0219or Dan, la deschiderea \u00cent\u00e2lnirii Tinerilor Ortodoc\u0219i 2026. Discursul nu a st\u00e2rnit entuziasm printre participan\u021bi\" width=\"100\" height=\"70\"><\/a><\/div>\n<div class=\"item-details\">\n<h3 class=\"entry-title td-module-title\"><a href=\"https:\/\/r3media.ro\/nicusor-dan-ito-2026-discursul-nu-a-starnit-entuziasm-printre-participanti\/\" rel=\"bookmark\" title=\"Nicu\u0219or Dan, la deschiderea \u00cent\u00e2lnirii Tinerilor Ortodoc\u0219i 2026. Discursul nu a st\u00e2rnit entuziasm printre participan\u021bi\">Nicu\u0219or Dan, la deschiderea \u00cent\u00e2lnirii Tinerilor Ortodoc\u0219i 2026. Discursul nu a&#8230;<\/a><\/h3>\n<div class=\"td-module-meta-info\"><span class=\"td-post-date\"><time class=\"entry-date updated td-module-date\" datetime=\"2026-09-01T16:11:08+03:00\">01\/09\/2026<\/time><\/span><\/div>\n<\/div>\n<\/div>\n<\/div>\n<div class=\"td-block-span12\">\n<div class=\"td_module_6 td_module_wrap td-animation-stack\">\n<div class=\"td-module-thumb\"><a href=\"https:\/\/r3media.ro\/studiu-copiii-roman-mult-timp-ecran-joaca-afara-parinti\/\" rel=\"bookmark\" class=\"td-image-wrap \" title=\"Studiu: Copiii rom\u00e2ni petrec mai mult timp \u00een fa\u021ba ecranului dec\u00e2t la joac\u0103, afar\u0103. P\u0103rin\u021bii prefer\u0103 s\u0103-\u0219i lase copiii nesupraveghea\u021bi \u00een fa\u021ba ecranului\"><img loading=\"lazy\" decoding=\"async\" class=\"entry-thumb\" src=\"https:\/\/r3media.ro\/wp-content\/uploads\/2022\/02\/bebelus-in-fata-ecranului-100x70.jpg\" alt title=\"Studiu: Copiii rom\u00e2ni petrec mai mult timp \u00een fa\u021ba ecranului dec\u00e2t la joac\u0103, afar\u0103. P\u0103rin\u021bii prefer\u0103 s\u0103-\u0219i lase copiii nesupraveghea\u021bi \u00een fa\u021ba ecranului\" width=\"100\" height=\"70\"><\/a><\/div>\n<div class=\"item-details\">\n<h3 class=\"entry-title td-module-title\"><a href=\"https:\/\/r3media.ro\/studiu-copiii-roman-mult-timp-ecran-joaca-afara-parinti\/\" rel=\"bookmark\" title=\"Studiu: Copiii rom\u00e2ni petrec mai mult timp \u00een fa\u021ba ecranului dec\u00e2t la joac\u0103, afar\u0103. P\u0103rin\u021bii prefer\u0103 s\u0103-\u0219i lase copiii nesupraveghea\u021bi \u00een fa\u021ba ecranului\">Studiu: Copiii rom\u00e2ni petrec mai mult timp \u00een fa\u021ba ecranului dec\u00e2t&#8230;<\/a><\/h3>\n<div class=\"td-module-meta-info\"><span class=\"td-post-date\"><time class=\"entry-date updated td-module-date\" datetime=\"2026-09-01T12:11:26+03:00\">01\/09\/2026<\/time><\/span><\/div>\n<\/div>\n<\/div>\n<\/div>\n<div class=\"td-block-span12\">\n<div class=\"td_module_6 td_module_wrap td-animation-stack\">\n<div class=\"td-module-thumb\"><a href=\"https:\/\/r3media.ro\/rusia-reitereaza-apelul-catre-diplomatii-straini-de-a-parasi-kievul\/\" rel=\"bookmark\" class=\"td-image-wrap \" title=\"Rusia reitereaz\u0103 apelul c\u0103tre diploma\u021bii str\u0103ini de a p\u0103r\u0103si Kievul\"><img loading=\"lazy\" decoding=\"async\" class=\"entry-thumb\" src=\"https:\/\/r3media.ro\/wp-content\/uploads\/2022\/09\/maria-zaharova-100x70.jpg\" alt title=\"Rusia reitereaz\u0103 apelul c\u0103tre diploma\u021bii str\u0103ini de a p\u0103r\u0103si Kievul\" width=\"100\" height=\"70\"><\/a><\/div>\n<div class=\"item-details\">\n<h3 class=\"entry-title td-module-title\"><a href=\"https:\/\/r3media.ro\/rusia-reitereaza-apelul-catre-diplomatii-straini-de-a-parasi-kievul\/\" rel=\"bookmark\" title=\"Rusia reitereaz\u0103 apelul c\u0103tre diploma\u021bii str\u0103ini de a p\u0103r\u0103si Kievul\">Rusia reitereaz\u0103 apelul c\u0103tre diploma\u021bii str\u0103ini de a p\u0103r\u0103si Kievul<\/a><\/h3>\n<div class=\"td-module-meta-info\"><span class=\"td-post-date\"><time class=\"entry-date updated td-module-date\" datetime=\"2026-09-01T11:17:37+03:00\">01\/09\/2026<\/time><\/span><\/div>\n<\/div>\n<\/div>\n<\/div>\n<div class=\"td-block-span12\">\n<div class=\"td_module_6 td_module_wrap td-animation-stack\">\n<div class=\"td-module-thumb\"><a href=\"https:\/\/r3media.ro\/1-septembrie-inceputul-noului-an-bisericesc-si-prima-zi-in-noul-an-traditional-romanesc\/\" rel=\"bookmark\" class=\"td-image-wrap \" title=\"Calendarul zilei: 1 septembrie, \u00eenceputul noului an bisericesc \u0219i prima zi \u00een noul an tradi\u021bional rom\u00e2nesc\"><img loading=\"lazy\" decoding=\"async\" class=\"entry-thumb\" src=\"https:\/\/r3media.ro\/wp-content\/uploads\/2021\/09\/1-septembrie-noul-an-bisericesc-100x70.jpg\" alt title=\"Calendarul zilei: 1 septembrie, \u00eenceputul noului an bisericesc \u0219i prima zi \u00een noul an tradi\u021bional rom\u00e2nesc\" width=\"100\" height=\"70\"><\/a><\/div>\n<div class=\"item-details\">\n<h3 class=\"entry-title td-module-title\"><a href=\"https:\/\/r3media.ro\/1-septembrie-inceputul-noului-an-bisericesc-si-prima-zi-in-noul-an-traditional-romanesc\/\" rel=\"bookmark\" title=\"Calendarul zilei: 1 septembrie, \u00eenceputul noului an bisericesc \u0219i prima zi \u00een noul an tradi\u021bional rom\u00e2nesc\">Calendarul zilei: 1 septembrie, \u00eenceputul noului an bisericesc \u0219i prima zi&#8230;<\/a><\/h3>\n<div class=\"td-module-meta-info\"><span class=\"td-post-date\"><time class=\"entry-date updated td-module-date\" datetime=\"2026-08-31T23:36:56+03:00\">31\/08\/2026<\/time><\/span><\/div>\n<\/div>\n<\/div>\n<\/div>\n<div class=\"td-block-span12\">\n<div class=\"td_module_6 td_module_wrap td-animation-stack\">\n<div class=\"td-module-thumb\"><a href=\"https:\/\/r3media.ro\/radu-georgescu-scadere-puternica-bursa-de-valori-bucuresti-bvb\/\" rel=\"bookmark\" class=\"td-image-wrap \" title=\"Radu Georgescu trage linie dup\u0103 o sc\u0103dere puternic\u0103 pe Bursa de Valori Bucure\u0219ti (BVB): S\u0103 fie economie\"><img loading=\"lazy\" decoding=\"async\" class=\"entry-thumb\" src=\"https:\/\/r3media.ro\/wp-content\/uploads\/2025\/08\/radu-georgescu-100x70.png\" alt title=\"Radu Georgescu trage linie dup\u0103 o sc\u0103dere puternic\u0103 pe Bursa de Valori Bucure\u0219ti (BVB): S\u0103 fie economie\" width=\"100\" height=\"70\"><\/a><\/div>\n<div class=\"item-details\">\n<h3 class=\"entry-title td-module-title\"><a href=\"https:\/\/r3media.ro\/radu-georgescu-scadere-puternica-bursa-de-valori-bucuresti-bvb\/\" rel=\"bookmark\" title=\"Radu Georgescu trage linie dup\u0103 o sc\u0103dere puternic\u0103 pe Bursa de Valori Bucure\u0219ti (BVB): S\u0103 fie economie\">Radu Georgescu trage linie dup\u0103 o sc\u0103dere puternic\u0103 pe Bursa de&#8230;<\/a><\/h3>\n<div class=\"td-module-meta-info\"><span class=\"td-post-date\"><time class=\"entry-date updated td-module-date\" datetime=\"2026-08-31T21:22:43+03:00\">31\/08\/2026<\/time><\/span><\/div>\n<\/div>\n<\/div>\n<\/div>\n<div class=\"td-block-span12\">\n<div class=\"td_module_6 td_module_wrap td-animation-stack\">\n<div class=\"td-module-thumb\"><a href=\"https:\/\/r3media.ro\/pilota-din-lana-merinos-sau-pilota-4-anotimpuri-ce-alegi-pentru-un-somn-perfect-in-orice-sezon\/\" rel=\"bookmark\" class=\"td-image-wrap \" title=\"Pilot\u0103 din l\u00e2n\u0103 merinos sau pilot\u0103 4 anotimpuri: ce alegi pentru un somn perfect \u00een orice sezon\"><img loading=\"lazy\" decoding=\"async\" class=\"entry-thumb\" src=\"https:\/\/r3media.ro\/wp-content\/uploads\/2026\/08\/pilot_din_ln_merinos_sau_pilot_4_anotimpuri_ce_alegi_pentru_un_somn_perfect_n_orice_sezon-100x70.jpg\" alt title=\"Pilot\u0103 din l\u00e2n\u0103 merinos sau pilot\u0103 4 anotimpuri: ce alegi pentru un somn perfect \u00een orice sezon\" width=\"100\" height=\"70\"><\/a><\/div>\n<div class=\"item-details\">\n<h3 class=\"entry-title td-module-title\"><a href=\"https:\/\/r3media.ro\/pilota-din-lana-merinos-sau-pilota-4-anotimpuri-ce-alegi-pentru-un-somn-perfect-in-orice-sezon\/\" rel=\"bookmark\" title=\"Pilot\u0103 din l\u00e2n\u0103 merinos sau pilot\u0103 4 anotimpuri: ce alegi pentru un somn perfect \u00een orice sezon\">Pilot\u0103 din l\u00e2n\u0103 merinos sau pilot\u0103 4 anotimpuri: ce alegi pentru&#8230;<\/a><\/h3>\n<div class=\"td-module-meta-info\"><span class=\"td-post-date\"><time class=\"entry-date updated td-module-date\" datetime=\"2026-08-31T19:14:48+03:00\">31\/08\/2026<\/time><\/span><\/div>\n<\/div>\n<\/div>\n<\/div>\n<\/div>\n<\/div>\n<aside class=\"td_block_template_1 widget widget_recent_comments\">\n<h4 class=\"block-title\"><span>INTR\u0102 \u00ceN DISCU\u021aIE!<\/span><\/h4>\n<ul id=\"recentcomments\">\n<li class=\"recentcomments\"><span class=\"comment-author-link\">anonim<\/span> la <a href=\"https:\/\/r3media.ro\/nicusor-dan-ito-2026-discursul-nu-a-starnit-entuziasm-printre-participanti\/#comment-40450\">Nicu\u0219or Dan, la deschiderea \u00cent\u00e2lnirii Tinerilor Ortodoc\u0219i 2026. Discursul nu a st\u00e2rnit entuziasm printre participan\u021bi<\/a><\/li>\n<li class=\"recentcomments\"><span class=\"comment-author-link\">Oct<\/span> la <a href=\"https:\/\/r3media.ro\/radu-georgescu-scadere-puternica-bursa-de-valori-bucuresti-bvb\/#comment-40449\">Radu Georgescu trage linie dup\u0103 o sc\u0103dere puternic\u0103 pe Bursa de Valori Bucure\u0219ti (BVB): S\u0103 fie economie<\/a><\/li>\n<li class=\"recentcomments\"><span class=\"comment-author-link\">David S<\/span> la <a href=\"https:\/\/r3media.ro\/radu-georgescu-scadere-puternica-bursa-de-valori-bucuresti-bvb\/#comment-40448\">Radu Georgescu trage linie dup\u0103 o sc\u0103dere puternic\u0103 pe Bursa de Valori Bucure\u0219ti (BVB): S\u0103 fie economie<\/a><\/li>\n<li class=\"recentcomments\"><span class=\"comment-author-link\">Un roman oarecare<\/span> la <a href=\"https:\/\/r3media.ro\/nemti-parasire-germania-afd-putere\/#comment-40447\">22% dintre nem\u021bi spun c\u0103 vor p\u0103r\u0103si \u021bara dac\u0103 AfD ajunge la putere<\/a><\/li>\n<li class=\"recentcomments\"><span class=\"comment-author-link\">Nelu<\/span> la <a href=\"https:\/\/r3media.ro\/nemti-parasire-germania-afd-putere\/#comment-40446\">22% dintre nem\u021bi spun c\u0103 vor p\u0103r\u0103si \u021bara dac\u0103 AfD ajunge la putere<\/a><\/li>\n<li class=\"recentcomments\"><span class=\"comment-author-link\">Nicu<\/span> la <a href=\"https:\/\/r3media.ro\/parteneriatul-strategic-sua\/#comment-40445\">Parteneriatul strategic cu SUA: alia\u021bi nu subordona\u021bi<\/a><\/li>\n<li class=\"recentcomments\"><span class=\"comment-author-link\">Drago\u0219<\/span> la <a href=\"https:\/\/r3media.ro\/george-simion-mesaj-votanti-nicusor-dan-pahontu\/#comment-40444\">VIDEO | George Simion, mesaj pentru votan\u021bii lui Nicu\u0219or Dan: Pahon\u021bu era securist de mult. Trezi\u021bi-v\u0103, nu suntem noi du\u0219manii vo\u0219tri!<\/a><\/li>\n<\/ul>\n<\/aside>\n<aside class=\"td_block_template_1 widget widget_search\">\n<h4 class=\"block-title\"><span>CAUT\u0102 \u0218I VEI G\u0102SI<\/span><\/h4>\n<\/aside>\n<\/div>\n<\/div>\n<\/div>\n<\/div>\n<\/div>\n<\/div>\n<\/div>\n<p><span class=\"td-page-meta\"><\/span><span class=\"td-page-meta\"><span class=\"td-page-meta\"><\/span><\/span><span class=\"td-page-meta\"><\/span><\/article>\n<\/p>\n<div class=\"td_block_wrap tdb_single_content tdi_20 td-pb-border-top td_block_template_1 td-post-content tagdiv-type\" data-td-block-uid=\"tdi_20\">\n<div class=\"tdb-block-inner td-fix-index\">\n<p><strong>Fostul cancelar german Angela Merkel a sosit mar\u021bi \u00een Rom\u00e2nia pentru a-\u0219i lansa volumul de memorii intitulat \u201eLibertate. Amintiri 1954 \u2013 2021\u201d.<\/strong><\/p>\n<p>P\u00e2n\u0103 la lansarea oficial\u0103, care are loc la Ateneul Rom\u00e2n \u00een aceast\u0103 sear\u0103, Angela Merkel se va \u00eent\u00e2lni cu pre\u0219edintele Rom\u00e2niei, despre care nu este ce clar ce rol are \u00eentr-un asemenea eveniment.<\/p>\n<p>La Ateneul Rom\u00e2n, lansarea va fi marcat\u0103 de o discu\u021bie cu Emil Hurezeanu \u0219i va fi moderat\u0103 de Ioana B\u00e2ldea Constantinescu, director de comunicare \u00een cadrul editurii Litera.<\/p>\n<p>Evenimentul va dura 90 de minute.<\/p>\n<p>P\u00e2n\u0103 \u00een acest moment, autoarea a participat la promovarea lucr\u0103rii sale doar \u00een ora\u0219e precum Berlin, Washington, Budapesta \u0219i Atena.<\/p>\n<div class=\"crp_related     crp-masonry\">\n<h2>\u00ceN CONTEXT<\/h2>\n<ul>\n<li><a href=\"https:\/\/r3media.ro\/angela-merkel-cancelar-german-afaceri-putin-polonia-state-baltice-vinovate-declansare-razboi-rusia-ucraina\/\" target=\"_blank\" class=\"crp_link post-113511\"><span class=\"crp_title\">Angela Merkel spune c\u0103 Polonia \u0219i statele baltice sunt vinovate de declan\u0219area r\u0103zboiului\u2026<\/span><\/a><\/li>\n<li><a href=\"https:\/\/r3media.ro\/ursula-von-der-leyen-votat-pentru-eliminare-energie-nucleara-germania-greseala-uriasa\/\" target=\"_blank\" class=\"crp_link post-115439\"><span class=\"crp_title\">Ursula von der Leyen a votat pentru eliminarea energiei nucleare de c\u0103tre Germania. Acum\u2026<\/span><\/a><\/li>\n<li><a href=\"https:\/\/r3media.ro\/bolojan-fritz-pnl-si-usr-germania\/\" target=\"_blank\" class=\"crp_link post-118635\"><span class=\"crp_title\">Bolojan, Fritz, PNL \u0219i USR. Adic\u0103 Germania<\/span><\/a><\/li>\n<li><a href=\"https:\/\/r3media.ro\/stefan-popescu-avertisment-germania-hegemon-europa\/\" target=\"_blank\" class=\"crp_link post-117147\"><span class=\"crp_title\">\u0218tefan Popescu avertizeaz\u0103 c\u0103 Germania urm\u0103re\u0219te s\u0103 devin\u0103 hegemonul militar al Europei<\/span><\/a><\/li>\n<li><a href=\"https:\/\/r3media.ro\/germania-tanara-ucraineanca-16-ani-impinsa-fata-trenului-irakian-31-de-ani-ucigas-scapa-inchisoare-spital-psihiatrie\/\" target=\"_blank\" class=\"crp_link post-115989\"><span class=\"crp_title\">Germania | O t\u00e2n\u0103r\u0103 ucraineanc\u0103 de 16 ani a fost \u00eempins\u0103 \u00een fa\u021ba trenului de un irakian de\u2026<\/span><\/a><\/li>\n<li><a href=\"https:\/\/r3media.ro\/polonia-tara-cumpara-aur-rezerve-banca-angliei-independenta-germania-control-varsovia\/\" target=\"_blank\" class=\"crp_link post-114972\"><span class=\"crp_title\">Polonia e \u021bara care cump\u0103r\u0103 cel mai mult aur \u0219i are o rezerv\u0103 mai mare dec\u00e2t cea de la Banca\u2026<\/span><\/a><\/li>\n<li><a href=\"https:\/\/r3media.ro\/mihail-neamtu-neeuropeana-imperiu-birocrati-bruxelles-inarmarea-germaniei\/\" target=\"_blank\" class=\"crp_link post-118770\"><span class=\"crp_title\">EXCLUSIVITATE Mihail Neam\u021bu: Exist\u0103 o tendin\u021b\u0103 neeuropean\u0103 de a se crea un imperiu condus de\u2026<\/span><\/a><\/li>\n<li><a href=\"https:\/\/r3media.ro\/actori-sportivi-oameni-de-afaceri-ong-germania-descurajare-nemti-saxonia-anhalt-vot-afd\/\" target=\"_blank\" class=\"crp_link post-121322\"><span class=\"crp_title\">Actori, sportivi, oameni de afaceri, Antifa \u0219i alte ONG-uri din Germania \u00ee\u0219i unesc for\u021bele\u2026<\/span><\/a><\/li>\n<\/ul>\n<\/div>\n<\/div>\n<\/div>\n<p>[analyse_source url=&#8221;https:\/\/r3media.ro\/angela-merkel-lansare-carte-bucuresti\/&#8221;]<\/p>\n","protected":false},"excerpt":{"rendered":"<p>[analyse_image type=&#8221;featured&#8221; src=&#8221;https:\/\/r3media.ro\/wp-content\/uploads\/2023\/03\/vladimir-putin-angela-merkel&#8211;e1788271369698.jpghttps:\/\/r3media.ro\/wp-content\/uploads\/2023\/03\/vladimir-putin-angela-merkel&#8211;e1788271369698.jpg&#8221;] PRIM PLANAngela Merkel \u00ee\u0219i lanseaz\u0103 la Bucure\u0219ti cartea de memorii, inclusiv la o&#8230; PRIM PLAN\u0218TIRI Angela Merkel \u00ee\u0219i lanseaz\u0103 la Bucure\u0219ti cartea de memorii, inclusiv la o \u00eent\u00e2lnire cu pre\u0219edintele Rom\u00e2niei Redac\u021bia 01\/09\/2026 Ad\u0103uga\u021bi R3media la sursele preferate din Google Fostul cancelar german Angela Merkel a sosit mar\u021bi \u00een Rom\u00e2nia pentru a-\u0219i [&hellip;]<\/p>\n","protected":false},"author":1,"featured_media":0,"comment_status":"open","ping_status":"","sticky":false,"template":"","format":"standard","meta":{"footnotes":""},"categories":[89],"tags":[226,93],"class_list":["post-2123379","post","type-post","status-publish","format-standard","hentry","category-romania","tag-crawlmanager","tag-r3media-ro"],"_links":{"self":[{"href":"https:\/\/analyse.optim.biz\/index.php?rest_route=\/wp\/v2\/posts\/2123379","targetHints":{"allow":["GET"]}}],"collection":[{"href":"https:\/\/analyse.optim.biz\/index.php?rest_route=\/wp\/v2\/posts"}],"about":[{"href":"https:\/\/analyse.optim.biz\/index.php?rest_route=\/wp\/v2\/types\/post"}],"author":[{"embeddable":true,"href":"https:\/\/analyse.optim.biz\/index.php?rest_route=\/wp\/v2\/users\/1"}],"replies":[{"embeddable":true,"href":"https:\/\/analyse.optim.biz\/index.php?rest_route=%2Fwp%2Fv2%2Fcomments&post=2123379"}],"version-history":[{"count":0,"href":"https:\/\/analyse.optim.biz\/index.php?rest_route=\/wp\/v2\/posts\/2123379\/revisions"}],"wp:attachment":[{"href":"https:\/\/analyse.optim.biz\/index.php?rest_route=%2Fwp%2Fv2%2Fmedia&parent=2123379"}],"wp:term":[{"taxonomy":"category","embeddable":true,"href":"https:\/\/analyse.optim.biz\/index.php?rest_route=%2Fwp%2Fv2%2Fcategories&post=2123379"},{"taxonomy":"post_tag","embeddable":true,"href":"https:\/\/analyse.optim.biz\/index.php?rest_route=%2Fwp%2Fv2%2Ftags&post=2123379"}],"curies":[{"name":"wp","href":"https:\/\/api.w.org\/{rel}","templated":true}]}}