{"id":2123374,"date":"2026-09-01T18:32:03","date_gmt":"2026-09-01T15:32:03","guid":{"rendered":"https:\/\/analyse.optim.biz\/?p=2123374"},"modified":"2026-09-01T18:32:03","modified_gmt":"2026-09-01T15:32:03","slug":"calendarul-zilei-2-septembrie-sf-mucenic-mamant-sf-ioan-postitorul","status":"publish","type":"post","link":"https:\/\/analyse.optim.biz\/?p=2123374","title":{"rendered":"Calendarul zilei 2 septembrie: Sf. Mucenic Mamant. Sf. Ioan Postitorul"},"content":{"rendered":"<p>[analyse_image type=&#8221;featured&#8221; src=&#8221;https:\/\/r3media.ro\/wp-content\/uploads\/2023\/09\/sddefault.jpghttps:\/\/r3media.ro\/wp-content\/uploads\/2023\/09\/sddefault.jpg&#8221;]<\/p>\n<article id=\"template-id-109\" class=\"post-109 tdb_templates type-tdb_templates status-publish post\">\n<div id=\"tdi_2\" class=\"tdc-zone\">\n<div class=\"tdc_zone tdi_3  wpb_row td-pb-row\">\n<div id=\"tdi_4\" class=\"tdc-row\">\n<div class=\"vc_row tdi_5  wpb_row td-pb-row\">\n<div class=\"vc_column tdi_7  wpb_column vc_column_container tdc-column td-pb-span8\">\n<div class=\"wpb_wrapper\">\n<div class=\"td_block_wrap tdb_breadcrumbs tdi_8 td-pb-border-top td_block_template_1 tdb-breadcrumbs \" data-td-block-uid=\"tdi_8\">\n<div class=\"tdb-block-inner td-fix-index\"><span><a title=\"Vede\u021bi toate articolele \u00een PRIM PLAN\" class=\"tdb-entry-crumb\" href=\"https:\/\/r3media.ro\/category\/stiri-prim-plan\/\">PRIM PLAN<\/a><\/span><span class=\"tdb-bred-no-url-last\">Calendarul zilei 2 septembrie: Sf. Mucenic Mamant. Sf. Ioan Postitorul<\/span><\/div>\n<\/div>\n<div class=\"td_block_wrap tdb_single_categories tdi_9 td-pb-border-top td_block_template_1 \" data-td-block-uid=\"tdi_9\">\n<div class=\"tdb-category td-fix-index\"><a class=\"tdb-entry-category\" href=\"https:\/\/r3media.ro\/category\/stiri-prim-plan\/\">PRIM PLAN<\/a><a class=\"tdb-entry-category\" href=\"https:\/\/r3media.ro\/category\/stiri\/\">\u0218TIRI<\/a><a class=\"tdb-entry-category\" href=\"https:\/\/r3media.ro\/category\/video-news\/\">VIDEO<\/a><\/div>\n<\/div>\n<div class=\"td_block_wrap tdb_title tdi_10 tdb-single-title td-pb-border-top td_block_template_1\" data-td-block-uid=\"tdi_10\">\n<div class=\"tdb-block-inner td-fix-index\">\n<h1 class=\"tdb-title-text\">Calendarul zilei 2 septembrie: Sf. Mucenic Mamant. Sf. Ioan Postitorul<\/h1>\n<\/div>\n<\/div>\n<div class=\"vc_row_inner tdi_12  vc_row vc_inner wpb_row td-pb-row\">\n<div class=\"vc_column_inner tdi_14  wpb_column vc_column_container tdc-inner-column td-pb-span12\">\n<div class=\"vc_column-inner\">\n<div class=\"wpb_wrapper\">\n<div class=\"td_block_wrap tdb_single_author tdi_15 td-pb-border-top td_block_template_1 tdb-post-meta\" data-td-block-uid=\"tdi_15\">\n<div class=\"tdb-block-inner td-fix-index\">\n<div class=\"tdb-author-name-wrap\"><a class=\"tdb-author-name\" href=\"https:\/\/r3media.ro\/author\/redactia\/\">Redac\u021bia<\/a><\/div>\n<\/div>\n<\/div>\n<div class=\"td_block_wrap tdb_single_date tdi_16 td-pb-border-top td_block_template_1 tdb-post-meta\" data-td-block-uid=\"tdi_16\">\n<div class=\"tdb-block-inner td-fix-index\"><time class=\"entry-date updated td-module-date\" datetime=\"2026-09-01T21:32:03+03:00\">01\/09\/2026<\/time><\/div>\n<\/div>\n<\/div>\n<\/div>\n<\/div>\n<\/div>\n<div class=\"wpb_wrapper td_block_wrap vc_raw_html tdi_19 \">\n<div class=\"td-fix-index\"><a href=\"https:\/\/www.google.com\/preferences\/source?q=r3media.ro\" target=\"_blank\" rel=\"noopener nofollow\">Ad\u0103uga\u021bi R3media la sursele preferate din Google<\/a><\/div>\n<\/div>\n<div class=\"td_block_wrap tdb_single_content tdi_20 td-pb-border-top td_block_template_1 td-post-content tagdiv-type\" data-td-block-uid=\"tdi_20\">\n<div class=\"tdb-block-inner td-fix-index\">\n<p><strong><span class=\"td_text_highlight_marker_red td_text_highlight_marker\">Sf\u00e2ntul Mucenic Mamant<\/span> a fost fiul patricianului Teodot, iar mama sa a fost Rufina. \u00cen timpul persecu\u021biilor din secolul al III-lea, ace\u0219tia au fost adu\u0219i din provincia Gangara la guvernatorul Cezareei Capadociei, Faust, unul dintre aprigii prigonitori ai cre\u0219tinilor. Fiind \u00eentemni\u021ba\u021bi, Rufina a n\u0103scut pe Sf\u00e2ntul Mamant \u00een temni\u021b\u0103, dup\u0103 care a murit fiind martirizat\u0103.<\/strong><\/p>\n<p>La porunca lui Dumnezeu o femeie pe nume Amina a luat \u00een grija sa pruncul Rufinei. Ajung\u00e2nd la maturitate, Sf\u00e2ntul Mamant s-a remarcat ca \u0219i p\u0103rin\u021bii s\u0103i \u00een m\u0103rturisirea credin\u021bei \u00een Domnul nostru Iisus Hristos.<\/p>\n<p>Fiind arestat de c\u0103tre delegatul \u00eemp\u0103ratului Aurelian (270-275), un anume Democrit, este trimis \u00een Egeea, unde se afla \u00eemp\u0103ratul, pentru a fi judecat \u0219i os\u00e2ndit chiar de \u00eemp\u0103rat, deoarece f\u0103cea parte dintr-o familie nobiliar\u0103.<\/p>\n<p>Nevr\u00e2nd s\u0103 renun\u021be la credin\u021b\u0103 \u0219i m\u0103rturisind pe M\u00e2ntuitorul Iisus Hristos ca singurul \u00cemp\u0103rat al cerului \u0219i al p\u0103m\u00e2ntului, el a fost supus la chinuri \u0219i a suferit moarte martiric\u0103 \u00een anul 275.<\/p>\n<h4><strong>Sf\u00e2ntul Ioan Postitorul, Patriarhul Constantinopolului (582-595)<\/strong><\/h4>\n<p>A tr\u0103it \u00een vremea \u00eemp\u0103ra\u021bilor Justin al II-lea (565-578), Tiberiu al II-lea (578-582) \u0219i Mauriciu (582-602). Patriarhul Eutihie al Constantinopolului l-a pov\u0103\u021buit s\u0103 \u00eembrace haina monahal\u0103.<\/p>\n<p>Dup\u0103 mutarea Patriarhului Eutihie la Domnul, Ioan a fost ales Patriarh \u00een locul lui. I se spune postitorul, pentru via\u021ba lui de postiri \u0219i rug\u0103ciuni necurmate.<\/p>\n<p>Pentru aceasta Dumnezeu l-a \u00eenvrednicit cu darul s\u0103v\u00e2r\u0219irii minunilor \u0219i al proorocirii. A fost \u00eengropat \u00een Biserica Sfin\u021bii Apostoli din Constantinopol.<\/p>\n<div class=\"crp_related     crp-masonry\">\n<h2>\u00ceN CONTEXT<\/h2>\n<ul>\n<li><a href=\"https:\/\/r3media.ro\/calendarul-zilei-4-ianuarie-soborul-sfintilor-70-de-apostoli\/\" target=\"_blank\" class=\"crp_link post-34856\"><span class=\"crp_title\">Calendarul zilei 4 ianuarie: Soborul Sfin\u021bilor 70 de apostoli<\/span><\/a><\/li>\n<li><a href=\"https:\/\/r3media.ro\/calendarul-zilei-9-mai-sf-proroc-isaia-sf-mc-hristofor-aducerea-la-bari-a-moastelor-sf-ier-nicolae\/\" target=\"_blank\" class=\"crp_link post-94576\"><span class=\"crp_title\">Calendarul zilei 9 mai: Sf. Proroc Isaia; Sf. Mc. Hristofor; Aducerea la Bari a moa\u0219telor\u2026<\/span><\/a><\/li>\n<li><a href=\"https:\/\/r3media.ro\/calendarul-zilei-22-iunie-sf-ierarh-grigorie-dascalul-mitropolitul-tarii-romanesti-sf-sfintit-mc-eusebiu-episcopul-samosatei\/\" target=\"_blank\" class=\"crp_link post-48963\"><span class=\"crp_title\">Calendarul zilei 22 iunie: Sf. Ierarh Grigorie Dasc\u0103lul, Mitropolitul \u021a\u0103rii Rom\u00e2ne\u0219ti; Sf.\u2026<\/span><\/a><\/li>\n<li><a href=\"https:\/\/r3media.ro\/calendarul-zilei-sfantul-mucenic-teodot-din-ancira\/\" target=\"_blank\" class=\"crp_link post-72912\"><span class=\"crp_title\">Calendarul zilei 18 mai: Sf\u00e2ntul Mucenic Teodot din Ancira<\/span><\/a><\/li>\n<li><a href=\"https:\/\/r3media.ro\/calendarul-zilei-7-ianuarie-sfantul-ioan-botezatorul-craciunul-pe-calendarul-vechi\/\" target=\"_blank\" class=\"crp_link post-10400\"><span class=\"crp_title\">Calendarul zilei 7 ianuarie: Sf\u00e2ntul Ioan Botez\u0103torul. Cr\u0103ciunul pe calendarul vechi<\/span><\/a><\/li>\n<li><a href=\"https:\/\/r3media.ro\/7-iunie-sfantul-sfintit-mucenic-teodot-sfantul-mucenic-zenaida-sfanta-cuvioasa-sebastiana-si-sfantul-cuvios-antim\/\" target=\"_blank\" class=\"crp_link post-74401\"><span class=\"crp_title\">Calendarul zilei 7 iunie: Sf\u00e2ntul Sfin\u0163it Mucenic Teodot, Sf\u00e2ntul Mucenic Zenaida, Sf\u00e2nta\u2026<\/span><\/a><\/li>\n<li><a href=\"https:\/\/r3media.ro\/2-iunie-sf-ioan-cel-nou-de-la-suceava\/\" target=\"_blank\" class=\"crp_link post-47639\"><span class=\"crp_title\">Calendarul zilei 2 iunie: Sf. Ioan cel Nou de la Suceava<\/span><\/a><\/li>\n<li><a href=\"https:\/\/r3media.ro\/calendarul-zilei-27-mai-sf-ioan-rusul\/\" target=\"_blank\" class=\"crp_link post-47187\"><span class=\"crp_title\">Calendarul zilei 27 mai: Sf. Ioan Rusul<\/span><\/a><\/li>\n<\/ul>\n<\/div>\n<\/div>\n<\/div>\n<div class=\"td_block_wrap tdb_single_tags tdi_21 td-pb-border-top td_block_template_1\" data-td-block-uid=\"tdi_21\">\n<div class=\"tdb-block-inner td-fix-index\">\n<ul class=\"tdb-tags\">\n<li><span>SUBIECTE FIERBIN\u021aI<\/span><\/li>\n<li><a href=\"https:\/\/r3media.ro\/tag\/calendar-ortodox\/\">calendar ortodox<\/a><\/li>\n<li><a href=\"https:\/\/r3media.ro\/tag\/calendarul-zilei\/\">calendarul zilei<\/a><\/li>\n<li><a href=\"https:\/\/r3media.ro\/tag\/calendarul-zilei-2-septembrie\/\">calendarul zilei 2 septembrie<\/a><\/li>\n<\/ul>\n<\/div>\n<\/div>\n<div class=\"td_block_wrap td_block_9 tdi_22 td_with_ajax_pagination td-pb-border-top td_block_template_1 td-column-2 td_block_padding td_block_bot_line\" data-td-block-uid=\"tdi_22\">\n<div class=\"td-block-title-wrap\">\n<h4 class=\"block-title td-block-title\"><span class=\"td-pulldown-size\">CITE\u0218TE MAI MULT<\/span><\/h4>\n<\/div>\n<div id=\"tdi_22\" class=\"td_block_inner\">\n<div class=\"td-block-row\">\n<div class=\"td-block-span6\">\n<div class=\"td_module_8 td_module_wrap\">\n<div class=\"item-details\">\n<h3 class=\"entry-title td-module-title\"><a href=\"https:\/\/r3media.ro\/cod-urbanism-interzicere-masini-oras-15-minute\/\" rel=\"bookmark\" title=\"A fost adoptat noul Cod al Urbanismului. Interzicerea ma\u0219inilor poluante \u00een unele zone urbane, ora\u0219ul de 15 minute devin norme\">A fost adoptat noul Cod al Urbanismului. Interzicerea ma\u0219inilor poluante \u00een unele zone urbane,&#8230;<\/a><\/h3>\n<div class=\"td-module-meta-info\"><a href=\"https:\/\/r3media.ro\/category\/stiri\/\" class=\"td-post-category\">\u0218TIRI<\/a><span class=\"td-post-author-name\"><a href=\"https:\/\/r3media.ro\/author\/teodor_stan\/\">Teodor Stan<\/a><span>&#8211;<\/span><\/span><span class=\"td-post-date\"><time class=\"entry-date updated td-module-date\" datetime=\"2026-08-27T11:31:03+03:00\">27\/08\/2026<\/time><\/span><\/div>\n<\/div>\n<\/div>\n<\/div>\n<div class=\"td-block-span6\">\n<div class=\"td_module_8 td_module_wrap\">\n<div class=\"item-details\">\n<h3 class=\"entry-title td-module-title\"><a href=\"https:\/\/r3media.ro\/actor-alex-bogdan-nicusor-dan-video\/\" rel=\"bookmark\" title=\"VIDEO | Actorul Alex Bogdan: \u00cemi e sc\u00e2rb\u0103 c\u0103 mi-am pus la b\u0103taie reputa\u021bia, familia \u0219i energia pentru Nicu\u0219or Dan. Pentru ce? Dac\u0103-l v\u0103d vreodat\u0103 \u00een fa\u021ba mea, \u00eel scuip!\">VIDEO | Actorul Alex Bogdan: \u00cemi e sc\u00e2rb\u0103 c\u0103 mi-am pus la b\u0103taie reputa\u021bia,&#8230;<\/a><\/h3>\n<div class=\"td-module-meta-info\"><a href=\"https:\/\/r3media.ro\/category\/stiri\/\" class=\"td-post-category\">\u0218TIRI<\/a><span class=\"td-post-author-name\"><a href=\"https:\/\/r3media.ro\/author\/oana\/\">Oana Ivan<\/a><span>&#8211;<\/span><\/span><span class=\"td-post-date\"><time class=\"entry-date updated td-module-date\" datetime=\"2026-08-28T21:43:58+03:00\">28\/08\/2026<\/time><\/span><\/div>\n<\/div>\n<\/div>\n<\/div>\n<\/div>\n<div class=\"td-block-row\">\n<div class=\"td-block-span6\">\n<div class=\"td_module_8 td_module_wrap\">\n<div class=\"item-details\">\n<h3 class=\"entry-title td-module-title\"><a href=\"https:\/\/r3media.ro\/stapanul-inelelor-vanatoarea-lui-gollum-regizor-andy-serkis-actori-intineriti-inteligenta-artificiala\/\" rel=\"bookmark\" title=\"St\u0103p\u00e2nul Inelelor: V\u00e2n\u0103toarea lui Gollum. Regizorul Andy Serkis a confirmat c\u0103 actorii originari care revin vor fi \u00eentineri\u021bi cu ajutorul inteligen\u021bei artificiale (IA)\">St\u0103p\u00e2nul Inelelor: V\u00e2n\u0103toarea lui Gollum. Regizorul Andy Serkis a confirmat c\u0103 actorii originari care&#8230;<\/a><\/h3>\n<div class=\"td-module-meta-info\"><a href=\"https:\/\/r3media.ro\/category\/actualitate\/\" class=\"td-post-category\">ACTUALITATE<\/a><span class=\"td-post-author-name\"><a href=\"https:\/\/r3media.ro\/author\/oana\/\">Oana Ivan<\/a><span>&#8211;<\/span><\/span><span class=\"td-post-date\"><time class=\"entry-date updated td-module-date\" datetime=\"2026-08-28T21:45:04+03:00\">28\/08\/2026<\/time><\/span><\/div>\n<\/div>\n<\/div>\n<\/div>\n<div class=\"td-block-span6\">\n<div class=\"td_module_8 td_module_wrap\">\n<div class=\"item-details\">\n<h3 class=\"entry-title td-module-title\"><a href=\"https:\/\/r3media.ro\/america-implicare-capete-razboiul-din-iugoslavia\/\" rel=\"bookmark\" title=\"Cum a jucat America la toate capetele r\u0103zboiului din fosta Iugoslavie\">Cum a jucat America la toate capetele r\u0103zboiului din fosta Iugoslavie<\/a><\/h3>\n<div class=\"td-module-meta-info\"><a href=\"https:\/\/r3media.ro\/category\/actualitate\/\" class=\"td-post-category\">ACTUALITATE<\/a><span class=\"td-post-author-name\"><a href=\"https:\/\/r3media.ro\/author\/radu_ursan\/\">Radu Ursan<\/a><span>&#8211;<\/span><\/span><span class=\"td-post-date\"><time class=\"entry-date updated td-module-date\" datetime=\"2026-08-26T19:58:22+03:00\">26\/08\/2026<\/time><\/span><\/div>\n<\/div>\n<\/div>\n<\/div>\n<\/div>\n<div class=\"td-block-row\">\n<div class=\"td-block-span6\">\n<div class=\"td_module_8 td_module_wrap\">\n<div class=\"item-details\">\n<h3 class=\"entry-title td-module-title\"><a href=\"https:\/\/r3media.ro\/jurnalista-liliana-ruse-digi24-cancer-tratament-povara-financiara\/\" rel=\"bookmark\" title=\"Jurnalista Liliana Ruse de la Digi24 se lupt\u0103 cu o form\u0103 de cancer \u0219i \u00ee\u0219i procur\u0103 singur\u0103 tratamentul: Nu mi se pare normal s\u0103 mai suport o asemenea povar\u0103 financiar\u0103\">Jurnalista Liliana Ruse de la Digi24 se lupt\u0103 cu o form\u0103 de cancer \u0219i&#8230;<\/a><\/h3>\n<div class=\"td-module-meta-info\"><a href=\"https:\/\/r3media.ro\/category\/actualitate\/\" class=\"td-post-category\">ACTUALITATE<\/a><span class=\"td-post-author-name\"><a href=\"https:\/\/r3media.ro\/author\/oana\/\">Oana Ivan<\/a><span>&#8211;<\/span><\/span><span class=\"td-post-date\"><time class=\"entry-date updated td-module-date\" datetime=\"2026-08-26T11:35:58+03:00\">26\/08\/2026<\/time><\/span><\/div>\n<\/div>\n<\/div>\n<\/div>\n<div class=\"td-block-span6\">\n<div class=\"td_module_8 td_module_wrap\">\n<div class=\"item-details\">\n<h3 class=\"entry-title td-module-title\"><a href=\"https:\/\/r3media.ro\/asociatia-parakletos-ong-banci-franci-elvetieni\/\" rel=\"bookmark\" title=\"Asocia\u021bia Parakletos a disp\u0103rut, oficial. ONG-ul a fost distrus de procesul contra b\u0103ncilor care oferiser\u0103 credite \u00een franci elve\u021bieni\">Asocia\u021bia Parakletos a disp\u0103rut, oficial. ONG-ul a fost distrus de procesul contra b\u0103ncilor care&#8230;<\/a><\/h3>\n<div class=\"td-module-meta-info\"><a href=\"https:\/\/r3media.ro\/category\/actualitate\/\" class=\"td-post-category\">ACTUALITATE<\/a><span class=\"td-post-author-name\"><a href=\"https:\/\/r3media.ro\/author\/redactia\/\">Redac\u021bia<\/a><span>&#8211;<\/span><\/span><span class=\"td-post-date\"><time class=\"entry-date updated td-module-date\" datetime=\"2026-08-24T11:50:15+03:00\">24\/08\/2026<\/time><\/span><\/div>\n<\/div>\n<\/div>\n<\/div>\n<\/div>\n<div class=\"td-block-row\">\n<div class=\"td-block-span6\">\n<div class=\"td_module_8 td_module_wrap\">\n<div class=\"item-details\">\n<h3 class=\"entry-title td-module-title\"><a href=\"https:\/\/r3media.ro\/drona-aeriana-incarcata-explozibil-ajunsa-plaja-tuzla-ucraineana\/\" rel=\"bookmark\" title=\"VIDEO | O dron\u0103 aerian\u0103 \u00eenc\u0103rcat\u0103 cu explozibil \u0219i ajuns\u0103 pe plaja Tuzla s-a dovedit a fi ucrainean\u0103\">VIDEO | O dron\u0103 aerian\u0103 \u00eenc\u0103rcat\u0103 cu explozibil \u0219i ajuns\u0103 pe plaja Tuzla s-a&#8230;<\/a><\/h3>\n<div class=\"td-module-meta-info\"><a href=\"https:\/\/r3media.ro\/category\/actualitate\/\" class=\"td-post-category\">ACTUALITATE<\/a><span class=\"td-post-author-name\"><a href=\"https:\/\/r3media.ro\/author\/oana\/\">Oana Ivan<\/a><span>&#8211;<\/span><\/span><span class=\"td-post-date\"><time class=\"entry-date updated td-module-date\" datetime=\"2026-08-22T21:13:17+03:00\">22\/08\/2026<\/time><\/span><\/div>\n<\/div>\n<\/div>\n<\/div>\n<div class=\"td-block-span6\">\n<div class=\"td_module_8 td_module_wrap\">\n<div class=\"item-details\">\n<h3 class=\"entry-title td-module-title\"><a href=\"https:\/\/r3media.ro\/stapanul-ineleor-inelele-puterii-producator-patrick-mckay-public\/\" rel=\"bookmark\" title=\"St\u0103p\u00e2nul Inelelor: Inelele Puterii. Produc\u0103torul Patrick McKay: Nu cred c\u0103 publicul este cu adev\u0103rat preg\u0103tit pentru ceea ce urmeaz\u0103 de data aceasta\">St\u0103p\u00e2nul Inelelor: Inelele Puterii. Produc\u0103torul Patrick McKay: Nu cred c\u0103 publicul este cu adev\u0103rat&#8230;<\/a><\/h3>\n<div class=\"td-module-meta-info\"><a href=\"https:\/\/r3media.ro\/category\/actualitate\/\" class=\"td-post-category\">ACTUALITATE<\/a><span class=\"td-post-author-name\"><a href=\"https:\/\/r3media.ro\/author\/oana\/\">Oana Ivan<\/a><span>&#8211;<\/span><\/span><span class=\"td-post-date\"><time class=\"entry-date updated td-module-date\" datetime=\"2026-08-21T23:24:20+03:00\">21\/08\/2026<\/time><\/span><\/div>\n<\/div>\n<\/div>\n<\/div>\n<\/div>\n<div class=\"td-block-row\">\n<div class=\"td-block-span6\">\n<div class=\"td_module_8 td_module_wrap\">\n<div class=\"item-details\">\n<h3 class=\"entry-title td-module-title\"><a href=\"https:\/\/r3media.ro\/ultimul-climat\/\" rel=\"bookmark\" title=\"Ultimul climat\u00a0\u00a0\u00a0\u00a0\u00a0\">Ultimul climat\u00a0\u00a0\u00a0\u00a0\u00a0<\/a><\/h3>\n<div class=\"td-module-meta-info\"><a href=\"https:\/\/r3media.ro\/category\/opinii\/\" class=\"td-post-category\">OPINII<\/a><span class=\"td-post-author-name\"><a href=\"https:\/\/r3media.ro\/author\/tru\/\">TRU (Traian Ungureanu)<\/a><span>&#8211;<\/span><\/span><span class=\"td-post-date\"><time class=\"entry-date updated td-module-date\" datetime=\"2026-08-20T19:12:13+03:00\">20\/08\/2026<\/time><\/span><\/div>\n<\/div>\n<\/div>\n<\/div>\n<div class=\"td-block-span6\">\n<div class=\"td_module_8 td_module_wrap\">\n<div class=\"item-details\">\n<h3 class=\"entry-title td-module-title\"><a href=\"https:\/\/r3media.ro\/presedintele-serbiei-razboiul-din-ucraina\/\" rel=\"bookmark\" title=\"Pre\u0219edintele Serbiei nu crede c\u0103 r\u0103zboiul din Ucraina se termin\u0103 cur\u00e2nd: Cred c\u0103 ne afl\u0103m la \u00eenceputul unui r\u0103zboi mult, mult mai mare\">Pre\u0219edintele Serbiei nu crede c\u0103 r\u0103zboiul din Ucraina se termin\u0103 cur\u00e2nd: Cred c\u0103 ne&#8230;<\/a><\/h3>\n<div class=\"td-module-meta-info\"><a href=\"https:\/\/r3media.ro\/category\/actualitate\/\" class=\"td-post-category\">ACTUALITATE<\/a><span class=\"td-post-author-name\"><a href=\"https:\/\/r3media.ro\/author\/teodor_stan\/\">Teodor Stan<\/a><span>&#8211;<\/span><\/span><span class=\"td-post-date\"><time class=\"entry-date updated td-module-date\" datetime=\"2026-08-10T12:22:44+03:00\">10\/08\/2026<\/time><\/span><\/div>\n<\/div>\n<\/div>\n<\/div>\n<\/div>\n<div class=\"td-block-row\">\n<div class=\"td-block-span6\">\n<div class=\"td_module_8 td_module_wrap\">\n<div class=\"item-details\">\n<h3 class=\"entry-title td-module-title\"><a href=\"https:\/\/r3media.ro\/fara-apa-fara-curent-fara-viitor-cum-au-sacrificat-pro-europenii-romania-pe-altarul-ecologiei-ieftine\/\" rel=\"bookmark\" title=\"F\u0103r\u0103 ap\u0103, f\u0103r\u0103 curent, f\u0103r\u0103 viitor: cum au sacrificat pro-europenii Rom\u00e2nia pe altarul ecologiei ieftine\">F\u0103r\u0103 ap\u0103, f\u0103r\u0103 curent, f\u0103r\u0103 viitor: cum au sacrificat pro-europenii Rom\u00e2nia pe altarul ecologiei&#8230;<\/a><\/h3>\n<div class=\"td-module-meta-info\"><a href=\"https:\/\/r3media.ro\/category\/actualitate\/\" class=\"td-post-category\">ACTUALITATE<\/a><span class=\"td-post-author-name\"><a href=\"https:\/\/r3media.ro\/author\/paul_lazar\/\">Paul-Daniel Laz\u0103r<\/a><span>&#8211;<\/span><\/span><span class=\"td-post-date\"><time class=\"entry-date updated td-module-date\" datetime=\"2026-08-08T22:30:54+03:00\">08\/08\/2026<\/time><\/span><\/div>\n<\/div>\n<\/div>\n<\/div>\n<div class=\"td-block-span6\">\n<div class=\"td_module_8 td_module_wrap\">\n<div class=\"item-details\">\n<h3 class=\"entry-title td-module-title\"><a href=\"https:\/\/r3media.ro\/show-iluzie-si-realitate-de-la-the-truman-show-la-son-of-a-rich\/\" rel=\"bookmark\" title=\"Show, iluzie \u0219i realitate: de la The Truman Show la Son of a Rich\">Show, iluzie \u0219i realitate: de la The Truman Show la Son of a Rich<\/a><\/h3>\n<div class=\"td-module-meta-info\"><a href=\"https:\/\/r3media.ro\/category\/actualitate\/\" class=\"td-post-category\">ACTUALITATE<\/a><span class=\"td-post-author-name\"><a href=\"https:\/\/r3media.ro\/author\/costi_balasoiu\/\">Constantin B\u0103l\u0103\u0219oiu<\/a><span>&#8211;<\/span><\/span><span class=\"td-post-date\"><time class=\"entry-date updated td-module-date\" datetime=\"2026-08-08T15:30:25+03:00\">08\/08\/2026<\/time><\/span><\/div>\n<\/div>\n<\/div>\n<\/div>\n<\/div>\n<\/div>\n<div class=\"td-load-more-wrap td-load-more-infinite-wrap\" id=\"infinite-lm-tdi_22\"><a href=\"https:\/\/r3media.ro\/calendarul-zilei-2-septembrie-sf-mucenic-mamant\/\" class=\"td_ajax_load_more td_ajax_load_more_js\" aria-label=\"\u00cenc\u0103rca\u021bi mai multe\" id=\"next-page-tdi_22\" data-td_block_id=\"tdi_22\">\u00cenc\u0103rca\u021bi mai multe<\/a><\/div>\n<\/div>\n<div class=\"td_block_wrap tdb_single_comments tdi_23 tdb-comm-layout2 td-pb-border-top td_block_template_1\" data-td-block-uid=\"tdi_23\">\n<div class=\"tdb-block-inner td-fix-index\">\n<div class=\"comments\" id=\"comments\">\n<div id=\"respond\" class=\"comment-respond\">\n<h3 id=\"reply-title\" class=\"comment-reply-title\">AI CEVA DE SPUS? <small><a rel=\"nofollow\" id=\"cancel-comment-reply-link\" href=\"https:\/\/r3media.ro\/calendarul-zilei-2-septembrie-sf-mucenic-mamant\/#respond\">Renun\u021ba\u021bi la r\u0103spuns<\/a><\/small><\/h3>\n<div class=\"comment-form-input-wrap td-form-comment\">\n<div class=\"td-warning-comment\">V\u0103 rug\u0103m s\u0103 introduce\u021bi comentariul dvs.!<\/div>\n<\/div>\n<div class=\"comment-form-input-wrap td-form-author\">\n<div class=\"td-warning-author\">Introduce\u021bi aici numele dvs.<\/div>\n<\/div>\n<div class=\"comment-form-input-wrap td-form-email\">\n<div class=\"td-warning-email-error\">A\u021bi introdus o adres\u0103 de e-mail incorect\u0103!<\/div>\n<div class=\"td-warning-email\">V\u0103 rug\u0103m s\u0103 introduce\u021bi adresa dvs. de e-mail aici<\/div>\n<\/div>\n<\/div>\n<\/div>\n<\/div>\n<\/div>\n<\/div>\n<\/div>\n<div class=\"vc_column tdi_25  wpb_column vc_column_container tdc-column td-pb-span4 td-is-sticky\">\n<div class=\"wpb_wrapper\" data-sticky-enabled-on=\"W3RydWUsdHJ1ZSx0cnVlLHRydWVd\" data-sticky-offset=\"20\" data-sticky-is-width-auto=\"W2ZhbHNlLGZhbHNlLGZhbHNlLGZhbHNlXQ==\">\n<div class=\"wpb_wrapper td_block_wrap vc_widget_sidebar tdi_27 \">\n<div class=\"td_block_wrap td_block_7 td_block_widget tdi_28 td-pb-border-top td_block_template_1 td-column-1 td_block_padding\" data-td-block-uid=\"tdi_28\">\n<div class=\"td-block-title-wrap\">\n<h4 class=\"block-title td-block-title\"><span class=\"td-pulldown-size\">Articole RELA\u021aIONATE<\/span><\/h4>\n<\/div>\n<div id=\"tdi_28\" class=\"td_block_inner\">\n<div class=\"td-block-span12\">\n<div class=\"td_module_6 td_module_wrap td-animation-stack\">\n<div class=\"td-module-thumb\"><a href=\"https:\/\/r3media.ro\/angela-merkel-lansare-carte-bucuresti\/\" rel=\"bookmark\" class=\"td-image-wrap \" title=\"Angela Merkel \u00ee\u0219i lanseaz\u0103 la Bucure\u0219ti cartea de memorii, inclusiv la o \u00eent\u00e2lnire cu pre\u0219edintele Rom\u00e2niei\"><img loading=\"lazy\" decoding=\"async\" class=\"entry-thumb\" src=\"https:\/\/r3media.ro\/wp-content\/uploads\/2023\/03\/vladimir-putin-angela-merkel--100x70.jpg\" alt title=\"Angela Merkel \u00ee\u0219i lanseaz\u0103 la Bucure\u0219ti cartea de memorii, inclusiv la o \u00eent\u00e2lnire cu pre\u0219edintele Rom\u00e2niei\" width=\"100\" height=\"70\"><\/a><\/div>\n<div class=\"item-details\">\n<h3 class=\"entry-title td-module-title\"><a href=\"https:\/\/r3media.ro\/angela-merkel-lansare-carte-bucuresti\/\" rel=\"bookmark\" title=\"Angela Merkel \u00ee\u0219i lanseaz\u0103 la Bucure\u0219ti cartea de memorii, inclusiv la o \u00eent\u00e2lnire cu pre\u0219edintele Rom\u00e2niei\">Angela Merkel \u00ee\u0219i lanseaz\u0103 la Bucure\u0219ti cartea de memorii, inclusiv la&#8230;<\/a><\/h3>\n<div class=\"td-module-meta-info\"><span class=\"td-post-date\"><time class=\"entry-date updated td-module-date\" datetime=\"2026-09-01T17:03:12+03:00\">01\/09\/2026<\/time><\/span><\/div>\n<\/div>\n<\/div>\n<\/div>\n<div class=\"td-block-span12\">\n<div class=\"td_module_6 td_module_wrap td-animation-stack\">\n<div class=\"td-module-thumb\"><a href=\"https:\/\/r3media.ro\/nicusor-dan-ito-2026-discursul-nu-a-starnit-entuziasm-printre-participanti\/\" rel=\"bookmark\" class=\"td-image-wrap \" title=\"Nicu\u0219or Dan, la deschiderea \u00cent\u00e2lnirii Tinerilor Ortodoc\u0219i 2026. Discursul nu a st\u00e2rnit entuziasm printre participan\u021bi\"><img loading=\"lazy\" decoding=\"async\" class=\"entry-thumb\" src=\"https:\/\/r3media.ro\/wp-content\/uploads\/2026\/09\/nicusor-dan-ito-2026-100x70.jpg\" alt title=\"Nicu\u0219or Dan, la deschiderea \u00cent\u00e2lnirii Tinerilor Ortodoc\u0219i 2026. Discursul nu a st\u00e2rnit entuziasm printre participan\u021bi\" width=\"100\" height=\"70\"><\/a><\/div>\n<div class=\"item-details\">\n<h3 class=\"entry-title td-module-title\"><a href=\"https:\/\/r3media.ro\/nicusor-dan-ito-2026-discursul-nu-a-starnit-entuziasm-printre-participanti\/\" rel=\"bookmark\" title=\"Nicu\u0219or Dan, la deschiderea \u00cent\u00e2lnirii Tinerilor Ortodoc\u0219i 2026. Discursul nu a st\u00e2rnit entuziasm printre participan\u021bi\">Nicu\u0219or Dan, la deschiderea \u00cent\u00e2lnirii Tinerilor Ortodoc\u0219i 2026. Discursul nu a&#8230;<\/a><\/h3>\n<div class=\"td-module-meta-info\"><span class=\"td-post-date\"><time class=\"entry-date updated td-module-date\" datetime=\"2026-09-01T16:11:08+03:00\">01\/09\/2026<\/time><\/span><\/div>\n<\/div>\n<\/div>\n<\/div>\n<div class=\"td-block-span12\">\n<div class=\"td_module_6 td_module_wrap td-animation-stack\">\n<div class=\"td-module-thumb\"><a href=\"https:\/\/r3media.ro\/studiu-copiii-roman-mult-timp-ecran-joaca-afara-parinti\/\" rel=\"bookmark\" class=\"td-image-wrap \" title=\"Studiu: Copiii rom\u00e2ni petrec mai mult timp \u00een fa\u021ba ecranului dec\u00e2t la joac\u0103, afar\u0103. P\u0103rin\u021bii prefer\u0103 s\u0103-\u0219i lase copiii nesupraveghea\u021bi \u00een fa\u021ba ecranului\"><img loading=\"lazy\" decoding=\"async\" class=\"entry-thumb\" src=\"https:\/\/r3media.ro\/wp-content\/uploads\/2022\/02\/bebelus-in-fata-ecranului-100x70.jpg\" alt title=\"Studiu: Copiii rom\u00e2ni petrec mai mult timp \u00een fa\u021ba ecranului dec\u00e2t la joac\u0103, afar\u0103. P\u0103rin\u021bii prefer\u0103 s\u0103-\u0219i lase copiii nesupraveghea\u021bi \u00een fa\u021ba ecranului\" width=\"100\" height=\"70\"><\/a><\/div>\n<div class=\"item-details\">\n<h3 class=\"entry-title td-module-title\"><a href=\"https:\/\/r3media.ro\/studiu-copiii-roman-mult-timp-ecran-joaca-afara-parinti\/\" rel=\"bookmark\" title=\"Studiu: Copiii rom\u00e2ni petrec mai mult timp \u00een fa\u021ba ecranului dec\u00e2t la joac\u0103, afar\u0103. P\u0103rin\u021bii prefer\u0103 s\u0103-\u0219i lase copiii nesupraveghea\u021bi \u00een fa\u021ba ecranului\">Studiu: Copiii rom\u00e2ni petrec mai mult timp \u00een fa\u021ba ecranului dec\u00e2t&#8230;<\/a><\/h3>\n<div class=\"td-module-meta-info\"><span class=\"td-post-date\"><time class=\"entry-date updated td-module-date\" datetime=\"2026-09-01T12:11:26+03:00\">01\/09\/2026<\/time><\/span><\/div>\n<\/div>\n<\/div>\n<\/div>\n<div class=\"td-block-span12\">\n<div class=\"td_module_6 td_module_wrap td-animation-stack\">\n<div class=\"td-module-thumb\"><a href=\"https:\/\/r3media.ro\/rusia-reitereaza-apelul-catre-diplomatii-straini-de-a-parasi-kievul\/\" rel=\"bookmark\" class=\"td-image-wrap \" title=\"Rusia reitereaz\u0103 apelul c\u0103tre diploma\u021bii str\u0103ini de a p\u0103r\u0103si Kievul\"><img loading=\"lazy\" decoding=\"async\" class=\"entry-thumb\" src=\"https:\/\/r3media.ro\/wp-content\/uploads\/2022\/09\/maria-zaharova-100x70.jpg\" alt title=\"Rusia reitereaz\u0103 apelul c\u0103tre diploma\u021bii str\u0103ini de a p\u0103r\u0103si Kievul\" width=\"100\" height=\"70\"><\/a><\/div>\n<div class=\"item-details\">\n<h3 class=\"entry-title td-module-title\"><a href=\"https:\/\/r3media.ro\/rusia-reitereaza-apelul-catre-diplomatii-straini-de-a-parasi-kievul\/\" rel=\"bookmark\" title=\"Rusia reitereaz\u0103 apelul c\u0103tre diploma\u021bii str\u0103ini de a p\u0103r\u0103si Kievul\">Rusia reitereaz\u0103 apelul c\u0103tre diploma\u021bii str\u0103ini de a p\u0103r\u0103si Kievul<\/a><\/h3>\n<div class=\"td-module-meta-info\"><span class=\"td-post-date\"><time class=\"entry-date updated td-module-date\" datetime=\"2026-09-01T11:17:37+03:00\">01\/09\/2026<\/time><\/span><\/div>\n<\/div>\n<\/div>\n<\/div>\n<div class=\"td-block-span12\">\n<div class=\"td_module_6 td_module_wrap td-animation-stack\">\n<div class=\"td-module-thumb\"><a href=\"https:\/\/r3media.ro\/1-septembrie-inceputul-noului-an-bisericesc-si-prima-zi-in-noul-an-traditional-romanesc\/\" rel=\"bookmark\" class=\"td-image-wrap \" title=\"Calendarul zilei: 1 septembrie, \u00eenceputul noului an bisericesc \u0219i prima zi \u00een noul an tradi\u021bional rom\u00e2nesc\"><img loading=\"lazy\" decoding=\"async\" class=\"entry-thumb\" src=\"https:\/\/r3media.ro\/wp-content\/uploads\/2021\/09\/1-septembrie-noul-an-bisericesc-100x70.jpg\" alt title=\"Calendarul zilei: 1 septembrie, \u00eenceputul noului an bisericesc \u0219i prima zi \u00een noul an tradi\u021bional rom\u00e2nesc\" width=\"100\" height=\"70\"><\/a><\/div>\n<div class=\"item-details\">\n<h3 class=\"entry-title td-module-title\"><a href=\"https:\/\/r3media.ro\/1-septembrie-inceputul-noului-an-bisericesc-si-prima-zi-in-noul-an-traditional-romanesc\/\" rel=\"bookmark\" title=\"Calendarul zilei: 1 septembrie, \u00eenceputul noului an bisericesc \u0219i prima zi \u00een noul an tradi\u021bional rom\u00e2nesc\">Calendarul zilei: 1 septembrie, \u00eenceputul noului an bisericesc \u0219i prima zi&#8230;<\/a><\/h3>\n<div class=\"td-module-meta-info\"><span class=\"td-post-date\"><time class=\"entry-date updated td-module-date\" datetime=\"2026-08-31T23:36:56+03:00\">31\/08\/2026<\/time><\/span><\/div>\n<\/div>\n<\/div>\n<\/div>\n<div class=\"td-block-span12\">\n<div class=\"td_module_6 td_module_wrap td-animation-stack\">\n<div class=\"td-module-thumb\"><a href=\"https:\/\/r3media.ro\/radu-georgescu-scadere-puternica-bursa-de-valori-bucuresti-bvb\/\" rel=\"bookmark\" class=\"td-image-wrap \" title=\"Radu Georgescu trage linie dup\u0103 o sc\u0103dere puternic\u0103 pe Bursa de Valori Bucure\u0219ti (BVB): S\u0103 fie economie\"><img loading=\"lazy\" decoding=\"async\" class=\"entry-thumb\" src=\"https:\/\/r3media.ro\/wp-content\/uploads\/2025\/08\/radu-georgescu-100x70.png\" alt title=\"Radu Georgescu trage linie dup\u0103 o sc\u0103dere puternic\u0103 pe Bursa de Valori Bucure\u0219ti (BVB): S\u0103 fie economie\" width=\"100\" height=\"70\"><\/a><\/div>\n<div class=\"item-details\">\n<h3 class=\"entry-title td-module-title\"><a href=\"https:\/\/r3media.ro\/radu-georgescu-scadere-puternica-bursa-de-valori-bucuresti-bvb\/\" rel=\"bookmark\" title=\"Radu Georgescu trage linie dup\u0103 o sc\u0103dere puternic\u0103 pe Bursa de Valori Bucure\u0219ti (BVB): S\u0103 fie economie\">Radu Georgescu trage linie dup\u0103 o sc\u0103dere puternic\u0103 pe Bursa de&#8230;<\/a><\/h3>\n<div class=\"td-module-meta-info\"><span class=\"td-post-date\"><time class=\"entry-date updated td-module-date\" datetime=\"2026-08-31T21:22:43+03:00\">31\/08\/2026<\/time><\/span><\/div>\n<\/div>\n<\/div>\n<\/div>\n<div class=\"td-block-span12\">\n<div class=\"td_module_6 td_module_wrap td-animation-stack\">\n<div class=\"td-module-thumb\"><a href=\"https:\/\/r3media.ro\/pilota-din-lana-merinos-sau-pilota-4-anotimpuri-ce-alegi-pentru-un-somn-perfect-in-orice-sezon\/\" rel=\"bookmark\" class=\"td-image-wrap \" title=\"Pilot\u0103 din l\u00e2n\u0103 merinos sau pilot\u0103 4 anotimpuri: ce alegi pentru un somn perfect \u00een orice sezon\"><img loading=\"lazy\" decoding=\"async\" class=\"entry-thumb\" src=\"https:\/\/r3media.ro\/wp-content\/uploads\/2026\/08\/pilot_din_ln_merinos_sau_pilot_4_anotimpuri_ce_alegi_pentru_un_somn_perfect_n_orice_sezon-100x70.jpg\" alt title=\"Pilot\u0103 din l\u00e2n\u0103 merinos sau pilot\u0103 4 anotimpuri: ce alegi pentru un somn perfect \u00een orice sezon\" width=\"100\" height=\"70\"><\/a><\/div>\n<div class=\"item-details\">\n<h3 class=\"entry-title td-module-title\"><a href=\"https:\/\/r3media.ro\/pilota-din-lana-merinos-sau-pilota-4-anotimpuri-ce-alegi-pentru-un-somn-perfect-in-orice-sezon\/\" rel=\"bookmark\" title=\"Pilot\u0103 din l\u00e2n\u0103 merinos sau pilot\u0103 4 anotimpuri: ce alegi pentru un somn perfect \u00een orice sezon\">Pilot\u0103 din l\u00e2n\u0103 merinos sau pilot\u0103 4 anotimpuri: ce alegi pentru&#8230;<\/a><\/h3>\n<div class=\"td-module-meta-info\"><span class=\"td-post-date\"><time class=\"entry-date updated td-module-date\" datetime=\"2026-08-31T19:14:48+03:00\">31\/08\/2026<\/time><\/span><\/div>\n<\/div>\n<\/div>\n<\/div>\n<\/div>\n<\/div>\n<aside class=\"td_block_template_1 widget widget_recent_comments\">\n<h4 class=\"block-title\"><span>INTR\u0102 \u00ceN DISCU\u021aIE!<\/span><\/h4>\n<ul id=\"recentcomments\">\n<li class=\"recentcomments\"><span class=\"comment-author-link\">anonim<\/span> la <a href=\"https:\/\/r3media.ro\/nicusor-dan-ito-2026-discursul-nu-a-starnit-entuziasm-printre-participanti\/#comment-40450\">Nicu\u0219or Dan, la deschiderea \u00cent\u00e2lnirii Tinerilor Ortodoc\u0219i 2026. Discursul nu a st\u00e2rnit entuziasm printre participan\u021bi<\/a><\/li>\n<li class=\"recentcomments\"><span class=\"comment-author-link\">Oct<\/span> la <a href=\"https:\/\/r3media.ro\/radu-georgescu-scadere-puternica-bursa-de-valori-bucuresti-bvb\/#comment-40449\">Radu Georgescu trage linie dup\u0103 o sc\u0103dere puternic\u0103 pe Bursa de Valori Bucure\u0219ti (BVB): S\u0103 fie economie<\/a><\/li>\n<li class=\"recentcomments\"><span class=\"comment-author-link\">David S<\/span> la <a href=\"https:\/\/r3media.ro\/radu-georgescu-scadere-puternica-bursa-de-valori-bucuresti-bvb\/#comment-40448\">Radu Georgescu trage linie dup\u0103 o sc\u0103dere puternic\u0103 pe Bursa de Valori Bucure\u0219ti (BVB): S\u0103 fie economie<\/a><\/li>\n<li class=\"recentcomments\"><span class=\"comment-author-link\">Un roman oarecare<\/span> la <a href=\"https:\/\/r3media.ro\/nemti-parasire-germania-afd-putere\/#comment-40447\">22% dintre nem\u021bi spun c\u0103 vor p\u0103r\u0103si \u021bara dac\u0103 AfD ajunge la putere<\/a><\/li>\n<li class=\"recentcomments\"><span class=\"comment-author-link\">Nelu<\/span> la <a href=\"https:\/\/r3media.ro\/nemti-parasire-germania-afd-putere\/#comment-40446\">22% dintre nem\u021bi spun c\u0103 vor p\u0103r\u0103si \u021bara dac\u0103 AfD ajunge la putere<\/a><\/li>\n<li class=\"recentcomments\"><span class=\"comment-author-link\">Nicu<\/span> la <a href=\"https:\/\/r3media.ro\/parteneriatul-strategic-sua\/#comment-40445\">Parteneriatul strategic cu SUA: alia\u021bi nu subordona\u021bi<\/a><\/li>\n<li class=\"recentcomments\"><span class=\"comment-author-link\">Drago\u0219<\/span> la <a href=\"https:\/\/r3media.ro\/george-simion-mesaj-votanti-nicusor-dan-pahontu\/#comment-40444\">VIDEO | George Simion, mesaj pentru votan\u021bii lui Nicu\u0219or Dan: Pahon\u021bu era securist de mult. Trezi\u021bi-v\u0103, nu suntem noi du\u0219manii vo\u0219tri!<\/a><\/li>\n<\/ul>\n<\/aside>\n<aside class=\"td_block_template_1 widget widget_search\">\n<h4 class=\"block-title\"><span>CAUT\u0102 \u0218I VEI G\u0102SI<\/span><\/h4>\n<\/aside>\n<\/div>\n<\/div>\n<\/div>\n<\/div>\n<\/div>\n<\/div>\n<\/div>\n<p><span class=\"td-page-meta\"><\/span><span class=\"td-page-meta\"><span class=\"td-page-meta\"><\/span><\/span><span class=\"td-page-meta\"><\/span><\/article>\n<\/p>\n<div class=\"td_block_wrap tdb_single_content tdi_20 td-pb-border-top td_block_template_1 td-post-content tagdiv-type\" data-td-block-uid=\"tdi_20\">\n<div class=\"tdb-block-inner td-fix-index\">\n<p><strong><span class=\"td_text_highlight_marker_red td_text_highlight_marker\">Sf\u00e2ntul Mucenic Mamant<\/span> a fost fiul patricianului Teodot, iar mama sa a fost Rufina. \u00cen timpul persecu\u021biilor din secolul al III-lea, ace\u0219tia au fost adu\u0219i din provincia Gangara la guvernatorul Cezareei Capadociei, Faust, unul dintre aprigii prigonitori ai cre\u0219tinilor. Fiind \u00eentemni\u021ba\u021bi, Rufina a n\u0103scut pe Sf\u00e2ntul Mamant \u00een temni\u021b\u0103, dup\u0103 care a murit fiind martirizat\u0103.<\/strong><\/p>\n<p>La porunca lui Dumnezeu o femeie pe nume Amina a luat \u00een grija sa pruncul Rufinei. Ajung\u00e2nd la maturitate, Sf\u00e2ntul Mamant s-a remarcat ca \u0219i p\u0103rin\u021bii s\u0103i \u00een m\u0103rturisirea credin\u021bei \u00een Domnul nostru Iisus Hristos.<\/p>\n<p>Fiind arestat de c\u0103tre delegatul \u00eemp\u0103ratului Aurelian (270-275), un anume Democrit, este trimis \u00een Egeea, unde se afla \u00eemp\u0103ratul, pentru a fi judecat \u0219i os\u00e2ndit chiar de \u00eemp\u0103rat, deoarece f\u0103cea parte dintr-o familie nobiliar\u0103.<\/p>\n<p>Nevr\u00e2nd s\u0103 renun\u021be la credin\u021b\u0103 \u0219i m\u0103rturisind pe M\u00e2ntuitorul Iisus Hristos ca singurul \u00cemp\u0103rat al cerului \u0219i al p\u0103m\u00e2ntului, el a fost supus la chinuri \u0219i a suferit moarte martiric\u0103 \u00een anul 275.<\/p>\n<h4><strong>Sf\u00e2ntul Ioan Postitorul, Patriarhul Constantinopolului (582-595)<\/strong><\/h4>\n<p>A tr\u0103it \u00een vremea \u00eemp\u0103ra\u021bilor Justin al II-lea (565-578), Tiberiu al II-lea (578-582) \u0219i Mauriciu (582-602). Patriarhul Eutihie al Constantinopolului l-a pov\u0103\u021buit s\u0103 \u00eembrace haina monahal\u0103.<\/p>\n<p>Dup\u0103 mutarea Patriarhului Eutihie la Domnul, Ioan a fost ales Patriarh \u00een locul lui. I se spune postitorul, pentru via\u021ba lui de postiri \u0219i rug\u0103ciuni necurmate.<\/p>\n<p>Pentru aceasta Dumnezeu l-a \u00eenvrednicit cu darul s\u0103v\u00e2r\u0219irii minunilor \u0219i al proorocirii. A fost \u00eengropat \u00een Biserica Sfin\u021bii Apostoli din Constantinopol.<\/p>\n<div class=\"crp_related     crp-masonry\">\n<h2>\u00ceN CONTEXT<\/h2>\n<ul>\n<li><a href=\"https:\/\/r3media.ro\/calendarul-zilei-4-ianuarie-soborul-sfintilor-70-de-apostoli\/\" target=\"_blank\" class=\"crp_link post-34856\"><span class=\"crp_title\">Calendarul zilei 4 ianuarie: Soborul Sfin\u021bilor 70 de apostoli<\/span><\/a><\/li>\n<li><a href=\"https:\/\/r3media.ro\/calendarul-zilei-9-mai-sf-proroc-isaia-sf-mc-hristofor-aducerea-la-bari-a-moastelor-sf-ier-nicolae\/\" target=\"_blank\" class=\"crp_link post-94576\"><span class=\"crp_title\">Calendarul zilei 9 mai: Sf. Proroc Isaia; Sf. Mc. Hristofor; Aducerea la Bari a moa\u0219telor\u2026<\/span><\/a><\/li>\n<li><a href=\"https:\/\/r3media.ro\/calendarul-zilei-22-iunie-sf-ierarh-grigorie-dascalul-mitropolitul-tarii-romanesti-sf-sfintit-mc-eusebiu-episcopul-samosatei\/\" target=\"_blank\" class=\"crp_link post-48963\"><span class=\"crp_title\">Calendarul zilei 22 iunie: Sf. Ierarh Grigorie Dasc\u0103lul, Mitropolitul \u021a\u0103rii Rom\u00e2ne\u0219ti; Sf.\u2026<\/span><\/a><\/li>\n<li><a href=\"https:\/\/r3media.ro\/calendarul-zilei-sfantul-mucenic-teodot-din-ancira\/\" target=\"_blank\" class=\"crp_link post-72912\"><span class=\"crp_title\">Calendarul zilei 18 mai: Sf\u00e2ntul Mucenic Teodot din Ancira<\/span><\/a><\/li>\n<li><a href=\"https:\/\/r3media.ro\/calendarul-zilei-7-ianuarie-sfantul-ioan-botezatorul-craciunul-pe-calendarul-vechi\/\" target=\"_blank\" class=\"crp_link post-10400\"><span class=\"crp_title\">Calendarul zilei 7 ianuarie: Sf\u00e2ntul Ioan Botez\u0103torul. Cr\u0103ciunul pe calendarul vechi<\/span><\/a><\/li>\n<li><a href=\"https:\/\/r3media.ro\/7-iunie-sfantul-sfintit-mucenic-teodot-sfantul-mucenic-zenaida-sfanta-cuvioasa-sebastiana-si-sfantul-cuvios-antim\/\" target=\"_blank\" class=\"crp_link post-74401\"><span class=\"crp_title\">Calendarul zilei 7 iunie: Sf\u00e2ntul Sfin\u0163it Mucenic Teodot, Sf\u00e2ntul Mucenic Zenaida, Sf\u00e2nta\u2026<\/span><\/a><\/li>\n<li><a href=\"https:\/\/r3media.ro\/2-iunie-sf-ioan-cel-nou-de-la-suceava\/\" target=\"_blank\" class=\"crp_link post-47639\"><span class=\"crp_title\">Calendarul zilei 2 iunie: Sf. Ioan cel Nou de la Suceava<\/span><\/a><\/li>\n<li><a href=\"https:\/\/r3media.ro\/calendarul-zilei-27-mai-sf-ioan-rusul\/\" target=\"_blank\" class=\"crp_link post-47187\"><span class=\"crp_title\">Calendarul zilei 27 mai: Sf. Ioan Rusul<\/span><\/a><\/li>\n<\/ul>\n<\/div>\n<\/div>\n<\/div>\n<p>[analyse_source url=&#8221;https:\/\/r3media.ro\/calendarul-zilei-2-septembrie-sf-mucenic-mamant\/&#8221;]<\/p>\n","protected":false},"excerpt":{"rendered":"<p>[analyse_image type=&#8221;featured&#8221; src=&#8221;https:\/\/r3media.ro\/wp-content\/uploads\/2023\/09\/sddefault.jpghttps:\/\/r3media.ro\/wp-content\/uploads\/2023\/09\/sddefault.jpg&#8221;] PRIM PLANCalendarul zilei 2 septembrie: Sf. Mucenic Mamant. Sf. Ioan Postitorul PRIM PLAN\u0218TIRIVIDEO Calendarul zilei 2 septembrie: Sf. Mucenic Mamant. Sf. Ioan Postitorul Redac\u021bia 01\/09\/2026 Ad\u0103uga\u021bi R3media la sursele preferate din Google Sf\u00e2ntul Mucenic Mamant a fost fiul patricianului Teodot, iar mama sa a fost Rufina. \u00cen timpul persecu\u021biilor din secolul al [&hellip;]<\/p>\n","protected":false},"author":1,"featured_media":0,"comment_status":"open","ping_status":"","sticky":false,"template":"","format":"standard","meta":{"footnotes":""},"categories":[89],"tags":[226,93],"class_list":["post-2123374","post","type-post","status-publish","format-standard","hentry","category-romania","tag-crawlmanager","tag-r3media-ro"],"_links":{"self":[{"href":"https:\/\/analyse.optim.biz\/index.php?rest_route=\/wp\/v2\/posts\/2123374","targetHints":{"allow":["GET"]}}],"collection":[{"href":"https:\/\/analyse.optim.biz\/index.php?rest_route=\/wp\/v2\/posts"}],"about":[{"href":"https:\/\/analyse.optim.biz\/index.php?rest_route=\/wp\/v2\/types\/post"}],"author":[{"embeddable":true,"href":"https:\/\/analyse.optim.biz\/index.php?rest_route=\/wp\/v2\/users\/1"}],"replies":[{"embeddable":true,"href":"https:\/\/analyse.optim.biz\/index.php?rest_route=%2Fwp%2Fv2%2Fcomments&post=2123374"}],"version-history":[{"count":0,"href":"https:\/\/analyse.optim.biz\/index.php?rest_route=\/wp\/v2\/posts\/2123374\/revisions"}],"wp:attachment":[{"href":"https:\/\/analyse.optim.biz\/index.php?rest_route=%2Fwp%2Fv2%2Fmedia&parent=2123374"}],"wp:term":[{"taxonomy":"category","embeddable":true,"href":"https:\/\/analyse.optim.biz\/index.php?rest_route=%2Fwp%2Fv2%2Fcategories&post=2123374"},{"taxonomy":"post_tag","embeddable":true,"href":"https:\/\/analyse.optim.biz\/index.php?rest_route=%2Fwp%2Fv2%2Ftags&post=2123374"}],"curies":[{"name":"wp","href":"https:\/\/api.w.org\/{rel}","templated":true}]}}