{"id":212337,"date":"2014-02-14T21:53:28","date_gmt":"2014-02-14T18:53:28","guid":{"rendered":"https:\/\/analyse.optim.biz\/?p=212337"},"modified":"2014-02-14T21:53:28","modified_gmt":"2014-02-14T18:53:28","slug":"efectele-crizei-din-usl-economia-si-finantele-fara-sefi-de-o-saptamana","status":"publish","type":"post","link":"https:\/\/analyse.optim.biz\/?p=212337","title":{"rendered":"Efectele crizei din USL. Economia \u015fi Finan\u0163ele, f\u0103r\u0103 \u015fefi de o s\u0103pt\u0103m\u00e2n\u0103"},"content":{"rendered":"<div class=\"entry data-app-meta data-app-meta-article\" data-embed-base-url-canonical=\"https:\/\/www.digi24.ro\/embed\/stiri\/actualitate\/politica\/efectele-crizei-din-usl-economia-si-finantele-fara-sefi-de-o-saptamana-200690\">\n<p data-index=\"1\">Vicepremierul Liviu Dragnea declara, la mijlocul s\u0103pt\u0103m\u00e2nii, c\u0103 demisiile lui Daniel Chi\u0163oiu \u015fi Andrei Gerea au fost doar anun\u0163ate, nu \u015fi \u00eenregistrate.<\/p>\n<p data-index=\"2\">Legea spune c\u0103 mandatul unui ministru \u00eenceteaz\u0103 la momentul public\u0103rii \u00een Monitorul Oficial a decretului de revocare, iar \u00een acest moment nu exist\u0103 o asemenea decizie. Practic, ace\u015fti mini\u015ftri sunt \u00eenc\u0103 \u00een func\u0163ie, merg la serviciu \u015fi semneaz\u0103 documente. \u00cens\u0103 cei doi mini\u015ftri demisionari au lipsit de la ultima \u015fedin\u0163\u0103 de Guvern. Ei au fost reprezenta\u0163i de secretarii de stat. <\/p>\n<p data-index=\"3\">Cu o zi \u00eenaintea \u015fedin\u0163ei de Guvern, pre\u015fedintele Traian B\u0103sescu declara, \u00eentr-o emisiune televizat\u0103, c\u0103 premierul Victor Ponta nu a numit \u00eenc\u0103 interimarii care s\u0103 preia portofoliile mini\u015ftrilor demisionari \u015fi c\u0103 practic Guvernul func\u0163ioneaz\u0103 ilegal.<\/p>\n<p data-index=\"4\">\u015eefii de la Finan\u0163e \u015fi Economie \u015fi-au anun\u0163at demisiile la sf\u00e2r\u015fitul s\u0103pt\u0103m\u00e2nii trecute.<\/p>\n<p data-index=\"5\">La Ministerul Economiei, \u00een ultimele 5 luni s-au schimbat trei mini\u015ftri. Fiecare a venit cu secretarii lui stat.<\/p>\n<p data-index=\"6\">\u201e<span>Noi suntem oameni politici, noi r\u0103m\u00e2nem at\u00e2t timp c\u00e2t&#8230; p\u00e2n\u0103 suntem revoca\u0163i. Deci inten\u0163ia mea nu e s\u0103 r\u0103m\u00e2n sau nu! Eu am ce face\u201d, spune Adrian Volintiru, secretar de stat \u00een Ministerul Economiei.<\/span><\/p>\n<\/div>\n<p> Source URL: https:\/\/www.digi24.ro\/stiri\/actualitate\/politica\/efectele-crizei-din-usl-economia-si-finantele-fara-sefi-de-o-saptamana-200690<\/p>\n","protected":false},"excerpt":{"rendered":"<p>Vicepremierul Liviu Dragnea declara, la mijlocul s\u0103pt\u0103m\u00e2nii, c\u0103 demisiile lui Daniel Chi\u0163oiu \u015fi Andrei Gerea au fost doar anun\u0163ate, nu \u015fi \u00eenregistrate. Legea spune c\u0103 mandatul unui ministru \u00eenceteaz\u0103 la momentul public\u0103rii \u00een Monitorul Oficial a decretului de revocare, iar \u00een acest moment nu exist\u0103 o asemenea decizie. Practic, ace\u015fti mini\u015ftri sunt \u00eenc\u0103 \u00een func\u0163ie, [&hellip;]<\/p>\n","protected":false},"author":1,"featured_media":212338,"comment_status":"open","ping_status":"","sticky":false,"template":"","format":"standard","meta":{"footnotes":""},"categories":[2],"tags":[11],"class_list":["post-212337","post","type-post","status-publish","format-standard","has-post-thumbnail","hentry","category-politics","tag-digi24"],"_links":{"self":[{"href":"https:\/\/analyse.optim.biz\/index.php?rest_route=\/wp\/v2\/posts\/212337","targetHints":{"allow":["GET"]}}],"collection":[{"href":"https:\/\/analyse.optim.biz\/index.php?rest_route=\/wp\/v2\/posts"}],"about":[{"href":"https:\/\/analyse.optim.biz\/index.php?rest_route=\/wp\/v2\/types\/post"}],"author":[{"embeddable":true,"href":"https:\/\/analyse.optim.biz\/index.php?rest_route=\/wp\/v2\/users\/1"}],"replies":[{"embeddable":true,"href":"https:\/\/analyse.optim.biz\/index.php?rest_route=%2Fwp%2Fv2%2Fcomments&post=212337"}],"version-history":[{"count":0,"href":"https:\/\/analyse.optim.biz\/index.php?rest_route=\/wp\/v2\/posts\/212337\/revisions"}],"wp:featuredmedia":[{"embeddable":true,"href":"https:\/\/analyse.optim.biz\/index.php?rest_route=\/wp\/v2\/media\/212338"}],"wp:attachment":[{"href":"https:\/\/analyse.optim.biz\/index.php?rest_route=%2Fwp%2Fv2%2Fmedia&parent=212337"}],"wp:term":[{"taxonomy":"category","embeddable":true,"href":"https:\/\/analyse.optim.biz\/index.php?rest_route=%2Fwp%2Fv2%2Fcategories&post=212337"},{"taxonomy":"post_tag","embeddable":true,"href":"https:\/\/analyse.optim.biz\/index.php?rest_route=%2Fwp%2Fv2%2Ftags&post=212337"}],"curies":[{"name":"wp","href":"https:\/\/api.w.org\/{rel}","templated":true}]}}