{"id":2123369,"date":"2026-09-01T09:40:40","date_gmt":"2026-09-01T06:40:40","guid":{"rendered":"https:\/\/analyse.optim.biz\/?p=2123369"},"modified":"2026-09-01T09:40:40","modified_gmt":"2026-09-01T06:40:40","slug":"andrei-diaconu-la-golden-hour-cu-jessie-previziuni-si-avertismente-pentru-luna-septembrie-2026","status":"publish","type":"post","link":"https:\/\/analyse.optim.biz\/?p=2123369","title":{"rendered":"Andrei Diaconu la Golden Hour cu Jessie: Previziuni \u0219i avertismente pentru luna septembrie 2026"},"content":{"rendered":"<p>[analyse_image type=&#8221;featured&#8221; src=&#8221;https:\/\/radiogoldfm.ro\/wp-content\/uploads\/2026\/07\/andrei-diaconu.jpeghttps:\/\/radiogoldfm.ro\/wp-content\/uploads\/2026\/07\/andrei-diaconu.jpeg&#8221;]<\/p>\n<div class=\"qt-the-content\">\n<p><strong>\u00cen prima edi\u021bie de toamn\u0103 a emisiunii  Golden Hour cu Jessie, difuzat\u0103 pe Radio Gold FM,  consultantul spiritual Andrei Diaconu revine cu una dintre cele mai complexe \u0219i mai tensionate analize ale momentului, contur\u00e2nd un tablou energetic, politic, economic \u0219i social care transform\u0103 luna septembrie \u00eentr\u2011un punct de inflexiune. De la primele minute ale interven\u021biei sale, Andrei Diaconu subliniaz\u0103 c\u0103 aceast\u0103 toamn\u0103 nu seam\u0103n\u0103 cu nimic din ce am tr\u0103it p\u00e2n\u0103 acum, iar vara care tocmai s\u2011a \u00eencheiat a fost doar preludiul unei acceler\u0103ri f\u0103r\u0103 precedent. \u201eEnergii precum am \u00eent\u00e2lnit \u00een aceast\u0103 var\u0103 \u0219i cum le simt pe cele din aceast\u0103 toamn\u0103, eu nu am mai tr\u0103it niciodat\u0103 \u00een via\u021ba mea\u201d, spune el, accentu\u00e2nd c\u0103 vibra\u021biile sunt grele, rapide, violente \u0219i c\u0103 afecteaz\u0103 \u00een mod direct zona superioar\u0103 a con\u0219tiin\u021bei. \u00cen acest context, \u00eendeamn\u0103 oamenii s\u0103 lucreze intens cu ei \u00een\u0219i\u0219i, s\u0103 \u00ee\u0219i cure\u021be mintea, s\u0103 \u00ee\u0219i regleze emo\u021biile \u0219i s\u0103 se debaraseze de fric\u0103, pentru c\u0103 frica este cea care paralizeaz\u0103 discern\u0103m\u00e2ntul \u0219i capacitatea de a vedea realitatea a\u0219a cum este.<\/strong><\/p>\n<p>Septembrie, \u00een viziunea lui, nu este o lun\u0103 lini\u0219tit\u0103, ci una de confruntare cu realitatea. Tot ceea ce se discut\u0103, se decide sau se am\u00e2n\u0103 \u00een aceast\u0103 lun\u0103 va modela decisiv anul 2027, pe care \u00eel nume\u0219te \u201eanul \u00een care se materializeaz\u0103 tot ce se prefigureaz\u0103 acum\u201d. Dac\u0103 august a fost o perioad\u0103 suspendat\u0103, \u00een care oamenii au sim\u021bit c\u0103 \u201eurmeaz\u0103 ceva\u201d f\u0103r\u0103 s\u0103 poat\u0103 defini acel ceva, septembrie este momentul \u00een care lucrurile cer r\u0103spunsuri. La nivel personal, profesional, politic \u0219i global, deciziile nu mai pot fi am\u00e2nate, iar spa\u021biul de tergiversare se \u00eengusteaz\u0103 dramatic.<\/p>\n<p>Pentru Rom\u00e2nia, Andrei Diaconu vede o lun\u0103 a deciziilor for\u021bate. Sistemele care consum\u0103 mult \u0219i produc pu\u021bin nu mai pot fi sus\u021binute, iar statul este obligat s\u0103 restructureze, chiar dac\u0103 nu o face din dorin\u021b\u0103, ci din necesitate. El reaminte\u0219te c\u0103 a prev\u0103zut \u00eenc\u0103 din prim\u0103var\u0103 c\u0103 premierul va r\u0103m\u00e2ne p\u00e2n\u0103 \u00een toamn\u0103, lucru confirmat, \u0219i afirm\u0103 c\u0103 schimbarea guvernului este iminent\u0103. Totu\u0219i, nu vede posibil\u0103 o desemnare rapid\u0103 a unui nou premier \u00een prima parte a lunii, ci mai degrab\u0103 o escaladare a discu\u021biilor, scandaluri, tensiuni \u0219i o decizie luat\u0103 abia \u00een a doua jum\u0103tate a lui septembrie. Noul premier, spune el, va fi \u201ede compromis \u0219i de sacrificiu\u201d, un lider de tranzi\u021bie, f\u0103r\u0103 mandat lung \u0219i f\u0103r\u0103 capacitatea de a stabiliza situa\u021bia. Aceast\u0103 instabilitate politic\u0103, combinat\u0103 cu presiunea economic\u0103, poate duce la alegeri anticipate \u00een toamn\u0103, scenariu pe care Andrei \u00eel consider\u0103 foarte probabil.<\/p>\n<p>Pe plan economic, previziunile sunt dure. Declinul a \u00eenceput deja, iar presiunea pe costul vie\u021bii va cre\u0219te. Energia, combustibilul, facturile \u0219i taxele vor continua s\u0103 se scumpeasc\u0103, iar popula\u021bia va resim\u021bi din plin efectele dezechilibrelor acumulate. Andrei Diaconu men\u021bioneaz\u0103 explicit imaginea pensionarilor care stau la coad\u0103 pentru credite, consider\u00e2nd-o un semn al unei rupturi profunde \u00een sistemul social. Europa intr\u0103 \u00eentr-o perioad\u0103 de vulnerabilitate economic\u0103, iar Rom\u00e2nia, aflat\u0103 la marginea unui conflict major, simte simultan presiunea geopolitic\u0103 \u0219i cea financiar\u0103. El avertizeaz\u0103 c\u0103 iarna nu va fi u\u0219oar\u0103, ci dimpotriv\u0103, va aduce temperaturi extreme \u0219i un consum energetic ridicat, ceea ce va amplifica dificult\u0103\u021bile.<\/p>\n<p>Una dintre cele mai puternice teme ale toamnei este apa. Andrei Diaconu vorbe\u0219te despre criza apei ca despre un fenomen deja instalat, accentu\u00e2nd c\u0103 seceta din Europa este sever\u0103, fluviile mari sunt la niveluri extrem de sc\u0103zute, iar fenomenele meteo extreme vor continua p\u00e2n\u0103 \u00een octombrie. Mai mult, el afirm\u0103 c\u0103 o parte din aceast\u0103 secet\u0103 este \u201efabricat\u0103\u201d, suger\u00e2nd c\u0103 jocurile geopolitice ale resurselor se mut\u0103 treptat de la petrol la ap\u0103. \u00cen anii urm\u0103tori, spune el, apa va deveni una dintre cele mai importante resurse ale planetei, cu implica\u021bii economice, sociale \u0219i politice majore. Agricultura va fi afectat\u0103, pre\u021burile alimentelor vor cre\u0219te, iar criza alimentar\u0103 va domina finalul de an \u0219i anul 2027.<\/p>\n<p>Pe plan geopolitic, septembrie este definit de volatilitate. Orientul Mijlociu este zona cea mai sensibil\u0103, iar orice escaladare care afecteaz\u0103 circula\u021bia petrolului va fi resim\u021bit\u0103 imediat \u00een pre\u021burile de la pomp\u0103. Andrei Diaconu avertizeaz\u0103 c\u0103 pre\u021burile combustibilului nu vor sc\u0103dea, ci dimpotriv\u0103, vor continua s\u0103 creasc\u0103. R\u0103zboiul din Ucraina r\u0103m\u00e2ne un punct de instabilitate, iar Rom\u00e2nia, de\u0219i nu va fi atacat\u0103 direct, poate fi implicat\u0103 prin trimiterea de trupe sau prin rolul de \u021bar\u0103 de tranzit. \u00cen paralel, re\u021belele de socializare amplific\u0103 tensiunile informa\u021bionale, iar lumea reac\u021bioneaz\u0103 dispropor\u021bionat la evenimente aparent mici, pierz\u00e2nd din vedere ansamblul.<\/p>\n<p>Clima adaug\u0103 un strat suplimentar de instabilitate. Andrei Diaconu vorbe\u0219te despre fenomene extreme, despre temperaturi ridicate p\u00e2n\u0103 \u00een decembrie, despre inunda\u021bii, alunec\u0103ri de teren \u0219i chiar despre apari\u021bia tornadelor \u00een Rom\u00e2nia \u00een anii urm\u0103tori. Europa, \u00een ansamblu, va continua s\u0103 fie afectat\u0103 de secet\u0103, iar Italia \u0219i Spania pot experimenta episoade severe, inclusiv erup\u021bii vulcanice.<\/p>\n<p>Pe plan social \u0219i psihologic, septembrie este o lun\u0103 a adev\u0103rului. Rela\u021biile bazate pe minciun\u0103, superficialitate sau compromisuri se vor destr\u0103ma, fie c\u0103 vorbim despre cupluri, parteneriate profesionale sau colabor\u0103ri de afaceri. Oamenii vor resim\u021bi oboseala acumulat\u0103 \u00een ultimii ani de crize succesive, iar nesiguran\u021ba permanent\u0103 va afecta capacitatea de procesare emo\u021bional\u0103. Andrei Diaconu subliniaz\u0103 diferen\u021ba esen\u021bial\u0103 dintre fric\u0103 \u0219i luciditate: frica paralizeaz\u0103, \u00een timp ce luciditatea permite adaptarea \u0219i preg\u0103tirea.<\/p>\n<p>C\u0103l\u0103toriile sunt \u0219i ele sub semnul incertitudinii. Pot exista \u00eent\u00e2rzieri, anul\u0103ri, blocaje, iar transporturile pot fi afectate la nivel global. \u00cen paralel, domeniul s\u0103n\u0103t\u0103\u021bii intr\u0103 \u00eentr-o etap\u0103 paradoxal\u0103: apar tratamente inovatoare pentru boli considerate incurabile, industria longevit\u0103\u021bii se dezvolt\u0103 accelerat, dar accesul la aceste tratamente nu va fi egal. Infertilitatea va cre\u0219te, iar medicina va avansa \u00eentr-un ritm care nu va putea fi sus\u021binut de toate sistemele na\u021bionale.<\/p>\n<p>\u00cen fa\u021ba acestor transform\u0103ri, Andrei Diaconu recomand\u0103 \u00eentoarcerea la spiritualitate, nu ca refugiu, ci ca instrument de echilibrare. Sugereaz\u0103 citirea psalmilor 90, 26 \u0219i 120 timp de nou\u0103 zile, rug\u0103ciunea sincer\u0103, lucrul cu arhanghelii \u0219i formarea de comunit\u0103\u021bi de oameni care rezoneaz\u0103 pe aceea\u0219i vibra\u021bie. \u201eIndiferent c\u00e2t de mult se schimb\u0103 lumea din jurul nostru, exist\u0103 \u00een noi un loc care poate s\u0103 r\u0103m\u00e2n\u0103 \u00een pace\u201d, spune el, oferind o concluzie care nu minimalizeaz\u0103 gravitatea momentului, dar o a\u0219az\u0103 \u00eentr-un cadru de luciditate \u0219i responsabilitate.<\/p>\n<p>Septembrie 2026 nu este o lun\u0103 a sf\u00e2r\u0219itului, ci una a trezirii. Este luna \u00een care fisurile sistemelor vechi devin imposibil de ignorat, \u00een care Rom\u00e2nia intr\u0103 \u00eentr-o etap\u0103 de tranzi\u021bie politic\u0103, \u00een care economia se tensioneaz\u0103, clima se radicalizeaz\u0103, geopolitica se \u00eencinge, iar oamenii sunt chema\u021bi s\u0103 \u00ee\u0219i reg\u0103seasc\u0103 centrul interior. Este o lun\u0103 care cere prezen\u021b\u0103, claritate, discern\u0103m\u00e2nt \u0219i capacitatea de a vedea dincolo de fric\u0103. Este, \u00een esen\u021b\u0103, luna \u00een care realitatea \u00ee\u0219i cere drepturile.<\/p>\n<p><strong>Emisiunea \u201eGolden Hour\u201d, moderat\u0103 de Jessie Bane\u0219, se difuzeaz\u0103 de luni p\u00e2n\u0103 joi, de la ora 18, la Radio Gold FM, frecven\u021ba 96.9 Mhz. \u00cenregistr\u0103rile complete pot fi urm\u0103rite pe pagina de Facebook a Radio Gold FM Rom\u00e2nia, dar \u0219i pe platforma goldtv.ro<\/strong><\/p>\n<figure class=\"wp-block-embed is-type-rich is-provider-nglobeaz-manipulantul wp-block-embed-nglobeaz-manipulantul wp-embed-aspect-16-9 wp-has-aspect-ratio\">\n<div class=\"wp-block-embed__wrapper\">\n<iframe loading=\"lazy\" title=\"Golden Hour cu Jessie. Andrei Diaconu: previziuni septembrie 2026. R\u0103spunsuri LIVE\" width=\"1170\" height=\"658\" src=\"https:\/\/www.youtube.com\/embed\/4e4r_xr5JFU?feature=oembed\" frameborder allow=\"accelerometer; autoplay; clipboard-write; encrypted-media; gyroscope; picture-in-picture; web-share\" referrerpolicy=\"strict-origin-when-cross-origin\" allowfullscreen><\/iframe>\n<\/div>\n<\/figure>\n<div class=\"tagcloud qt-spacer-m\"><span class=\"qt-title\">Tagged as <\/span><a href=\"https:\/\/radiogoldfm.ro\/tag\/2026\/\" rel=\"tag\">2026<\/a><a href=\"https:\/\/radiogoldfm.ro\/tag\/andrei-diaconu\/\" rel=\"tag\">andrei diaconu<\/a><a href=\"https:\/\/radiogoldfm.ro\/tag\/gold-fm\/\" rel=\"tag\">GOLD FM<\/a><a href=\"https:\/\/radiogoldfm.ro\/tag\/golden-hour\/\" rel=\"tag\">golden hour<\/a><a href=\"https:\/\/radiogoldfm.ro\/tag\/golden-hour-cu-jessie\/\" rel=\"tag\">golden hour cu jessie<\/a><a href=\"https:\/\/radiogoldfm.ro\/tag\/jessie-banes\/\" rel=\"tag\">jessie banes<\/a><a href=\"https:\/\/radiogoldfm.ro\/tag\/previziuni\/\" rel=\"tag\">previziuni<\/a><a href=\"https:\/\/radiogoldfm.ro\/tag\/septembrie\/\" rel=\"tag\">septembrie<\/a><\/div>\n<div class=\"qt-post-author qt-card\">\n<div class=\"row\">\n<div class=\"qt-post-author-data col s10 m7 l7\">\n<h6>Profil<\/h6>\n<h4><a href=\"https:\/\/radiogoldfm.ro\/andrei-diaconu-la-golden-hour-cu-jessie-previziuni-si-avertismente-pentru-luna-septembrie-2026\/#author_page\">Gold FM Radio<\/a><\/h4>\n<\/div>\n<div class=\"qt-post-author-link col s12 m3 l4 \"><a href=\"https:\/\/radiogoldfm.ro\/author\/gold-fm\/\" class=\"qt-btn qt-btn-large qt-btn-primary aligncenter\">Arhiva postari<\/a><\/div>\n<\/div>\n<\/div>\n<\/div>\n<p>[analyse_source url=&#8221;https:\/\/radiogoldfm.ro\/andrei-diaconu-la-golden-hour-cu-jessie-previziuni-si-avertismente-pentru-luna-septembrie-2026\/&#8221;]<\/p>\n","protected":false},"excerpt":{"rendered":"<p>[analyse_image type=&#8221;featured&#8221; src=&#8221;https:\/\/radiogoldfm.ro\/wp-content\/uploads\/2026\/07\/andrei-diaconu.jpeghttps:\/\/radiogoldfm.ro\/wp-content\/uploads\/2026\/07\/andrei-diaconu.jpeg&#8221;] \u00cen prima edi\u021bie de toamn\u0103 a emisiunii Golden Hour cu Jessie, difuzat\u0103 pe Radio Gold FM, consultantul spiritual Andrei Diaconu revine cu una dintre cele mai complexe \u0219i mai tensionate analize ale momentului, contur\u00e2nd un tablou energetic, politic, economic \u0219i social care transform\u0103 luna septembrie \u00eentr\u2011un punct de inflexiune. De la primele [&hellip;]<\/p>\n","protected":false},"author":1,"featured_media":0,"comment_status":"open","ping_status":"","sticky":false,"template":"","format":"standard","meta":{"footnotes":""},"categories":[89],"tags":[226,96],"class_list":["post-2123369","post","type-post","status-publish","format-standard","hentry","category-romania","tag-crawlmanager","tag-radiogoldfm-ro"],"_links":{"self":[{"href":"https:\/\/analyse.optim.biz\/index.php?rest_route=\/wp\/v2\/posts\/2123369","targetHints":{"allow":["GET"]}}],"collection":[{"href":"https:\/\/analyse.optim.biz\/index.php?rest_route=\/wp\/v2\/posts"}],"about":[{"href":"https:\/\/analyse.optim.biz\/index.php?rest_route=\/wp\/v2\/types\/post"}],"author":[{"embeddable":true,"href":"https:\/\/analyse.optim.biz\/index.php?rest_route=\/wp\/v2\/users\/1"}],"replies":[{"embeddable":true,"href":"https:\/\/analyse.optim.biz\/index.php?rest_route=%2Fwp%2Fv2%2Fcomments&post=2123369"}],"version-history":[{"count":0,"href":"https:\/\/analyse.optim.biz\/index.php?rest_route=\/wp\/v2\/posts\/2123369\/revisions"}],"wp:attachment":[{"href":"https:\/\/analyse.optim.biz\/index.php?rest_route=%2Fwp%2Fv2%2Fmedia&parent=2123369"}],"wp:term":[{"taxonomy":"category","embeddable":true,"href":"https:\/\/analyse.optim.biz\/index.php?rest_route=%2Fwp%2Fv2%2Fcategories&post=2123369"},{"taxonomy":"post_tag","embeddable":true,"href":"https:\/\/analyse.optim.biz\/index.php?rest_route=%2Fwp%2Fv2%2Ftags&post=2123369"}],"curies":[{"name":"wp","href":"https:\/\/api.w.org\/{rel}","templated":true}]}}