{"id":2123352,"date":"2026-09-01T18:00:13","date_gmt":"2026-09-01T15:00:13","guid":{"rendered":"https:\/\/analyse.optim.biz\/?p=2123352"},"modified":"2026-09-01T18:00:13","modified_gmt":"2026-09-01T15:00:13","slug":"interviurile-observatorului-prind-ultimul-turneu-de-tenis-cu-puncte-atp","status":"publish","type":"post","link":"https:\/\/analyse.optim.biz\/?p=2123352","title":{"rendered":"\u201eInterviurile Observatorului\u201d prind ultimul turneu de tenis cu puncte ATP"},"content":{"rendered":"<p>[analyse_image type=&#8221;featured&#8221; src=&#8221;https:\/\/www.observatorulbuzoian.ro\/wp-content\/uploads\/2026\/09\/maxresdefault-1-scaled.jpg&#8221;]<\/p>\n<div class=\"td-post-content tagdiv-type\">\n<p>Un turneu de 30 de puncte WTA pentru fete \u0219i acest \u201eEximprod Trophy\u201d de 15 puncte ATP pentru b\u0103ie\u021bi, iar Buz\u0103ul se afl\u0103 deja de vreo 15-16 ani pe harta tenisului international.<br \/>\n\u201eAvem \u0219i acum sportivi din 11 \u021b\u0103ri pe tabloul principal \u0219i nu ne l\u0103ud\u0103m cu b\u0103ie\u021bi din Rep. Moldova sau Bulgaria! Avem \u0219i oameni care au traversat Atlanticul din Argentina ori Statele Unite, tineri dornici de afirmare \u0219i foame de puncte \u0219i performan\u021b\u0103\u201d , ne spune Dl. Gabriel Caloian , directorul turneului.<br \/>\nText \u0219i imagini: Vali Mocanu \u0219i Sebastian Radu<\/p>\n<\/div>\n<p>[analyse_source url=&#8221;https:\/\/www.observatorulbuzoian.ro\/interviurile-observatorului-prind-ultimul-turneu-de-tenis-cu-puncte-atp\/&#8221;]<\/p>\n","protected":false},"excerpt":{"rendered":"<p>[analyse_image type=&#8221;featured&#8221; src=&#8221;https:\/\/www.observatorulbuzoian.ro\/wp-content\/uploads\/2026\/09\/maxresdefault-1-scaled.jpg&#8221;] Un turneu de 30 de puncte WTA pentru fete \u0219i acest \u201eEximprod Trophy\u201d de 15 puncte ATP pentru b\u0103ie\u021bi, iar Buz\u0103ul se afl\u0103 deja de vreo 15-16 ani pe harta tenisului international. \u201eAvem \u0219i acum sportivi din 11 \u021b\u0103ri pe tabloul principal \u0219i nu ne l\u0103ud\u0103m cu b\u0103ie\u021bi din Rep. Moldova sau [&hellip;]<\/p>\n","protected":false},"author":1,"featured_media":0,"comment_status":"open","ping_status":"","sticky":false,"template":"","format":"standard","meta":{"footnotes":""},"categories":[2],"tags":[226,82],"class_list":["post-2123352","post","type-post","status-publish","format-standard","hentry","category-politics","tag-crawlmanager","tag-observatorulbuzoian-ro"],"_links":{"self":[{"href":"https:\/\/analyse.optim.biz\/index.php?rest_route=\/wp\/v2\/posts\/2123352","targetHints":{"allow":["GET"]}}],"collection":[{"href":"https:\/\/analyse.optim.biz\/index.php?rest_route=\/wp\/v2\/posts"}],"about":[{"href":"https:\/\/analyse.optim.biz\/index.php?rest_route=\/wp\/v2\/types\/post"}],"author":[{"embeddable":true,"href":"https:\/\/analyse.optim.biz\/index.php?rest_route=\/wp\/v2\/users\/1"}],"replies":[{"embeddable":true,"href":"https:\/\/analyse.optim.biz\/index.php?rest_route=%2Fwp%2Fv2%2Fcomments&post=2123352"}],"version-history":[{"count":0,"href":"https:\/\/analyse.optim.biz\/index.php?rest_route=\/wp\/v2\/posts\/2123352\/revisions"}],"wp:attachment":[{"href":"https:\/\/analyse.optim.biz\/index.php?rest_route=%2Fwp%2Fv2%2Fmedia&parent=2123352"}],"wp:term":[{"taxonomy":"category","embeddable":true,"href":"https:\/\/analyse.optim.biz\/index.php?rest_route=%2Fwp%2Fv2%2Fcategories&post=2123352"},{"taxonomy":"post_tag","embeddable":true,"href":"https:\/\/analyse.optim.biz\/index.php?rest_route=%2Fwp%2Fv2%2Ftags&post=2123352"}],"curies":[{"name":"wp","href":"https:\/\/api.w.org\/{rel}","templated":true}]}}