{"id":2123337,"date":"2026-09-01T18:12:00","date_gmt":"2026-09-01T15:12:00","guid":{"rendered":"https:\/\/analyse.optim.biz\/?p=2123337"},"modified":"2026-09-01T18:12:00","modified_gmt":"2026-09-01T15:12:00","slug":"bolojan-discutie-cu-seful-nato-dupa-ce-atacurile-cu-drone-s-au-inmultit-a-cerut-dislocarea-mai-multor","status":"publish","type":"post","link":"https:\/\/analyse.optim.biz\/?p=2123337","title":{"rendered":"Bolojan, discu\u021bie cu \u0219eful NATO dup\u0103 ce atacurile cu drone s-au \u00eenmul\u021bit. A cerut dislocarea mai multor"},"content":{"rendered":"<p>[analyse_image type=&#8221;featured&#8221; src=&#8221;https:\/\/img.observatornews.ro\/?u=https%3A%2F%2Fobservatornews.ro%2Fuploads%2Fmodules%2Fnews%2F0%2F2026%2F9%2F1%2F664914%2Fbolojan-discutie-cu-seful-nato-dupa-ce-atacurile-cu-drone-50def0fe.jpg&amp;w=1200&amp;h=630&amp;c=1&#8243;]<\/p>\n<div class=\"articleBody\" data-key=\"articleBody\">&#8220;Prim-ministrul i-a mul\u0163umit Secretarului General al NATO pentru sprijinul acordat Rom\u00e2niei \u015fi a subliniat necesitatea ca Alian\u0163a s\u0103 \u00ee\u015fi men\u0163in\u0103 aten\u0163ia asupra Flancului Estic \u015fi a M\u0103rii Negre, inclusiv prin dislocarea de capabilit\u0103\u0163i aliate \u00een Rom\u00e2nia, \u00een contextul intensific\u0103rii incursiunilor cu drone \u00een spa\u0163iul maritim \u015fi aerian na\u0163ional&#8221;, arat\u0103 Guvernul \u00eentr-un comunicat.<\/p>\n<p>Un alt subiect abordat, pe l\u00e2ng\u0103 situa\u0163ia generat\u0103 de incidentele cu drone, a fost \u015fi securitatea naviga\u0163iei \u00een Marea Neagr\u0103.<\/p>\n<p>&#8220;Discu\u0163ia a reconfirmat angajamentul \u0163\u0103rii noastre de a consolida securitatea pe Flancul Estic al Alian\u0163ei \u015fi de a sprijini Ucraina \u00een fa\u0163a agresiunii ruse&#8221;, precizeaz\u0103 Executivul.\n<\/p><\/div>\n<p>[analyse_source url=&#8221;https:\/\/observatornews.ro\/politic\/bolojan-discutie-cu-seful-nato-dupa-ce-atacurile-cu-drone-sau-inmultit-a-cerut-dislocarea-mai-multor-forte-664914.html&#8221;]<\/p>\n","protected":false},"excerpt":{"rendered":"<p>[analyse_image type=&#8221;featured&#8221; src=&#8221;https:\/\/img.observatornews.ro\/?u=https%3A%2F%2Fobservatornews.ro%2Fuploads%2Fmodules%2Fnews%2F0%2F2026%2F9%2F1%2F664914%2Fbolojan-discutie-cu-seful-nato-dupa-ce-atacurile-cu-drone-50def0fe.jpg&amp;w=1200&amp;h=630&amp;c=1&#8243;] &#8220;Prim-ministrul i-a mul\u0163umit Secretarului General al NATO pentru sprijinul acordat Rom\u00e2niei \u015fi a subliniat necesitatea ca Alian\u0163a s\u0103 \u00ee\u015fi men\u0163in\u0103 aten\u0163ia asupra Flancului Estic \u015fi a M\u0103rii Negre, inclusiv prin dislocarea de capabilit\u0103\u0163i aliate \u00een Rom\u00e2nia, \u00een contextul intensific\u0103rii incursiunilor cu drone \u00een spa\u0163iul maritim \u015fi aerian na\u0163ional&#8221;, arat\u0103 Guvernul \u00eentr-un comunicat. [&hellip;]<\/p>\n","protected":false},"author":1,"featured_media":0,"comment_status":"open","ping_status":"","sticky":false,"template":"","format":"standard","meta":{"footnotes":""},"categories":[2],"tags":[226,30],"class_list":["post-2123337","post","type-post","status-publish","format-standard","hentry","category-politics","tag-crawlmanager","tag-observatornews-ro"],"_links":{"self":[{"href":"https:\/\/analyse.optim.biz\/index.php?rest_route=\/wp\/v2\/posts\/2123337","targetHints":{"allow":["GET"]}}],"collection":[{"href":"https:\/\/analyse.optim.biz\/index.php?rest_route=\/wp\/v2\/posts"}],"about":[{"href":"https:\/\/analyse.optim.biz\/index.php?rest_route=\/wp\/v2\/types\/post"}],"author":[{"embeddable":true,"href":"https:\/\/analyse.optim.biz\/index.php?rest_route=\/wp\/v2\/users\/1"}],"replies":[{"embeddable":true,"href":"https:\/\/analyse.optim.biz\/index.php?rest_route=%2Fwp%2Fv2%2Fcomments&post=2123337"}],"version-history":[{"count":0,"href":"https:\/\/analyse.optim.biz\/index.php?rest_route=\/wp\/v2\/posts\/2123337\/revisions"}],"wp:attachment":[{"href":"https:\/\/analyse.optim.biz\/index.php?rest_route=%2Fwp%2Fv2%2Fmedia&parent=2123337"}],"wp:term":[{"taxonomy":"category","embeddable":true,"href":"https:\/\/analyse.optim.biz\/index.php?rest_route=%2Fwp%2Fv2%2Fcategories&post=2123337"},{"taxonomy":"post_tag","embeddable":true,"href":"https:\/\/analyse.optim.biz\/index.php?rest_route=%2Fwp%2Fv2%2Ftags&post=2123337"}],"curies":[{"name":"wp","href":"https:\/\/api.w.org\/{rel}","templated":true}]}}