{"id":2123303,"date":"2026-09-01T21:05:00","date_gmt":"2026-09-01T18:05:00","guid":{"rendered":"https:\/\/analyse.optim.biz\/?p=2123303"},"modified":"2026-09-01T21:05:00","modified_gmt":"2026-09-01T18:05:00","slug":"guvernul-lui-peter-magyar-promite-o-noua-era-pentru-scolile-din-ungaria","status":"publish","type":"post","link":"https:\/\/analyse.optim.biz\/?p=2123303","title":{"rendered":"Guvernul lui P\u00e9ter Magyar promite o nou\u0103 er\u0103 pentru \u015fcolile din Ungaria"},"content":{"rendered":"<p>[analyse_image type=&#8221;featured&#8221; src=&#8221;https:\/\/storage0.dms.mpinteractiv.ro\/media\/1\/1481\/25326\/23229068\/1\/hepta-8793029.jpghttps:\/\/storage0.dms.mpinteractiv.ro\/media\/1\/1481\/25326\/23229068\/1\/hepta-8793029.jpg&#8221;]<\/p>\n<div class=\"text-content\">\n<p> Subfinan\u0163area \u015fi neglijarea sis\u00adte\u00admului de \u00eenv\u0103\u0163\u0103m\u00e2nt este regula \u00een Europa de Est, \u00een Ungaria, Rom\u00e2\u00adnia \u015fi chiar \u015fi Polonia, cea mai mare economie a regiunii. \u00cen Ungaria, noul guvern s-a angajat la schimbare. La deschiderea noului an \u015fcolar, premie\u00adrul P\u00e9ter Magyar \u015fi Judit Lannert, ministra educa\u0163iei, au f\u0103cut o serie de promisiuni mult a\u015fteptate \u015fi lini\u015fti\u00adtoa\u00adre elevilor \u015fi profesorilor, prezen\u00adt\u00e2ndu-\u015fi viziunea asupra viitorului \u015fcolilor, sistemului edu\u00adca\u0163ional \u015fi obiectivelor pe care acesta trebuie s\u0103 le ating\u0103, scrie Daily News Hungary.<\/p>\n<p> \u201eCea mai important\u0103 sarcin\u0103 a unei \u015fcoli este s\u0103-i \u00eenve\u0163e pe elevi s\u0103 g\u00e2ndeasc\u0103 c\u00e2t mai bine posibil &#8211; \u015fi s\u0103 g\u00e2ndeasc\u0103 critic\u201c, a declarat premi\u00aderul Magyar la ceremonia de deschi\u00addere a anului \u015fcolar na\u0163ional la o \u015fcoal\u0103 gimnazial\u0103.<\/p>\n<p> Pe l\u00e2ng\u0103 g\u00e2ndirea critic\u0103, elevii ar trebui s\u0103 \u00eenve\u0163e la \u015fcoal\u0103 \u015fi cum s\u0103 se apere unii pe al\u0163ii, s\u0103 lucreze \u00een echip\u0103 \u015fi s\u0103 r\u0103m\u00e2n\u0103 fiin\u0163e umane decente \u00een toate circumstan\u0163ele, a spus politicianul.<\/p>\n<div>\n<div><span>Te-ar putea interesa \u0219i:<\/span><\/div>\n<\/div>\n<p> \u00cen discursul s\u0103u, prim-ministrul a subliniat, de asemenea, prioritatea ca\u00adre trebuie acordat\u0103 educa\u0163iei \u015fi asis\u00adten\u0163ei medicale.<\/p>\n<p> \u201e\u015etim exact care este sarcina noastr\u0103\u201c, a afirmat el, enu\u00admer\u00e2nd re\u00adnovarea cl\u0103dirilor \u015fco\u00adlare, cre\u015fterea num\u0103rului de locuri de cazare \u00een internate, mese \u015fcolare decente \u015fi sprijin pentru profesori, asisten\u0163i didactici \u015fi al\u0163i salaria\u0163i din domeniul educa\u0163iei.<\/p>\n<p> \u015eeful guvernului a ad\u0103ugat c\u0103 echipa sa a auzit \u015fi a \u00een\u0163eles apelul la ac\u0163iune \u015fi nu \u015fi-a uitat angajamentele. Prin urmare, \u00een acest sector vor fi anun\u0163ate \u00een cur\u00e2nd cre\u015fteri salariale.<\/p>\n<p> P\u00e9ter Magyar a vorbit \u00een mod spe\u00adcific despre zecile de mii de asis\u00adten\u0163i didactici care ajut\u0103 personalul senior, spun\u00e2nd c\u0103 ace\u015ftia se pot baza pe guvernul Tisza.<\/p>\n<div class=\"int-widget-container\" data-channel-id=\"6a7d7d3c65d3cf457c0b4775\" data-publisher-id=\"6a7d78a072984466fe0e9897\">\n\u00a0<\/div>\n<p> El a subliniat \u00eens\u0103 c\u0103 \u0163ara are nevoie de condi\u0163ii care s\u0103 atrag\u0103 mai mul\u0163i tineri \u015fi noi angaja\u0163i at\u00e2t \u00een educa\u0163ie, c\u00e2t \u015fi \u00een asisten\u0163a medical\u0103.<\/p>\n<p> P\u00e9ter Magyar a mai spus c\u0103 gu\u00advernul nu poate permite ca salariile s\u0103 fie din nou erodate de infla\u0163ie.<\/p>\n<p> Guvernul dore\u015fte ca \u015fcolile s\u0103 ofere un mediu calm pentru dezvol\u00adtare, s\u0103 le ofere elevilor spa\u0163iu pentru a-\u015fi exprima creativitatea \u015fi s\u0103 devin\u0103 locuri mai bune pentru toat\u0103 lumea, a declarat \u015fi Judit Lannert, ministrul educa\u0163iei.<\/p>\n<p> Guvernul vrea ca \u015fcolile s\u0103 devin\u0103 spa\u0163ii ale creativit\u0103\u0163ii at\u00e2t pentru elevi, c\u00e2t \u015fi pentru profesori, unde este posibil\u0103 dezvoltarea constant\u0103 \u015fi unde copiii pot descoperi materiile \u015fi activit\u0103\u0163ile care \u00eei intereseaz\u0103 \u015fi le aduc bucurie, a ad\u0103ugat ministra. Cunoa\u015fterea este important\u0103, a spus ea, dar poate chiar mai important\u0103 este st\u00e2rnirea \u015fi sus\u0163inerea curiozit\u0103\u0163ii \u015fi a motiva\u0163iei. Lannert a identificat urm\u0103toarele obiective: consolidarea autonomiei profesionale \u015fi manageriale; reducerea sarcinilor administrative; introducerea unei game mai variate de materiale didactice; reducerea num\u0103rului de evalu\u0103ri obligatorii.<\/p>\n<p> \u00cenceperea \u015fcolii r\u0103m\u00e2ne extrem de costisitoare pentru familiile maghiare. O gospod\u0103rie tipic\u0103 cheltuie\u015fte 107.539 de forin\u0163i (293 de euro) pentru noul an \u015fcolar, \u00een timp ce costul mediu pentru un copil este de 66.928 de forin\u0163i (182,5 euro), conform unui studiu realizat de PwC.<\/p>\n<p> \u00a0<\/p>\n<p> \u00a0<\/p>\n<\/div>\n<p>[analyse_source url=&#8221;https:\/\/www.zf.ro\/business-international\/guvernul-lui-p-ter-magyar-promite-o-noua-era-pentru-scolile-din-ungaria-23229068&#8243;]<\/p>\n","protected":false},"excerpt":{"rendered":"<p>[analyse_image type=&#8221;featured&#8221; src=&#8221;https:\/\/storage0.dms.mpinteractiv.ro\/media\/1\/1481\/25326\/23229068\/1\/hepta-8793029.jpghttps:\/\/storage0.dms.mpinteractiv.ro\/media\/1\/1481\/25326\/23229068\/1\/hepta-8793029.jpg&#8221;] Subfinan\u0163area \u015fi neglijarea sis\u00adte\u00admului de \u00eenv\u0103\u0163\u0103m\u00e2nt este regula \u00een Europa de Est, \u00een Ungaria, Rom\u00e2\u00adnia \u015fi chiar \u015fi Polonia, cea mai mare economie a regiunii. \u00cen Ungaria, noul guvern s-a angajat la schimbare. La deschiderea noului an \u015fcolar, premie\u00adrul P\u00e9ter Magyar \u015fi Judit Lannert, ministra educa\u0163iei, au f\u0103cut o serie de promisiuni [&hellip;]<\/p>\n","protected":false},"author":1,"featured_media":0,"comment_status":"open","ping_status":"","sticky":false,"template":"","format":"standard","meta":{"footnotes":""},"categories":[89],"tags":[226,28],"class_list":["post-2123303","post","type-post","status-publish","format-standard","hentry","category-romania","tag-crawlmanager","tag-zf-ro"],"_links":{"self":[{"href":"https:\/\/analyse.optim.biz\/index.php?rest_route=\/wp\/v2\/posts\/2123303","targetHints":{"allow":["GET"]}}],"collection":[{"href":"https:\/\/analyse.optim.biz\/index.php?rest_route=\/wp\/v2\/posts"}],"about":[{"href":"https:\/\/analyse.optim.biz\/index.php?rest_route=\/wp\/v2\/types\/post"}],"author":[{"embeddable":true,"href":"https:\/\/analyse.optim.biz\/index.php?rest_route=\/wp\/v2\/users\/1"}],"replies":[{"embeddable":true,"href":"https:\/\/analyse.optim.biz\/index.php?rest_route=%2Fwp%2Fv2%2Fcomments&post=2123303"}],"version-history":[{"count":0,"href":"https:\/\/analyse.optim.biz\/index.php?rest_route=\/wp\/v2\/posts\/2123303\/revisions"}],"wp:attachment":[{"href":"https:\/\/analyse.optim.biz\/index.php?rest_route=%2Fwp%2Fv2%2Fmedia&parent=2123303"}],"wp:term":[{"taxonomy":"category","embeddable":true,"href":"https:\/\/analyse.optim.biz\/index.php?rest_route=%2Fwp%2Fv2%2Fcategories&post=2123303"},{"taxonomy":"post_tag","embeddable":true,"href":"https:\/\/analyse.optim.biz\/index.php?rest_route=%2Fwp%2Fv2%2Ftags&post=2123303"}],"curies":[{"name":"wp","href":"https:\/\/api.w.org\/{rel}","templated":true}]}}