{"id":2123299,"date":"2026-09-01T00:00:00","date_gmt":"2026-08-31T21:00:00","guid":{"rendered":"https:\/\/analyse.optim.biz\/?p=2123299"},"modified":"2026-09-01T00:00:00","modified_gmt":"2026-08-31T21:00:00","slug":"video-putin-someaza-armenia-sa-aleaga-intre-ue-si-uniunea-eurasiatica","status":"publish","type":"post","link":"https:\/\/analyse.optim.biz\/?p=2123299","title":{"rendered":"VIDEO Putin someaz\u0103 Armenia s\u0103 aleag\u0103 \u00eentre UE \u0219i Uniunea Eurasiatic\u0103"},"content":{"rendered":"<p>[analyse_image type=&#8221;featured&#8221; src=&#8221;https:\/\/agerpres.ro\/data\/202609\/20260901232946_553291.jpg&#8221;]<\/p>\n<div class=\"mx-auto pt-3\">\n<p><strong>Pre\u0219edintele rus Vladimir Putin \u0219i premierul armean Nikol Pa\u0219inian au avut mar\u021bi, \u00een marginea unui summit din K\u00eerg\u00eezstan, un schimb tensionat de replici cu privire la dorin\u021ba Erevanului de a candida la Uniunea European\u0103, demers considerat de Moscova incompatibil cu Uniunea Eurasiatic\u0103 format\u0103 din \u021b\u0103ri din fosta URSS, noteaz\u0103 AFP.<\/strong><\/p>\n<p>Cei doi lideri s-au \u00eent\u00e2lnit cu ocazia summitului Organiza\u021biei de Cooperare de la Shanghai (OCS) din K\u00eerg\u00eezstan, \u00een Asia Central\u0103, pentru prima dat\u0103 de la alegerile din Armenia care au confirmat pivotarea acestei \u021b\u0103ri din Caucaz c\u0103tre Occident.<\/p>\n<p><strong>Vladimir Putin a reiterat cu aceast\u0103 ocazie pozi\u021bia Moscovei, potrivit c\u0103reia aderarea Armeniei la Uniunea European\u0103 &#8216;creeaz\u0103 cu siguran\u021b\u0103 dificult\u0103\u021bi pentru men\u021binerea statutului s\u0103u \u00een cadrul Uniunii Economice Eurasiatice&#8217;.<\/strong><\/p>\n<p>El a cerut din nou Erevanului s\u0103 supun\u0103 dorin\u021ba sa de aderare la UE unui referendum &#8216;c\u00e2t mai rapid posibil&#8217;.<\/p>\n<p>&#8216;Trebuie s\u0103 ne ajust\u0103m politicile comerciale \u0219i economice \u00een func\u021bie de aceste posibile decizii&#8217;, a declarat el.<\/p>\n<div class=\"videoEmbed\"><iframe loading=\"lazy\" allowfullscreen frameborder height=\"349\" mozallowfullscreen src=\"https:\/\/www.youtube.com\/embed\/4P0jdd766XA?si=jqvqx8O_UTvuJ9d_\" webkitallowfullscreen width=\"560\"><\/iframe><\/div>\n<p>Nikol Pa\u0219inian a r\u0103spuns c\u0103 adoptarea, anul trecut, a unei legi care declar\u0103 oficial inten\u021bia Armeniei de a candida la UE face inutil un referendum.<\/p>\n<p>El a afirmat c\u0103 este prematur s\u0103 se vorbeasc\u0103 despre o ie\u0219ire a Armeniei din Uniunea Economic\u0103 Eurasiatic\u0103.<\/p>\n<p>&#8216;Adoptarea unei legi care ini\u021biaz\u0103 procedura de aderare la o alt\u0103 organiza\u021bie economic\u0103 echivaleaz\u0103, de fapt, cu anun\u021barea retragerii din a noastr\u0103&#8217;, i-a r\u0103spuns Putin.<\/p>\n<p>Aflat\u0103 sub influen\u021b\u0103 rus\u0103 \u00eenc\u0103 de la cucerirea Caucazului de c\u0103tre Rusia \u00een secolul al XIX-lea, Armenia a \u00eenceput \u00een ultimele luni o schimbare de direc\u021bie c\u0103tre occidentali, sub impulsul premierului Pa\u0219inian, al c\u0103rui partid a c\u00e2\u0219tigat alegerile legislative \u00een iunie.<\/p>\n<p>Ambi\u021bia afi\u0219at\u0103 a \u0219efului guvernului armean de a face ca \u021bara sa s\u0103 adere la UE a r\u0103cit rela\u021biile dintre Erevan \u0219i Moscova, care a adoptat ca represalii sanc\u021biuni \u00eempotriva Armeniei, unde r\u0103m\u00e2ne un partener comercial major. AGERPRES\/(AS &#8211; redactor: Alic M\u00eerza, editor online: Alexandru Cojocaru)<\/p>\n<\/div>\n<div class=\"mx-auto pt-3\">\n                                Afisari: 280\n                            <\/div>\n<p>[analyse_source url=&#8221;https:\/\/agerpres.ro\/politic-extern\/2026\/09\/01\/video-putin-someaza-armenia-sa-aleaga-intre-ue-si-uniunea-eurasiatica&#8211;1589826&#8243;]<\/p>\n","protected":false},"excerpt":{"rendered":"<p>[analyse_image type=&#8221;featured&#8221; src=&#8221;https:\/\/agerpres.ro\/data\/202609\/20260901232946_553291.jpg&#8221;] Pre\u0219edintele rus Vladimir Putin \u0219i premierul armean Nikol Pa\u0219inian au avut mar\u021bi, \u00een marginea unui summit din K\u00eerg\u00eezstan, un schimb tensionat de replici cu privire la dorin\u021ba Erevanului de a candida la Uniunea European\u0103, demers considerat de Moscova incompatibil cu Uniunea Eurasiatic\u0103 format\u0103 din \u021b\u0103ri din fosta URSS, noteaz\u0103 AFP. Cei doi [&hellip;]<\/p>\n","protected":false},"author":1,"featured_media":0,"comment_status":"open","ping_status":"","sticky":false,"template":"","format":"standard","meta":{"footnotes":""},"categories":[2],"tags":[37,226],"class_list":["post-2123299","post","type-post","status-publish","format-standard","hentry","category-politics","tag-agerpres-ro","tag-crawlmanager"],"_links":{"self":[{"href":"https:\/\/analyse.optim.biz\/index.php?rest_route=\/wp\/v2\/posts\/2123299","targetHints":{"allow":["GET"]}}],"collection":[{"href":"https:\/\/analyse.optim.biz\/index.php?rest_route=\/wp\/v2\/posts"}],"about":[{"href":"https:\/\/analyse.optim.biz\/index.php?rest_route=\/wp\/v2\/types\/post"}],"author":[{"embeddable":true,"href":"https:\/\/analyse.optim.biz\/index.php?rest_route=\/wp\/v2\/users\/1"}],"replies":[{"embeddable":true,"href":"https:\/\/analyse.optim.biz\/index.php?rest_route=%2Fwp%2Fv2%2Fcomments&post=2123299"}],"version-history":[{"count":0,"href":"https:\/\/analyse.optim.biz\/index.php?rest_route=\/wp\/v2\/posts\/2123299\/revisions"}],"wp:attachment":[{"href":"https:\/\/analyse.optim.biz\/index.php?rest_route=%2Fwp%2Fv2%2Fmedia&parent=2123299"}],"wp:term":[{"taxonomy":"category","embeddable":true,"href":"https:\/\/analyse.optim.biz\/index.php?rest_route=%2Fwp%2Fv2%2Fcategories&post=2123299"},{"taxonomy":"post_tag","embeddable":true,"href":"https:\/\/analyse.optim.biz\/index.php?rest_route=%2Fwp%2Fv2%2Ftags&post=2123299"}],"curies":[{"name":"wp","href":"https:\/\/api.w.org\/{rel}","templated":true}]}}