{"id":2123293,"date":"2026-09-01T00:00:00","date_gmt":"2026-08-31T21:00:00","guid":{"rendered":"https:\/\/analyse.optim.biz\/?p=2123293"},"modified":"2026-09-01T00:00:00","modified_gmt":"2026-08-31T21:00:00","slug":"merkel-democratia-o-forma-potrivita-pentru-siguranta-si-libertate-trebuie-sa-cheltuim-mai-mult-pentru-aparare","status":"publish","type":"post","link":"https:\/\/analyse.optim.biz\/?p=2123293","title":{"rendered":"Merkel: Democra\u021bia &#8211; o form\u0103 potrivit\u0103 pentru siguran\u021b\u0103 \u0219i libertate; trebuie s\u0103 cheltuim mai mult pentru ap\u0103rare"},"content":{"rendered":"<p>[analyse_image type=&#8221;featured&#8221; src=&#8221;https:\/\/agerpres.ro\/data\/202609\/20260901232534_541630.jpg&#8221;]<\/p>\n<div class=\"mx-auto pt-3\">\n<p><strong>Fostul cancelar german Angela Merkel \u0219i-a exprimat, mar\u021bi, \u00eencrederea \u00een faptul c\u0103 democra\u021bia \u0219i libertatea pot garanta \u00een continuare un viitor bun \u0219i sigur, men\u021bion\u00e2nd c\u0103 va trebui s\u0103 cheltuim mai mult pentru ap\u0103rare.<\/strong><\/p>\n<p><a href=\"https:\/\/agerpres.ro\/politic\/2026\/09\/01\/merkel-despre-formarea-unui-guvern-in-romania-e-nevoie-de-oameni-dispusi-sa-faca-compromisuri-aveti---1589818\" target=\"_blank\">Merkel \u0219i-a lansat la Ateneul Rom\u00e2n volumul &#8216;Libertate. Amintiri 1954 &#8211; 2021&#8217;<\/a> \u00eentr-un dialog public cu diplomatul Emil Hurezeanu, fost ministru al Afacerilor Externe.<\/p>\n<p>&#8216;L-a\u0219 \u00eentreba, \u00een primul r\u00e2nd, ce sistem de ordine crede c\u0103 garanteaz\u0103 libertatea, deci ce sistem politic crede el c\u0103 este mai sigur \u0219i a\u0219 discuta despre acel sistem politic. \u00centrebarea pe care o adreseaz\u0103 foarte mul\u021bi tineri \u00een ziua de ast\u0103zi este de \u00een\u021beles. Dac\u0103 privim c\u0103tre trecut, R\u0103zboiul Rece era r\u0103u, dar era ceva sigur, pentru c\u0103 a existat aceast\u0103 descurajare nuclear\u0103. Nu s-au implicat \u00eens\u0103 armele, nu s-au utilizat armele dup\u0103 Hiroshima \u0219i Nagasaki. Noi am avut aceast\u0103 mi\u0219care extraordinar\u0103 \u00een Europa, mi\u0219care c\u0103tre libertate, 1990, \u0219i c\u0103 vom primi siguran\u021b\u0103 \u0219i libertate. Dintr-o dat\u0103, oamenii, tinerii vorbesc acum despre drone, despre pericole. Americanii nu mai sunt de partea noastr\u0103, deci sunt o serie de amenin\u021b\u0103ri \u0219i este foarte normal s\u0103-\u0219i pun\u0103 aceste \u00eentreb\u0103ri: &#8216;Mai pute\u021bi s\u0103 ne oferi\u021bi aceast\u0103 promisiune a siguran\u021bei? Mai pute\u021bi s\u0103 ne oferi\u021bi aceea\u0219i siguran\u021b\u0103 pe care a\u021bi avut-o voi sau p\u0103rin\u021bii vo\u0219tri?&#8217; \u0218i eu cred \u00een continuare c\u0103 democra\u021bia este o form\u0103 potrivit\u0103 pentru aceste valori&#8217;, spus Merkel, potrivit traducerii oficiale, r\u0103spunz\u00e2nd unei \u00eentreb\u0103ri din public referitoare la faptul c\u0103 ast\u0103zi democra\u021bia \u0219i libertatea nu ar mai putea garanta un viitor bun \u0219i sigur.<\/p>\n<p>Fostul cancelar a subliniat \u00eens\u0103, c\u0103 &#8216;va trebui s\u0103 cheltuim mai mult pentru ap\u0103rare dec\u00e2t am cheltuit mul\u021bi ani de zile&#8217;.<\/p>\n<p>Am\u00e2narea lu\u0103rii unei decizii ferme privind invitarea Ucrainei s\u0103 adere la NATO, la reuniunea Alian\u021bei Nord Atlantice de la Bucure\u0219ti, rela\u021bia Germaniei cu Rusia \u00een privin\u021ba importului de gaze ruse\u0219ti ori r\u0103zboiul din Ucraina au fost alte subiecte abordate pe parcursul dialogului, Merkel subliniind c\u0103 \u00eei admir\u0103 &#8216;curajul pre\u0219edintelui Volodimir Zelenski de a se opune ru\u0219ilor&#8217;.<\/p>\n<p>&#8216;Pre\u0219edintele Joe Biden i-a oferit pre\u0219edintelui Zelenski s\u0103 p\u0103r\u0103seasc\u0103 Ucraina \u0219i s\u0103 primeasc\u0103 azil \u00een America. Dar pre\u0219edintele Zelenski a r\u0103mas acolo \u0219i, dac\u0103 nu ar fi f\u0103cut acest lucru, nu ar mai fi existat Ucraina suveran\u0103 \u0219i independent\u0103 cum exist\u0103 ast\u0103zi. \u0218i el a decis s\u0103 lupte&#8217;, a ar\u0103tat Merkel.<\/p>\n<p>\u00centrebat\u0103 de Emil Hurezeanu dac\u0103 i s-a propus s\u0103 fie aleas\u0103 drept urm\u0103torul pre\u0219edinte federal sau dac\u0103 &#8216;s-a g\u00e2ndit cineva&#8217; s\u0103 o propun\u0103 ca &#8216;principal emisar diplomatic al Europei \u00een rela\u021bia cu Putin&#8217;, Angela Merkel a spus: &#8216;Putin (&#8230;) ofer\u0103 respect numai celor care au putere politic\u0103. Deci oamenii cu care vorbe\u0219te trebuie s\u0103 aib\u0103 putere politic\u0103. Cei care sunt responsabili ast\u0103zi politic, ei trebuie s\u0103 poarte discu\u021biile cu Putin. \u00cen partea cu pre\u0219edin\u021bia federal\u0103&#8230; Este ceva absurd. Nu vreau s\u0103 m\u0103 preocup cu asta. Am fost 30 de ani \u00een politic\u0103, 16 ani cancelar federal. Mi-a pl\u0103cut foarte mult, de\u0219i a fost o activitate foarte grea, foarte dificil\u0103. Mi-a pl\u0103cut, dar acum sunt foarte fericit\u0103 c\u0103 pot face altceva \u00een via\u021ba mea. Exist\u0103 multe alte lucruri frumoase, cum \u0219ti\u021bi dumneavoastr\u0103, cei care nu sunte\u021bi politicieni de aici din public. Exist\u0103 multe lucruri frumoase de f\u0103cut \u00een via\u021b\u0103&#8217;. AGERPRES\/(A &#8211; redactor: Daniel Popescu, editor: Anamaria Constantin, editor online: Alexandru Cojocaru)<\/p>\n<\/div>\n<div class=\"mx-auto pt-3\">\n                                Afisari: 236\n                            <\/div>\n<p>[analyse_source url=&#8221;https:\/\/agerpres.ro\/politic\/2026\/09\/01\/merkel-democratia&#8212;o-forma-potrivita-pentru-siguranta-si-libertate-trebuie-sa-cheltuim-mai-mult-pen&#8211;1589825&#8243;]<\/p>\n","protected":false},"excerpt":{"rendered":"<p>[analyse_image type=&#8221;featured&#8221; src=&#8221;https:\/\/agerpres.ro\/data\/202609\/20260901232534_541630.jpg&#8221;] Fostul cancelar german Angela Merkel \u0219i-a exprimat, mar\u021bi, \u00eencrederea \u00een faptul c\u0103 democra\u021bia \u0219i libertatea pot garanta \u00een continuare un viitor bun \u0219i sigur, men\u021bion\u00e2nd c\u0103 va trebui s\u0103 cheltuim mai mult pentru ap\u0103rare. Merkel \u0219i-a lansat la Ateneul Rom\u00e2n volumul &#8216;Libertate. Amintiri 1954 &#8211; 2021&#8217; \u00eentr-un dialog public cu diplomatul Emil [&hellip;]<\/p>\n","protected":false},"author":1,"featured_media":0,"comment_status":"open","ping_status":"","sticky":false,"template":"","format":"standard","meta":{"footnotes":""},"categories":[2],"tags":[37,226],"class_list":["post-2123293","post","type-post","status-publish","format-standard","hentry","category-politics","tag-agerpres-ro","tag-crawlmanager"],"_links":{"self":[{"href":"https:\/\/analyse.optim.biz\/index.php?rest_route=\/wp\/v2\/posts\/2123293","targetHints":{"allow":["GET"]}}],"collection":[{"href":"https:\/\/analyse.optim.biz\/index.php?rest_route=\/wp\/v2\/posts"}],"about":[{"href":"https:\/\/analyse.optim.biz\/index.php?rest_route=\/wp\/v2\/types\/post"}],"author":[{"embeddable":true,"href":"https:\/\/analyse.optim.biz\/index.php?rest_route=\/wp\/v2\/users\/1"}],"replies":[{"embeddable":true,"href":"https:\/\/analyse.optim.biz\/index.php?rest_route=%2Fwp%2Fv2%2Fcomments&post=2123293"}],"version-history":[{"count":0,"href":"https:\/\/analyse.optim.biz\/index.php?rest_route=\/wp\/v2\/posts\/2123293\/revisions"}],"wp:attachment":[{"href":"https:\/\/analyse.optim.biz\/index.php?rest_route=%2Fwp%2Fv2%2Fmedia&parent=2123293"}],"wp:term":[{"taxonomy":"category","embeddable":true,"href":"https:\/\/analyse.optim.biz\/index.php?rest_route=%2Fwp%2Fv2%2Fcategories&post=2123293"},{"taxonomy":"post_tag","embeddable":true,"href":"https:\/\/analyse.optim.biz\/index.php?rest_route=%2Fwp%2Fv2%2Ftags&post=2123293"}],"curies":[{"name":"wp","href":"https:\/\/api.w.org\/{rel}","templated":true}]}}