{"id":2123291,"date":"2026-09-01T21:05:00","date_gmt":"2026-09-01T18:05:00","guid":{"rendered":"https:\/\/analyse.optim.biz\/?p=2123291"},"modified":"2026-09-01T21:05:00","modified_gmt":"2026-09-01T18:05:00","slug":"bilant-la-finalul-pnrr-romania-inchide-pnrr-cu-o-rata-de-absorbtie-de-peste-90-din-granturi-si-peste","status":"publish","type":"post","link":"https:\/\/analyse.optim.biz\/?p=2123291","title":{"rendered":"Bilan\u0163 la finalul PNRR. Rom\u00e2nia \u00eenchide PNRR cu o rat\u0103 de absorb\u0163ie de peste 90% din granturi \u015fi peste"},"content":{"rendered":"<p>[analyse_image type=&#8221;featured&#8221; src=&#8221;https:\/\/storage0.dms.mpinteractiv.ro\/media\/1\/1481\/21333\/23229122\/1\/3vdragos-pislaru.jpghttps:\/\/storage0.dms.mpinteractiv.ro\/media\/1\/1481\/21333\/23229122\/1\/3vdragos-pislaru.jpg&#8221;]<\/p>\n<div class=\"text-content\">\n<p><strong><span>\u2666\u00a0<\/span>Premierul interimar Ilie Bolojan: \u201eCapacitatea administra\u0163iei noastre las\u0103 de dorit \u00een multe locuri, dup\u0103 cum constat\u0103m la finalul acestui program\u201d\u00a0<\/strong><span>\u2666\u00a0<\/span><strong>Drago\u015f P\u00eeslaru, ministrul investi\u0163iilor \u015fi proiectelor europene: \u201eRiscul r\u0103m\u00e2ne legat de reformele nerealizate, dintre care reforma fanion care ne lipse\u015fte este cea legat\u0103 de salarizarea unitar\u0103.\u201d<\/strong><\/p>\n<p> Rom\u00e2nia \u00eencheie implementarea Planului Na\u0163ional de Redresare \u015fi Rezilien\u0163\u0103 (PNRR) cu o rat\u0103 de absorb\u0163ie estimat\u0103 la peste 90% din fondurile nerambursabile \u015fi de peste 95% din componenta de \u00eemprumuturi, \u00eens\u0103 reforma salariz\u0103rii unitare r\u0103m\u00e2ne principalul punct vulnerabil, cu circa 770 milioane de euro \u00eenc\u0103 expuse riscului de pierdere. Premierul Ilie Bolojan \u015fi ministrul Investi\u0163iilor \u015fi Proiectelor Europene, Drago\u015f P\u00eeslaru, au prezentat mar\u0163i bilan\u0163ul programului, \u00een ultima zi dup\u0103 \u00eencheierea oficial\u0103 a perioadei de implementare.<\/p>\n<p> Premierul Ilie Bolojan a spus mar\u0163i, \u00eentr-o conferin\u0163\u0103 la bilan\u0163ul PNRR, c\u0103 Rom\u00e2nia a reu\u015fit o absorb\u0163ie de peste 90% din componenta de grant (bani nerambursabili) \u015fi de peste 95% din \u00eemprumuturi.<\/p>\n<div>\n<div><span>Te-ar putea interesa \u0219i:<\/span><\/div>\n<\/div>\n<p> \u201eRom\u00e2nia a reu\u015fit o absorb\u0163ie de peste 90% pe componenta de grant \u015fi de peste 95% din \u00eemprumuturi. Este un rezultat la care guvernul \u015fi guvernele pe care le-am avut au muncit \u00een ace\u015fti ani. Presiunea mare a fost \u00een acest ultim an, \u00een care am f\u0103cut eforturi importante pentru a debloca PNRR \u015fi pentru a renegocia \u0163inte, jaloane, \u00een a\u015fa fel \u00eenc\u00e2t Rom\u00e2nia s\u0103 nu piard\u0103 bani\u201d.<\/p>\n<p> De asemenea, premierul interimar este de p\u0103rere c\u0103 administra\u0163ia public\u0103 nu s-a ridicat la cel mai \u00eenalt nivel \u00een timpul implement\u0103rii PNRR.<\/p>\n<p> \u201eCapacitatea administra\u0163iei noastre, la finalul acestui program, constat\u0103m c\u0103 las\u0103 de dorit \u00een multe locuri. Asta \u00eenseamn\u0103 c\u0103 nu am f\u0103cut evalu\u0103ri corect, am contractat pe multe dintre programe. G\u00e2ndi\u0163i-v\u0103 c\u0103 doar pe transporturi am semnat contracte de 19,5 miliarde de euro, de\u015fi \u00een faza aproape final\u0103 aveam 5,5 miliarde de euro, ceea ce \u00eenseamn\u0103 o supracompensare important\u0103, care va trebui acoperit\u0103 \u00een anii urm\u0103tori din alte surse europene sau din bugetele na\u0163ionale\u201d, a punctat el. De asemenea, Bolojan spune c\u0103 Rom\u00e2nia a \u00eenceput t\u00e2rziu fiecare program.<\/p>\n<p> \u201eDe acum \u00eenainte ar trebui ghidat de un senti\u00adment al urgen\u0163ei din prima zi. S\u0103 nu l\u0103\u00ads\u0103m totul pe ultima sut\u0103 de metri, pentru c\u0103 asta \u00eenseamn\u0103 eforturi majore, riscul de pier\u00addere de proiecte \u015fi, \u00een mod inevitabil, la miile de proiecte pe care le-am avut se \u00eenregistreaz\u0103 \u00eent\u00e2rzieri\u201d, a completat premierul interimar.<\/p>\n<p> Drago\u015f P\u00eeslaru, ministrul investi\u0163iilor \u015fi proiectelor europene \u015fi ministrul interimar al Muncii a prezentat \u015fi el bilan\u0163ul PNRR, dup\u0103 \u00eencheierea a perioadei de implementare a planului.<\/p>\n<div class=\"int-widget-container\" data-channel-id=\"6a7d7d3c65d3cf457c0b4775\" data-publisher-id=\"6a7d78a072984466fe0e9897\">\n\u00a0<\/div>\n<p> Ministrul investi\u0163iilor \u015fi proiectelor europene a descris PNRR drept cel mai amplu mecanism de finan\u0163are pus la dispozi\u0163ia statelor membre de Uniunea European\u0103 \u015fi a ar\u0103tat c\u0103 Rom\u00e2nia a pornit \u00een 2021 cu granturi de 14,24 miliarde de euro, sum\u0103 ajustat\u0103 ulterior la aproximativ 13,57 miliarde de euro, inclusiv prin REPowerEU. Componenta de \u00eemprumuturi a fost redus\u0103 de la aproape 15 miliarde de euro la 6,54 miliarde de euro \u00een formula final\u0103.<\/p>\n<p> Potrivit ministrului, cea mai mare parte a activit\u0103\u0163ii administrative aferente PNRR s-a concentrat \u00een ultimele luni de implementare. Cererea de plat\u0103 num\u0103rul 4, \u00een valoare de 2,25 miliarde de euro, a fost \u00eencasat\u0103 integral \u00een iunie 2026, iar cererea num\u0103rul 5 a fost depus\u0103 pe 14 august \u015fi are o valoare net\u0103 de aproximativ 2 mld de euro. Urmeaz\u0103 cererea de plat\u0103 num\u0103rul 6, care trebuie transmis\u0103 p\u00e2n\u0103 la 30 septembrie.<\/p>\n<p> \u201e\u00cen cererile de plat\u0103 4, 5 \u015fi 6, cererile care au fost strict \u00een gestiunea acestui Guvern, discut\u0103m de aproximativ 113 investi\u0163ii \u015fi 48 reforme, din care dou\u0103 sunt \u00een acest moment \u00een stadiu ca una s\u0103 nu fie realizat\u0103, discut\u0103m de legea salariz\u0103rii, \u015fi una care s\u0103 fie par\u0163ial realizat\u0103 \u015fi vorbim aici de decizia Guvernului Rom\u00e2niei de a nu \u00eenchide toate capacit\u0103\u0163ile care erau \u00een calendarul de decarbonizare\u201d, a declarat P\u00eeslaru.<\/p>\n<p> Cea mai mare vulnerabilitate r\u0103mas\u0103 este Legea salariz\u0103rii unitare, asociat\u0103 unei sume de aproximativ 770 de milioane de euro. La aceasta se adaug\u0103 aproximativ 50 de milioane de euro aferente decarboniz\u0103rii, circa 36 de milioane de euro \u00eenc\u0103 de clarificat \u00een privin\u0163a investi\u0163iilor \u015fi alte sume mai mici.<\/p>\n<p> \u201eRiscul r\u0103m\u00e2ne legat de reformele nerealizate, dintre care reforma fanion care ne lipse\u015fte este cea legat\u0103 de salarizarea unitar\u0103\u201d, a declarat P\u00eeslaru.<\/p>\n<p> \u00cen total, aproximativ 870 de milioane de euro din componenta de granturi r\u0103m\u00e2n expuse riscului, potrivit calculelor prezentate de ministru. Conform calculelor MIPE, la pierderile poten\u0163iale actuale se adaug\u0103 410 milioane de euro din granturi aferente unor probleme anterioare, inclusiv guvernan\u0163ei corporative \u015fi pensiilor speciale. Estimarea final\u0103 prezentat\u0103 de P\u00eeslaru indic\u0103 o rat\u0103 de absorb\u0163ie de 90,58% pentru granturi \u015fi de peste 97% pentru componenta de \u00eemprumuturi.<\/p>\n<p> La nivel local, Prim\u0103ria Constan\u0163a a anun\u0163at c\u0103 are \u00een derulare, finalizate sau \u00een implementare investi\u0163ii de peste 1,2 miliarde de lei, echivalentul a peste 239 milioane de euro, finan\u0163ate din fonduri europene \u015fi prin PNRR. Cele mai mari proiecte vizeaz\u0103 energia, cu 754 milioane de lei pentru noul CET, \u015fi educa\u0163ia, unde investi\u0163iile dep\u0103\u015fesc 281 milioane de lei pentru infrastructur\u0103 \u015fi dotarea unit\u0103\u0163ilor de \u00eenv\u0103\u0163\u0103m\u00e2nt.<\/p>\n<p> \u00a0<\/p>\n<p> \u00a0<\/p>\n<\/div>\n<p>[analyse_source url=&#8221;https:\/\/www.zf.ro\/eveniment\/bilant-la-finalul-pnrr-romania-inchide-pnrr-cu-o-rata-de-absorbtie-de-peste-90-din-granturi-si-peste-95-din-imprumuturi-23229122&#8243;]<\/p>\n","protected":false},"excerpt":{"rendered":"<p>[analyse_image type=&#8221;featured&#8221; src=&#8221;https:\/\/storage0.dms.mpinteractiv.ro\/media\/1\/1481\/21333\/23229122\/1\/3vdragos-pislaru.jpghttps:\/\/storage0.dms.mpinteractiv.ro\/media\/1\/1481\/21333\/23229122\/1\/3vdragos-pislaru.jpg&#8221;] \u2666\u00a0Premierul interimar Ilie Bolojan: \u201eCapacitatea administra\u0163iei noastre las\u0103 de dorit \u00een multe locuri, dup\u0103 cum constat\u0103m la finalul acestui program\u201d\u00a0\u2666\u00a0Drago\u015f P\u00eeslaru, ministrul investi\u0163iilor \u015fi proiectelor europene: \u201eRiscul r\u0103m\u00e2ne legat de reformele nerealizate, dintre care reforma fanion care ne lipse\u015fte este cea legat\u0103 de salarizarea unitar\u0103.\u201d Rom\u00e2nia \u00eencheie implementarea Planului Na\u0163ional de Redresare [&hellip;]<\/p>\n","protected":false},"author":1,"featured_media":0,"comment_status":"open","ping_status":"","sticky":false,"template":"","format":"standard","meta":{"footnotes":""},"categories":[89],"tags":[226,28],"class_list":["post-2123291","post","type-post","status-publish","format-standard","hentry","category-romania","tag-crawlmanager","tag-zf-ro"],"_links":{"self":[{"href":"https:\/\/analyse.optim.biz\/index.php?rest_route=\/wp\/v2\/posts\/2123291","targetHints":{"allow":["GET"]}}],"collection":[{"href":"https:\/\/analyse.optim.biz\/index.php?rest_route=\/wp\/v2\/posts"}],"about":[{"href":"https:\/\/analyse.optim.biz\/index.php?rest_route=\/wp\/v2\/types\/post"}],"author":[{"embeddable":true,"href":"https:\/\/analyse.optim.biz\/index.php?rest_route=\/wp\/v2\/users\/1"}],"replies":[{"embeddable":true,"href":"https:\/\/analyse.optim.biz\/index.php?rest_route=%2Fwp%2Fv2%2Fcomments&post=2123291"}],"version-history":[{"count":0,"href":"https:\/\/analyse.optim.biz\/index.php?rest_route=\/wp\/v2\/posts\/2123291\/revisions"}],"wp:attachment":[{"href":"https:\/\/analyse.optim.biz\/index.php?rest_route=%2Fwp%2Fv2%2Fmedia&parent=2123291"}],"wp:term":[{"taxonomy":"category","embeddable":true,"href":"https:\/\/analyse.optim.biz\/index.php?rest_route=%2Fwp%2Fv2%2Fcategories&post=2123291"},{"taxonomy":"post_tag","embeddable":true,"href":"https:\/\/analyse.optim.biz\/index.php?rest_route=%2Fwp%2Fv2%2Ftags&post=2123291"}],"curies":[{"name":"wp","href":"https:\/\/api.w.org\/{rel}","templated":true}]}}