{"id":2123277,"date":"2026-09-01T00:00:00","date_gmt":"2026-08-31T21:00:00","guid":{"rendered":"https:\/\/analyse.optim.biz\/?p=2123277"},"modified":"2026-09-01T00:00:00","modified_gmt":"2026-08-31T21:00:00","slug":"radr2026-a-fost-lansat-premiul-ratiu-pentru-diplomatie","status":"publish","type":"post","link":"https:\/\/analyse.optim.biz\/?p=2123277","title":{"rendered":"RADR2026\/ A fost lansat Premiul Ra\u021biu pentru Diploma\u021bie"},"content":{"rendered":"<p>[analyse_image type=&#8221;featured&#8221; src=&#8221;https:\/\/agerpres.ro\/data\/202609\/20260901225005_498810.jpg&#8221;]<\/p>\n<div class=\"mx-auto pt-3\">\n<p><strong>Ministrul interimar al Afacerilor Externe, Oana \u021aoiu, a anun\u021bat mar\u021bi seara lansarea, \u00een cadrul Galei RADR 2026, a Premiului Ra\u021biu pentru Diploma\u021bie.<\/strong><\/p>\n<p>&#8216;Rom\u00e2nia are o istorie complicat\u0103, cu scene dureroase \u0219i scene curajoase, nu cred c\u0103 trebuie s\u0103 ne ferim de ea. Din contr\u0103, \u00een tot acest an am sus\u021binut c\u0103 Rom\u00e2nia este mai puternic\u0103 \u00eentocmai pentru c\u0103 aproape nimic din ce am construit nu a fost u\u0219or \u0219i cre\u0219terea economiei de 10 ori (cre\u0219terea PIB) din 89&#8242; p\u00e2n\u0103 ast\u0103zi arat\u0103 puterea unei \u021b\u0103ri, a unui popor, care nu se poticne\u0219te \u00een fa\u021ba provoc\u0103rilor, o \u021bar\u0103 care construie\u0219te al\u0103turi de comunitatea interna\u021bional\u0103 reu\u0219ind s\u0103 se fereasc\u0103 de cei care o vor izolat\u0103, \u00een primul r\u00e2nd construind un zid de protec\u021bie prin aspira\u021biile oamenilor s\u0103i. Imaginea Rom\u00e2niei \u00een lume este mai puternic\u0103 datorit\u0103 curajului cet\u0103\u021benilor s\u0103i \u00een lupta pentru a-\u0219i constitui viitorul pe care \u0219i-l doresc \u00een libertate, datorit\u0103 rezilien\u021bei unei tinere democra\u021bii \u00een fa\u021ba provoc\u0103rilor. Ion Ra\u021biu a avut curajul s\u0103 vrea pentru \u021bara lui un viitor occidental \u0219i ast\u0103zi \u00eel avem, dar trebuie protejat \u0219i ancorat \u00een voin\u021ba acestui popor \u0219i \u00een prieteniile pe care le construim \u00een lume. Premiul Ra\u021biu este o distinc\u021bie anual\u0103 pentru diploma\u021bii rom\u00e2ni \u0219i o reamintire a faptului ca dialogul respectuos, curajos \u0219i deschis aduce putere diploma\u021biei Rom\u00e2niei&#8217;, a scris Oana \u021aoiu, pe pagina sa de <a href=\"https:\/\/www.facebook.com\/OanaToiuUSR\" target=\"_blank\">Facebook<\/a>.<\/p>\n<p><img loading=\"lazy\" decoding=\"async\" alt height=\"1366\" src=\"https:\/\/agerpres.ro\/data\/202609\/20260901225243_154539.jpg\" width=\"2048\"><\/p>\n<p>Conform \u0219efei diploma\u021biei rom\u00e2ne, ini\u021biativa face parte din Planul de ac\u021biune convenit \u00een baza Protocolului de colaborare semnat recent \u00eentre Ministerul Afacerilor Externe \u0219i Funda\u021bia Ra\u021biu pentru Democra\u021bie \u0219i reflect\u0103 angajamentul comun al celor dou\u0103 p\u0103r\u021bi de a consolida cooperarea dintre institu\u021biile publice \u0219i societatea civil\u0103 \u00een sprijinul valorilor democratice, al dialogului public, al jurnalismului independent, al educa\u021biei \u0219i al promov\u0103rii intereselor Rom\u00e2niei \u00een plan interna\u021bional.<\/p>\n<p>&#8216;Ion Ra\u021biu a avut o contribu\u021bie important\u0103 la promovarea obiectivului integr\u0103rii Rom\u00e2niei \u00een Alian\u021ba Nord-Atlantic\u0103. Numit \u00een 1992 reprezentant al Rom\u00e2niei la Consiliul Atlanticului de Nord, Adunarea Parlamentar\u0103 a NATO, acesta a pledat, \u00eencep\u00e2nd din 1994, pentru aderarea Rom\u00e2niei la NATO \u0219i a sus\u021binut inclusiv ideea organiz\u0103rii unui viitor summit al Alian\u021bei la Bucure\u0219ti. Primul premiu va fi peste exact un an, cu prilejul Zilei Diploma\u021biei Rom\u00e2ne &#8211; 1 septembrie&#8217;, a transmis Oana \u021aoiu.<\/p>\n<p><img loading=\"lazy\" decoding=\"async\" alt height=\"983\" src=\"https:\/\/agerpres.ro\/data\/202609\/20260901225304_446581.jpg\" width=\"1290\"><\/p>\n<p>Luni \u0219i mar\u021bi, la Bucure\u0219ti s-a desf\u0103\u0219urat Reuniunea Anual\u0103 a Diploma\u021biei Rom\u00e2ne. AGERPRES\/(AS &#8211; editor: Andreea Rotaru, editor online: Alexandru Cojocaru)<\/p>\n<\/div>\n<div class=\"mx-auto pt-3\">\n                                Afisari: 299\n                            <\/div>\n<p>[analyse_source url=&#8221;https:\/\/agerpres.ro\/politic\/2026\/09\/01\/radr2026-a-fost-lansat-premiul-ratiu-pentru-diplomatie&#8211;1589823&#8243;]<\/p>\n","protected":false},"excerpt":{"rendered":"<p>[analyse_image type=&#8221;featured&#8221; src=&#8221;https:\/\/agerpres.ro\/data\/202609\/20260901225005_498810.jpg&#8221;] Ministrul interimar al Afacerilor Externe, Oana \u021aoiu, a anun\u021bat mar\u021bi seara lansarea, \u00een cadrul Galei RADR 2026, a Premiului Ra\u021biu pentru Diploma\u021bie. &#8216;Rom\u00e2nia are o istorie complicat\u0103, cu scene dureroase \u0219i scene curajoase, nu cred c\u0103 trebuie s\u0103 ne ferim de ea. Din contr\u0103, \u00een tot acest an am sus\u021binut c\u0103 Rom\u00e2nia [&hellip;]<\/p>\n","protected":false},"author":1,"featured_media":0,"comment_status":"open","ping_status":"","sticky":false,"template":"","format":"standard","meta":{"footnotes":""},"categories":[2],"tags":[37,226],"class_list":["post-2123277","post","type-post","status-publish","format-standard","hentry","category-politics","tag-agerpres-ro","tag-crawlmanager"],"_links":{"self":[{"href":"https:\/\/analyse.optim.biz\/index.php?rest_route=\/wp\/v2\/posts\/2123277","targetHints":{"allow":["GET"]}}],"collection":[{"href":"https:\/\/analyse.optim.biz\/index.php?rest_route=\/wp\/v2\/posts"}],"about":[{"href":"https:\/\/analyse.optim.biz\/index.php?rest_route=\/wp\/v2\/types\/post"}],"author":[{"embeddable":true,"href":"https:\/\/analyse.optim.biz\/index.php?rest_route=\/wp\/v2\/users\/1"}],"replies":[{"embeddable":true,"href":"https:\/\/analyse.optim.biz\/index.php?rest_route=%2Fwp%2Fv2%2Fcomments&post=2123277"}],"version-history":[{"count":0,"href":"https:\/\/analyse.optim.biz\/index.php?rest_route=\/wp\/v2\/posts\/2123277\/revisions"}],"wp:attachment":[{"href":"https:\/\/analyse.optim.biz\/index.php?rest_route=%2Fwp%2Fv2%2Fmedia&parent=2123277"}],"wp:term":[{"taxonomy":"category","embeddable":true,"href":"https:\/\/analyse.optim.biz\/index.php?rest_route=%2Fwp%2Fv2%2Fcategories&post=2123277"},{"taxonomy":"post_tag","embeddable":true,"href":"https:\/\/analyse.optim.biz\/index.php?rest_route=%2Fwp%2Fv2%2Ftags&post=2123277"}],"curies":[{"name":"wp","href":"https:\/\/api.w.org\/{rel}","templated":true}]}}