{"id":2123276,"date":"2026-09-01T21:03:00","date_gmt":"2026-09-01T18:03:00","guid":{"rendered":"https:\/\/analyse.optim.biz\/?p=2123276"},"modified":"2026-09-01T21:03:00","modified_gmt":"2026-09-01T18:03:00","slug":"lantul-de-farmacii-mini-farm-detinut-de-valentina-calin-de-profesie-farmacista-a-trecut-pe-pierdere-i","status":"publish","type":"post","link":"https:\/\/analyse.optim.biz\/?p=2123276","title":{"rendered":"Lan\u0163ul de farmacii Mini-Farm, de\u0163inut de Valentina C\u0103lin, de profesie farmacist\u0103, a trecut pe pierdere \u00ee"},"content":{"rendered":"<p>[analyse_image type=&#8221;featured&#8221; src=&#8221;https:\/\/storage0.dms.mpinteractiv.ro\/media\/1\/1481\/21336\/23227960\/1\/minifarm-002.jpghttps:\/\/storage0.dms.mpinteractiv.ro\/media\/1\/1481\/21336\/23227960\/1\/minifarm-002.jpg&#8221;]<\/p>\n<div class=\"articleIntro mainP text-content\">\n<p>Lan\u0163ul de farmacii Mini-Farm, care s-a dezvoltat cu\u00a0unit\u0103\u0163i \u00een jude\u00ad\u0163ele Tulcea, Constan\u0163a, Ilfov \u015fi \u00een Capi\u00adtal\u0103, de\u0163inut de Valentina C\u0103lin, de profesie farma\u00adcist\u0103, a finalizat anul 2025 cu afaceri de 624,1 mil. lei (123,8 mil. euro), \u00een cre\u015ftere cu 23% fa\u0163\u0103 de anul anterior, c\u00e2nd businessul a fost de 507,2 mil. lei (aproximativ 102 mil. euro), potrivit calculelor ZF f\u0103cute pe baza datelor de pe site-ul Ministerului Finan\u0163elor. De altfel, re\u0163eaua de farmacii, cea mai extins\u0103 din zona Dobrogei, \u015fi-a crescut afacerile \u00een fiecare an, iar \u00een ultimii unsprezece ani cifra de afaceri a crescut de aproape 10 ori, potri\u00advit calculelor ZF.<\/p>\n<p>\u00cen 2014, compania avea afaceri de 64 mil. lei \u015fi 184 de angaja\u0163i. Compania Mini-Farm a trecut \u00eens\u0103 pe pierdere \u00een 2025, av\u00e2nd un rezultat negativ de aproximativ 6,5 mil. lei (1,3 mil. euro), de la un c\u00e2\u015ftig net de 2,48 mil. lei (aproximativ 500.000 de euro) ob\u0163inut \u00een 2024, conform datelor publice. Compania a ajuns anul trecut la un num\u0103r mediu de 748 de angaja\u0163i, cu 30 mai mult dec\u00e2t \u00een 2024.<\/p>\n<p>\u00a0<\/p>\n<div>\n<div><span>Te-ar putea interesa \u0219i:<\/span><\/div>\n<\/div>\n<\/div>\n<p>[analyse_source url=&#8221;https:\/\/www.zf.ro\/companii\/lantul-de-farmacii-mini-farm-detinut-de-valentina-calin-de-profesie-farmacista-a-trecut-pe-pierdere-in-2025-la-afaceri-de-peste-624-mil-lei-23227960&#8243;]<\/p>\n","protected":false},"excerpt":{"rendered":"<p>[analyse_image type=&#8221;featured&#8221; src=&#8221;https:\/\/storage0.dms.mpinteractiv.ro\/media\/1\/1481\/21336\/23227960\/1\/minifarm-002.jpghttps:\/\/storage0.dms.mpinteractiv.ro\/media\/1\/1481\/21336\/23227960\/1\/minifarm-002.jpg&#8221;] Lan\u0163ul de farmacii Mini-Farm, care s-a dezvoltat cu\u00a0unit\u0103\u0163i \u00een jude\u00ad\u0163ele Tulcea, Constan\u0163a, Ilfov \u015fi \u00een Capi\u00adtal\u0103, de\u0163inut de Valentina C\u0103lin, de profesie farma\u00adcist\u0103, a finalizat anul 2025 cu afaceri de 624,1 mil. lei (123,8 mil. euro), \u00een cre\u015ftere cu 23% fa\u0163\u0103 de anul anterior, c\u00e2nd businessul a fost de 507,2 mil. lei [&hellip;]<\/p>\n","protected":false},"author":1,"featured_media":0,"comment_status":"open","ping_status":"","sticky":false,"template":"","format":"standard","meta":{"footnotes":""},"categories":[89],"tags":[226,28],"class_list":["post-2123276","post","type-post","status-publish","format-standard","hentry","category-romania","tag-crawlmanager","tag-zf-ro"],"_links":{"self":[{"href":"https:\/\/analyse.optim.biz\/index.php?rest_route=\/wp\/v2\/posts\/2123276","targetHints":{"allow":["GET"]}}],"collection":[{"href":"https:\/\/analyse.optim.biz\/index.php?rest_route=\/wp\/v2\/posts"}],"about":[{"href":"https:\/\/analyse.optim.biz\/index.php?rest_route=\/wp\/v2\/types\/post"}],"author":[{"embeddable":true,"href":"https:\/\/analyse.optim.biz\/index.php?rest_route=\/wp\/v2\/users\/1"}],"replies":[{"embeddable":true,"href":"https:\/\/analyse.optim.biz\/index.php?rest_route=%2Fwp%2Fv2%2Fcomments&post=2123276"}],"version-history":[{"count":0,"href":"https:\/\/analyse.optim.biz\/index.php?rest_route=\/wp\/v2\/posts\/2123276\/revisions"}],"wp:attachment":[{"href":"https:\/\/analyse.optim.biz\/index.php?rest_route=%2Fwp%2Fv2%2Fmedia&parent=2123276"}],"wp:term":[{"taxonomy":"category","embeddable":true,"href":"https:\/\/analyse.optim.biz\/index.php?rest_route=%2Fwp%2Fv2%2Fcategories&post=2123276"},{"taxonomy":"post_tag","embeddable":true,"href":"https:\/\/analyse.optim.biz\/index.php?rest_route=%2Fwp%2Fv2%2Ftags&post=2123276"}],"curies":[{"name":"wp","href":"https:\/\/api.w.org\/{rel}","templated":true}]}}