{"id":2123272,"date":"2026-09-01T00:00:00","date_gmt":"2026-08-31T21:00:00","guid":{"rendered":"https:\/\/analyse.optim.biz\/?p=2123272"},"modified":"2026-09-01T00:00:00","modified_gmt":"2026-08-31T21:00:00","slug":"mexic-arestarea-unui-suspect-dupa-un-atentat-cu-masina-capcana","status":"publish","type":"post","link":"https:\/\/analyse.optim.biz\/?p=2123272","title":{"rendered":"Mexic: Arestarea unui suspect dup\u0103 un atentat cu ma\u0219in\u0103-capcan\u0103"},"content":{"rendered":"<p>[analyse_image type=&#8221;featured&#8221; src=&#8221;https:\/\/agerpres.ro\/data\/202609\/20260901223347_669331.jpg&#8221;]<\/p>\n<div class=\"mx-auto pt-3\">\n<p><strong>Autorit\u0103\u021bile mexicane au anun\u021bat mar\u021bi arestarea unui suspect dup\u0103 un atentat cu ma\u0219in\u0103-capcan\u0103 \u00een fa\u021ba unui comisariat de poli\u021bie, care a f\u0103cut 10 r\u0103ni\u021bi \u0219i atribuit cartelului Jalisco Nueva Generacion, relateaz\u0103 AFP.<\/strong><\/p>\n<p>Puternica explozie a avut loc \u00een noaptea de duminic\u0103 spre luni la Ojocaliente, \u00een statul Zacatecas (centru), \u00een momentul \u00een care ora\u0219ul \u00ee\u0219i s\u0103rb\u0103torea patronul spiritual.<\/p>\n<p>Dup\u0103 ani de acalmie, acest stat se confrunt\u0103 cu o explozie de violen\u021b\u0103, cartelurile Jalisco Nueva Generacion \u0219i Sinaloa, cele mai mari din \u021bar\u0103, disput\u00e2ndu-\u0219i controlul a numeroase rute cheie pentru traficul de droguri spre Statele Unite.<\/p>\n<p>Autorit\u0103\u021bile au f\u0103cut cunoscut c\u0103 un b\u0103rbat a parcat o ma\u0219in\u0103 \u00eenc\u0103rcat\u0103 cu explozibili \u00eenainte de a se \u00eendep\u0103rta pe jos. Vehiculul a explodat c\u00e2teva minute mai t\u00e2rziu, provoc\u00e2nd pagube importante comisariatului de poli\u021bie, locuin\u021belor \u00eenvecinate \u0219i ma\u0219inilor parcate \u00een imediata apropiere.<\/p>\n<p>Din cei zece r\u0103ni\u021bi, trei se afl\u0103 \u00eenc\u0103 la spital.<\/p>\n<p>&#8216;Ieri am desf\u0103\u0219urat o opera\u021biune ampl\u0103&#8217; \u0219i &#8216;poli\u021bia statal\u0103 a reu\u0219it s\u0103 aresteze o persoan\u0103 care pare s\u0103 fi participat la aceste evenimente&#8217;, a anun\u021bat mar\u021bi procurorul din Zacatecas, Cristian Camacho, \u00eentr-un interviu la radio.<\/p>\n<p>El nu a precizat ce rol ar fi jucat acest suspect \u00een atentat.<\/p>\n<p>Parchetul nu a r\u0103spuns unei solicit\u0103ri din partea AFP cu privire la aceast\u0103 arestare.<\/p>\n<p>Atentatul este al treilea cu explozibili \u00een mai pu\u021bin de o s\u0103pt\u0103m\u00e2n\u0103 \u00een statul Zacatecas, \u00een condi\u021biile \u00een care acest tip de atac este \u00een general pu\u021bin utilizat de grup\u0103rile criminale mexicane.<\/p>\n<p>Autorit\u0103\u021bile suspecteaz\u0103 c\u0103 Jalisco Nueva Generacion a vrut s\u0103 lanseze represalii \u00eempotriva for\u021belor de ordine dup\u0103 arestarea, s\u00e2mb\u0103t\u0103, a unui uciga\u0219 pl\u0103tit suspectat c\u0103 apar\u021bine acestei organiza\u021bii criminale. AGERPRES\/(AS &#8211; redactor: Alic M\u00eerza, editor online: Alexandru Cojocaru)<\/p>\n<\/div>\n<div class=\"mx-auto pt-3\">\n                                Afisari: 155\n                            <\/div>\n<p>[analyse_source url=&#8221;https:\/\/agerpres.ro\/politic-extern\/2026\/09\/01\/mexic-arestarea-unui-suspect-dupa-un-atentat-cu-masina-capcana&#8211;1589820&#8243;]<\/p>\n","protected":false},"excerpt":{"rendered":"<p>[analyse_image type=&#8221;featured&#8221; src=&#8221;https:\/\/agerpres.ro\/data\/202609\/20260901223347_669331.jpg&#8221;] Autorit\u0103\u021bile mexicane au anun\u021bat mar\u021bi arestarea unui suspect dup\u0103 un atentat cu ma\u0219in\u0103-capcan\u0103 \u00een fa\u021ba unui comisariat de poli\u021bie, care a f\u0103cut 10 r\u0103ni\u021bi \u0219i atribuit cartelului Jalisco Nueva Generacion, relateaz\u0103 AFP. Puternica explozie a avut loc \u00een noaptea de duminic\u0103 spre luni la Ojocaliente, \u00een statul Zacatecas (centru), \u00een momentul \u00een [&hellip;]<\/p>\n","protected":false},"author":1,"featured_media":0,"comment_status":"open","ping_status":"","sticky":false,"template":"","format":"standard","meta":{"footnotes":""},"categories":[2],"tags":[37,226],"class_list":["post-2123272","post","type-post","status-publish","format-standard","hentry","category-politics","tag-agerpres-ro","tag-crawlmanager"],"_links":{"self":[{"href":"https:\/\/analyse.optim.biz\/index.php?rest_route=\/wp\/v2\/posts\/2123272","targetHints":{"allow":["GET"]}}],"collection":[{"href":"https:\/\/analyse.optim.biz\/index.php?rest_route=\/wp\/v2\/posts"}],"about":[{"href":"https:\/\/analyse.optim.biz\/index.php?rest_route=\/wp\/v2\/types\/post"}],"author":[{"embeddable":true,"href":"https:\/\/analyse.optim.biz\/index.php?rest_route=\/wp\/v2\/users\/1"}],"replies":[{"embeddable":true,"href":"https:\/\/analyse.optim.biz\/index.php?rest_route=%2Fwp%2Fv2%2Fcomments&post=2123272"}],"version-history":[{"count":0,"href":"https:\/\/analyse.optim.biz\/index.php?rest_route=\/wp\/v2\/posts\/2123272\/revisions"}],"wp:attachment":[{"href":"https:\/\/analyse.optim.biz\/index.php?rest_route=%2Fwp%2Fv2%2Fmedia&parent=2123272"}],"wp:term":[{"taxonomy":"category","embeddable":true,"href":"https:\/\/analyse.optim.biz\/index.php?rest_route=%2Fwp%2Fv2%2Fcategories&post=2123272"},{"taxonomy":"post_tag","embeddable":true,"href":"https:\/\/analyse.optim.biz\/index.php?rest_route=%2Fwp%2Fv2%2Ftags&post=2123272"}],"curies":[{"name":"wp","href":"https:\/\/api.w.org\/{rel}","templated":true}]}}