{"id":2123267,"date":"2026-09-01T00:00:00","date_gmt":"2026-08-31T21:00:00","guid":{"rendered":"https:\/\/analyse.optim.biz\/?p=2123267"},"modified":"2026-09-01T00:00:00","modified_gmt":"2026-08-31T21:00:00","slug":"pretuiti-pamantul-a-declarat-papa-leon-al-xiv-lea-intr-o-liturghie-pentru-mediul-inconjurator","status":"publish","type":"post","link":"https:\/\/analyse.optim.biz\/?p=2123267","title":{"rendered":"&#8216;Pre\u021bui\u021bi P\u0103m\u00e2ntul&#8217;, a declarat papa Leon al XIV-lea \u00eentr-o liturghie pentru mediul \u00eenconjur\u0103tor"},"content":{"rendered":"<p>[analyse_image type=&#8221;featured&#8221; src=&#8221;https:\/\/agerpres.ro\/data\/202609\/20260901223154_250333.jpg&#8221;]<\/p>\n<div class=\"mx-auto pt-3\">\n<p><strong>Papa Leon al XIV-lea a oficiat mar\u021bi o liturghie special\u0103 pentru mediul \u00eenconjur\u0103tor \u00een cadrul c\u0103reia i-a \u00eendemnat pe credincio\u0219i &#8216;s\u0103 pre\u021buiasc\u0103 P\u0103m\u00e2ntul&#8217; \u0219i a denun\u021bat totodat\u0103 distrugerile cauzate de r\u0103zboaie, informeaz\u0103 AFP.<\/strong><\/p>\n<p>Slujba religioas\u0103 a avut loc \u00een gr\u0103dinile re\u0219edin\u021bei de var\u0103 a papilor, situat\u0103 \u00een Castel Galdolfo, \u00een apropiere de Roma.<\/p>\n<p>&#8216;S\u0103 reducem la t\u0103cere numeroasele zgomote generate de activitatea uman\u0103 pentru a putea auzi vocea melodioas\u0103 a crea\u021biei&#8217;, a declarat suveranul pontif \u00een omilia sa.<\/p>\n<p>Liderul de la Vatican a mai spus c\u0103 dore\u0219te s\u0103 atrag\u0103 aten\u021bia asupra &#8216;responsabilit\u0103\u021bii pe care o purt\u0103m, at\u00e2t la nivel personal, c\u00e2t \u0219i colectiv&#8217; \u00een ceea ce prive\u0219te conservarea &#8216;armoniei originare&#8217;.<\/p>\n<p>\u00centr-un mesaj scris, papa Leon al XIV-lea i-a \u00eendemnat totodat\u0103 pe oameni &#8216;s\u0103 pre\u021buiasc\u0103 P\u0103m\u00e2ntul&#8217;, evoc\u00e2nd \u00een special &#8216;cercul vicios&#8217; al conflictelor armate \u0219i al distrugerilor aduse mediului \u00eenconjur\u0103tor.<\/p>\n<p>&#8216;Aceste fenomene nu sunt independente, ele sunt una \u0219i aceea\u0219i chemare la vindecare \u0219i pace, venind dintr-o lume r\u0103nit\u0103&#8217;, a ad\u0103ugat el.<\/p>\n<p>Papa Leon a subliniat cu regularitate necesitatea de a proteja natura.<\/p>\n<p>\u00cen noiembrie 2025, el a \u00eendemnat la &#8216;ac\u021biuni concrete&#8217; pentru a face fa\u021b\u0103 schimb\u0103rilor climatice \u0219i a regretat faptul c\u0103 unor lideri le lipse\u0219te voin\u021ba politic\u0103 \u00een acest sens.<\/p>\n<p>Astfel, suveranul pontif a urmat exemplul predecesorului s\u0103u, regretatul pap\u0103 Francisc, care, \u00een 2015, \u00een enciclica sa &#8216;Laudato Si&#8217;, a denun\u021bat exploatarea f\u0103r\u0103 mil\u0103 a naturii de c\u0103tre oameni. AGERPRES\/(AS &#8211; redactor: Florin B\u0103descu, editor online: Alexandru Cojocaru)<\/p>\n<\/div>\n<div class=\"mx-auto pt-3\">\n                                Afisari: 178\n                            <\/div>\n<p>[analyse_source url=&#8221;https:\/\/agerpres.ro\/social-extern\/2026\/09\/01\/pretuiti-pamantul-a-declarat-papa-leon-al-xiv-lea-intr-o-liturghie-pentru-mediul-inconjurator&#8211;1589819&#8243;]<\/p>\n","protected":false},"excerpt":{"rendered":"<p>[analyse_image type=&#8221;featured&#8221; src=&#8221;https:\/\/agerpres.ro\/data\/202609\/20260901223154_250333.jpg&#8221;] Papa Leon al XIV-lea a oficiat mar\u021bi o liturghie special\u0103 pentru mediul \u00eenconjur\u0103tor \u00een cadrul c\u0103reia i-a \u00eendemnat pe credincio\u0219i &#8216;s\u0103 pre\u021buiasc\u0103 P\u0103m\u00e2ntul&#8217; \u0219i a denun\u021bat totodat\u0103 distrugerile cauzate de r\u0103zboaie, informeaz\u0103 AFP. Slujba religioas\u0103 a avut loc \u00een gr\u0103dinile re\u0219edin\u021bei de var\u0103 a papilor, situat\u0103 \u00een Castel Galdolfo, \u00een apropiere de [&hellip;]<\/p>\n","protected":false},"author":1,"featured_media":0,"comment_status":"open","ping_status":"","sticky":false,"template":"","format":"standard","meta":{"footnotes":""},"categories":[2],"tags":[37,226],"class_list":["post-2123267","post","type-post","status-publish","format-standard","hentry","category-politics","tag-agerpres-ro","tag-crawlmanager"],"_links":{"self":[{"href":"https:\/\/analyse.optim.biz\/index.php?rest_route=\/wp\/v2\/posts\/2123267","targetHints":{"allow":["GET"]}}],"collection":[{"href":"https:\/\/analyse.optim.biz\/index.php?rest_route=\/wp\/v2\/posts"}],"about":[{"href":"https:\/\/analyse.optim.biz\/index.php?rest_route=\/wp\/v2\/types\/post"}],"author":[{"embeddable":true,"href":"https:\/\/analyse.optim.biz\/index.php?rest_route=\/wp\/v2\/users\/1"}],"replies":[{"embeddable":true,"href":"https:\/\/analyse.optim.biz\/index.php?rest_route=%2Fwp%2Fv2%2Fcomments&post=2123267"}],"version-history":[{"count":0,"href":"https:\/\/analyse.optim.biz\/index.php?rest_route=\/wp\/v2\/posts\/2123267\/revisions"}],"wp:attachment":[{"href":"https:\/\/analyse.optim.biz\/index.php?rest_route=%2Fwp%2Fv2%2Fmedia&parent=2123267"}],"wp:term":[{"taxonomy":"category","embeddable":true,"href":"https:\/\/analyse.optim.biz\/index.php?rest_route=%2Fwp%2Fv2%2Fcategories&post=2123267"},{"taxonomy":"post_tag","embeddable":true,"href":"https:\/\/analyse.optim.biz\/index.php?rest_route=%2Fwp%2Fv2%2Ftags&post=2123267"}],"curies":[{"name":"wp","href":"https:\/\/api.w.org\/{rel}","templated":true}]}}