{"id":2123259,"date":"2026-09-01T00:00:00","date_gmt":"2026-08-31T21:00:00","guid":{"rendered":"https:\/\/analyse.optim.biz\/?p=2123259"},"modified":"2026-09-01T00:00:00","modified_gmt":"2026-08-31T21:00:00","slug":"merkel-despre-formarea-unui-guvern-in-romania-e-nevoie-de-oameni-dispusi-sa-faca-compromisuri-aveti-cativa","status":"publish","type":"post","link":"https:\/\/analyse.optim.biz\/?p=2123259","title":{"rendered":"Merkel despre formarea unui guvern \u00een Rom\u00e2nia: E nevoie de oameni dispu\u0219i s\u0103 fac\u0103 compromisuri; ave\u021bi c\u00e2\u021biva"},"content":{"rendered":"<p>[analyse_image type=&#8221;featured&#8221; src=&#8221;https:\/\/agerpres.ro\/data\/202609\/20260901222328_516308.jpg&#8221;]<\/p>\n<div class=\"mx-auto pt-3\">\n<p>Fostul cancelar german Angela Merkel, care \u0219i-a lansat, mar\u021bi, la Ateneul Rom\u00e2n, volumul &#8216;Libertate. Amintiri 1954 &#8211; 2021&#8217;, a afirmat c\u0103 Rom\u00e2nia a realizat mult \u00een ultimele decenii, exprim\u00e2ndu-\u0219i \u00eencrederea \u00een g\u0103sirea compromis care s\u0103 duc\u0103 la formarea unui guvern \u00een Rom\u00e2nia.<\/p>\n<p>&#8216;Bine\u00een\u021beles c\u0103 nu pot spune nimic pe marginea acestui subiect, doar c\u0103 v\u0103 doresc s\u0103 ave\u021bi din nou un premier ales. Pot doar spune c\u0103 se \u00eent\u00e2mpl\u0103 ceva la modul general \u00een societ\u0103\u021bile noastre \u0219i prin mediile sociale \u0219i digitale, \u0219i anume valoarea compromisului este pus\u0103 sub presiune din ce \u00een ce mai mult. Nu exist\u0103 nicio regiune, niciun partid sau vreun guvern care s\u0103 aib\u0103 majoritate absolut\u0103. \u0218i \u00een interiorul partidului sunt tot felul de idei diferite \u0219i frac\u021biuni, dac\u0103 nu e\u0219ti dispus s\u0103 faci un compromis&#8217;, a spus Merkel \u00eentr-un dialog public cu diplomatul Emil Hurezeanu, fost ministru al Afacerilor Externe.<\/p>\n<p><img loading=\"lazy\" decoding=\"async\" alt height=\"1868\" src=\"https:\/\/agerpres.ro\/data\/202609\/20260901222531_522467.jpg\" width=\"2048\"><\/p>\n<p>Ea a amintit c\u0103 i se imput\u0103 c\u00e2teodat\u0103, din perspectiv\u0103 german\u0103, c\u0103 a f\u0103cut multe lucruri mult prea \u00eencet.<\/p>\n<p>&#8216;Din punct de vedere obiectiv, e cu siguran\u021b\u0103 corect. Pe de alt\u0103 parte \u00eens\u0103, (&#8230;) ce \u00eenseamn\u0103 democra\u021bia? \u00censeamn\u0103 c\u0103 eu, pentru decizia mea, trebuie s\u0103 g\u0103sesc o majoritate. Bine\u00een\u021beles c\u0103, c\u00e2teodat\u0103, asta st\u0103 \u00eentr-un conflict. Trebuie s\u0103 reform\u0103m sistemul de s\u0103n\u0103tate, fiscal, pensiile \u0219i, \u00een acela\u0219i timp, am aleg\u0103tori pe care vreau s\u0103-i satisfac, c\u0103rora vreau s\u0103 le plac. A\u0219a c\u0103 exist\u0103 \u00eentotdeauna presiunea de a spune c\u0103 nu putem face aceast\u0103 reform\u0103, aia e prea rapid\u0103, mai ai \u0219i partidele populiste care oricum critic\u0103 orice ai face \u0219i care nu trebuie s\u0103 argumenteze. Nu vorbesc acum despre Rom\u00e2nia, despre Germania. Avem discu\u021bii privitoare la pensii \u00een Germania, nivelul pensiilor s\u0103 fie 48% din ultimul salariu \u0219i AfD, partidul populist, spune 70. Dar niciodat\u0103 nu sunt \u00eentreba\u021bi de unde s\u0103 vin\u0103 banii. Oamenii spun &#8216;P\u0103i, se cheltuie pe at\u00e2tea alte lucruri, de ce s\u0103 nu mearg\u0103?&#8217;. \u0218i acum, mijlocul societ\u0103\u021bii, centrul societ\u0103\u021bii trebuie s\u0103 fie suficient de puternic pentru a parcurge aceast\u0103 cale dificil\u0103 de a g\u0103si un compromis. \u0218i nu trebuie s\u0103 iei o decizie individual\u0103 la nivel de guvern. Ie\u0219i \u0219i spui &#8216;Dac\u0103 eu a\u0219 fi fost singur, a\u0219 fi luat eu o alt\u0103 decizie&#8217;, spun\u00e2nd &#8216;cazul ideal ar fi fost altul&#8217;, pentru c\u0103 nu-i convingi pe oameni. Cet\u0103\u021benii \u00ee\u0219i doresc s\u0103 \u0219tie. Ok, am procedat a\u0219a \u00een calitate de guvern \u0219i n-o s\u0103 \u00eencep s\u0103 \u00eemi b\u0103l\u0103c\u0103resc m\u00e2ine partenerul. Putem spune &#8216;pur \u0219i simplu nu s-a putut mai mult, a\u0219a a\u021bi ales \u0219i acum, pas cu pas, trebuie s\u0103 vedem cum parcurgem ace\u0219ti pa\u0219i. \u0218i cine se enerveaz\u0103 zi de zi &#8216;nu va ajunge la rezultate bune&#8221;, a ar\u0103tat fostul Cancelar, potrivit traducerii oficiale.<\/p>\n<p><img loading=\"lazy\" decoding=\"async\" alt height=\"1536\" src=\"https:\/\/agerpres.ro\/data\/202609\/20260901222547_730691.jpg\" width=\"2048\"><\/p>\n<p>Angela Merkel consider\u0103 c\u0103 &#8216;mediile digitale primesc aten\u021bie foarte mare c\u00e2nd vorbe\u0219ti despre ceva ce nu func\u021bioneaz\u0103&#8217;.<\/p>\n<p>&#8216;\u0218i pot doar s\u0103-mi doresc ca \u00een Rom\u00e2nia s\u0103 existe at\u00e2t de mul\u021bi oameni care s\u0103 respecte celelalte partide at\u00e2t de mult, \u00eenc\u00e2t s\u0103 se pun\u0103 \u00eempreun\u0103, pentru c\u0103 nu putem s\u0103 mergem la alegeri de dou\u0103 ori pe an. Alegerile sunt rezultatele g\u00e2ndurilor cet\u0103\u021benilor. Nu vin a\u0219a din cer senin. \u0218i Rom\u00e2nia a realizat mult \u00een ultimele decenii. Poate nu totul la viteza dorit\u0103, \u00eens\u0103 sunt probleme care trebuie abordate \u0219i avem nevoie de oameni care sunt dispu\u0219i s\u0103 fac\u0103 compromisuri. (&#8230;) Cred c\u0103 ave\u021bi c\u00e2\u021biva. V\u0103 doresc toate cele bune&#8217;, a subliniat fostul cancelar. AGERPRES\/(A &#8211; redactor: Daniel Popescu, editor: Anamaria Constantin, editor online: Alexandru Cojocaru)<\/p>\n<p>Sursa foto:\u00a0<a href=\"https:\/\/www.facebook.com\/photo\/?fbid=3660759037406680&amp;set=pcb.3660759547406629\" target=\"_blank\">Sabina Fati\/<\/a>facebook<\/p>\n<\/div>\n<div class=\"mx-auto pt-3\">\n                                Afisari: 280\n                            <\/div>\n<p>[analyse_source url=&#8221;https:\/\/agerpres.ro\/politic\/2026\/09\/01\/merkel-despre-formarea-unui-guvern-in-romania-e-nevoie-de-oameni-dispusi-sa-faca-compromisuri-aveti&#8212;1589818&#8243;]<\/p>\n","protected":false},"excerpt":{"rendered":"<p>[analyse_image type=&#8221;featured&#8221; src=&#8221;https:\/\/agerpres.ro\/data\/202609\/20260901222328_516308.jpg&#8221;] Fostul cancelar german Angela Merkel, care \u0219i-a lansat, mar\u021bi, la Ateneul Rom\u00e2n, volumul &#8216;Libertate. Amintiri 1954 &#8211; 2021&#8217;, a afirmat c\u0103 Rom\u00e2nia a realizat mult \u00een ultimele decenii, exprim\u00e2ndu-\u0219i \u00eencrederea \u00een g\u0103sirea compromis care s\u0103 duc\u0103 la formarea unui guvern \u00een Rom\u00e2nia. &#8216;Bine\u00een\u021beles c\u0103 nu pot spune nimic pe marginea acestui subiect, [&hellip;]<\/p>\n","protected":false},"author":1,"featured_media":0,"comment_status":"open","ping_status":"","sticky":false,"template":"","format":"standard","meta":{"footnotes":""},"categories":[2],"tags":[37,226],"class_list":["post-2123259","post","type-post","status-publish","format-standard","hentry","category-politics","tag-agerpres-ro","tag-crawlmanager"],"_links":{"self":[{"href":"https:\/\/analyse.optim.biz\/index.php?rest_route=\/wp\/v2\/posts\/2123259","targetHints":{"allow":["GET"]}}],"collection":[{"href":"https:\/\/analyse.optim.biz\/index.php?rest_route=\/wp\/v2\/posts"}],"about":[{"href":"https:\/\/analyse.optim.biz\/index.php?rest_route=\/wp\/v2\/types\/post"}],"author":[{"embeddable":true,"href":"https:\/\/analyse.optim.biz\/index.php?rest_route=\/wp\/v2\/users\/1"}],"replies":[{"embeddable":true,"href":"https:\/\/analyse.optim.biz\/index.php?rest_route=%2Fwp%2Fv2%2Fcomments&post=2123259"}],"version-history":[{"count":0,"href":"https:\/\/analyse.optim.biz\/index.php?rest_route=\/wp\/v2\/posts\/2123259\/revisions"}],"wp:attachment":[{"href":"https:\/\/analyse.optim.biz\/index.php?rest_route=%2Fwp%2Fv2%2Fmedia&parent=2123259"}],"wp:term":[{"taxonomy":"category","embeddable":true,"href":"https:\/\/analyse.optim.biz\/index.php?rest_route=%2Fwp%2Fv2%2Fcategories&post=2123259"},{"taxonomy":"post_tag","embeddable":true,"href":"https:\/\/analyse.optim.biz\/index.php?rest_route=%2Fwp%2Fv2%2Ftags&post=2123259"}],"curies":[{"name":"wp","href":"https:\/\/api.w.org\/{rel}","templated":true}]}}