{"id":212323,"date":"2014-02-14T23:10:05","date_gmt":"2014-02-14T20:10:05","guid":{"rendered":"https:\/\/analyse.optim.biz\/?p=212323"},"modified":"2014-02-14T23:10:05","modified_gmt":"2014-02-14T20:10:05","slug":"crin-antonescu-inteleg-din-declaratiile-premierului-ca-renunta-la-conditie-nu-avem-motiv-sa-nu-mergem-mai-departe","status":"publish","type":"post","link":"https:\/\/analyse.optim.biz\/?p=212323","title":{"rendered":"Crin Antonescu: \u00cen\u0163eleg din declara\u0163iile premierului c\u0103 renun\u0163\u0103 la condi\u0163ie. Nu avem motiv s\u0103 nu mergem mai departe"},"content":{"rendered":"<div class=\"entry data-app-meta data-app-meta-article\" data-embed-base-url-canonical=\"https:\/\/www.digi24.ro\/embed\/stiri\/actualitate\/politica\/crin-antonescu-inteleg-din-declaratiile-premierului-ca-renunta-la-conditie-nu-avem-motiv-sa-nu-mergem-mai-departe-200698\">\n<p data-index=\"1\"><img decoding=\"async\" src=\"https:\/\/analyse.optim.biz\/wp-content\/uploads\/2024\/09\/yja2ztu4otaxmwfiodnhnte2nzdkogjiowvk-thumb_.jpg\" data-skip-htmlfix=\"1\" title=\"yja2ztu4otaxmwfiodnhnte2nzdkogjiowvk-thumb_\"><\/p>\n<p data-index=\"2\">\u201e<span>Nu pot s\u0103-l interpretez dec\u00e2t optimist, \u00een sensul c\u0103 a revenit la spiritul ini\u0163ial al \u00een\u0163elegerii noastre, spirit care \u00eenseamn\u0103 \u00een esen\u0163\u0103 c\u0103 USL \u00eenseamn\u0103 un acord de fond \u00eentre PSD \u015fi PNL. \u015ei, dac\u0103 acesta este sensul declara\u0163iei premierului, nu pot dec\u00e2t s\u0103 o salut\u201d, a spus Crin Antonescu despre declara\u021biile f\u0103cute ast\u0103zi de Victor Ponta.<\/span><\/p>\n<p data-index=\"3\">El a men\u0163ionat totodat\u0103 c\u0103 nu a avut nicio discu\u0163ie zilele acestea nici cu Victor Ponta, nici cu al\u0163i \u201efrunta\u015fi\u201d PSD \u015fi c\u0103, din c\u00e2te \u015ftie, nici al\u0163i colegi ai s\u0103i nu au fost contacta\u0163i de social-democra\u0163i.<\/p>\n<p data-index=\"4\">\u201eEu consider c\u0103 nu exist\u0103 nicun motiv temeinic, serios pentru ca alian\u0163a s\u0103 nu continue \u015fi, \u00een al doilea r\u00e2nd, c\u0103 \u00een ceea ce m\u0103 prive\u015fte \u015fi \u00een ceea ce prive\u015fte PNL suntem c\u00e2t se poate de dispu\u015fi la acest lucru\u201d, a mai spus Crin Antonescu.<\/p>\n<p data-index=\"5\">\u00cen ceea ce prive\u0219te propunerea lui Victor Ponta ca \u0219i PC s\u0103 aib\u0103 un vicepremier, Crin Antonescu a spus c\u0103 din punctul s\u0103u de vedere aceast\u0103 chestiune este \u201efoarte clar\u0103\u201d.<\/p>\n<p data-index=\"6\">\u201eNu a existat \u015fi nu va exista. P\u0103str\u0103m toate raporturile de reprezentare \u00een acest Guvern a\u015fa cum au func\u0163ionat ele de la \u00eenceput \u015fi p\u00e2n\u0103 acum \u015fi mergem mai departe. \u00cen\u0163eleg din declara\u0163ia domnului Ponta c\u0103 renun\u0163\u0103 la o asemenea condi\u0163ie, a\u015fa o citesc eu, optimist, \u015fi atunci evident c\u0103 nu avem niciun fel de motiv s\u0103 nu mergem mai departe de luni, cu o nou\u0103 formul\u0103 guvernamental\u0103, \u00een sensul a c\u00e2\u0163iva oameni noi, dar pe acelea\u015fi temeiuri pe care am construit \u015fi pe care au func\u0163ionat alian\u0163a \u015fi guvernul\u201d, a mai spus Crin Antonescu.<\/p>\n<p data-index=\"7\">Pre\u0219edintele PNL a mai spus c\u0103 o \u00eent\u00e2lnire cu PSD ar putea avea loc, din punctul s\u0103u de vedere, oric\u00e2nd ar fi solicitat\u0103.<\/p>\n<p data-index=\"8\">\u201eCred c\u0103 luni diminea\u0163\u0103 cel mai t\u00e2rziu ar trebui ca ea s\u0103 aib\u0103 loc, ca s\u0103 putem luni deja s\u0103 solicit\u0103m convocarea Camerelor \u00een \u015fedin\u0163\u0103 comun\u0103. Pe de alt\u0103 parte, nici n-ar mai fi nevoie de vreo discu\u0163ie, p\u00e2n\u0103 la urm\u0103 n-ar fi nevoie dec\u00e2t ca lucrurile pe care ne-am \u00een\u0163eles, care sunt \u00een comun agreate, cu excep\u0163ia acestei inven\u0163ii cu vicepremier Daniel Constantin, s\u0103 vin\u0103 \u00een Parlament \u015fi atunci e foarte simplu, nici nu mai e nevoie de o discu\u0163ie. Dar probabil c\u0103 o astfel de discu\u0163ie se va face\u201d, a precizat Crin Antonescu.<\/p>\n<p data-index=\"9\">Pre\u015fedintele PSD, premierul Victor Ponta a r\u0103spuns solicit\u0103rii liderului PNL, Crin Antonescu, de a alege \u00eentre PNL \u015fi USD, afirm\u00e2nd c\u0103 vrea ca guvernarea s\u0103 continue p\u00e2n\u0103 \u00een 2016, inclusiv, \u00een formula USL. El a refuzat s\u0103 precizeze dac\u0103 acest lucru \u00eenseamn\u0103 renun\u021barea la propunerea ca Guvernul s\u0103 aib\u0103 patru vicepremieri.<\/p>\n<\/div>\n<p> Source URL: https:\/\/www.digi24.ro\/stiri\/actualitate\/politica\/crin-antonescu-inteleg-din-declaratiile-premierului-ca-renunta-la-conditie-nu-avem-motiv-sa-nu-mergem-mai-departe-200698<\/p>\n","protected":false},"excerpt":{"rendered":"<p>\u201eNu pot s\u0103-l interpretez dec\u00e2t optimist, \u00een sensul c\u0103 a revenit la spiritul ini\u0163ial al \u00een\u0163elegerii noastre, spirit care \u00eenseamn\u0103 \u00een esen\u0163\u0103 c\u0103 USL \u00eenseamn\u0103 un acord de fond \u00eentre PSD \u015fi PNL. \u015ei, dac\u0103 acesta este sensul declara\u0163iei premierului, nu pot dec\u00e2t s\u0103 o salut\u201d, a spus Crin Antonescu despre declara\u021biile f\u0103cute ast\u0103zi de [&hellip;]<\/p>\n","protected":false},"author":1,"featured_media":212324,"comment_status":"open","ping_status":"","sticky":false,"template":"","format":"standard","meta":{"footnotes":""},"categories":[2],"tags":[11],"class_list":["post-212323","post","type-post","status-publish","format-standard","has-post-thumbnail","hentry","category-politics","tag-digi24"],"_links":{"self":[{"href":"https:\/\/analyse.optim.biz\/index.php?rest_route=\/wp\/v2\/posts\/212323","targetHints":{"allow":["GET"]}}],"collection":[{"href":"https:\/\/analyse.optim.biz\/index.php?rest_route=\/wp\/v2\/posts"}],"about":[{"href":"https:\/\/analyse.optim.biz\/index.php?rest_route=\/wp\/v2\/types\/post"}],"author":[{"embeddable":true,"href":"https:\/\/analyse.optim.biz\/index.php?rest_route=\/wp\/v2\/users\/1"}],"replies":[{"embeddable":true,"href":"https:\/\/analyse.optim.biz\/index.php?rest_route=%2Fwp%2Fv2%2Fcomments&post=212323"}],"version-history":[{"count":0,"href":"https:\/\/analyse.optim.biz\/index.php?rest_route=\/wp\/v2\/posts\/212323\/revisions"}],"wp:featuredmedia":[{"embeddable":true,"href":"https:\/\/analyse.optim.biz\/index.php?rest_route=\/wp\/v2\/media\/212324"}],"wp:attachment":[{"href":"https:\/\/analyse.optim.biz\/index.php?rest_route=%2Fwp%2Fv2%2Fmedia&parent=212323"}],"wp:term":[{"taxonomy":"category","embeddable":true,"href":"https:\/\/analyse.optim.biz\/index.php?rest_route=%2Fwp%2Fv2%2Fcategories&post=212323"},{"taxonomy":"post_tag","embeddable":true,"href":"https:\/\/analyse.optim.biz\/index.php?rest_route=%2Fwp%2Fv2%2Ftags&post=212323"}],"curies":[{"name":"wp","href":"https:\/\/api.w.org\/{rel}","templated":true}]}}