{"id":2123212,"date":"2026-09-01T00:00:00","date_gmt":"2026-08-31T21:00:00","guid":{"rendered":"https:\/\/analyse.optim.biz\/?p=2123212"},"modified":"2026-09-01T00:00:00","modified_gmt":"2026-08-31T21:00:00","slug":"faut-il-revoir-la-fresque-politique-dolivier-assayas-avec-jude-law","status":"publish","type":"post","link":"https:\/\/analyse.optim.biz\/?p=2123212","title":{"rendered":"Faut-il (re)voir la fresque politique d\u2019Olivier Assayas avec Jude Law ?"},"content":{"rendered":"<div class=\"entry-content\">\n<section class=\"single-header padding-top-s\">\n<div class=\"container\">\n<div class=\"row justify-content-between\">\n<div class=\"col-lg-9 col-xl-8\">\n<div class=\"video-container\">\n\t\t\t\t\t\t\t\t\t\t\t\t\t<\/div>\n<div class=\"container-img desktop\">\n                                <img loading=\"lazy\" decoding=\"async\" width=\"1864\" height=\"1190\" src=\"\/\/www.w3.org\/2000\/svg&apos;%20viewBox=&apos;0%200%201864%201190&apos;%3E%3C\/svg%3E\" class=\"img-fluid\" alt=\"Jude Law et Paul Dano dans le film Le Mage du Kremlin (2025) d&apos;Olivier Assayas. \u00a9 Carole Bethuel - 2025 CURIOSA FILMS - GAUMONT - FRANCE 2 CINEMA.\" data-lazy-src=\"https:\/\/numero.com\/wp-content\/uploads\/2026\/01\/Jude-Law-et-Paul-Dano-dans-le-film-Le-Mage-du-Kremlin-2025-dOlivier-Assayas.-\u00a9-Carole-Bethuel-2025-CURIOSA-FILMS-GAUMONT-FRANCE-2-CINEMA-2.jpg\"><img decoding=\"async\" width=\"1864\" height=\"1190\" src=\"https:\/\/numero.com\/wp-content\/uploads\/2026\/01\/Jude-Law-et-Paul-Dano-dans-le-film-Le-Mage-du-Kremlin-2025-dOlivier-Assayas.-%C2%A9-Carole-Bethuel-2025-CURIOSA-FILMS-GAUMONT-FRANCE-2-CINEMA-2.jpg\" class=\"img-fluid\" alt=\"Jude Law et Paul Dano dans le film Le Mage du Kremlin (2025) d&apos;Olivier Assayas. \u00a9 Carole Bethuel - 2025 CURIOSA FILMS - GAUMONT - FRANCE 2 CINEMA.\" loading=\"lazy\">\t\t\t\t\t\t\t\t<\/p>\n<p class=\"number big\">1<\/p>\n<\/p><\/div>\n<div class=\"container-img mobile\">\n                                <img loading=\"lazy\" decoding=\"async\" width=\"1300\" height=\"1634\" src=\"\/\/www.w3.org\/2000\/svg&apos;%20viewBox=&apos;0%200%201300%201634&apos;%3E%3C\/svg%3E\" class=\"img-fluid\" alt=\"Jude Law et Paul Dano dans le film Le Mage du Kremlin (2025) d&apos;Olivier Assayas. \u00a9 Carole Bethuel - 2025 CURIOSA FILMS - GAUMONT - FRANCE 2 CINEMA.\" data-lazy-src=\"https:\/\/numero.com\/wp-content\/uploads\/2026\/01\/Mage-du-Kremlin-2.jpg\"><img decoding=\"async\" width=\"1300\" height=\"1634\" src=\"https:\/\/numero.com\/wp-content\/uploads\/2026\/01\/Mage-du-Kremlin-2.jpg\" class=\"img-fluid\" alt=\"Jude Law et Paul Dano dans le film Le Mage du Kremlin (2025) d&apos;Olivier Assayas. \u00a9 Carole Bethuel - 2025 CURIOSA FILMS - GAUMONT - FRANCE 2 CINEMA.\" loading=\"lazy\">\t\t\t\t\t\t\t\t<\/p>\n<p class=\"number big\">1<\/p>\n<\/p><\/div>\n<\/p><\/div>\n<div class=\"col col-lg-3 col-xl-4 desktop\">\n<div class=\"ad grand-angle desktop\">\n    <!-- \/21730003857\/numero-ad-unit\/numero-grand-angle --><\/p>\n<div class=\"ad-responsive\">\n<div id=\"div-gpt-ad-1773673590069-0\" class=\"ads-pub px-0\">\n<p>                googletag.cmd.push(function () {<br \/>\n                    googletag.display(&#8216;div-gpt-ad-1773673590069-0&#8217;);<br \/>\n                });<\/p><\/div>\n<\/p><\/div>\n<\/div><\/div>\n<\/p><\/div>\n<\/p><\/div>\n<\/section>\n<section class=\"post-content\">\n<div class=\"container\">\n<div class=\"row g-0 justify-content-between\">\n<div class=\"col-lg-9 col-xl-8 padding-top-s\">\n<p class=\"share-widget\" id=\"share-widget\"><img decoding=\"async\" src=\"\/\/www.w3.org\/2000\/svg&apos;%20viewBox=&apos;0%200%200%200&apos;%3E%3C\/svg%3E\" alt=\"share-widget\" data-lazy-src=\"https:\/\/numero.com\/wp-content\/themes\/understrap-child-main\/src\/public\/images\/share.svg\"><\/p>\n<p><img decoding=\"async\" src=\"https:\/\/numero.com\/wp-content\/themes\/understrap-child-main\/src\/public\/images\/share.svg\" alt=\"share-widget\"><\/p>\n<div class=\"share-icons\" id=\"share-icons\">\n<p class=\"copy-link\"><img decoding=\"async\" src=\"\/\/www.w3.org\/2000\/svg&apos;%20viewBox=&apos;0%200%200%200&apos;%3E%3C\/svg%3E\" alt=\"copy-link\" data-lazy-src=\"https:\/\/numero.com\/wp-content\/themes\/understrap-child-main\/src\/public\/images\/copy-link.svg\"><\/p>\n<p><img decoding=\"async\" src=\"https:\/\/numero.com\/wp-content\/themes\/understrap-child-main\/src\/public\/images\/copy-link.svg\" alt=\"copy-link\"><br \/>\n\t\t\t\t\t\t\t<a href=\"https:\/\/www.facebook.com\/sharer\/sharer.php?u=https:\/\/numero.com\/culture\/cinema\/jude-law-le-mage-du-kremlin-olivier-assayas\/\" class=\"facebook\" target=\"_blank\" rel=\"noopener\"><img decoding=\"async\" src=\"\/\/www.w3.org\/2000\/svg&apos;%20viewBox=&apos;0%200%200%200&apos;%3E%3C\/svg%3E\" alt=\"facebook\" data-lazy-src=\"https:\/\/numero.com\/wp-content\/themes\/understrap-child-main\/src\/public\/images\/facebook.svg\"><img decoding=\"async\" src=\"https:\/\/numero.com\/wp-content\/themes\/understrap-child-main\/src\/public\/images\/facebook.svg\" alt=\"facebook\"><\/a><br \/>\n\t\t\t\t\t\t\t<a href=\"https:\/\/twitter.com\/share?url=https:\/\/numero.com\/culture\/cinema\/jude-law-le-mage-du-kremlin-olivier-assayas\/\" class=\"twitter\" target=\"_blank\" rel=\"noopener\"><img decoding=\"async\" src=\"\/\/www.w3.org\/2000\/svg&apos;%20viewBox=&apos;0%200%200%200&apos;%3E%3C\/svg%3E\" alt=\"twitter\" data-lazy-src=\"https:\/\/numero.com\/wp-content\/themes\/understrap-child-main\/src\/public\/images\/twitter.svg\"><img decoding=\"async\" src=\"https:\/\/numero.com\/wp-content\/themes\/understrap-child-main\/src\/public\/images\/twitter.svg\" alt=\"twitter\"><\/a>\n\t\t\t\t\t\t<\/div>\n<p>\t\t\t\t\t\t<span class id=\"custom-tooltip\" style=\"display:none\">Lien copi\u00e9<\/span><\/p>\n<div class=\"col-lg-10\">\n<div class=\"meta d-flex justify-content-between align-items-center\">\n<div class=\"cat\">\n\t\t\t\t\t\t\t\t\t<a class=\"cat-title\" href=\"https:\/\/numero.com\/category\/culture\/cinema\/\">Cin\u00e9ma<\/a>\t\t\t\t\t\t\t\t<\/div>\n<p class=\"date\">\n\t\t\t\t\t\t\t\t\t1 sept 2026\t\t\t\t\t\t\t\t<\/p>\n<\/p><\/div>\n<h1>Faut-il (re)voir la fresque politique d\u2019Olivier Assayas avec Jude Law ?<\/h1>\n<div class=\"introduction\">\n<p>Pour son nouveau long-m\u00e9trage, une adaptation du best-seller\u00a0<em>Le Mage du Kremlin<\/em> de Giuliano da Empoli, le r\u00e9alisateur fran\u00e7ais Olivier Assayas fait appel \u00e0 l\u2019acteur britannique Jude Law pour incarner la figure controvers\u00e9e de Vladimir Poutine. Un projet passionnant et r\u00e9ussi qui a fait grand bruit \u00e0 la Mostra de Venise 2025 et qui est diffus\u00e9 le 1er septembre 2026.<\/p>\n<\/div>\n<li class=\"credits d-flex\">\n<p>\n\t\t\t\t\t\t\t\t\t\t\tpar\t\t\t\t\t\t\t\t\t\t\t\t\t\t\t\t\t\t\t\t\t\t\t<a href=\"https:\/\/numero.com\/contributor\/nathan-merchadier\/\">Nathan Merchadier<\/a>.\t\t\t\t\t\t\t\t\t\t\t\t\t\t\t\t\t\t\t\t\t<\/p>\n<\/li>\n<p class=\"edition-date\">Publi\u00e9 le 10 novembre 2025. Modifi\u00e9 le 1 septembre 2026.<\/p>\n<div id=\"ads03\" class=\"mobile padding-bottom-s\">\n<div class=\"ad-wrapper\">\n\t\t\t\t\t\t\t\t\t<!-- \/21730003857\/numero-ad-unit\/numero-interscroller --><\/p>\n<div class=\"ad ad-responsive interscroller-slot\">\n<div id=\"div-gpt-ad-1773673675628-0\" class=\"ads-pub\">\n<p>            googletag.cmd.push(function () {<br \/>\n                googletag.display(&#8216;div-gpt-ad-1773673675628-0&#8217;);<br \/>\n            });<\/p><\/div>\n<\/div><\/div>\n<\/p><\/div>\n<p>\t\t\t\t\t\t\t&lt;!&#8211; <\/p>\n<div class=\"padding-bottom-s\">\n\t\t\t\t\t\t\t\t\t\t\t\t\t\t\t<\/div>\n<p> &#8211;&gt;<\/p>\n<figure data-wp-context=\"{&quot;imageId&quot;:&quot;6a972ae0e9d01&quot;}\" data-wp-interactive=\"core\/image\" data-wp-key=\"6a972ae0e9d01\" class=\"wp-block-image size-full wp-lightbox-container\"><img loading=\"lazy\" decoding=\"async\" width=\"1262\" height=\"710\" data-wp-class--hide=\"state.isContentHidden\" data-wp-class--show=\"state.isContentVisible\" data-wp-init=\"callbacks.setButtonStyles\" data-wp-on--click=\"actions.showLightbox\" data-wp-on--load=\"callbacks.setButtonStyles\" data-wp-on--pointerdown=\"actions.preloadImage\" data-wp-on--pointerenter=\"actions.preloadImageWithDelay\" data-wp-on--pointerleave=\"actions.cancelPreload\" data-wp-on-window--resize=\"callbacks.setButtonStyles\" src=\"\/\/www.w3.org\/2000\/svg&apos;%20viewBox=&apos;0%200%201262%20710&apos;%3E%3C\/svg%3E\" alt=\"Jude Law et Paul Dano dans le film Le Mage du Kremlin (2025) d&apos;Olivier Assayas.\" class=\"wp-image-715993\" data-lazy-src=\"https:\/\/numero.com\/wp-content\/uploads\/2025\/08\/jude-law-vladimir-poutine-le-mage-du-kremlin-numero-magazine.jpg\"><img loading=\"lazy\" decoding=\"async\" width=\"1262\" height=\"710\" data-wp-class--hide=\"state.isContentHidden\" data-wp-class--show=\"state.isContentVisible\" data-wp-init=\"callbacks.setButtonStyles\" data-wp-on--click=\"actions.showLightbox\" data-wp-on--load=\"callbacks.setButtonStyles\" data-wp-on--pointerdown=\"actions.preloadImage\" data-wp-on--pointerenter=\"actions.preloadImageWithDelay\" data-wp-on--pointerleave=\"actions.cancelPreload\" data-wp-on-window--resize=\"callbacks.setButtonStyles\" src=\"https:\/\/numero.com\/wp-content\/uploads\/2025\/08\/jude-law-vladimir-poutine-le-mage-du-kremlin-numero-magazine.jpg\" alt=\"Jude Law et Paul Dano dans le film Le Mage du Kremlin (2025) d&apos;Olivier Assayas.\" class=\"wp-image-715993\"><button class=\"lightbox-trigger\" type=\"button\" aria-haspopup=\"dialog\" data-wp-bind--aria-label=\"state.thisImage.triggerButtonAriaLabel\" data-wp-init=\"callbacks.initTriggerButton\" data-wp-on--click=\"actions.showLightbox\" data-wp-style--right=\"state.thisImage.buttonRight\" data-wp-style--top=\"state.thisImage.buttonTop\"><\/p>\n<p>\t\t<\/button><figcaption class=\"wp-element-caption\">Jude Law et Paul Dano dans le film <em>Le Mage du Kremlin <\/em>(2025) d\u2019Olivier Assayas. \u00a9 Carole Bethuel \u2013 2025 CURIOSA FILMS \u2013 GAUMONT \u2013 FRANCE 2 CINEMA.<\/figcaption><\/figure>\n<h2 class=\"wp-block-heading\"><em>Le Mage du Kremlin<\/em>, une fresque politique ambitieuse sign\u00e9e Olivier Assayas<\/h2>\n<p class=\"wp-block-paragraph\">Apr\u00e8s avoir fait appel \u00e0\u00a0<strong>Vincent Macaigne<\/strong>\u00a0et \u00e0\u00a0<strong>Nora Hamzawi<\/strong>\u00a0pour son dernier film intitul\u00e9\u00a0<em><strong>Hors du temps<\/strong><\/em>\u00a0(2024), le r\u00e9alisateur fran\u00e7ais\u00a0<strong>Olivier Assayas<\/strong>\u00a0s\u2019offre une pointure du cin\u00e9ma international pour son nouveau long-m\u00e9trage, une adaptation du livre\u00a0<em><strong>Le Mage du Kremlin<\/strong><\/em>\u00a0(2022) de\u00a0<strong>Giuliano da Empoli<\/strong>, diffus\u00e9 sur<strong> Canal+ <\/strong>le 1er septembre 2026.<\/p>\n<p class=\"wp-block-paragraph\">Le pitch ? \u201c<em><strong>Russie<\/strong>, dans les ann\u00e9es 1990. L\u2019URSS s\u2019effondre. Dans le tumulte d\u2019un pays en reconstruction, un jeune homme \u00e0 l\u2019intelligence redoutable, Vadim Baranov, trace sa voie. D\u2019abord artiste puis producteur de t\u00e9l\u00e9-r\u00e9alit\u00e9, il devient le conseiller officieux d\u2019un ancien agent du KGB promis \u00e0 un pouvoir absolu, le futur \u2018Tsar\u2019 Vladimir Poutine. Plong\u00e9 au c\u0153ur du syst\u00e8me, Baranov devient un rouage central de la nouvelle Russie, fa\u00e7onnant les discours, les images, les perceptions<\/em>.\u201d<\/p>\n<figure data-wp-context=\"{&quot;imageId&quot;:&quot;6a972ae0ea19a&quot;}\" data-wp-interactive=\"core\/image\" data-wp-key=\"6a972ae0ea19a\" class=\"wp-block-image size-full wp-lightbox-container\"><img loading=\"lazy\" decoding=\"async\" width=\"659\" height=\"1000\" data-wp-class--hide=\"state.isContentHidden\" data-wp-class--show=\"state.isContentVisible\" data-wp-init=\"callbacks.setButtonStyles\" data-wp-on--click=\"actions.showLightbox\" data-wp-on--load=\"callbacks.setButtonStyles\" data-wp-on--pointerdown=\"actions.preloadImage\" data-wp-on--pointerenter=\"actions.preloadImageWithDelay\" data-wp-on--pointerleave=\"actions.cancelPreload\" data-wp-on-window--resize=\"callbacks.setButtonStyles\" src=\"\/\/www.w3.org\/2000\/svg&apos;%20viewBox=&apos;0%200%20659%201000&apos;%3E%3C\/svg%3E\" alt=\"Jude Law au photocall du film Star Wars : Skeleton Crew le 21 novembre 2024 \u00e0 London \u00a9 Dave Benett\/WireImage.\" class=\"wp-image-618051\" data-lazy-src=\"https:\/\/numero.com\/wp-content\/uploads\/2025\/01\/GettyImages-2185213721-1.jpg\"><img loading=\"lazy\" decoding=\"async\" width=\"659\" height=\"1000\" data-wp-class--hide=\"state.isContentHidden\" data-wp-class--show=\"state.isContentVisible\" data-wp-init=\"callbacks.setButtonStyles\" data-wp-on--click=\"actions.showLightbox\" data-wp-on--load=\"callbacks.setButtonStyles\" data-wp-on--pointerdown=\"actions.preloadImage\" data-wp-on--pointerenter=\"actions.preloadImageWithDelay\" data-wp-on--pointerleave=\"actions.cancelPreload\" data-wp-on-window--resize=\"callbacks.setButtonStyles\" src=\"https:\/\/numero.com\/wp-content\/uploads\/2025\/01\/GettyImages-2185213721-1.jpg\" alt=\"Jude Law au photocall du film Star Wars : Skeleton Crew le 21 novembre 2024 \u00e0 London \u00a9 Dave Benett\/WireImage.\" class=\"wp-image-618051\"><button class=\"lightbox-trigger\" type=\"button\" aria-haspopup=\"dialog\" data-wp-bind--aria-label=\"state.thisImage.triggerButtonAriaLabel\" data-wp-init=\"callbacks.initTriggerButton\" data-wp-on--click=\"actions.showLightbox\" data-wp-style--right=\"state.thisImage.buttonRight\" data-wp-style--top=\"state.thisImage.buttonTop\"><\/p>\n<p>\t\t<\/button><figcaption class=\"wp-element-caption\">Jude Law au photocall de <em>Star Wars : Skeleton Crew<\/em> le 21 novembre 2024 \u00e0 Londres. \u00a9 Dave Benett\/WireImage via Getty Images.<\/figcaption><\/figure>\n<h2 class=\"wp-block-heading\">Jude Law m\u00e9tamorphos\u00e9 en Vladimir Poutine\u00a0<\/h2>\n<p class=\"wp-block-paragraph\">Dans cette <strong>fresque historique et politique <\/strong>haletante, l\u2019acteur britannique\u00a0<a href=\"https:\/\/numero.com\/mode\/rencontre-avec-raff-law-fils-de-jude-law-et-egerie-brioni\/\"><strong>Jude Law<\/strong><\/a> (m\u00e9tamorphos\u00e9), r\u00e9cemment vu dans le thriller policier\u00a0<a href=\"https:\/\/numero.com\/culture\/cinema\/eden-ron-howard-jude-law-ana-de-armas-sydney-sweeney\/\"><strong><em>Eden<\/em><\/strong><\/a>\u00a0(2025), incarne avec brio la figure politique controvers\u00e9e\u00a0<strong>Vladimir Poutine<\/strong>. Un r\u00f4le de composition qui \u00e9tait loin d\u2019\u00eatre \u00e9vident lorsqu\u2019on conna\u00eet la r\u00e9putation de cet ancien officier du KGB\u2026 \u00c0 ce sujet, l\u2019acteur confiait \u00e0\u00a0<em>Deadline\u00a0<\/em>quelques mois avant la sortie du film : \u201c<em>Cela ressemble \u00e0 un Everest \u00e0 gravir<\/em>.\u201d<\/p>\n<p class=\"wp-block-paragraph\">Mais gr\u00e2ce au talent et au charisme de son com\u00e9dien principal, <strong>Olivier Assayas<\/strong> \u00e9vite le pi\u00e8ge de la caricature et livre un film dense et captivant. Ce dernier interroge avec finesse les rouages du pouvoir, ses zones d\u2019ombre et les d\u00e9rives qu\u2019il engendre lorsqu\u2019il se concentre entre les mains d\u2019un seul homme. Mais aussi la manipulation du peuple par les m\u00e9dias et la complicit\u00e9 de nombreuses personnes envers le pouvoir en place. Par le prisme de la relation entre deux hommes, le long-m\u00e9trage raconte avec passion l\u2019histoire de la Russie des ann\u00e9es\u00a01990 avant l\u2019invasion de l\u2019<strong>Ukraine<\/strong> par <strong>Poutine<\/strong>.<\/p>\n<figure data-wp-context=\"{&quot;imageId&quot;:&quot;6a972ae0ea5ef&quot;}\" data-wp-interactive=\"core\/image\" data-wp-key=\"6a972ae0ea5ef\" class=\"wp-block-image size-large wp-lightbox-container\"><img loading=\"lazy\" decoding=\"async\" width=\"1024\" height=\"576\" data-wp-class--hide=\"state.isContentHidden\" data-wp-class--show=\"state.isContentVisible\" data-wp-init=\"callbacks.setButtonStyles\" data-wp-on--click=\"actions.showLightbox\" data-wp-on--load=\"callbacks.setButtonStyles\" data-wp-on--pointerdown=\"actions.preloadImage\" data-wp-on--pointerenter=\"actions.preloadImageWithDelay\" data-wp-on--pointerleave=\"actions.cancelPreload\" data-wp-on-window--resize=\"callbacks.setButtonStyles\" src=\"\/\/www.w3.org\/2000\/svg&apos;%20viewBox=&apos;0%200%201024%20576&apos;%3E%3C\/svg%3E\" alt=\"Paul Dano dans Le Mage du Kremlin (2026) \u00a9 Carole Bethuel \u2013 Curiosa Films \u2013 Gaumont.\" class=\"wp-image-781467\" data-lazy-src=\"https:\/\/numero.com\/wp-content\/uploads\/2026\/01\/Paul-Dano-dans-Le-Mage-du-Kremlin-1024x576.jpg\"><img loading=\"lazy\" decoding=\"async\" width=\"1024\" height=\"576\" data-wp-class--hide=\"state.isContentHidden\" data-wp-class--show=\"state.isContentVisible\" data-wp-init=\"callbacks.setButtonStyles\" data-wp-on--click=\"actions.showLightbox\" data-wp-on--load=\"callbacks.setButtonStyles\" data-wp-on--pointerdown=\"actions.preloadImage\" data-wp-on--pointerenter=\"actions.preloadImageWithDelay\" data-wp-on--pointerleave=\"actions.cancelPreload\" data-wp-on-window--resize=\"callbacks.setButtonStyles\" src=\"https:\/\/numero.com\/wp-content\/uploads\/2026\/01\/Paul-Dano-dans-Le-Mage-du-Kremlin-1024x576.jpg\" alt=\"Paul Dano dans Le Mage du Kremlin (2026) \u00a9 Carole Bethuel \u2013 Curiosa Films \u2013 Gaumont.\" class=\"wp-image-781467\"><button class=\"lightbox-trigger\" type=\"button\" aria-haspopup=\"dialog\" data-wp-bind--aria-label=\"state.thisImage.triggerButtonAriaLabel\" data-wp-init=\"callbacks.initTriggerButton\" data-wp-on--click=\"actions.showLightbox\" data-wp-style--right=\"state.thisImage.buttonRight\" data-wp-style--top=\"state.thisImage.buttonTop\"><\/p>\n<p>\t\t<\/button><figcaption class=\"wp-element-caption\">Paul Dano dans <em>Le Mage du Kremlin <\/em>(2026) \u00a9 Carole Bethuel \u2013 Curiosa Films \u2013 Gaumont.<\/figcaption><\/figure>\n<h2 class=\"wp-block-heading\">Paul Dano, star magn\u00e9tique d\u2019un film haletant<\/h2>\n<p class=\"wp-block-paragraph\">Face au tr\u00e8s convaincant <strong>Jude Law<\/strong>, <strong>Paul Dano<\/strong> (<em>The Batman<\/em>, <em>There Will Be Blood<\/em>) s\u2019impose comme l\u2019une des grandes forces du film. Habitu\u00e9 aux univers exigeants (de <strong>Steven Spielberg<\/strong> \u00e0 <strong><a href=\"https:\/\/numero.com\/culture\/cinema\/mickey-17-robert-pattinson-bong-joon-ho-parasite\/\" target=\"_blank\" rel=\"noreferrer noopener\">Bong Joon-ho<\/a><\/strong> en passant par <strong><a href=\"https:\/\/numero.com\/culture\/cinema\/parthenope-paolo-sorrentino-naples-celeste-dalla-porta\/\" target=\"_blank\" rel=\"noreferrer noopener\">Paolo Sorrentino<\/a><\/strong>), l\u2019acteur incarne ici <strong>Vadim Baranov<\/strong>, personnage fictif librement inspir\u00e9 de <strong>Vladislav Sourkov<\/strong>, ex-\u00e9minence grise du Kremlin.<\/p>\n<p class=\"wp-block-paragraph\">\u00c0 plusieurs reprises, <strong>Paul Dano<\/strong> impressionne par l\u2019intensit\u00e9 et la pr\u00e9cision de son jeu en donnant vie \u00e0 ce producteur de t\u00e9l\u00e9r\u00e9alit\u00e9 devenu strat\u00e8ge du pouvoir, \u00e0 la fois trouble et fascinant. Autour de ce duo central, <strong>Alicia Vikander<\/strong> (<em>Le Jeu de la reine<\/em>) et <strong>Tom Sturridge<\/strong> (<em><a href=\"https:\/\/numero.com\/culture\/cinema\/kristen-stewart-the-chronology-of-water-imogen-poots\/\" target=\"_blank\" rel=\"noreferrer noopener\">The Chronology of Water<\/a><\/em>) compl\u00e8tent un casting solide au service d\u2019un long-m\u00e9trage ambitieux.<\/p>\n<figure class=\"wp-block-embed is-type-video is-provider-youtube wp-block-embed-youtube wp-embed-aspect-16-9 wp-has-aspect-ratio\">\n<div class=\"wp-block-embed__wrapper\">\n<div class=\"cookieconsent-optout-statistics cookieconsent-optout-marketing\"><\/div>\n<\/div><figcaption class=\"wp-element-caption\">La bande-annonce du film <em>Le Mage du Kremlin<\/em> (2026).<\/figcaption><\/figure>\n<h2 class=\"wp-block-heading\">Un sc\u00e9nario cosign\u00e9 par Emmanuel Carr\u00e8re<\/h2>\n<p class=\"wp-block-paragraph\">L\u2019autre grande force du film, c\u2019est son \u00e9criture. Il faut dire qu\u2019<strong>Olivier Assayas<\/strong> a su s\u2019entourer. En effet, il\u00a0co-signe le sc\u00e9nario du thriller politique<strong>\u00a0<em>Le Mage du Kremlin<\/em><\/strong>\u00a0avec l\u2019\u00e9crivain\u00a0<a href=\"https:\/\/numero.com\/culture\/que-nous-reserve-ladaptation-de-limonov-le-best-seller-demmanuel-carrere\/\">Emmanuel Carr\u00e8re<\/a>. R\u00e9sultat ? Apr\u00e8s avoir fait sa premi\u00e8re mondiale lors de la\u00a0<a href=\"https:\/\/numero.com\/culture\/cinema\/mostra-de-venise-2025-festival-lion-d-or\/\"><strong>Mostra de Venise 2025<\/strong><\/a>, en comp\u00e9tition officielle, le long-m\u00e9trage s\u2019est offert les louanges de la presse.<\/p>\n<p class=\"wp-block-paragraph\"><em>Le Mage du Kremlin (2026) d\u2019Olivier Assayas, diffus\u00e9 sur Canal+ le 1er septembre 2026.<\/em><\/p>\n<p class=\"wp-block-paragraph\">\n<\/p><\/div>\n<\/p><\/div>\n<div class=\"col-lg-3\">\n<div class=\"suggested-posts padding-top-s\">\n<div class=\"title\">Recommand\u00e9<\/div>\n<div class=\"post-card\">\n\t\t\t\t\t\t\t\t\t\t<a class=\"post-link d-flex\" href=\"https:\/\/numero.com\/culture\/cinema\/benjamin-voisin-l-etranger-interview\/\"><\/p>\n<div class=\"container-img \">\n\t\t\t\t\t\t\t\t\t\t\t\t<img loading=\"lazy\" decoding=\"async\" width=\"640\" height=\"804\" src=\"\/\/www.w3.org\/2000\/svg&apos;%20viewBox=&apos;0%200%20640%20804&apos;%3E%3C\/svg%3E\" class=\"img-fluid\" alt=\"Benjamin Voisin photographi\u00e9 \u00e0 Paris le 14 octobre 2025 \u00a9 Nathan Merchadier pour Num\u00e9ro.com\" data-lazy-src=\"https:\/\/numero.com\/wp-content\/uploads\/2025\/10\/Benjamin-Voisin-\u00a9-Nathan-Merchadier-768x965.jpg\"><img decoding=\"async\" width=\"640\" height=\"804\" src=\"https:\/\/numero.com\/wp-content\/uploads\/2025\/10\/Benjamin-Voisin-%C2%A9-Nathan-Merchadier-768x965.jpg\" class=\"img-fluid\" alt=\"Benjamin Voisin photographi\u00e9 \u00e0 Paris le 14 octobre 2025 \u00a9 Nathan Merchadier pour Num\u00e9ro.com\" loading=\"lazy\">\t\t\t\t\t\t\t\t\t\t\t\t<\/p>\n<p class=\"number\">10<\/p>\n<\/p><\/div>\n<div class=\"card-info d-flex\">\n<div>\n<p class=\"cat-title\">Cin\u00e9ma<\/p>\n<h3 class=\"post-title\">Benjamin Voisin nous raconte les coulisses du film L\u2019\u00c9tranger<\/h3>\n<\/p><\/div>\n<p class=\"date\">\n\t\t\t\t\t\t\t\t\t\t\t\t\t10 juin 2026\t\t\t\t\t\t\t\t\t\t\t\t<\/p>\n<\/p><\/div>\n<p>\t\t\t\t\t\t\t\t\t\t<\/a>\n\t\t\t\t\t\t\t\t\t<\/div>\n<div class=\"post-card\">\n\t\t\t\t\t\t\t\t\t\t<a class=\"post-link d-flex\" href=\"https:\/\/numero.com\/culture\/cinema\/documentaire-sofia-coppola-marc-jacobs\/\"><\/p>\n<div class=\"container-img \">\n\t\t\t\t\t\t\t\t\t\t\t\t<img loading=\"lazy\" decoding=\"async\" width=\"640\" height=\"804\" src=\"\/\/www.w3.org\/2000\/svg&apos;%20viewBox=&apos;0%200%20640%20804&apos;%3E%3C\/svg%3E\" class=\"img-fluid\" alt=\"Sofia Coppola et Marc Jacobs\" data-lazy-src=\"https:\/\/numero.com\/wp-content\/uploads\/2025\/07\/thumb-documentaire-sofia-coppola-marc-jacobs-768x965.jpg\"><img decoding=\"async\" width=\"640\" height=\"804\" src=\"https:\/\/numero.com\/wp-content\/uploads\/2025\/07\/thumb-documentaire-sofia-coppola-marc-jacobs-768x965.jpg\" class=\"img-fluid\" alt=\"Sofia Coppola et Marc Jacobs\" loading=\"lazy\">\t\t\t\t\t\t\t\t\t\t\t\t<\/p>\n<p class=\"number\">26<\/p>\n<\/p><\/div>\n<div class=\"card-info d-flex\">\n<div>\n<p class=\"cat-title\">Cin\u00e9ma<\/p>\n<h3 class=\"post-title\">Sofia Coppola d\u00e9die son premier documentaire \u00e0 Marc Jacobs<\/h3>\n<\/p><\/div>\n<p class=\"date\">\n\t\t\t\t\t\t\t\t\t\t\t\t\t26 f\u00e9v 2026\t\t\t\t\t\t\t\t\t\t\t\t<\/p>\n<\/p><\/div>\n<p>\t\t\t\t\t\t\t\t\t\t<\/a>\n\t\t\t\t\t\t\t\t\t<\/div>\n<div class=\"post-card\">\n\t\t\t\t\t\t\t\t\t\t<a class=\"post-link d-flex\" href=\"https:\/\/numero.com\/culture\/cinema\/piege-de-cristal-huit-femmes-les-films-de-noel-insolites\/\"><\/p>\n<div class=\"container-img \">\n\t\t\t\t\t\t\t\t\t\t\t\t<img loading=\"lazy\" decoding=\"async\" width=\"640\" height=\"804\" src=\"\/\/www.w3.org\/2000\/svg&apos;%20viewBox=&apos;0%200%20640%20804&apos;%3E%3C\/svg%3E\" class=\"img-fluid\" alt=\"Emilia Clarks dans Last Christmas (2019)\" data-lazy-src=\"https:\/\/numero.com\/wp-content\/uploads\/2025\/12\/thumb-emilia-clark-numero--768x965.jpg\"><img decoding=\"async\" width=\"640\" height=\"804\" src=\"https:\/\/numero.com\/wp-content\/uploads\/2025\/12\/thumb-emilia-clark-numero--768x965.jpg\" class=\"img-fluid\" alt=\"Emilia Clarks dans Last Christmas (2019)\" loading=\"lazy\">\t\t\t\t\t\t\t\t\t\t\t\t<\/p>\n<p class=\"number\">24<\/p>\n<\/p><\/div>\n<div class=\"card-info d-flex\">\n<div>\n<p class=\"cat-title\">Cin\u00e9ma<\/p>\n<h3 class=\"post-title\">D\u00e9cal\u00e9s, insolites ou po\u00e9tiques\u2026 Nos films de No\u00ebl pr\u00e9f\u00e9r\u00e9s<\/h3>\n<\/p><\/div>\n<p class=\"date\">\n\t\t\t\t\t\t\t\t\t\t\t\t\t24 d\u00e9c 2025\t\t\t\t\t\t\t\t\t\t\t\t<\/p>\n<\/p><\/div>\n<p>\t\t\t\t\t\t\t\t\t\t<\/a>\n\t\t\t\t\t\t\t\t\t<\/div>\n<div class=\"post-card\">\n\t\t\t\t\t\t\t\t\t\t<a class=\"post-link d-flex\" href=\"https:\/\/numero.com\/culture\/series\/the-holiday-serie-comedie-romantique\/\"><\/p>\n<div class=\"container-img \">\n\t\t\t\t\t\t\t\t\t\t\t\t<img loading=\"lazy\" decoding=\"async\" width=\"640\" height=\"804\" src=\"\/\/www.w3.org\/2000\/svg&apos;%20viewBox=&apos;0%200%20640%20804&apos;%3E%3C\/svg%3E\" class=\"img-fluid\" alt=\"Jude Law et Cameron Diaz dans The Holiday.\" data-lazy-src=\"https:\/\/numero.com\/wp-content\/uploads\/2025\/08\/the-holiday-jude-law-768x965.jpg\"><img decoding=\"async\" width=\"640\" height=\"804\" src=\"https:\/\/numero.com\/wp-content\/uploads\/2025\/08\/the-holiday-jude-law-768x965.jpg\" class=\"img-fluid\" alt=\"Jude Law et Cameron Diaz dans The Holiday.\" loading=\"lazy\">\t\t\t\t\t\t\t\t\t\t\t\t<\/p>\n<p class=\"number\">2<\/p>\n<\/p><\/div>\n<div class=\"card-info d-flex\">\n<div>\n<p class=\"cat-title\">S\u00e9ries<\/p>\n<h3 class=\"post-title\">The Holiday : transformer la rom com culte en s\u00e9rie est-il une bonne id\u00e9e ?<\/h3>\n<\/p><\/div>\n<p class=\"date\">\n\t\t\t\t\t\t\t\t\t\t\t\t\t2 jan 2026\t\t\t\t\t\t\t\t\t\t\t\t<\/p>\n<\/p><\/div>\n<p>\t\t\t\t\t\t\t\t\t\t<\/a>\n\t\t\t\t\t\t\t\t\t<\/div>\n<\/p><\/div>\n<\/p><\/div>\n<\/p><\/div>\n<div class=\"padding-top-s\">\n<div class=\"ad banner desktop\">\n<div class=\"container\">\n<div class=\"row\">\n            <!-- \/21730003857\/numero-ad-unit\/numero-banner-1 --><\/p>\n<div class=\"ad-responsive\">\n<div id=\"div-gpt-ad-1773673267712-0\" class=\"ads-pub\">\n<p>                        googletag.cmd.push(function () {<br \/>\n                            googletag.display(&#8216;div-gpt-ad-1773673267712-0&#8217;);<br \/>\n                        });<\/p><\/div>\n<\/p><\/div>\n<\/p><\/div>\n<\/p><\/div>\n<\/div><\/div>\n<\/p><\/div>\n<\/section>\n<p>        <button class=\"btn-newsletter btn-outline-white my-5\" id=\"open-modal-newsletter\">Inscrivez-vous \u00e0 la newsletter<\/button>\t\t<\/p>\n<section class=\"related-posts post-list padding-top-m padding-bottom-s\">\n<div class=\"container\">\n<h2 class=\"title mx-auto\">\u00c0 lire aussi<\/h2>\n<div class=\"row\">\n<div class=\"col-lg-3\">\n<div class=\"post-card desktop\">\n\t\t\t\t\t\t\t\t\t<a class=\"post-link\" href=\"https:\/\/numero.com\/culture\/cinema\/eden-ron-howard-jude-law-ana-de-armas-sydney-sweeney\/\"><\/p>\n<div class=\"container-img\">\n\t\t\t\t\t\t\t\t\t\t\t<img loading=\"lazy\" decoding=\"async\" width=\"640\" height=\"804\" src=\"\/\/www.w3.org\/2000\/svg&apos;%20viewBox=&apos;0%200%20640%20804&apos;%3E%3C\/svg%3E\" class=\"img-fluid\" alt=\"Jude Law \u00e0 la session officielle de portraits IMDb, le 9 ao\u00fbt 2024 \u00e0 Anaheim en Californie \u00a9 Corey Nickols\/Getty Images for IMDb.\" data-lazy-src=\"https:\/\/numero.com\/wp-content\/uploads\/2024\/09\/Jude-Law-2-768x965.jpg\"><img decoding=\"async\" width=\"640\" height=\"804\" src=\"https:\/\/numero.com\/wp-content\/uploads\/2024\/09\/Jude-Law-2-768x965.jpg\" class=\"img-fluid\" alt=\"Jude Law \u00e0 la session officielle de portraits IMDb, le 9 ao\u00fbt 2024 \u00e0 Anaheim en Californie \u00a9 Corey Nickols\/Getty Images for IMDb.\" loading=\"lazy\">\t\t\t\t\t\t\t\t\t\t\t<\/p>\n<div class=\"number\">31<\/div>\n<\/p><\/div>\n<div class=\"card-info\">\n<div class=\"meta d-flex justify-content-between\">\n<p class=\"cat-title\">Cin\u00e9ma<\/p>\n<p class=\"date\">\n\t\t\t\t\t\t\t\t\t\t\t\t\t31 oct 2025\t\t\t\t\t\t\t\t\t\t\t\t<\/p>\n<\/p><\/div>\n<div class=\"post-title\">Eden : faut-il voir le thriller avec Jude Law et Sydney Sweeney ?<\/div>\n<\/p><\/div>\n<p>\t\t\t\t\t\t\t\t\t<\/a>\n\t\t\t\t\t\t\t\t<\/div>\n<div class=\"post-card mobile\">\n\t\t\t\t\t\t\t\t\t<a class=\"post-link d-flex\" href=\"https:\/\/numero.com\/culture\/cinema\/eden-ron-howard-jude-law-ana-de-armas-sydney-sweeney\/\"><\/p>\n<div class=\"container-img\">\n\t\t\t\t\t\t\t\t\t\t\t<img loading=\"lazy\" decoding=\"async\" width=\"640\" height=\"804\" src=\"\/\/www.w3.org\/2000\/svg&apos;%20viewBox=&apos;0%200%20640%20804&apos;%3E%3C\/svg%3E\" class=\"img-fluid\" alt=\"Jude Law \u00e0 la session officielle de portraits IMDb, le 9 ao\u00fbt 2024 \u00e0 Anaheim en Californie \u00a9 Corey Nickols\/Getty Images for IMDb.\" data-lazy-src=\"https:\/\/numero.com\/wp-content\/uploads\/2024\/09\/Jude-Law-2-768x965.jpg\"><img decoding=\"async\" width=\"640\" height=\"804\" src=\"https:\/\/numero.com\/wp-content\/uploads\/2024\/09\/Jude-Law-2-768x965.jpg\" class=\"img-fluid\" alt=\"Jude Law \u00e0 la session officielle de portraits IMDb, le 9 ao\u00fbt 2024 \u00e0 Anaheim en Californie \u00a9 Corey Nickols\/Getty Images for IMDb.\" loading=\"lazy\">\t\t\t\t\t\t\t\t\t\t\t<\/p>\n<div class=\"number\">31<\/div>\n<\/p><\/div>\n<div class=\"card-info d-flex\">\n<div>\n<p class=\"cat-title\">Cin\u00e9ma<\/p>\n<h3 class=\"post-title\">Eden : faut-il voir le thriller avec Jude Law et Sydney Sweeney ?<\/h3>\n<\/p><\/div>\n<p class=\"date\">\n\t\t\t\t\t\t\t\t\t\t\t\t31 oct 2025\t\t\t\t\t\t\t\t\t\t\t<\/p>\n<\/p><\/div>\n<p>\t\t\t\t\t\t\t\t\t<\/a>\n\t\t\t\t\t\t\t\t<\/div>\n<\/p><\/div>\n<div class=\"col-lg-3\">\n<div class=\"post-card desktop\">\n\t\t\t\t\t\t\t\t\t<a class=\"post-link\" href=\"https:\/\/numero.com\/mode\/rencontre-avec-raff-law-fils-de-jude-law-et-egerie-brioni\/\"><\/p>\n<div class=\"container-img\">\n\t\t\t\t\t\t\t\t\t\t\t<img loading=\"lazy\" decoding=\"async\" width=\"640\" height=\"252\" src=\"\/\/www.w3.org\/2000\/svg&apos;%20viewBox=&apos;0%200%20640%20252&apos;%3E%3C\/svg%3E\" class=\"img-fluid\" alt data-lazy-src=\"https:\/\/numero.com\/wp-content\/uploads\/2024\/06\/brioni-raff-jude-law-fw22-768x302.png\"><img decoding=\"async\" width=\"640\" height=\"252\" src=\"https:\/\/numero.com\/wp-content\/uploads\/2024\/06\/brioni-raff-jude-law-fw22-768x302.png\" class=\"img-fluid\" alt loading=\"lazy\">\t\t\t\t\t\t\t\t\t\t\t<\/p>\n<div class=\"number\">25<\/div>\n<\/p><\/div>\n<div class=\"card-info\">\n<div class=\"meta d-flex justify-content-between\">\n<p class=\"cat-title\">Mode<\/p>\n<p class=\"date\">\n\t\t\t\t\t\t\t\t\t\t\t\t\t25 oct 2022\t\t\t\t\t\t\t\t\t\t\t\t<\/p>\n<\/p><\/div>\n<div class=\"post-title\">Rencontre avec Raff Law, fils de Jude Law et \u00e9g\u00e9rie Brioni<\/div>\n<\/p><\/div>\n<p>\t\t\t\t\t\t\t\t\t<\/a>\n\t\t\t\t\t\t\t\t<\/div>\n<div class=\"post-card mobile\">\n\t\t\t\t\t\t\t\t\t<a class=\"post-link d-flex\" href=\"https:\/\/numero.com\/mode\/rencontre-avec-raff-law-fils-de-jude-law-et-egerie-brioni\/\"><\/p>\n<div class=\"container-img\">\n\t\t\t\t\t\t\t\t\t\t\t<img loading=\"lazy\" decoding=\"async\" width=\"640\" height=\"252\" src=\"\/\/www.w3.org\/2000\/svg&apos;%20viewBox=&apos;0%200%20640%20252&apos;%3E%3C\/svg%3E\" class=\"img-fluid\" alt data-lazy-src=\"https:\/\/numero.com\/wp-content\/uploads\/2024\/06\/brioni-raff-jude-law-fw22-768x302.png\"><img decoding=\"async\" width=\"640\" height=\"252\" src=\"https:\/\/numero.com\/wp-content\/uploads\/2024\/06\/brioni-raff-jude-law-fw22-768x302.png\" class=\"img-fluid\" alt loading=\"lazy\">\t\t\t\t\t\t\t\t\t\t\t<\/p>\n<div class=\"number\">25<\/div>\n<\/p><\/div>\n<div class=\"card-info d-flex\">\n<div>\n<p class=\"cat-title\">Mode<\/p>\n<h3 class=\"post-title\">Rencontre avec Raff Law, fils de Jude Law et \u00e9g\u00e9rie Brioni<\/h3>\n<\/p><\/div>\n<p class=\"date\">\n\t\t\t\t\t\t\t\t\t\t\t\t25 oct 2022\t\t\t\t\t\t\t\t\t\t\t<\/p>\n<\/p><\/div>\n<p>\t\t\t\t\t\t\t\t\t<\/a>\n\t\t\t\t\t\t\t\t<\/div>\n<\/p><\/div>\n<div class=\"col-lg-3\">\n<div class=\"post-card desktop\">\n\t\t\t\t\t\t\t\t\t<a class=\"post-link\" href=\"https:\/\/numero.com\/culture\/quel-est-le-nouveau-projet-de-jude-law\/\"><\/p>\n<div class=\"container-img\">\n\t\t\t\t\t\t\t\t\t\t\t<img loading=\"lazy\" decoding=\"async\" width=\"640\" height=\"316\" src=\"\/\/www.w3.org\/2000\/svg&apos;%20viewBox=&apos;0%200%20640%20316&apos;%3E%3C\/svg%3E\" class=\"img-fluid\" alt data-lazy-src=\"https:\/\/numero.com\/wp-content\/uploads\/2024\/06\/push-cover-the-third-day-jude-law-hbo-numero-magazine-768x379.jpg\"><img decoding=\"async\" width=\"640\" height=\"316\" src=\"https:\/\/numero.com\/wp-content\/uploads\/2024\/06\/push-cover-the-third-day-jude-law-hbo-numero-magazine-768x379.jpg\" class=\"img-fluid\" alt loading=\"lazy\">\t\t\t\t\t\t\t\t\t\t\t<\/p>\n<div class=\"number\">13<\/div>\n<\/p><\/div>\n<div class=\"card-info\">\n<div class=\"meta d-flex justify-content-between\">\n<p class=\"cat-title\">Culture<\/p>\n<p class=\"date\">\n\t\t\t\t\t\t\t\t\t\t\t\t\t13 f\u00e9v 2020\t\t\t\t\t\t\t\t\t\t\t\t<\/p>\n<\/p><\/div>\n<div class=\"post-title\">Quel est le nouveau projet de Jude Law?<\/div>\n<\/p><\/div>\n<p>\t\t\t\t\t\t\t\t\t<\/a>\n\t\t\t\t\t\t\t\t<\/div>\n<div class=\"post-card mobile\">\n\t\t\t\t\t\t\t\t\t<a class=\"post-link d-flex\" href=\"https:\/\/numero.com\/culture\/quel-est-le-nouveau-projet-de-jude-law\/\"><\/p>\n<div class=\"container-img\">\n\t\t\t\t\t\t\t\t\t\t\t<img loading=\"lazy\" decoding=\"async\" width=\"640\" height=\"316\" src=\"\/\/www.w3.org\/2000\/svg&apos;%20viewBox=&apos;0%200%20640%20316&apos;%3E%3C\/svg%3E\" class=\"img-fluid\" alt data-lazy-src=\"https:\/\/numero.com\/wp-content\/uploads\/2024\/06\/push-cover-the-third-day-jude-law-hbo-numero-magazine-768x379.jpg\"><img decoding=\"async\" width=\"640\" height=\"316\" src=\"https:\/\/numero.com\/wp-content\/uploads\/2024\/06\/push-cover-the-third-day-jude-law-hbo-numero-magazine-768x379.jpg\" class=\"img-fluid\" alt loading=\"lazy\">\t\t\t\t\t\t\t\t\t\t\t<\/p>\n<div class=\"number\">13<\/div>\n<\/p><\/div>\n<div class=\"card-info d-flex\">\n<div>\n<p class=\"cat-title\">Culture<\/p>\n<h3 class=\"post-title\">Quel est le nouveau projet de Jude Law?<\/h3>\n<\/p><\/div>\n<p class=\"date\">\n\t\t\t\t\t\t\t\t\t\t\t\t13 f\u00e9v 2020\t\t\t\t\t\t\t\t\t\t\t<\/p>\n<\/p><\/div>\n<p>\t\t\t\t\t\t\t\t\t<\/a>\n\t\t\t\t\t\t\t\t<\/div>\n<\/p><\/div>\n<\/p><\/div>\n<\/p><\/div>\n<\/section>\n<div class=\"padding-bottom-s\">\n<div class=\"ad banner desktop\">\n<div class=\"container\">\n<div class=\"row\">\n            <!-- \/21730003857\/numero-ad-unit\/numero-banner-1 --><\/p>\n<div class=\"ad-responsive\">\n<div id=\"div-gpt-ad-1773673267712-0\" class=\"ads-pub\">\n<p>                        googletag.cmd.push(function () {<br \/>\n                            googletag.display(&#8216;div-gpt-ad-1773673267712-0&#8217;);<br \/>\n                        });<\/p><\/div>\n<\/p><\/div>\n<\/p><\/div>\n<\/p><\/div>\n<\/div><\/div>\n<\/p><\/div>\n","protected":false},"excerpt":{"rendered":"<p>1 1 googletag.cmd.push(function () { googletag.display(&#8216;div-gpt-ad-1773673590069-0&#8217;); }); Lien copi\u00e9 Cin\u00e9ma 1 sept 2026 Faut-il (re)voir la fresque politique d\u2019Olivier Assayas avec Jude Law ? Pour son nouveau long-m\u00e9trage, une adaptation du best-seller\u00a0Le Mage du Kremlin de Giuliano da Empoli, le r\u00e9alisateur fran\u00e7ais Olivier Assayas fait appel \u00e0 l\u2019acteur britannique Jude Law pour incarner la figure [&hellip;]<\/p>\n","protected":false},"author":1,"featured_media":0,"comment_status":"open","ping_status":"","sticky":false,"template":"","format":"standard","meta":{"footnotes":""},"categories":[1],"tags":[226,258],"class_list":["post-2123212","post","type-post","status-publish","format-standard","hentry","category-uncategorized","tag-crawlmanager","tag-numero-com"],"_links":{"self":[{"href":"https:\/\/analyse.optim.biz\/index.php?rest_route=\/wp\/v2\/posts\/2123212","targetHints":{"allow":["GET"]}}],"collection":[{"href":"https:\/\/analyse.optim.biz\/index.php?rest_route=\/wp\/v2\/posts"}],"about":[{"href":"https:\/\/analyse.optim.biz\/index.php?rest_route=\/wp\/v2\/types\/post"}],"author":[{"embeddable":true,"href":"https:\/\/analyse.optim.biz\/index.php?rest_route=\/wp\/v2\/users\/1"}],"replies":[{"embeddable":true,"href":"https:\/\/analyse.optim.biz\/index.php?rest_route=%2Fwp%2Fv2%2Fcomments&post=2123212"}],"version-history":[{"count":0,"href":"https:\/\/analyse.optim.biz\/index.php?rest_route=\/wp\/v2\/posts\/2123212\/revisions"}],"wp:attachment":[{"href":"https:\/\/analyse.optim.biz\/index.php?rest_route=%2Fwp%2Fv2%2Fmedia&parent=2123212"}],"wp:term":[{"taxonomy":"category","embeddable":true,"href":"https:\/\/analyse.optim.biz\/index.php?rest_route=%2Fwp%2Fv2%2Fcategories&post=2123212"},{"taxonomy":"post_tag","embeddable":true,"href":"https:\/\/analyse.optim.biz\/index.php?rest_route=%2Fwp%2Fv2%2Ftags&post=2123212"}],"curies":[{"name":"wp","href":"https:\/\/api.w.org\/{rel}","templated":true}]}}