{"id":2123150,"date":"2026-09-01T19:25:11","date_gmt":"2026-09-01T16:25:11","guid":{"rendered":"https:\/\/analyse.optim.biz\/?p=2123150"},"modified":"2026-09-01T19:25:11","modified_gmt":"2026-09-01T16:25:11","slug":"imagini-accident-pe-bulevard-in-aceasta-seara-o-tanara-a-fost-lovita-de-masina-pe-trecerea-de-pietoni-ambulanta-politia-au-ajuns-la-fata-locului-gazeta-valceana","status":"publish","type":"post","link":"https:\/\/analyse.optim.biz\/?p=2123150","title":{"rendered":"IMAGINI. Accident pe bulevard, \u00een aceast\u0103 sear\u0103. O t\u00e2n\u0103r\u0103 a fost lovit\u0103 de ma\u0219in\u0103, pe trecerea de pietoni. Ambulan\u021ba, Poli\u021bia au ajuns la fa\u021ba locului &#8211; Gazeta V\u00e2lcean\u0103"},"content":{"rendered":"<p>[analyse_image type=&#8221;featured&#8221; src=&#8221;https:\/\/www.gazeta-valceana.ro\/wp-content\/uploads\/2026\/09\/ACC-Bulevard-2.jpg&#8221;]<\/p>\n<article id=\"template-id-91645\" class=\"post-91645 tdb_templates type-tdb_templates status-publish post\">\n<div id=\"tdi_49\" class=\"tdc-zone\">\n<div class=\"tdc_zone tdi_50  wpb_row td-pb-row\">\n<div id=\"tdi_51\" class=\"tdc-row stretch_row_1200 td-stretch-content\">\n<div class=\"vc_row tdi_52  wpb_row td-pb-row\">\n<div class=\"vc_column tdi_54  wpb_column vc_column_container tdc-column td-pb-span8\">\n<div class=\"wpb_wrapper\">\n<div class=\"td_block_wrap tdb_title tdi_55 tdb-single-title td-pb-border-top td_block_template_1\" data-td-block-uid=\"tdi_55\">\n<div class=\"tdb-block-inner td-fix-index\">\n<h1 class=\"tdb-title-text\">IMAGINI. Accident pe bulevard, \u00een aceast\u0103 sear\u0103. O t\u00e2n\u0103r\u0103 a fost lovit\u0103 de ma\u0219in\u0103, pe trecerea de pietoni. Ambulan\u021ba, Poli\u021bia au ajuns la fa\u021ba locului<\/h1>\n<\/div>\n<\/div>\n<div class=\"vc_row_inner tdi_58  vc_row vc_inner wpb_row td-pb-row tdc-row-content-vert-center\">\n<div class=\"vc_column_inner tdi_60  wpb_column vc_column_container tdc-inner-column td-pb-span12\">\n<div class=\"vc_column-inner\">\n<div class=\"wpb_wrapper\">\n<div class=\"td_block_wrap tdb_single_categories tdi_61 td-pb-border-top td_block_template_1 \" data-td-block-uid=\"tdi_61\">\n<div class=\"tdb-category td-fix-index\"><a class=\"tdb-entry-category\" href=\"https:\/\/www.gazeta-valceana.ro\/category\/anchetedezvaluri\/\">Anchete\/Dezv\u0103luri<\/a><a class=\"tdb-entry-category\" href=\"https:\/\/www.gazeta-valceana.ro\/category\/i\/\">I<\/a><\/div>\n<\/div>\n<div class=\"td_block_wrap tdb_single_date tdi_62 td-pb-border-top td_block_template_1 tdb-post-meta\" data-td-block-uid=\"tdi_62\">\n<div class=\"tdb-block-inner td-fix-index\"><time class=\"entry-date updated td-module-date\" datetime=\"2026-09-01T21:25:11+02:00\">1 septembrie 2026<\/time><\/div>\n<\/div>\n<\/div>\n<\/div>\n<\/div>\n<\/div>\n<\/div>\n<\/div>\n<\/div>\n<\/div>\n<div id=\"tdi_65\" class=\"tdc-row stretch_row_1200 td-stretch-content\">\n<div class=\"vc_row tdi_66  wpb_row td-pb-row\">\n<div class=\"vc_column tdi_68  wpb_column vc_column_container tdc-column td-pb-span8\">\n<div class=\"wpb_wrapper\">\n<div class=\"td_block_wrap tdb_single_featured_image tdi_69 tdb-content-horiz-left td-pb-border-top td_block_template_1\" data-td-block-uid=\"tdi_69\">\n<div class=\"tdb-block-inner td-fix-index\"><img loading=\"lazy\" decoding=\"async\" width=\"696\" height=\"480\" class=\"entry-thumb\" src=\"https:\/\/www.gazeta-valceana.ro\/wp-content\/uploads\/2026\/09\/ACC-Bulevard-2-696x480.jpg\" alt title=\"ACC Bulevard 2\"><\/div>\n<\/div>\n<div class=\"td_block_wrap tdb_single_post_share tdi_70  td-pb-border-top td_block_template_1\" data-td-block-uid=\"tdi_70\">\n<div id=\"tdi_70\" class=\"td-post-sharing tdb-block td-ps-border td-ps-border-grey td-ps-notext td-ps-icon-color td-ps-text-color td-post-sharing-style16 \">\n<div class=\"td-post-sharing-visible\">\n<div class=\"td-social-sharing-button td-social-sharing-button-js td-social-handler td-social-share-text\">\n<div class=\"td-social-but-text\">Ac\u021biune<\/div>\n<\/div>\n<p><a class=\"td-social-sharing-button td-social-sharing-button-js td-social-network td-social-facebook\" href=\"https:\/\/www.facebook.com\/sharer.php?u=https%3A%2F%2Fwww.gazeta-valceana.ro%2Fanchetedezvaluri%2Fimagini-accident-pe-bulevard-in-aceasta-seara-o-tanara-a-fost-lovita-de-masina-pe-trecerea-de-pietoni-ambulanta-politia-au-ajuns-la-fata-locului%2F\" title=\"Facebook\"><\/p>\n<div class=\"td-social-but-text\">Facebook<\/div>\n<p><\/a><a class=\"td-social-sharing-button td-social-sharing-button-js td-social-network td-social-twitter\" href=\"https:\/\/twitter.com\/intent\/tweet?text=IMAGINI.+Accident+pe+bulevard%2C+%C3%AEn+aceast%C4%83+sear%C4%83.+O+t%C3%A2n%C4%83r%C4%83+a+fost+lovit%C4%83+de+ma%C8%99in%C4%83%2C+pe+trecerea+de+pietoni.+Ambulan%C8%9Ba%2C+Poli%C8%9Bia+au+ajuns+la+fa%C8%9Ba+locului&amp;url=https%3A%2F%2Fwww.gazeta-valceana.ro%2Fanchetedezvaluri%2Fimagini-accident-pe-bulevard-in-aceasta-seara-o-tanara-a-fost-lovita-de-masina-pe-trecerea-de-pietoni-ambulanta-politia-au-ajuns-la-fata-locului%2F&amp;via=Gazeta+V%C3%A2lcean%C4%83\" title=\"Twitter\"><\/p>\n<div class=\"td-social-but-text\">Twitter<\/div>\n<p><\/a><a class=\"td-social-sharing-button td-social-sharing-button-js td-social-network td-social-pinterest\" href=\"https:\/\/pinterest.com\/pin\/create\/button\/?url=https:\/\/www.gazeta-valceana.ro\/anchetedezvaluri\/imagini-accident-pe-bulevard-in-aceasta-seara-o-tanara-a-fost-lovita-de-masina-pe-trecerea-de-pietoni-ambulanta-politia-au-ajuns-la-fata-locului\/&amp;media=https:\/\/www.gazeta-valceana.ro\/wp-content\/uploads\/2026\/09\/ACC-Bulevard-2.jpg&amp;description=IMAGINI.+Accident+pe+bulevard%2C+%C3%AEn+aceast%C4%83+sear%C4%83.+O+t%C3%A2n%C4%83r%C4%83+a+fost+lovit%C4%83+de+ma%C8%99in%C4%83%2C+pe+trecerea+de+pietoni.+Ambulan%C8%9Ba%2C+Poli%C8%9Bia+au+ajuns+la+fa%C8%9Ba+locului\" title=\"Pinterest\"><\/p>\n<div class=\"td-social-but-text\">Pinterest<\/div>\n<p><\/a><a class=\"td-social-sharing-button td-social-sharing-button-js td-social-network td-social-whatsapp\" href=\"https:\/\/api.whatsapp.com\/send?text=IMAGINI.+Accident+pe+bulevard%2C+%C3%AEn+aceast%C4%83+sear%C4%83.+O+t%C3%A2n%C4%83r%C4%83+a+fost+lovit%C4%83+de+ma%C8%99in%C4%83%2C+pe+trecerea+de+pietoni.+Ambulan%C8%9Ba%2C+Poli%C8%9Bia+au+ajuns+la+fa%C8%9Ba+locului%20%0A%0A%20https:\/\/www.gazeta-valceana.ro\/anchetedezvaluri\/imagini-accident-pe-bulevard-in-aceasta-seara-o-tanara-a-fost-lovita-de-masina-pe-trecerea-de-pietoni-ambulanta-politia-au-ajuns-la-fata-locului\/\" title=\"WhatsApp\"><\/p>\n<div class=\"td-social-but-text\">WhatsApp<\/div>\n<p><\/a><\/div>\n<\/div>\n<\/div>\n<div class=\"td_block_wrap tdb_single_content tdi_71 td-pb-border-top td_block_template_1 td-post-content tagdiv-type\" data-td-block-uid=\"tdi_71\">\n<div class=\"tdb-block-inner td-fix-index\">\n<p>UP-DATE ora 22.40<\/p>\n<p>\u00cenainte s\u0103 fie transportat\u0103 la spital, adolescenta este con\u0219tient\u0103 \u0219i vorbe\u0219te. Ea spune c\u0103 nu \u00ee\u0219i simte picioarele. Martorii spun c\u0103, \u00een impact, a spart cu capul parbrizul ma\u0219inii care a lovit-o. A fost aruncat\u0103 aproximativ 10-15 metri.<\/p>\n<p>_____<\/p>\n<p>\u00cen aceast\u0103 sear\u0103 de mar\u021bi, 1 septembrie 2026, \u00een jurul orei 22.05, pe bulevardul Dem R\u0103dulescu din R\u00e2mnicu V\u00e2lcea, s-a produs un accident rutier. Din primele informa\u021bii, la trecerea de pietoni de la McDonald s, o adolescent\u0103 a fost lovit\u0103 de taxi. Poli\u021bia \u0219i Ambulan\u021ba au ajuns de urgen\u021b\u0103 la fa\u021ba locului, \u00een jurul orei 22.15.<\/p>\n<p>Fata este r\u0103nit\u0103, dar nu grav (a\u0219a cum suntem informa\u021bi de la locul accidentului).<\/p>\n<p><strong>Vom reveni cu detalii!<\/strong><\/p>\n<figure class=\"wp-block-image size-full\"><img loading=\"lazy\" decoding=\"async\" width=\"884\" height=\"561\" src=\"https:\/\/www.gazeta-valceana.ro\/wp-content\/uploads\/2026\/09\/ACC-Bulevard-1.jpg\" alt class=\"wp-image-108533\"><\/figure>\n<\/div>\n<\/div>\n<div class=\"tdb-author-box td_block_wrap tdb_single_author_box tdi_72 tdb-content-vert-top td-pb-border-top td_block_template_1\" data-td-block-uid=\"tdi_72\">\n<div class=\"tdb-block-inner td-fix-index\"><a href=\"https:\/\/www.gazeta-valceana.ro\/author\/redactia\/\" class=\"tdb-author-photo\" title=\"Redactia\"><img decoding=\"async\" alt=\"Redactia\" src=\"https:\/\/secure.gravatar.com\/avatar\/d9699bfd17d7f55fcf6bbdfb0214d48a942c5fd23a1db27f4a803a8d0651670f?s=500&amp;d=mm&amp;r=g\" class=\"avatar avatar-500 photo\" height=\"500\" width=\"500\" loading=\"lazy\"><\/a><\/p>\n<div class=\"tdb-author-info\"><a href=\"https:\/\/www.gazeta-valceana.ro\/author\/redactia\/\" class=\"tdb-author-name\">Redactia<\/a><\/div>\n<\/div>\n<\/div>\n<\/div>\n<\/div>\n<div class=\"vc_column tdi_76  wpb_column vc_column_container tdc-column td-pb-span4 td-is-sticky\">\n<div class=\"wpb_wrapper\" data-sticky-enabled-on=\"W3RydWUsdHJ1ZSx0cnVlLHRydWVd\" data-sticky-offset=\"20\" data-sticky-is-width-auto=\"W2ZhbHNlLGZhbHNlLGZhbHNlLGZhbHNlXQ==\">\n<div class=\"vc_row_inner tdi_81  vc_row vc_inner wpb_row td-pb-row tdc-row-content-vert-center\">\n<div class=\"vc_column_inner tdi_83  wpb_column vc_column_container tdc-inner-column td-pb-span12\">\n<div class=\"vc_column-inner\">\n<div class=\"wpb_wrapper\">\n<div class=\"tdm_block td_block_wrap tdm_block_inline_text tdi_86 tdm-inline-block td-pb-border-top td_block_template_1\" data-td-block-uid=\"tdi_86\">\n<p class=\"tdm-descr\">Ultimele articole<\/p>\n<\/div>\n<\/div>\n<\/div>\n<\/div>\n<\/div>\n<div class=\"td_block_wrap td_flex_block_1 tdi_87 td-pb-border-top td_block_template_1 td_flex_block\" data-td-block-uid=\"tdi_87\">\n<div id=\"tdi_87\" class=\"td_block_inner td-mc1-wrap\">\n<div class=\"td_module_flex td_module_flex_1 td_module_wrap td-animation-stack td-cpt-post\">\n<div class=\"td-module-container td-category-pos-\">\n<div class=\"td-module-meta-info\">\n<h3 class=\"entry-title td-module-title\"><a href=\"https:\/\/www.gazeta-valceana.ro\/politica\/deputatul-mindrescu-interpelare-parlamentara-catre-ministerul-dezvoltarii-pe-tema-situatiei-de-la-cet-govora-ne-aflam-intr-o-situatie-critica\/\" rel=\"bookmark\" title=\"Deputatul M\u00eendrescu, interpelare parlamentar\u0103 c\u0103tre Ministerul Dezvolt\u0103rii pe tema situa\u021biei de la CET Govora: \u201eNe afl\u0103m \u00eentr-o situa\u021bie critic\u0103!\u201d\">Deputatul M\u00eendrescu, interpelare parlamentar\u0103 c\u0103tre Ministerul Dezvolt\u0103rii pe tema situa\u021biei de la CET Govora: \u201eNe afl\u0103m \u00eentr-o situa\u021bie critic\u0103!\u201d<\/a><\/h3>\n<div class=\"td-editor-date\"><span class=\"td-author-date\"><span class=\"td-post-date\"><time class=\"entry-date updated td-module-date\" datetime=\"2026-09-01T19:12:48+02:00\">1 septembrie 2026<\/time><\/span><\/span><\/div>\n<\/div>\n<\/div>\n<\/div>\n<div class=\"td_module_flex td_module_flex_1 td_module_wrap td-animation-stack td-cpt-post\">\n<div class=\"td-module-container td-category-pos-\">\n<div class=\"td-module-meta-info\">\n<h3 class=\"entry-title td-module-title\"><a href=\"https:\/\/www.gazeta-valceana.ro\/politica\/valceanul-stefan-ovidiu-popa-reconfirmat-in-functia-de-lider-al-grupului-parlamentar-psd-din-camera-deputatilor\/\" rel=\"bookmark\" title=\"V\u00e2lceanul \u0218tefan Ovidiu Popa, reconfirmat \u00een func\u021bia de lider al Grupului parlamentar PSD din Camera Deputa\u021bilor\">V\u00e2lceanul \u0218tefan Ovidiu Popa, reconfirmat \u00een func\u021bia de lider al Grupului parlamentar PSD din Camera Deputa\u021bilor<\/a><\/h3>\n<div class=\"td-editor-date\"><span class=\"td-author-date\"><span class=\"td-post-date\"><time class=\"entry-date updated td-module-date\" datetime=\"2026-09-01T17:22:13+02:00\">1 septembrie 2026<\/time><\/span><\/span><\/div>\n<\/div>\n<\/div>\n<\/div>\n<div class=\"td_module_flex td_module_flex_1 td_module_wrap td-animation-stack td-cpt-post\">\n<div class=\"td-module-container td-category-pos-\">\n<div class=\"td-module-meta-info\">\n<h3 class=\"entry-title td-module-title\"><a href=\"https:\/\/www.gazeta-valceana.ro\/politica\/securitatea-energetica-a-romaniei-primeste-o-injectie-de-1-700-mw-laurentiu-cazan-despre-proiectul-gigant-de-la-mintia-intra-in-linie-dreapta-sub-atenta-supraveghere-a-gu\/\" rel=\"bookmark\" title=\"Securitatea energetic\u0103 a Rom\u00e2niei prime\u0219te o \u201einjec\u021bie\u201d de 1.700 MW! Lauren\u021biu Cazan, despre proiectul gigant de la Mintia: \u201eIntr\u0103 \u00een linie dreapt\u0103 sub atenta supraveghere a Guvernului\u201d\">Securitatea energetic\u0103 a Rom\u00e2niei prime\u0219te o \u201einjec\u021bie\u201d de 1.700 MW! Lauren\u021biu Cazan, despre proiectul gigant de la Mintia: \u201eIntr\u0103 \u00een linie dreapt\u0103 sub atenta&#8230;<\/a><\/h3>\n<div class=\"td-editor-date\"><span class=\"td-author-date\"><span class=\"td-post-date\"><time class=\"entry-date updated td-module-date\" datetime=\"2026-09-01T16:21:24+02:00\">1 septembrie 2026<\/time><\/span><\/span><\/div>\n<\/div>\n<\/div>\n<\/div>\n<div class=\"td_module_flex td_module_flex_1 td_module_wrap td-animation-stack td-cpt-post\">\n<div class=\"td-module-container td-category-pos-\">\n<div class=\"td-module-meta-info\">\n<h3 class=\"entry-title td-module-title\"><a href=\"https:\/\/www.gazeta-valceana.ro\/i\/septembrie-2026-luna-sfantului-ierarh-antim-ivireanul-in-eparhia-ramnicului-si-a-prieteniei-intre-poporul-roman-si-cel-georgian\/\" rel=\"bookmark\" title=\"Septembrie 2026, Luna Sf\u00e2ntului Ierarh Antim Ivireanul \u00een Eparhia R\u00e2mnicului \u0219i a prieteniei \u00eentre poporul rom\u00e2n \u0219i cel georgian\">Septembrie 2026, Luna Sf\u00e2ntului Ierarh Antim Ivireanul \u00een Eparhia R\u00e2mnicului \u0219i a prieteniei \u00eentre poporul rom\u00e2n \u0219i cel georgian<\/a><\/h3>\n<div class=\"td-editor-date\"><span class=\"td-author-date\"><span class=\"td-post-date\"><time class=\"entry-date updated td-module-date\" datetime=\"2026-09-01T15:40:22+02:00\">1 septembrie 2026<\/time><\/span><\/span><\/div>\n<\/div>\n<\/div>\n<\/div>\n<\/div>\n<\/div>\n<\/div>\n<\/div>\n<\/div>\n<\/div>\n<div id=\"tdi_95\" class=\"tdc-row stretch_row_1200 td-stretch-content\">\n<div class=\"vc_row tdi_96  wpb_row td-pb-row\">\n<div class=\"vc_column tdi_98  wpb_column vc_column_container tdc-column td-pb-span12\">\n<div class=\"wpb_wrapper\">\n<div class=\"td_block_wrap tdb_single_next_prev tdi_99 td-pb-border-top td_block_template_1\" data-td-block-uid=\"tdi_99\">\n<div class=\"tdb-block-inner td-fix-index\">\n<div class=\"tdb-next-post tdb-next-post-bg tdb-post-prev\"><span>Articolul precedent<\/span><\/p>\n<div class=\"td-module-container\">\n<div class=\"next-prev-title\"><a href=\"https:\/\/www.gazeta-valceana.ro\/politica\/deputatul-mindrescu-interpelare-parlamentara-catre-ministerul-dezvoltarii-pe-tema-situatiei-de-la-cet-govora-ne-aflam-intr-o-situatie-critica\/\">Deputatul M\u00eendrescu, interpelare parlamentar\u0103 c\u0103tre Ministerul Dezvolt\u0103rii pe tema situa\u021biei de la CET Govora: \u201eNe afl\u0103m \u00eentr-o situa\u021bie critic\u0103!\u201d<\/a><\/div>\n<\/div>\n<\/div>\n<\/div>\n<\/div>\n<div class=\"vc_row_inner tdi_101  vc_row vc_inner wpb_row td-pb-row tdc-row-content-vert-center\">\n<div class=\"vc_column_inner tdi_103  wpb_column vc_column_container tdc-inner-column td-pb-span12\">\n<div class=\"vc_column-inner\">\n<div class=\"wpb_wrapper\">\n<div class=\"tdm_block td_block_wrap tdm_block_inline_text tdi_106 tdm-inline-block td-pb-border-top td_block_template_1\" data-td-block-uid=\"tdi_106\">\n<p class=\"tdm-descr\">Related articles<\/p>\n<\/div>\n<\/div>\n<\/div>\n<\/div>\n<\/div>\n<div class=\"td_block_wrap tdb_single_related tdi_107 td_with_ajax_pagination td-pb-border-top td_block_template_1 tdb-single-related-posts\" data-td-block-uid=\"tdi_107\">\n<div id=\"tdi_107\" class=\"td_block_inner tdb-block-inner td-fix-index\">\n<div class=\"tdb_module_related td_module_wrap td-animation-stack\">\n<div class=\"td-module-container td-category-pos-\">\n<div class=\"td-module-meta-info\">\n<h3 class=\"entry-title td-module-title\"><a href=\"https:\/\/www.gazeta-valceana.ro\/politica\/deputatul-mindrescu-interpelare-parlamentara-catre-ministerul-dezvoltarii-pe-tema-situatiei-de-la-cet-govora-ne-aflam-intr-o-situatie-critica\/\" rel=\"bookmark\" title=\"Deputatul M\u00eendrescu, interpelare parlamentar\u0103 c\u0103tre Ministerul Dezvolt\u0103rii pe tema situa\u021biei de la CET Govora: \u201eNe afl\u0103m \u00eentr-o situa\u021bie critic\u0103!\u201d\">Deputatul M\u00eendrescu, interpelare parlamentar\u0103 c\u0103tre Ministerul Dezvolt\u0103rii pe tema situa\u021biei de la CET Govora: \u201eNe afl\u0103m \u00eentr-o situa\u021bie critic\u0103!\u201d<\/a><\/h3>\n<div class=\"td-editor-date\"><a href=\"https:\/\/www.gazeta-valceana.ro\/category\/i\/\" class=\"td-post-category\">I<\/a><span class=\"td-author-date\"><span class=\"td-post-date\"><time class=\"entry-date updated td-module-date\" datetime=\"2026-09-01T19:12:48+02:00\">1 septembrie 2026<\/time><\/span><\/span><\/div>\n<\/div>\n<\/div>\n<\/div>\n<div class=\"tdb_module_related td_module_wrap td-animation-stack\">\n<div class=\"td-module-container td-category-pos-\">\n<div class=\"td-module-meta-info\">\n<h3 class=\"entry-title td-module-title\"><a href=\"https:\/\/www.gazeta-valceana.ro\/politica\/valceanul-stefan-ovidiu-popa-reconfirmat-in-functia-de-lider-al-grupului-parlamentar-psd-din-camera-deputatilor\/\" rel=\"bookmark\" title=\"V\u00e2lceanul \u0218tefan Ovidiu Popa, reconfirmat \u00een func\u021bia de lider al Grupului parlamentar PSD din Camera Deputa\u021bilor\">V\u00e2lceanul \u0218tefan Ovidiu Popa, reconfirmat \u00een func\u021bia de lider al Grupului parlamentar PSD din Camera Deputa\u021bilor<\/a><\/h3>\n<div class=\"td-editor-date\"><a href=\"https:\/\/www.gazeta-valceana.ro\/category\/i\/\" class=\"td-post-category\">I<\/a><span class=\"td-author-date\"><span class=\"td-post-date\"><time class=\"entry-date updated td-module-date\" datetime=\"2026-09-01T17:22:13+02:00\">1 septembrie 2026<\/time><\/span><\/span><\/div>\n<\/div>\n<\/div>\n<\/div>\n<div class=\"tdb_module_related td_module_wrap td-animation-stack\">\n<div class=\"td-module-container td-category-pos-\">\n<div class=\"td-module-meta-info\">\n<h3 class=\"entry-title td-module-title\"><a href=\"https:\/\/www.gazeta-valceana.ro\/politica\/securitatea-energetica-a-romaniei-primeste-o-injectie-de-1-700-mw-laurentiu-cazan-despre-proiectul-gigant-de-la-mintia-intra-in-linie-dreapta-sub-atenta-supraveghere-a-gu\/\" rel=\"bookmark\" title=\"Securitatea energetic\u0103 a Rom\u00e2niei prime\u0219te o \u201einjec\u021bie\u201d de 1.700 MW! Lauren\u021biu Cazan, despre proiectul gigant de la Mintia: \u201eIntr\u0103 \u00een linie dreapt\u0103 sub atenta supraveghere a Guvernului\u201d\">Securitatea energetic\u0103 a Rom\u00e2niei prime\u0219te o \u201einjec\u021bie\u201d de 1.700 MW! Lauren\u021biu Cazan, despre proiectul gigant de la Mintia: \u201eIntr\u0103 \u00een linie dreapt\u0103 sub atenta&#8230;<\/a><\/h3>\n<div class=\"td-editor-date\"><a href=\"https:\/\/www.gazeta-valceana.ro\/category\/i\/\" class=\"td-post-category\">I<\/a><span class=\"td-author-date\"><span class=\"td-post-date\"><time class=\"entry-date updated td-module-date\" datetime=\"2026-09-01T16:21:24+02:00\">1 septembrie 2026<\/time><\/span><\/span><\/div>\n<\/div>\n<\/div>\n<\/div>\n<\/div>\n<\/div>\n<\/div>\n<\/div>\n<\/div>\n<\/div>\n<div id=\"tdi_114\" class=\"tdc-row stretch_row_1200 td-stretch-content\">\n<div class=\"vc_row tdi_115  wpb_row td-pb-row\">\n<div class=\"vc_column tdi_120  wpb_column vc_column_container tdc-column td-pb-span4 td-is-sticky\">\n<div class=\"wpb_wrapper\" data-sticky-enabled-on=\"W3RydWUsdHJ1ZSx0cnVlLHRydWVd\" data-sticky-offset=\"20\" data-sticky-is-width-auto=\"W2ZhbHNlLGZhbHNlLGZhbHNlLGZhbHNlXQ==\">\n<div class=\"td_block_wrap td-a-rec td-a-rec-id-custom-spot td-a-rec-img tdi_121 td_block_template_1\">\n<div><a href=\"https:\/\/www.gazeta-valceana.ro\/anchetedezvaluri\/imagini-accident-pe-bulevard-in-aceasta-seara-o-tanara-a-fost-lovita-de-masina-pe-trecerea-de-pietoni-ambulanta-politia-au-ajuns-la-fata-locului\/\" class=\"td_spot_img_all\"><img loading=\"lazy\" decoding=\"async\" src=\"https:\/\/www.gazeta-valceana.ro\/wp-content\/uploads\/2025\/01\/image-4.jpg\" alt=\"spot_img\" width=\"347\" height=\"277\"><\/a><a href=\"https:\/\/www.gazeta-valceana.ro\/anchetedezvaluri\/imagini-accident-pe-bulevard-in-aceasta-seara-o-tanara-a-fost-lovita-de-masina-pe-trecerea-de-pietoni-ambulanta-politia-au-ajuns-la-fata-locului\/\" class=\"td_spot_img_mob\"><img loading=\"lazy\" decoding=\"async\" src=\"https:\/\/www.gazeta-valceana.ro\/wp-content\/uploads\/2025\/01\/image-4.jpg\" alt=\"spot_img\" width=\"347\" height=\"247\"><\/a><\/div>\n<\/div>\n<div class=\"td_block_wrap td-a-rec td-a-rec-id-custom-spot td-a-rec-img tdi_122 td_block_template_1\">\n<div><a href=\"https:\/\/www.gazeta-valceana.ro\/anchetedezvaluri\/imagini-accident-pe-bulevard-in-aceasta-seara-o-tanara-a-fost-lovita-de-masina-pe-trecerea-de-pietoni-ambulanta-politia-au-ajuns-la-fata-locului\/\" class=\"td_spot_img_all\"><img loading=\"lazy\" decoding=\"async\" src=\"https:\/\/www.gazeta-valceana.ro\/wp-content\/uploads\/2025\/01\/image-5.jpg\" alt=\"spot_img\" width=\"347\" height=\"277\"><\/a><a href=\"https:\/\/www.gazeta-valceana.ro\/anchetedezvaluri\/imagini-accident-pe-bulevard-in-aceasta-seara-o-tanara-a-fost-lovita-de-masina-pe-trecerea-de-pietoni-ambulanta-politia-au-ajuns-la-fata-locului\/\" class=\"td_spot_img_mob\"><img loading=\"lazy\" decoding=\"async\" src=\"https:\/\/www.gazeta-valceana.ro\/wp-content\/uploads\/2025\/01\/image-5.jpg\" alt=\"spot_img\" width=\"347\" height=\"247\"><\/a><\/div>\n<\/div>\n<div class=\"td_block_wrap td-a-rec td-a-rec-id-custom-spot td-a-rec-img tdi_123 td_block_template_1\">\n<div><a href=\"https:\/\/www.gazeta-valceana.ro\/anchetedezvaluri\/imagini-accident-pe-bulevard-in-aceasta-seara-o-tanara-a-fost-lovita-de-masina-pe-trecerea-de-pietoni-ambulanta-politia-au-ajuns-la-fata-locului\/\" class=\"td_spot_img_all\"><img loading=\"lazy\" decoding=\"async\" src=\"https:\/\/www.gazeta-valceana.ro\/wp-content\/uploads\/2025\/01\/image-3.jpeg\" alt=\"spot_img\" width=\"347\" height=\"277\"><\/a><a href=\"https:\/\/www.gazeta-valceana.ro\/anchetedezvaluri\/imagini-accident-pe-bulevard-in-aceasta-seara-o-tanara-a-fost-lovita-de-masina-pe-trecerea-de-pietoni-ambulanta-politia-au-ajuns-la-fata-locului\/\" class=\"td_spot_img_mob\"><img loading=\"lazy\" decoding=\"async\" src=\"https:\/\/www.gazeta-valceana.ro\/wp-content\/uploads\/2025\/01\/image-3.jpeg\" alt=\"spot_img\" width=\"347\" height=\"247\"><\/a><\/div>\n<\/div>\n<\/div>\n<\/div>\n<\/div>\n<\/div>\n<\/div>\n<\/div>\n<p><span class=\"td-page-meta\"><\/span><span class=\"td-page-meta\"><span class=\"td-page-meta\"><\/span><\/span><span class=\"td-page-meta\"><\/span><\/article>\n<\/p>\n<div class=\"td_block_wrap tdb_single_content tdi_71 td-pb-border-top td_block_template_1 td-post-content tagdiv-type\" data-td-block-uid=\"tdi_71\">\n<div class=\"tdb-block-inner td-fix-index\">\n<p>UP-DATE ora 22.40<\/p>\n<p>\u00cenainte s\u0103 fie transportat\u0103 la spital, adolescenta este con\u0219tient\u0103 \u0219i vorbe\u0219te. Ea spune c\u0103 nu \u00ee\u0219i simte picioarele. Martorii spun c\u0103, \u00een impact, a spart cu capul parbrizul ma\u0219inii care a lovit-o. A fost aruncat\u0103 aproximativ 10-15 metri.<\/p>\n<p>_____<\/p>\n<p>\u00cen aceast\u0103 sear\u0103 de mar\u021bi, 1 septembrie 2026, \u00een jurul orei 22.05, pe bulevardul Dem R\u0103dulescu din R\u00e2mnicu V\u00e2lcea, s-a produs un accident rutier. Din primele informa\u021bii, la trecerea de pietoni de la McDonald s, o adolescent\u0103 a fost lovit\u0103 de taxi. Poli\u021bia \u0219i Ambulan\u021ba au ajuns de urgen\u021b\u0103 la fa\u021ba locului, \u00een jurul orei 22.15.<\/p>\n<p>Fata este r\u0103nit\u0103, dar nu grav (a\u0219a cum suntem informa\u021bi de la locul accidentului).<\/p>\n<p><strong>Vom reveni cu detalii!<\/strong><\/p>\n<figure class=\"wp-block-image size-full\"><img loading=\"lazy\" decoding=\"async\" width=\"884\" height=\"561\" src=\"https:\/\/www.gazeta-valceana.ro\/wp-content\/uploads\/2026\/09\/ACC-Bulevard-1.jpg\" alt class=\"wp-image-108533\"><\/figure>\n<\/div>\n<\/div>\n<p>UP-DATE ora 22.40<\/p>\n<p>\u00cenainte s\u0103 fie transportat\u0103 la spital, adolescenta este con\u0219tient\u0103 \u0219i vorbe\u0219te. Ea spune c\u0103 nu \u00ee\u0219i simte picioarele. Martorii spun c\u0103, \u00een impact, a spart cu capul parbrizul ma\u0219inii care a lovit-o. A fost aruncat\u0103 aproximativ 10-15 metri.<\/p>\n<p>_____<\/p>\n<p>\u00cen aceast\u0103 sear\u0103 de mar\u021bi, 1 septembrie 2026, \u00een jurul orei 22.05, pe bulevardul Dem R\u0103dulescu din R\u00e2mnicu V\u00e2lcea, s-a produs un accident rutier. Din primele informa\u021bii, la trecerea de pietoni de la McDonald s, o adolescent\u0103 a fost lovit\u0103 de taxi. Poli\u021bia \u0219i Ambulan\u021ba au ajuns de urgen\u021b\u0103 la fa\u021ba locului, \u00een jurul orei 22.15.<\/p>\n<p>Fata este r\u0103nit\u0103, dar nu grav (a\u0219a cum suntem informa\u021bi de la locul accidentului).<\/p>\n<p><strong>Vom reveni cu detalii!<\/strong><\/p>\n<p>[analyse_source url=&#8221;https:\/\/www.gazeta-valceana.ro\/anchetedezvaluri\/imagini-accident-pe-bulevard-in-aceasta-seara-o-tanara-a-fost-lovita-de-masina-pe-trecerea-de-pietoni-ambulanta-politia-au-ajuns-la-fata-locului\/&#8221;]<\/p>\n","protected":false},"excerpt":{"rendered":"<p>[analyse_image type=&#8221;featured&#8221; src=&#8221;https:\/\/www.gazeta-valceana.ro\/wp-content\/uploads\/2026\/09\/ACC-Bulevard-2.jpg&#8221;] IMAGINI. Accident pe bulevard, \u00een aceast\u0103 sear\u0103. O t\u00e2n\u0103r\u0103 a fost lovit\u0103 de ma\u0219in\u0103, pe trecerea de pietoni. Ambulan\u021ba, Poli\u021bia au ajuns la fa\u021ba locului Anchete\/Dezv\u0103luriI 1 septembrie 2026 Ac\u021biune Facebook Twitter Pinterest WhatsApp UP-DATE ora 22.40 \u00cenainte s\u0103 fie transportat\u0103 la spital, adolescenta este con\u0219tient\u0103 \u0219i vorbe\u0219te. Ea spune c\u0103 nu [&hellip;]<\/p>\n","protected":false},"author":1,"featured_media":0,"comment_status":"open","ping_status":"","sticky":false,"template":"","format":"standard","meta":{"footnotes":""},"categories":[89],"tags":[226,214],"class_list":["post-2123150","post","type-post","status-publish","format-standard","hentry","category-romania","tag-crawlmanager","tag-gazetavalceana-ro"],"_links":{"self":[{"href":"https:\/\/analyse.optim.biz\/index.php?rest_route=\/wp\/v2\/posts\/2123150","targetHints":{"allow":["GET"]}}],"collection":[{"href":"https:\/\/analyse.optim.biz\/index.php?rest_route=\/wp\/v2\/posts"}],"about":[{"href":"https:\/\/analyse.optim.biz\/index.php?rest_route=\/wp\/v2\/types\/post"}],"author":[{"embeddable":true,"href":"https:\/\/analyse.optim.biz\/index.php?rest_route=\/wp\/v2\/users\/1"}],"replies":[{"embeddable":true,"href":"https:\/\/analyse.optim.biz\/index.php?rest_route=%2Fwp%2Fv2%2Fcomments&post=2123150"}],"version-history":[{"count":0,"href":"https:\/\/analyse.optim.biz\/index.php?rest_route=\/wp\/v2\/posts\/2123150\/revisions"}],"wp:attachment":[{"href":"https:\/\/analyse.optim.biz\/index.php?rest_route=%2Fwp%2Fv2%2Fmedia&parent=2123150"}],"wp:term":[{"taxonomy":"category","embeddable":true,"href":"https:\/\/analyse.optim.biz\/index.php?rest_route=%2Fwp%2Fv2%2Fcategories&post=2123150"},{"taxonomy":"post_tag","embeddable":true,"href":"https:\/\/analyse.optim.biz\/index.php?rest_route=%2Fwp%2Fv2%2Ftags&post=2123150"}],"curies":[{"name":"wp","href":"https:\/\/api.w.org\/{rel}","templated":true}]}}