{"id":2123146,"date":"2026-09-01T14:27:12","date_gmt":"2026-09-01T11:27:12","guid":{"rendered":"https:\/\/analyse.optim.biz\/?p=2123146"},"modified":"2026-09-01T14:27:12","modified_gmt":"2026-09-01T11:27:12","slug":"video-dictatura-clanului-simonis-fratele-primar-instaureaza-omerta-pentru-a-l-apara-pe-fratele-presedinte-al-cj-timis-care-si-a-extins-palatul-pe-domeniul-public","status":"publish","type":"post","link":"https:\/\/analyse.optim.biz\/?p=2123146","title":{"rendered":"Video: Dictatura clanului Simonis! Fratele-primar instaureaz\u0103 omerta pentru a-l ap\u0103ra pe fratele-pre\u0219edinte al CJ Timi\u0219, care \u0219i-a extins palatul pe domeniul public"},"content":{"rendered":"<p>[analyse_image type=&#8221;featured&#8221; src=&#8221;https:\/\/www.sursadevest.ro\/wp-content\/uploads\/2026\/09\/fratii-simonis.gif&#8221;]<\/p>\n<p><main id=\"tm-main\"><\/p>\n<div class=\"uk-section-default uk-section\">\n<div class=\"uk-grid-margin uk-container uk-container-xsmall\">\n<div class=\"uk-grid tm-grid-expand uk-child-width-1-1\">\n<div class=\"uk-width-1-1\">\n<h1 class=\"uk-h2 uk-margin uk-text-center\">\n<p>                    Video: Dictatura clanului Simonis! Fratele-primar instaureaz\u0103 omerta pentru a-l ap\u0103ra pe fratele-pre\u0219edinte al CJ Timi\u0219, care \u0219i-a extins palatul pe domeniul public        <\/p>\n<\/h1>\n<div class=\"uk-panel uk-margin uk-text-center\"><time datetime=\"2026-09-01T16:27:12+02:00\">1 septembrie, 2026<\/time> | <a href=\"https:\/\/www.sursadevest.ro\/author\/redactie\/\">Petronela Axinte<\/a> | <a href=\"https:\/\/www.sursadevest.ro\/categorie\/stiri\/administratie\/\" rel=\"tag\">Administra\u021bie<\/a>, <a href=\"https:\/\/www.sursadevest.ro\/categorie\/stiri\/eveniment\/\" rel=\"tag\">Eveniment<\/a>, <a href=\"https:\/\/www.sursadevest.ro\/categorie\/stiri\/\" rel=\"tag\">\u0218tiri<\/a> | <a href=\"https:\/\/www.sursadevest.ro\/video-dictatura-clanului-simonis-fratele-primar-instaureaza-omerta-pentru-a-l-apara-pe-fratele-presedinte-al-cj-timis-care-si-a-extins-palatul-pe-domeniul-public\/#respond\">Niciun comentariu<span class=\"screen-reader-text\"> la Video: Dictatura clanului Simonis! Fratele-primar instaureaz\u0103 omerta pentru a-l ap\u0103ra pe fratele-pre\u0219edinte al CJ Timi\u0219, care \u0219i-a extins palatul pe domeniul public<\/span><\/a><\/div>\n<\/div>\n<\/div>\n<\/div>\n<div class=\"uk-container uk-margin-large\">\n<div class=\"uk-grid tm-grid-expand uk-grid-column-large\">\n<div class=\"uk-width-2-3@m\">\n<nav aria-label=\"Breadcrumb\" class=\"uk-margin-small\">\n<ul class=\"uk-breadcrumb uk-margin-remove-bottom\">\n<li><\/li>\n<li><a href=\"https:\/\/www.sursadevest.ro\/categorie\/stiri\/\"><span>\u0218tiri<\/span><\/a><\/li>\n<li><a href=\"https:\/\/www.sursadevest.ro\/categorie\/stiri\/administratie\/\"><span>Administra\u021bie<\/span><\/a><\/li>\n<\/ul>\n<\/nav>\n<div class=\"uk-margin\"><img decoding=\"async\" class=\"el-image\" src=\"https:\/\/www.sursadevest.ro\/wp-content\/uploads\/2026\/09\/fratii-simonis.gif\" alt loading=\"lazy\" width=\"900\" height=\"500\"><\/div>\n<div class=\"uk-margin-remove-vertical uk-hidden@m\">\n<div class=\"uk-grid uk-child-width-1-1 uk-child-width-1-2@s uk-grid-small uk-grid-match\">\n<div>\n<div class=\"el-item uk-panel\"><a href=\"https:\/\/retim.ro\/eticheta\" target=\"_blank\"><\/p>\n<div class=\"uk-inline-clip uk-transition-toggle\"><img loading=\"lazy\" decoding=\"async\" class=\"el-image uk-transition-scale-down uk-transition-opaque\" src=\"https:\/\/www.sursadevest.ro\/wp-content\/uploads\/2025\/07\/ReTIM-banner-press-300x300px.gif\" alt width=\"300\" height=\"300\"><\/div>\n<p><\/a><\/p>\n<div class=\"uk-padding-small uk-margin-remove-first-child\">\n<div class=\"el-meta uk-text-meta uk-margin-small-top\">Retim Ecologic Service<\/div>\n<div class=\"uk-margin-small-top\"><a href=\"https:\/\/retim.ro\/eticheta\" target=\"_blank\" class=\"el-link uk-button uk-button-text\">Vezi detalii<\/a><\/div>\n<\/div>\n<\/div>\n<\/div>\n<\/div>\n<\/div>\n<div class=\"uk-panel uk-margin-remove-top uk-margin-medium-bottom\">\n<p class=\"wp-block-paragraph\">Tendin\u021bele dictatoriale ale fra\u021bilor Simonis, care conduc jude\u021bul Timi\u0219, sunt tot mai evidente, iar Alfred \u0219i Gerald par s\u0103 aib\u0103 sus\u021binerea toal\u0103 a unor institu\u021bii de for\u021b\u0103 \u0219i de control, care le permit s\u0103 \u00ee\u0219i fac\u0103 de cap.<\/p>\n<p class=\"wp-block-paragraph\">Dovad\u0103 st\u0103 \u0219i suprafa\u021ba de teren furat\u0103 din domeniul public pentru l\u0103rgirea cur\u021bii palatului de la Mo\u0219ni\u021ba, pe care \u0219i l-a construit Alfred Simonis.<\/p>\n<p class=\"wp-block-paragraph\">Sursa de Vest a prezentat recent situa\u021bia propriet\u0103\u021bii de aproape 4.000 de metri p\u0103tra\u021bi, iar imaginile cadastrale \u0219i suprapunerile topografice indic\u0103, f\u0103r\u0103 echivoc, c\u0103 pe o latur\u0103, gardul a fost construit, \u00een mare parte, pe domeniul public. Astfel, Alfred Simonis s-a f\u0103cut st\u0103p\u00e2n peste o suprafa\u021b\u0103 de peste 200 de metri p\u0103tra\u021bi din terenul Prim\u0103riei Mo\u0219ni\u021ba, condus\u0103 de fratele Gerald Simonis.<\/p>\n<p class=\"wp-block-paragraph\">Acesta din urm\u0103 a recunoscut situa\u021bia, iar \u00eentr-o \u0219edin\u021b\u0103 de Consiliu Local a dat vina pe p\u0103rin\u021bi, pe care i-a \u0219i amenin\u021bat, de ochii lumii, cu demolarea gardului.<\/p>\n<p class=\"wp-block-paragraph\"><em>\u201cDac\u0103 trebuie s\u0103 ajungem la demolare, pentru c\u0103 m\u00e2ine diminea\u021b\u0103, domnule viceprimar, pentru c\u0103 eu nu pot ca \u0219i primar, dispune\u021bi demolarea, dac\u0103 mama mea nu atac\u0103 \u00een instan\u021b\u0103 aceast\u0103 hot\u0103r\u00e2re, automat, clar c\u0103 se poate lua aceast\u0103 decizie. Nu m\u0103 opun, nu dispun eu pentru c\u0103 nu am voie, pentru c\u0103 sunt \u00een conflict. Dar vreau s\u0103 v\u0103 spun c\u0103 o voi trata pe mama mea \u0219i pe tat\u0103l meu, la fel cum \u00eei voi trata \u0219i pe ceilal\u021bi cet\u0103\u021beni de pe raza comunei Mo\u0219ni\u021ba Nou\u0103. Nu sunt speciali. Mi-au dat via\u021b\u0103, dar nu sunt speciali. Dac\u0103 au gre\u0219it, vor r\u0103spunde legal\u201d, <\/em>spunea Gerald Simonis, \u00een \u0219edin\u021ba Consiliului Local din data de 30 aprilie 2026.<\/p>\n<p class=\"wp-block-paragraph\">La mai bine de patru luni de la dezv\u0103lurile Sursa de Vest, lucrurile sunt neschimbate. Cu o mic\u0103 excep\u021bie: Alfred Simonis s-a mutat, cu \u00eentreaga familie, \u00een palatul despre care min\u021bea c\u0103 ar fi o sal\u0103 de evenimente.<\/p>\n<p class=\"wp-block-paragraph\">Pentru l\u0103murirea situa\u021biei, \u00een 13 iulie, Sursa de Vest a solicitat Prim\u0103riei Mo\u0219ni\u021ba Nou\u0103 s\u0103 comunice rezultatele verific\u0103rilor efectuate, suprafa\u021ba constatat\u0103 ca fiind ocupat\u0103, m\u0103surile dispuse \u0219i sanc\u021biunile aplicate.<\/p>\n<p class=\"wp-block-paragraph\">Subalternii lui Gerald Simonis au anun\u021bat c\u0103 r\u0103spunsul e foarte complex \u0219i au nevoie de 30 de zile, pentru formularea lui. Nu s-au \u00eencadrat \u00eens\u0103 nici \u00een acest termen \u0219i au revenit abia pe 18 august.<\/p>\n<p class=\"wp-block-paragraph\">Chiar \u0219i a\u0219a, r\u0103spunsul are doar c\u00e2teva r\u00e2nduri, iar \u00eentreb\u0103rile esen\u021biale sunt fie ignorate, fie tratate \u00een doi peri.<\/p>\n<p class=\"wp-block-paragraph\">Prima \u00eentrebare a vizat explicit verificarea respect\u0103rii limitelor de proprietate \u0219i a ocup\u0103rii domeniului public \u00een cazul CF 406956.<\/p>\n<p class=\"wp-block-paragraph\">R\u0103spunsul administra\u021biei Gerald Simonis este:<\/p>\n<p class=\"wp-block-paragraph\"><em>\u201eTerenul cu nr. CF 406956 NU este domeniu public.\u201d<\/em><\/p>\n<p class=\"wp-block-paragraph\">Numai c\u0103 Sursa de Vest nu a sus\u021binut niciodat\u0103 c\u0103 CF 406956 ar fi domeniu public, ci c\u0103 gardul dep\u0103\u0219e\u0219te proprietatea, \u00eenglob\u00e2nd \u00een curtea familiei Simonis o suprafa\u021b\u0103 de teren de peste 200 mp.<\/p>\n<p class=\"wp-block-paragraph\">Prim\u0103ria evit\u0103 astfel s\u0103 r\u0103spund\u0103 exact la \u00eentrebarea care conteaz\u0103: gardul respect\u0103 sau nu limitele cadastrale?<\/p>\n<p class=\"wp-block-paragraph\">Aceea\u0219i manevr\u0103 este folosit\u0103 \u0219i atunci c\u00e2nd Sursa de Vest \u00eentreab\u0103 dac\u0103 au fost emise dispozi\u021bii pentru desfiin\u021barea gardului, eliberarea domeniului public sau readucerea terenului la situa\u021bia anterioar\u0103.<\/p>\n<p class=\"wp-block-paragraph\">R\u0103spunsul este:<\/p>\n<p class=\"wp-block-paragraph\"><em>\u201eCF-ul men\u021bionat nu are leg\u0103tur\u0103 cu domeniul public.\u201d<\/em><\/p>\n<p class=\"wp-block-paragraph\">Din nou, Prim\u0103ria lui Gerald Simonis r\u0103spunde la o \u00eentrebare care nu i-a fost adresat\u0103 \u0219i refuz\u0103 s\u0103 spun\u0103 c\u00e2\u021bi metri p\u0103tra\u021bi a furat fratele lui, pre\u0219edintele Consiliului Jude\u021bean Timi\u0219, din domeniul public.<\/p>\n<p class=\"wp-block-paragraph\">Confirm\u0103 \u00eens\u0103 o alt\u0103 problem\u0103: construirea unei anexe f\u0103r\u0103 autoriza\u021bie, pentru care \u0219i-a amendat p\u0103rin\u021bii \u0219i le-a cerut s\u0103 intre \u00een legalitate, \u00een termen de un an.<\/p>\n<p class=\"wp-block-paragraph\">C\u00e2t e amenda? De ce nu a fost verificat furtul domeniului public? De ce gardul e tot acolo, de\u0219i este ilegal?<\/p>\n<p class=\"wp-block-paragraph\">Sunt detalii pentru care primarul Gerald Simonis a instituit omerta, exact ca \u0219i clanurile de mafio\u021bi.<\/p>\n<p class=\"wp-block-paragraph\">Acest caz arat\u0103 \u00eenc\u0103 o dat\u0103 c\u00e2t de periculoas\u0103 devine concentrarea puterii politice \u0219i administrative \u00een jurul aceluia\u0219i grup familial \u0219i de partid.<\/p>\n<p class=\"wp-block-paragraph\">Alfred Simonis conduce Consiliul Jude\u021bean Timi\u0219 \u0219i PSD Timi\u0219. Fratele s\u0103u conduce Mo\u0219ni\u021ba Nou\u0103, una dintre cele mai bogate \u0219i mai dezvoltate comune din jurul Timi\u0219oarei.<\/p>\n<p class=\"wp-block-paragraph\">Astfel, c\u00e2nd presa ajunge cu \u00eentreb\u0103rile p\u00e2n\u0103 la gardul familiei Simonis, administra\u021bia se \u00eenchide.<\/p>\n<p class=\"wp-block-paragraph\">Este imaginea unei puteri care \u00eencepe s\u0103 se comporte ca \u0219i cum institu\u021biile i-ar apar\u021bine. Alfred Simonis a instaurat o dictatur\u0103 a tupeului politic, \u00een care el \u0219i fratele s\u0103u controleaz\u0103 tot, inclusiv institu\u021biile care ar trebui s\u0103 \u00eei verifice.<\/p>\n<figure class=\"wp-block-embed is-type-video is-provider-youtube wp-block-embed-youtube wp-embed-aspect-16-9 wp-has-aspect-ratio\">\n<div class=\"wp-block-embed__wrapper\">\n<iframe loading=\"lazy\" title=\"Dictatura clanului Simonis!\" width=\"500\" height=\"281\" src=\"https:\/\/www.youtube.com\/embed\/m_okftApVf0?feature=oembed\" frameborder allow=\"accelerometer; autoplay; clipboard-write; encrypted-media; gyroscope; picture-in-picture; web-share\" referrerpolicy=\"strict-origin-when-cross-origin\" allowfullscreen><\/iframe>\n<\/div>\n<\/figure>\n<\/div>\n<nav class=\"uk-text-center\">\n<ul class=\"uk-pagination uk-margin-remove-bottom uk-flex-center\">\n<li><a href=\"https:\/\/www.sursadevest.ro\/incepe-tabara-de-robotica-open-robotics-intelligent-grid-sute-de-participanti-se-reunesc-la-timisoara-pentru-a-se-intrece-in-inventii\/\"> Anterior<\/a><\/li>\n<\/ul>\n<\/nav>\n<h3 class=\"uk-h5\">\n<p>                    Distribuie pe re\u021bele de socializare        <\/p>\n<\/h3>\n<div class=\"uk-margin-top uk-margin-remove-bottom\">\n<ul class=\"uk-child-width-auto uk-grid-small uk-flex-inline uk-flex-middle\">\n<li class=\"el-item\">\n<li class=\"el-item\">\n<li class=\"el-item\">\n<li class=\"el-item\"><\/ul>\n<\/div>\n<div class=\"uk-margin\">\n<div id=\"respond\" class=\"comment-respond\">\n<h2 id=\"reply-title\" class=\"el-title uk-h3 uk-heading-bullet\">Las\u0103 un r\u0103spuns <small><a rel=\"nofollow\" id=\"cancel-comment-reply-link\" class=\"uk-link-muted\" href=\"https:\/\/www.sursadevest.ro\/video-dictatura-clanului-simonis-fratele-primar-instaureaza-omerta-pentru-a-l-apara-pe-fratele-presedinte-al-cj-timis-care-si-a-extins-palatul-pe-domeniul-public\/#respond\">Anuleaz\u0103 r\u0103spunsul<\/a><\/small><\/h2>\n<p class=\"comment-notes\">Adresa ta de email nu va fi publicat\u0103. C\u00e2mpurile obligatorii sunt marcate cu <span class=\"required\">*<\/span><\/p>\n<div class=\"gglcptch gglcptch_v3\"><\/p>\n<div class=\"gglcptch_error_text\">Perioada de verificare reCAPTCHA a expirat. V\u0103 rug\u0103m s\u0103 re\u00eenc\u0103rca\u021bi pagina.<\/div>\n<\/div>\n<\/div>\n<\/div>\n<hr class=\"uk-margin-large\">\n<h2 class=\"uk-h3 uk-text-left@m uk-text-center\">\n<p>                    Alte articole        <\/p>\n<\/h2>\n<div id=\"template-OEvUe7Lh#0\" class=\"uk-margin\">\n<div class=\"uk-grid uk-child-width-1-1 uk-child-width-1-2@s uk-grid-column-medium uk-grid-match\">\n<div>\n<div class=\"el-item uk-panel uk-margin-remove-first-child\"><a href=\"https:\/\/www.sursadevest.ro\/video-dictatura-clanului-simonis-fratele-primar-instaureaza-omerta-pentru-a-l-apara-pe-fratele-presedinte-al-cj-timis-care-si-a-extins-palatul-pe-domeniul-public\/\"><img decoding=\"async\" class=\"el-image uk-border-rounded\" src=\"https:\/\/www.sursadevest.ro\/wp-content\/uploads\/2026\/09\/fratii-simonis.gif\" alt=\"Two men in business attire over an aerial view of a villa complex with red roofs and a red triangular overlay.\" loading=\"lazy\" width=\"610\" height=\"339\"><\/a><\/p>\n<div class=\"el-meta uk-h6 uk-text-primary uk-margin-top uk-margin-remove-bottom\"><time datetime=\"2026-09-01T16:27:12+02:00\">1 septembrie, 2026<\/time> | <a href=\"https:\/\/www.sursadevest.ro\/author\/redactie\/\">Petronela Axinte<\/a> | <a href=\"https:\/\/www.sursadevest.ro\/categorie\/stiri\/administratie\/\" rel=\"tag\">Administra\u021bie<\/a>, <a href=\"https:\/\/www.sursadevest.ro\/categorie\/stiri\/eveniment\/\" rel=\"tag\">Eveniment<\/a>, <a href=\"https:\/\/www.sursadevest.ro\/categorie\/stiri\/\" rel=\"tag\">\u0218tiri<\/a> | <a href=\"https:\/\/www.sursadevest.ro\/video-dictatura-clanului-simonis-fratele-primar-instaureaza-omerta-pentru-a-l-apara-pe-fratele-presedinte-al-cj-timis-care-si-a-extins-palatul-pe-domeniul-public\/#respond\">Niciun comentariu<span class=\"screen-reader-text\"> la Video: Dictatura clanului Simonis! Fratele-primar instaureaz\u0103 omerta pentru a-l ap\u0103ra pe fratele-pre\u0219edinte al CJ Timi\u0219, care \u0219i-a extins palatul pe domeniul public<\/span><\/a><\/div>\n<h3 class=\"el-title uk-h4 uk-link-reset uk-margin-small-top uk-margin-remove-bottom\"><a href=\"https:\/\/www.sursadevest.ro\/video-dictatura-clanului-simonis-fratele-primar-instaureaza-omerta-pentru-a-l-apara-pe-fratele-presedinte-al-cj-timis-care-si-a-extins-palatul-pe-domeniul-public\/\">Video: Dictatura clanului Simonis! Fratele-primar instaureaz\u0103 omerta pentru a-l ap\u0103ra pe fratele-pre\u0219edinte al CJ Timi\u0219, care \u0219i-a extins palatul pe domeniul public<\/a><\/h3>\n<div class=\"el-content uk-panel uk-margin-small-top\">\n<p>Tendin\u021bele dictatoriale ale fra\u021bilor Simonis, care conduc jude\u021bul Timi\u0219, sunt tot mai evidente, iar Alfred \u0219i Gerald par s\u0103 aib\u0103 sus\u021binerea toal\u0103 a unor institu\u021bii de for\u021b\u0103 \u0219i de control, care le permit s\u0103 \u00ee\u0219i fac\u0103 de cap. Dovad\u0103 st\u0103 \u0219i suprafa\u021ba de teren furat\u0103 din domeniul public pentru l\u0103rgirea cur\u021bii palatului de la Mo\u0219ni\u021ba, [\u2026]<\/p>\n<\/div>\n<div class=\"uk-margin-top\"><a href=\"https:\/\/www.sursadevest.ro\/video-dictatura-clanului-simonis-fratele-primar-instaureaza-omerta-pentru-a-l-apara-pe-fratele-presedinte-al-cj-timis-care-si-a-extins-palatul-pe-domeniul-public\/\" class=\"el-link uk-button uk-button-text\">Vezi detalii<\/a><\/div>\n<\/div>\n<\/div>\n<div>\n<div class=\"el-item uk-panel uk-margin-remove-first-child\"><a href=\"https:\/\/www.sursadevest.ro\/incepe-tabara-de-robotica-open-robotics-intelligent-grid-sute-de-participanti-se-reunesc-la-timisoara-pentru-a-se-intrece-in-inventii\/\"><source type=\"image\/webp\" srcset=\"\/wp-content\/uploads\/yootheme\/cache\/f8\/robotica-f8fb24e7.webp 610w, \/wp-content\/uploads\/yootheme\/cache\/d2\/robotica-d2725fdf.webp 780w\" sizes=\"(min-width: 610px) 610px\" \/><\/a><\/p>\n<div class=\"el-meta uk-h6 uk-text-primary uk-margin-top uk-margin-remove-bottom\"><time datetime=\"2026-09-01T11:20:45+02:00\">1 septembrie, 2026<\/time> | <a href=\"https:\/\/www.sursadevest.ro\/author\/petronela\/\">Sursa de Vest<\/a> | <a href=\"https:\/\/www.sursadevest.ro\/categorie\/stiri\/educatie\/\" rel=\"tag\">Educa\u021bie<\/a>, <a href=\"https:\/\/www.sursadevest.ro\/categorie\/stiri\/eveniment\/\" rel=\"tag\">Eveniment<\/a>, <a href=\"https:\/\/www.sursadevest.ro\/categorie\/stiri\/\" rel=\"tag\">\u0218tiri<\/a> | <a href=\"https:\/\/www.sursadevest.ro\/incepe-tabara-de-robotica-open-robotics-intelligent-grid-sute-de-participanti-se-reunesc-la-timisoara-pentru-a-se-intrece-in-inventii\/#respond\">Niciun comentariu<span class=\"screen-reader-text\"> la \u00cencepe tab\u0103ra de robotic\u0103 \u201eOpen Robotics Intelligent Grid\u201d! Sute de participan\u021bi se reunesc la Timi\u0219oara pentru a se \u00eentrece \u00een inven\u021bii<\/span><\/a><\/div>\n<h3 class=\"el-title uk-h4 uk-link-reset uk-margin-small-top uk-margin-remove-bottom\"><a href=\"https:\/\/www.sursadevest.ro\/incepe-tabara-de-robotica-open-robotics-intelligent-grid-sute-de-participanti-se-reunesc-la-timisoara-pentru-a-se-intrece-in-inventii\/\">\u00cencepe tab\u0103ra de robotic\u0103 \u201eOpen Robotics Intelligent Grid\u201d! Sute de participan\u021bi se reunesc la Timi\u0219oara pentru a se \u00eentrece \u00een inven\u021bii<\/a><\/h3>\n<div class=\"el-content uk-panel uk-margin-small-top\">\n<p>Universitatea de Vest din Timi\u0219oara (UVT), al\u0103turi de echipa de robotic\u0103 CSH a Colegiului Na\u021bional Pedagogic \u201eCarmen Sylva\u201d, d\u0103 startul celei de-a opta edi\u021bii a evenimentului \u201eOpen Robotics Intelligent Grid\u201d.<\/p>\n<\/div>\n<div class=\"uk-margin-top\"><a href=\"https:\/\/www.sursadevest.ro\/incepe-tabara-de-robotica-open-robotics-intelligent-grid-sute-de-participanti-se-reunesc-la-timisoara-pentru-a-se-intrece-in-inventii\/\" class=\"el-link uk-button uk-button-text\">Vezi detalii<\/a><\/div>\n<\/div>\n<\/div>\n<div>\n<div class=\"el-item uk-panel uk-margin-remove-first-child\"><a href=\"https:\/\/www.sursadevest.ro\/foto-primul-tramvai-nou-de-mici-dimensiuni-a-ajuns-la-timisoara-cand-vor-fi-livrate-celelalte-noua-garnituri-din-lot\/\"><img decoding=\"async\" class=\"el-image uk-border-rounded\" src=\"https:\/\/www.sursadevest.ro\/wp-content\/uploads\/2026\/09\/tramvai.gif\" alt=\"Yellow-and-black modern tram traveling on curved tracks through an urban area with apartment buildings nearby.\" loading=\"lazy\" width=\"610\" height=\"339\"><\/a><\/p>\n<div class=\"el-meta uk-h6 uk-text-primary uk-margin-top uk-margin-remove-bottom\"><time datetime=\"2026-09-01T10:53:58+02:00\">1 septembrie, 2026<\/time> | <a href=\"https:\/\/www.sursadevest.ro\/author\/petronela\/\">Sursa de Vest<\/a> | <a href=\"https:\/\/www.sursadevest.ro\/categorie\/stiri\/eveniment\/\" rel=\"tag\">Eveniment<\/a>, <a href=\"https:\/\/www.sursadevest.ro\/categorie\/stiri\/\" rel=\"tag\">\u0218tiri<\/a> | <a href=\"https:\/\/www.sursadevest.ro\/foto-primul-tramvai-nou-de-mici-dimensiuni-a-ajuns-la-timisoara-cand-vor-fi-livrate-celelalte-noua-garnituri-din-lot\/#respond\">Niciun comentariu<span class=\"screen-reader-text\"> la FOTO: Primul tramvai nou de mici dimensiuni a ajuns la Timi\u0219oara! C\u00e2nd vor fi livrate celelalte nou\u0103 garnituri din lot?<\/span><\/a><\/div>\n<h3 class=\"el-title uk-h4 uk-link-reset uk-margin-small-top uk-margin-remove-bottom\"><a href=\"https:\/\/www.sursadevest.ro\/foto-primul-tramvai-nou-de-mici-dimensiuni-a-ajuns-la-timisoara-cand-vor-fi-livrate-celelalte-noua-garnituri-din-lot\/\">FOTO: Primul tramvai nou de mici dimensiuni a ajuns la Timi\u0219oara! C\u00e2nd vor fi livrate celelalte nou\u0103 garnituri din lot?<\/a><\/h3>\n<div class=\"el-content uk-panel uk-margin-small-top\">\n<p>Primul tramvai de mici dimensiuni, din noul lot de 10 garnituri achizi\u021bionate pentru a fi introduse pe liniile 7 \u0219i 9, a ajuns la Timi\u0219oara.<\/p>\n<\/div>\n<div class=\"uk-margin-top\"><a href=\"https:\/\/www.sursadevest.ro\/foto-primul-tramvai-nou-de-mici-dimensiuni-a-ajuns-la-timisoara-cand-vor-fi-livrate-celelalte-noua-garnituri-din-lot\/\" class=\"el-link uk-button uk-button-text\">Vezi detalii<\/a><\/div>\n<\/div>\n<\/div>\n<div>\n<div class=\"el-item uk-panel uk-margin-remove-first-child\"><a href=\"https:\/\/www.sursadevest.ro\/pas-inainte-pentru-finalizarea-lucrarilor-de-la-sala-polivalenta-mica-doi-constructori-vor-contractul-de-peste-opt-milioane-de-euro\/\"><source type=\"image\/webp\" srcset=\"\/wp-content\/uploads\/yootheme\/cache\/ef\/sala-polivalenta-upt-eff670d8.webp 610w, \/wp-content\/uploads\/yootheme\/cache\/27\/sala-polivalenta-upt-27656258.webp 768w, \/wp-content\/uploads\/yootheme\/cache\/05\/sala-polivalenta-upt-05f7331a.webp 1024w, \/wp-content\/uploads\/yootheme\/cache\/09\/sala-polivalenta-upt-09d1f4de.webp 1220w\" sizes=\"(min-width: 610px) 610px\" \/><\/a><\/p>\n<div class=\"el-meta uk-h6 uk-text-primary uk-margin-top uk-margin-remove-bottom\"><time datetime=\"2026-09-01T10:26:32+02:00\">1 septembrie, 2026<\/time> | <a href=\"https:\/\/www.sursadevest.ro\/author\/petronela\/\">Sursa de Vest<\/a> | <a href=\"https:\/\/www.sursadevest.ro\/categorie\/stiri\/eveniment\/\" rel=\"tag\">Eveniment<\/a>, <a href=\"https:\/\/www.sursadevest.ro\/categorie\/stiri\/\" rel=\"tag\">\u0218tiri<\/a> | <a href=\"https:\/\/www.sursadevest.ro\/pas-inainte-pentru-finalizarea-lucrarilor-de-la-sala-polivalenta-mica-doi-constructori-vor-contractul-de-peste-opt-milioane-de-euro\/#respond\">Niciun comentariu<span class=\"screen-reader-text\"> la Pas \u00eenainte pentru finalizarea lucr\u0103rilor de la Sala Polivalent\u0103 Mic\u0103! Doi constructori vor contractul de peste opt milioane de euro<\/span><\/a><\/div>\n<h3 class=\"el-title uk-h4 uk-link-reset uk-margin-small-top uk-margin-remove-bottom\"><a href=\"https:\/\/www.sursadevest.ro\/pas-inainte-pentru-finalizarea-lucrarilor-de-la-sala-polivalenta-mica-doi-constructori-vor-contractul-de-peste-opt-milioane-de-euro\/\">Pas \u00eenainte pentru finalizarea lucr\u0103rilor de la Sala Polivalent\u0103 Mic\u0103! Doi constructori vor contractul de peste opt milioane de euro<\/a><\/h3>\n<div class=\"el-content uk-panel uk-margin-small-top\">\n<p>Sala Polivalent\u0103 Mic\u0103, de pe strada Podeanu, va intra din nou \u00een \u0219antier. Licita\u021bia pentru g\u0103sirea unui constructor care s\u0103 continue lucr\u0103rile \u00eencepute cu mai bine de un deceniu \u00een urm\u0103 a atras doi ofertan\u021bi.<\/p>\n<\/div>\n<div class=\"uk-margin-top\"><a href=\"https:\/\/www.sursadevest.ro\/pas-inainte-pentru-finalizarea-lucrarilor-de-la-sala-polivalenta-mica-doi-constructori-vor-contractul-de-peste-opt-milioane-de-euro\/\" class=\"el-link uk-button uk-button-text\">Vezi detalii<\/a><\/div>\n<\/div>\n<\/div>\n<div>\n<div class=\"el-item uk-panel uk-margin-remove-first-child\"><a href=\"https:\/\/www.sursadevest.ro\/noi-interventii-de-dezinsectie-la-timisoara-incepand-de-maine-recomandarile-primariei\/\"><source type=\"image\/webp\" srcset=\"\/wp-content\/uploads\/yootheme\/cache\/3e\/dezinsectie-3e43aba0.webp 610w, \/wp-content\/uploads\/yootheme\/cache\/42\/dezinsectie-42e3f776.webp 768w, \/wp-content\/uploads\/yootheme\/cache\/5c\/dezinsectie-5c413c40.webp 1024w, \/wp-content\/uploads\/yootheme\/cache\/c7\/dezinsectie-c73cdaa8.webp 1220w\" sizes=\"(min-width: 610px) 610px\" \/><\/a><\/p>\n<div class=\"el-meta uk-h6 uk-text-primary uk-margin-top uk-margin-remove-bottom\"><time datetime=\"2026-09-01T09:42:32+02:00\">1 septembrie, 2026<\/time> | <a href=\"https:\/\/www.sursadevest.ro\/author\/petronela\/\">Sursa de Vest<\/a> | <a href=\"https:\/\/www.sursadevest.ro\/categorie\/stiri\/eveniment\/\" rel=\"tag\">Eveniment<\/a>, <a href=\"https:\/\/www.sursadevest.ro\/categorie\/stiri\/\" rel=\"tag\">\u0218tiri<\/a> | <a href=\"https:\/\/www.sursadevest.ro\/noi-interventii-de-dezinsectie-la-timisoara-incepand-de-maine-recomandarile-primariei\/#respond\">Niciun comentariu<span class=\"screen-reader-text\"> la Noi interven\u021bii de dezinsec\u021bie, la Timi\u0219oara, \u00eencep\u00e2nd de m\u00e2ine! Recomand\u0103rile Prim\u0103riei<\/span><\/a><\/div>\n<h3 class=\"el-title uk-h4 uk-link-reset uk-margin-small-top uk-margin-remove-bottom\"><a href=\"https:\/\/www.sursadevest.ro\/noi-interventii-de-dezinsectie-la-timisoara-incepand-de-maine-recomandarile-primariei\/\">Noi interven\u021bii de dezinsec\u021bie, la Timi\u0219oara, \u00eencep\u00e2nd de m\u00e2ine! Recomand\u0103rile Prim\u0103riei<\/a><\/h3>\n<div class=\"el-content uk-panel uk-margin-small-top\">\n<p>\u00cen perioada 2-7 septembrie, sunt programate noi ac\u021biuni de dezinsec\u021bie terestr\u0103 pe domeniul public al ora\u0219ului pentru combaterea \u021b\u00e2n\u021barilor \u0219i a larvelor acestora.<\/p>\n<\/div>\n<div class=\"uk-margin-top\"><a href=\"https:\/\/www.sursadevest.ro\/noi-interventii-de-dezinsectie-la-timisoara-incepand-de-maine-recomandarile-primariei\/\" class=\"el-link uk-button uk-button-text\">Vezi detalii<\/a><\/div>\n<\/div>\n<\/div>\n<div>\n<div class=\"el-item uk-panel uk-margin-remove-first-child\"><a href=\"https:\/\/www.sursadevest.ro\/retim-ecologic-service-s-a-are-un-nou-director-economic-adina-hanza-a-preluat-functia\/\"><img decoding=\"async\" class=\"el-image uk-border-rounded\" src=\"https:\/\/www.sursadevest.ro\/wp-content\/uploads\/2026\/09\/retim.gif\" alt=\"Professional portrait of a blonde woman in a navy blazer and glasses, arms crossed in front of a green wall.\" loading=\"lazy\" width=\"610\" height=\"339\"><\/a><\/p>\n<div class=\"el-meta uk-h6 uk-text-primary uk-margin-top uk-margin-remove-bottom\"><time datetime=\"2026-09-01T09:39:02+02:00\">1 septembrie, 2026<\/time> | <a href=\"https:\/\/www.sursadevest.ro\/author\/petronela\/\">Sursa de Vest<\/a> | <a href=\"https:\/\/www.sursadevest.ro\/categorie\/stiri\/eveniment\/\" rel=\"tag\">Eveniment<\/a>, <a href=\"https:\/\/www.sursadevest.ro\/categorie\/stiri\/\" rel=\"tag\">\u0218tiri<\/a> | <a href=\"https:\/\/www.sursadevest.ro\/retim-ecologic-service-s-a-are-un-nou-director-economic-adina-hanza-a-preluat-functia\/#respond\">Niciun comentariu<span class=\"screen-reader-text\"> la RETIM Ecologic Service S.A. are un nou director economic! Adina Hanza a preluat func\u021bia<\/span><\/a><\/div>\n<h3 class=\"el-title uk-h4 uk-link-reset uk-margin-small-top uk-margin-remove-bottom\"><a href=\"https:\/\/www.sursadevest.ro\/retim-ecologic-service-s-a-are-un-nou-director-economic-adina-hanza-a-preluat-functia\/\">RETIM Ecologic Service S.A. are un nou director economic! Adina Hanza a preluat func\u021bia<\/a><\/h3>\n<div class=\"el-content uk-panel uk-margin-small-top\">\n<p>RETIM Ecologic Service S.A. anun\u021b\u0103 c\u0103, \u00eencep\u00e2nd de ast\u0103zi, Adina Hanza ocup\u0103 postul de director economic. Func\u021bia a fost exercitat\u0103 temporar de Radu Merica din 15 februarie 2026.<\/p>\n<\/div>\n<div class=\"uk-margin-top\"><a href=\"https:\/\/www.sursadevest.ro\/retim-ecologic-service-s-a-are-un-nou-director-economic-adina-hanza-a-preluat-functia\/\" class=\"el-link uk-button uk-button-text\">Vezi detalii<\/a><\/div>\n<\/div>\n<\/div>\n<div>\n<div class=\"el-item uk-panel uk-margin-remove-first-child\"><a href=\"https:\/\/www.sursadevest.ro\/mita-la-granita-cati-bani-i-a-oferit-un-barbat-politistului-de-frontiera-pentru-a-i-permite-intrarea-in-tara\/\"><source type=\"image\/webp\" srcset=\"\/wp-content\/uploads\/yootheme\/cache\/7e\/politia-de-frontiera-7ecb5883.webp 610w, \/wp-content\/uploads\/yootheme\/cache\/c4\/politia-de-frontiera-c452ddb5.webp 865w\" sizes=\"(min-width: 610px) 610px\" \/><\/a><\/p>\n<div class=\"el-meta uk-h6 uk-text-primary uk-margin-top uk-margin-remove-bottom\"><time datetime=\"2026-09-01T09:27:39+02:00\">1 septembrie, 2026<\/time> | <a href=\"https:\/\/www.sursadevest.ro\/author\/petronela\/\">Sursa de Vest<\/a> | <a href=\"https:\/\/www.sursadevest.ro\/categorie\/stiri\/eveniment\/\" rel=\"tag\">Eveniment<\/a>, <a href=\"https:\/\/www.sursadevest.ro\/categorie\/stiri\/\" rel=\"tag\">\u0218tiri<\/a> | <a href=\"https:\/\/www.sursadevest.ro\/mita-la-granita-cati-bani-i-a-oferit-un-barbat-politistului-de-frontiera-pentru-a-i-permite-intrarea-in-tara\/#respond\">Niciun comentariu<span class=\"screen-reader-text\"> la Mit\u0103 la grani\u021b\u0103! C\u00e2\u021bi bani i-a oferit un b\u0103rbat poli\u021bistului de frontier\u0103 pentru a-i permite intrarea \u00een \u021bar\u0103?<\/span><\/a><\/div>\n<h3 class=\"el-title uk-h4 uk-link-reset uk-margin-small-top uk-margin-remove-bottom\"><a href=\"https:\/\/www.sursadevest.ro\/mita-la-granita-cati-bani-i-a-oferit-un-barbat-politistului-de-frontiera-pentru-a-i-permite-intrarea-in-tara\/\">Mit\u0103 la grani\u021b\u0103! C\u00e2\u021bi bani i-a oferit un b\u0103rbat poli\u021bistului de frontier\u0103 pentru a-i permite intrarea \u00een \u021bar\u0103?<\/a><\/h3>\n<div class=\"el-content uk-panel uk-margin-small-top\">\n<p>Un cet\u0103\u021bean din Macedonia de Nord a \u00eencercat s\u0103 mituiasc\u0103 un poli\u021bist de frontier\u0103, pentru a putea intra \u00een \u021bar\u0103, \u00eens\u0103 planul nu i-a reu\u0219it \u0219i este anchetat acum de autorit\u0103\u021bi.<\/p>\n<\/div>\n<div class=\"uk-margin-top\"><a href=\"https:\/\/www.sursadevest.ro\/mita-la-granita-cati-bani-i-a-oferit-un-barbat-politistului-de-frontiera-pentru-a-i-permite-intrarea-in-tara\/\" class=\"el-link uk-button uk-button-text\">Vezi detalii<\/a><\/div>\n<\/div>\n<\/div>\n<div>\n<div class=\"el-item uk-panel uk-margin-remove-first-child\"><a href=\"https:\/\/www.sursadevest.ro\/modificari-pe-linia-de-autobuz-e1-incepand-de-vineri-anuntul-stpt\/\"><source type=\"image\/webp\" srcset=\"\/wp-content\/uploads\/yootheme\/cache\/dc\/autobuz-stpt-dc47f8eb.webp 610w, \/wp-content\/uploads\/yootheme\/cache\/09\/autobuz-stpt-09eed206.webp 768w, \/wp-content\/uploads\/yootheme\/cache\/0f\/autobuz-stpt-0f72caa7.webp 1024w, \/wp-content\/uploads\/yootheme\/cache\/db\/autobuz-stpt-dbc0527c.webp 1187w\" sizes=\"(min-width: 610px) 610px\" \/><\/a><\/p>\n<div class=\"el-meta uk-h6 uk-text-primary uk-margin-top uk-margin-remove-bottom\"><time datetime=\"2026-09-01T09:19:25+02:00\">1 septembrie, 2026<\/time> | <a href=\"https:\/\/www.sursadevest.ro\/author\/petronela\/\">Sursa de Vest<\/a> | <a href=\"https:\/\/www.sursadevest.ro\/categorie\/stiri\/eveniment\/\" rel=\"tag\">Eveniment<\/a>, <a href=\"https:\/\/www.sursadevest.ro\/categorie\/stiri\/\" rel=\"tag\">\u0218tiri<\/a> | <a href=\"https:\/\/www.sursadevest.ro\/modificari-pe-linia-de-autobuz-e1-incepand-de-vineri-anuntul-stpt\/#respond\">Niciun comentariu<span class=\"screen-reader-text\"> la Modific\u0103ri pe linia de autobuz E1, \u00eencep\u00e2nd de vineri! Anun\u021bul STPT<\/span><\/a><\/div>\n<h3 class=\"el-title uk-h4 uk-link-reset uk-margin-small-top uk-margin-remove-bottom\"><a href=\"https:\/\/www.sursadevest.ro\/modificari-pe-linia-de-autobuz-e1-incepand-de-vineri-anuntul-stpt\/\">Modific\u0103ri pe linia de autobuz E1, \u00eencep\u00e2nd de vineri! Anun\u021bul STPT<\/a><\/h3>\n<div class=\"el-content uk-panel uk-margin-small-top\">\n<p>Societatea de Transport Public Timi\u0219oara anun\u021b\u0103 modific\u0103ri pe linia de autobuz Expres.<\/p>\n<\/div>\n<div class=\"uk-margin-top\"><a href=\"https:\/\/www.sursadevest.ro\/modificari-pe-linia-de-autobuz-e1-incepand-de-vineri-anuntul-stpt\/\" class=\"el-link uk-button uk-button-text\">Vezi detalii<\/a><\/div>\n<\/div>\n<\/div>\n<div>\n<div class=\"el-item uk-panel uk-margin-remove-first-child\"><a href=\"https:\/\/www.sursadevest.ro\/crosul-oncohelp-revine-la-timisoara-in-curand-cu-banii-stransi-vor-fi-cumparate-doua-echipamente-pentru-tratamentul-tumorilor-foarte-mici-inscrierile-sunt-deschise\/\"><source type=\"image\/webp\" srcset=\"\/wp-content\/uploads\/yootheme\/cache\/9c\/alergare-9c83976a.webp 610w, \/wp-content\/uploads\/yootheme\/cache\/57\/alergare-570f9b15.webp 800w\" sizes=\"(min-width: 610px) 610px\" \/><\/a><\/p>\n<div class=\"el-meta uk-h6 uk-text-primary uk-margin-top uk-margin-remove-bottom\"><time datetime=\"2026-09-01T08:44:10+02:00\">1 septembrie, 2026<\/time> | <a href=\"https:\/\/www.sursadevest.ro\/author\/petronela\/\">Sursa de Vest<\/a> | <a href=\"https:\/\/www.sursadevest.ro\/categorie\/stiri\/eveniment\/\" rel=\"tag\">Eveniment<\/a>, <a href=\"https:\/\/www.sursadevest.ro\/categorie\/stiri\/sanatate\/\" rel=\"tag\">S\u0103n\u0103tate<\/a>, <a href=\"https:\/\/www.sursadevest.ro\/categorie\/stiri\/\" rel=\"tag\">\u0218tiri<\/a> | <a href=\"https:\/\/www.sursadevest.ro\/crosul-oncohelp-revine-la-timisoara-in-curand-cu-banii-stransi-vor-fi-cumparate-doua-echipamente-pentru-tratamentul-tumorilor-foarte-mici-inscrierile-sunt-deschise\/#respond\">Niciun comentariu<span class=\"screen-reader-text\"> la Crosul OncoHelp revine la Timi\u0219oara, \u00een cur\u00e2nd! Cu banii str\u00e2n\u0219i vor fi cump\u0103rate dou\u0103 echipamente pentru tratamentul tumorilor foarte mici. \u00censcrierile sunt deschise<\/span><\/a><\/div>\n<h3 class=\"el-title uk-h4 uk-link-reset uk-margin-small-top uk-margin-remove-bottom\"><a href=\"https:\/\/www.sursadevest.ro\/crosul-oncohelp-revine-la-timisoara-in-curand-cu-banii-stransi-vor-fi-cumparate-doua-echipamente-pentru-tratamentul-tumorilor-foarte-mici-inscrierile-sunt-deschise\/\">Crosul OncoHelp revine la Timi\u0219oara, \u00een cur\u00e2nd! Cu banii str\u00e2n\u0219i vor fi cump\u0103rate dou\u0103 echipamente pentru tratamentul tumorilor foarte mici. \u00censcrierile sunt deschise<\/a><\/h3>\n<div class=\"el-content uk-panel uk-margin-small-top\">\n<p>\u0218i \u00een acest an, la Timi\u0219oara, are loc Crosul Oncohelp, un eveniment caritabil \u0219i sportiv, devenit deja tradi\u021bie \u00een ora\u0219.<\/p>\n<\/div>\n<div class=\"uk-margin-top\"><a href=\"https:\/\/www.sursadevest.ro\/crosul-oncohelp-revine-la-timisoara-in-curand-cu-banii-stransi-vor-fi-cumparate-doua-echipamente-pentru-tratamentul-tumorilor-foarte-mici-inscrierile-sunt-deschise\/\" class=\"el-link uk-button uk-button-text\">Vezi detalii<\/a><\/div>\n<\/div>\n<\/div>\n<div>\n<div class=\"el-item uk-panel uk-margin-remove-first-child\"><a href=\"https:\/\/www.sursadevest.ro\/mai-multe-mijloace-de-transport-public-revin-la-traseele-obisnuite-dupa-o-perioada-in-care-au-circulat-deviat\/\"><source type=\"image\/webp\" srcset=\"\/wp-content\/uploads\/yootheme\/cache\/af\/autobuz-1-afb7f0a7.webp 610w, \/wp-content\/uploads\/yootheme\/cache\/04\/autobuz-1-046fbc6e.webp 768w, \/wp-content\/uploads\/yootheme\/cache\/8c\/autobuz-1-8c7629c9.webp 961w\" sizes=\"(min-width: 610px) 610px\" \/><\/a><\/p>\n<div class=\"el-meta uk-h6 uk-text-primary uk-margin-top uk-margin-remove-bottom\"><time datetime=\"2026-08-31T17:23:00+02:00\">31 august, 2026<\/time> | <a href=\"https:\/\/www.sursadevest.ro\/author\/petronela\/\">Sursa de Vest<\/a> | <a href=\"https:\/\/www.sursadevest.ro\/categorie\/stiri\/eveniment\/\" rel=\"tag\">Eveniment<\/a>, <a href=\"https:\/\/www.sursadevest.ro\/categorie\/stiri\/\" rel=\"tag\">\u0218tiri<\/a> | <a href=\"https:\/\/www.sursadevest.ro\/mai-multe-mijloace-de-transport-public-revin-la-traseele-obisnuite-dupa-o-perioada-in-care-au-circulat-deviat\/#respond\">Niciun comentariu<span class=\"screen-reader-text\"> la Mai multe mijloace de transport public revin la traseele obi\u0219nuite, dup\u0103 o perioad\u0103 \u00een care au circulat deviat<\/span><\/a><\/div>\n<h3 class=\"el-title uk-h4 uk-link-reset uk-margin-small-top uk-margin-remove-bottom\"><a href=\"https:\/\/www.sursadevest.ro\/mai-multe-mijloace-de-transport-public-revin-la-traseele-obisnuite-dupa-o-perioada-in-care-au-circulat-deviat\/\">Mai multe mijloace de transport public revin la traseele obi\u0219nuite, dup\u0103 o perioad\u0103 \u00een care au circulat deviat<\/a><\/h3>\n<div class=\"el-content uk-panel uk-margin-small-top\">\n<p>Societatea de Transport Public Timi\u0219oara anun\u021b\u0103 c\u0103 mai multe mijloace de transport \u00een comun vor reveni pe traseele obi\u0219nuite, dup\u0103 o perioad\u0103 \u00een care au fost modificate.<\/p>\n<\/div>\n<div class=\"uk-margin-top\"><a href=\"https:\/\/www.sursadevest.ro\/mai-multe-mijloace-de-transport-public-revin-la-traseele-obisnuite-dupa-o-perioada-in-care-au-circulat-deviat\/\" class=\"el-link uk-button uk-button-text\">Vezi detalii<\/a><\/div>\n<\/div>\n<\/div>\n<div>\n<div class=\"el-item uk-panel uk-margin-remove-first-child\"><a href=\"https:\/\/www.sursadevest.ro\/scandal-monstru-la-liebling-primarul-psd-vrea-vice-de-la-aur-aia-de-sus-iti-da-banii-nu-oamenii\/\"><img decoding=\"async\" class=\"el-image uk-border-rounded\" src=\"https:\/\/www.sursadevest.ro\/wp-content\/uploads\/2026\/08\/sedinta-liebling.gif\" alt=\"Two photos from a meeting: left shows many people seated around a long conference table with papers and water bottles in a bright room; right shows a closer view with hands on a table and a white remote control in the foreground as others sit nearby.\" loading=\"lazy\" width=\"610\" height=\"339\"><\/a><\/p>\n<div class=\"el-meta uk-h6 uk-text-primary uk-margin-top uk-margin-remove-bottom\"><time datetime=\"2026-08-31T15:08:17+02:00\">31 august, 2026<\/time> | <a href=\"https:\/\/www.sursadevest.ro\/author\/redactie\/\">Petronela Axinte<\/a> | <a href=\"https:\/\/www.sursadevest.ro\/categorie\/stiri\/administratie\/\" rel=\"tag\">Administra\u021bie<\/a>, <a href=\"https:\/\/www.sursadevest.ro\/categorie\/stiri\/eveniment\/\" rel=\"tag\">Eveniment<\/a>, <a href=\"https:\/\/www.sursadevest.ro\/categorie\/stiri\/\" rel=\"tag\">\u0218tiri<\/a> | <a href=\"https:\/\/www.sursadevest.ro\/scandal-monstru-la-liebling-primarul-psd-vrea-vice-de-la-aur-aia-de-sus-iti-da-banii-nu-oamenii\/#comments\">1 comentariu<span class=\"screen-reader-text\"> la Scandal monstru la Liebling! Primarul PSD vrea vice de la AUR: \u201e\u0102ia de sus \u00ee\u021bi d\u0103 banii, nu oamenii\u201d<\/span><\/a><\/div>\n<h3 class=\"el-title uk-h4 uk-link-reset uk-margin-small-top uk-margin-remove-bottom\"><a href=\"https:\/\/www.sursadevest.ro\/scandal-monstru-la-liebling-primarul-psd-vrea-vice-de-la-aur-aia-de-sus-iti-da-banii-nu-oamenii\/\">Scandal monstru la Liebling! Primarul PSD vrea vice de la AUR: \u201e\u0102ia de sus \u00ee\u021bi d\u0103 banii, nu oamenii\u201d<\/a><\/h3>\n<div class=\"el-content uk-panel uk-margin-small-top\">\n<p>\u201cDobitoc\u201d, \u201em\u0103n\u00e2nc\u0103 c\u2026t\u201d sau \u201cprost\u201d. Sunt doar c\u00e2teva dintre \u201evorbele de duh\u201d de care a f\u0103cut uz edilul comunei Liebling, Ioan Munteanu, \u00een \u00eencercarea disperat\u0103 de a schimba viceprimarul localit\u0103\u021bii.<\/p>\n<\/div>\n<div class=\"uk-margin-top\"><a href=\"https:\/\/www.sursadevest.ro\/scandal-monstru-la-liebling-primarul-psd-vrea-vice-de-la-aur-aia-de-sus-iti-da-banii-nu-oamenii\/\" class=\"el-link uk-button uk-button-text\">Vezi detalii<\/a><\/div>\n<\/div>\n<\/div>\n<div>\n<div class=\"el-item uk-panel uk-margin-remove-first-child\"><a href=\"https:\/\/www.sursadevest.ro\/video-droguri-recipiente-pentru-vomat-si-samani-ceremonie-pentru-reconectarea-cu-sinele-intrerupta-de-procurorii-diicot\/\"><img decoding=\"async\" class=\"el-image uk-border-rounded\" src=\"https:\/\/www.sursadevest.ro\/wp-content\/uploads\/2026\/08\/droguri-samani.gif\" alt=\"Blurry indoor scene with people seated on the floor, logos in corners indicate police involvement (Romania).\" loading=\"lazy\" width=\"610\" height=\"339\"><\/a><\/p>\n<div class=\"el-meta uk-h6 uk-text-primary uk-margin-top uk-margin-remove-bottom\"><time datetime=\"2026-08-31T14:59:36+02:00\">31 august, 2026<\/time> | <a href=\"https:\/\/www.sursadevest.ro\/author\/petronela\/\">Sursa de Vest<\/a> | <a href=\"https:\/\/www.sursadevest.ro\/categorie\/stiri\/eveniment\/\" rel=\"tag\">Eveniment<\/a>, <a href=\"https:\/\/www.sursadevest.ro\/categorie\/stiri\/\" rel=\"tag\">\u0218tiri<\/a> | <a href=\"https:\/\/www.sursadevest.ro\/video-droguri-recipiente-pentru-vomat-si-samani-ceremonie-pentru-reconectarea-cu-sinele-intrerupta-de-procurorii-diicot\/#respond\">Niciun comentariu<span class=\"screen-reader-text\"> la Video: Droguri, recipiente pentru vomat \u0219i \u0219amani! Ceremonie pentru \u201ereconectarea cu sinele\u201d, \u00eentrerupt\u0103 de procurorii DIICOT<\/span><\/a><\/div>\n<h3 class=\"el-title uk-h4 uk-link-reset uk-margin-small-top uk-margin-remove-bottom\"><a href=\"https:\/\/www.sursadevest.ro\/video-droguri-recipiente-pentru-vomat-si-samani-ceremonie-pentru-reconectarea-cu-sinele-intrerupta-de-procurorii-diicot\/\">Video: Droguri, recipiente pentru vomat \u0219i \u0219amani! Ceremonie pentru \u201ereconectarea cu sinele\u201d, \u00eentrerupt\u0103 de procurorii DIICOT<\/a><\/h3>\n<div class=\"el-content uk-panel uk-margin-small-top\">\n<p>Un eveniment dedicat ritualurilor pentru \u201ereconectarea cu sinele\u201d, organizat la o pensiune din vestul \u021b\u0103rii, a fost \u00eentrerupt de procurorii DIICOT.<\/p>\n<\/div>\n<div class=\"uk-margin-top\"><a href=\"https:\/\/www.sursadevest.ro\/video-droguri-recipiente-pentru-vomat-si-samani-ceremonie-pentru-reconectarea-cu-sinele-intrerupta-de-procurorii-diicot\/\" class=\"el-link uk-button uk-button-text\">Vezi detalii<\/a><\/div>\n<\/div>\n<\/div>\n<div>\n<div class=\"el-item uk-panel uk-margin-remove-first-child\"><a href=\"https:\/\/www.sursadevest.ro\/trei-victime-in-urma-unui-accident-rutier-a-intervenit-descarcerarea\/\"><source type=\"image\/webp\" srcset=\"\/wp-content\/uploads\/yootheme\/cache\/e0\/ambulanta-accident-e0f6c3e1.webp 610w, \/wp-content\/uploads\/yootheme\/cache\/ca\/ambulanta-accident-ca0ba1d7.webp 768w, \/wp-content\/uploads\/yootheme\/cache\/06\/ambulanta-accident-06912829.webp 900w\" sizes=\"(min-width: 610px) 610px\" \/><\/a><\/p>\n<div class=\"el-meta uk-h6 uk-text-primary uk-margin-top uk-margin-remove-bottom\"><time datetime=\"2026-08-31T14:32:14+02:00\">31 august, 2026<\/time> | <a href=\"https:\/\/www.sursadevest.ro\/author\/petronela\/\">Sursa de Vest<\/a> | <a href=\"https:\/\/www.sursadevest.ro\/categorie\/stiri\/eveniment\/\" rel=\"tag\">Eveniment<\/a>, <a href=\"https:\/\/www.sursadevest.ro\/categorie\/stiri\/\" rel=\"tag\">\u0218tiri<\/a> | <a href=\"https:\/\/www.sursadevest.ro\/trei-victime-in-urma-unui-accident-rutier-a-intervenit-descarcerarea\/#respond\">Niciun comentariu<span class=\"screen-reader-text\"> la Trei victime, \u00een urma unui accident rutier! A intervenit descarcerarea<\/span><\/a><\/div>\n<h3 class=\"el-title uk-h4 uk-link-reset uk-margin-small-top uk-margin-remove-bottom\"><a href=\"https:\/\/www.sursadevest.ro\/trei-victime-in-urma-unui-accident-rutier-a-intervenit-descarcerarea\/\">Trei victime, \u00een urma unui accident rutier! A intervenit descarcerarea<\/a><\/h3>\n<div class=\"el-content uk-panel uk-margin-small-top\">\n<p>Echipaje de medici, pompieri \u0219i poli\u021bi\u0219ti s-au mobilizat de urgen\u021b\u0103, la locul unui accident rutier, \u00een care a fost implicat\u0103 o singur\u0103 ma\u0219in\u0103.<\/p>\n<\/div>\n<div class=\"uk-margin-top\"><a href=\"https:\/\/www.sursadevest.ro\/trei-victime-in-urma-unui-accident-rutier-a-intervenit-descarcerarea\/\" class=\"el-link uk-button uk-button-text\">Vezi detalii<\/a><\/div>\n<\/div>\n<\/div>\n<div>\n<div class=\"el-item uk-panel uk-margin-remove-first-child\"><a href=\"https:\/\/www.sursadevest.ro\/liniile-15-16-e3-si-m3-revin-pe-traseele-normale-anuntul-stpt\/\"><source type=\"image\/webp\" srcset=\"\/wp-content\/uploads\/yootheme\/cache\/0e\/autobuz-0eec33af.webp 610w, \/wp-content\/uploads\/yootheme\/cache\/b9\/autobuz-b900e967.webp 768w, \/wp-content\/uploads\/yootheme\/cache\/38\/autobuz-38c57dd8.webp 986w\" sizes=\"(min-width: 610px) 610px\" \/><\/a><\/p>\n<div class=\"el-meta uk-h6 uk-text-primary uk-margin-top uk-margin-remove-bottom\"><time datetime=\"2026-08-31T13:46:06+02:00\">31 august, 2026<\/time> | <a href=\"https:\/\/www.sursadevest.ro\/author\/petronela\/\">Sursa de Vest<\/a> | <a href=\"https:\/\/www.sursadevest.ro\/categorie\/stiri\/eveniment\/\" rel=\"tag\">Eveniment<\/a>, <a href=\"https:\/\/www.sursadevest.ro\/categorie\/stiri\/\" rel=\"tag\">\u0218tiri<\/a> | <a href=\"https:\/\/www.sursadevest.ro\/liniile-15-16-e3-si-m3-revin-pe-traseele-normale-anuntul-stpt\/#respond\">Niciun comentariu<span class=\"screen-reader-text\"> la Liniile 15, 16, E3 \u0219i M3 revin pe traseele normale! Anun\u021bul STPT<\/span><\/a><\/div>\n<h3 class=\"el-title uk-h4 uk-link-reset uk-margin-small-top uk-margin-remove-bottom\"><a href=\"https:\/\/www.sursadevest.ro\/liniile-15-16-e3-si-m3-revin-pe-traseele-normale-anuntul-stpt\/\">Liniile 15, 16, E3 \u0219i M3 revin pe traseele normale! Anun\u021bul STPT<\/a><\/h3>\n<div class=\"el-content uk-panel uk-margin-small-top\">\n<p>Veste bun\u0103 pentru timi\u0219orenii care circul\u0103 cu mijloacele de transport public din Timi\u0219oara.<\/p>\n<\/div>\n<div class=\"uk-margin-top\"><a href=\"https:\/\/www.sursadevest.ro\/liniile-15-16-e3-si-m3-revin-pe-traseele-normale-anuntul-stpt\/\" class=\"el-link uk-button uk-button-text\">Vezi detalii<\/a><\/div>\n<\/div>\n<\/div>\n<div>\n<div class=\"el-item uk-panel uk-margin-remove-first-child\"><a href=\"https:\/\/www.sursadevest.ro\/se-redeschide-circulatia-feroviara-intre-statiile-lugoj-si-timisoara-est-ce-lucrari-urmeaza-pe-lotul-2-al-magistralei-caransebes-timisoara-arad\/\"><img decoding=\"async\" class=\"el-image uk-border-rounded\" src=\"https:\/\/www.sursadevest.ro\/wp-content\/uploads\/2026\/04\/lugoj-timisoara-est3.gif\" alt loading=\"lazy\" width=\"610\" height=\"381\"><\/a><\/p>\n<div class=\"el-meta uk-h6 uk-text-primary uk-margin-top uk-margin-remove-bottom\"><time datetime=\"2026-08-31T13:27:03+02:00\">31 august, 2026<\/time> | <a href=\"https:\/\/www.sursadevest.ro\/author\/petronela\/\">Sursa de Vest<\/a> | <a href=\"https:\/\/www.sursadevest.ro\/categorie\/stiri\/eveniment\/\" rel=\"tag\">Eveniment<\/a>, <a href=\"https:\/\/www.sursadevest.ro\/categorie\/stiri\/\" rel=\"tag\">\u0218tiri<\/a> | <a href=\"https:\/\/www.sursadevest.ro\/se-redeschide-circulatia-feroviara-intre-statiile-lugoj-si-timisoara-est-ce-lucrari-urmeaza-pe-lotul-2-al-magistralei-caransebes-timisoara-arad\/#comments\">1 comentariu<span class=\"screen-reader-text\"> la Se redeschide circula\u021bia feroviar\u0103 \u00eentre sta\u021biile Lugoj \u0219i Timi\u0219oara Est! Ce lucr\u0103ri urmeaz\u0103 pe lotul 2 al magistralei  Caransebe\u0219 \u2013 Timi\u0219oara \u2013 Arad?<\/span><\/a><\/div>\n<h3 class=\"el-title uk-h4 uk-link-reset uk-margin-small-top uk-margin-remove-bottom\"><a href=\"https:\/\/www.sursadevest.ro\/se-redeschide-circulatia-feroviara-intre-statiile-lugoj-si-timisoara-est-ce-lucrari-urmeaza-pe-lotul-2-al-magistralei-caransebes-timisoara-arad\/\">Se redeschide circula\u021bia feroviar\u0103 \u00eentre sta\u021biile Lugoj \u0219i Timi\u0219oara Est! Ce lucr\u0103ri urmeaz\u0103 pe lotul 2 al magistralei  Caransebe\u0219 \u2013 Timi\u0219oara \u2013 Arad?<\/a><\/h3>\n<div class=\"el-content uk-panel uk-margin-small-top\">\n<p>Se redeschide circula\u021bia feroviar\u0103 pe tronsonul Lugoj \u2013 Timi\u0219oara Est, aferent Lotului 2 al magistralei CFR Caransebe\u0219 \u2013 Timi\u0219oara \u2013 Arad.<\/p>\n<\/div>\n<div class=\"uk-margin-top\"><a href=\"https:\/\/www.sursadevest.ro\/se-redeschide-circulatia-feroviara-intre-statiile-lugoj-si-timisoara-est-ce-lucrari-urmeaza-pe-lotul-2-al-magistralei-caransebes-timisoara-arad\/\" class=\"el-link uk-button uk-button-text\">Vezi detalii<\/a><\/div>\n<\/div>\n<\/div>\n<div>\n<div class=\"el-item uk-panel uk-margin-remove-first-child\"><a href=\"https:\/\/www.sursadevest.ro\/continua-lucrarile-la-carosabil-pe-calea-buziasului-sunt-anuntate-noi-restrictii-in-trafic-se-va-circula-cu-dificultate-si-pe-o-alta-strada-din-oras\/\"><source type=\"image\/webp\" srcset=\"\/wp-content\/uploads\/yootheme\/cache\/72\/restrictii-circulatie2-72e08b0c.webp 610w, \/wp-content\/uploads\/yootheme\/cache\/e9\/restrictii-circulatie2-e967f70d.webp 812w\" sizes=\"(min-width: 610px) 610px\" \/><\/a><\/p>\n<div class=\"el-meta uk-h6 uk-text-primary uk-margin-top uk-margin-remove-bottom\"><time datetime=\"2026-08-31T12:57:01+02:00\">31 august, 2026<\/time> | <a href=\"https:\/\/www.sursadevest.ro\/author\/petronela\/\">Sursa de Vest<\/a> | <a href=\"https:\/\/www.sursadevest.ro\/categorie\/stiri\/eveniment\/\" rel=\"tag\">Eveniment<\/a>, <a href=\"https:\/\/www.sursadevest.ro\/categorie\/stiri\/\" rel=\"tag\">\u0218tiri<\/a> | <a href=\"https:\/\/www.sursadevest.ro\/continua-lucrarile-la-carosabil-pe-calea-buziasului-sunt-anuntate-noi-restrictii-in-trafic-se-va-circula-cu-dificultate-si-pe-o-alta-strada-din-oras\/#respond\">Niciun comentariu<span class=\"screen-reader-text\"> la Continu\u0103 lucr\u0103rile la carosabil pe Calea Buzia\u0219ului! Sunt anun\u021bate noi restric\u021bii \u00een trafic. Se va circula cu dificultate \u0219i pe o alt\u0103 strad\u0103 din ora\u0219<\/span><\/a><\/div>\n<h3 class=\"el-title uk-h4 uk-link-reset uk-margin-small-top uk-margin-remove-bottom\"><a href=\"https:\/\/www.sursadevest.ro\/continua-lucrarile-la-carosabil-pe-calea-buziasului-sunt-anuntate-noi-restrictii-in-trafic-se-va-circula-cu-dificultate-si-pe-o-alta-strada-din-oras\/\">Continu\u0103 lucr\u0103rile la carosabil pe Calea Buzia\u0219ului! Sunt anun\u021bate noi restric\u021bii \u00een trafic. Se va circula cu dificultate \u0219i pe o alt\u0103 strad\u0103 din ora\u0219<\/a><\/h3>\n<div class=\"el-content uk-panel uk-margin-small-top\">\n<p>Noi restric\u021bii de circula\u021bie sunt an un\u021bate la Timi\u0219oara, pentru refacerea infrastructurii rutiere \u0219i de utilit\u0103\u021bi.<\/p>\n<\/div>\n<div class=\"uk-margin-top\"><a href=\"https:\/\/www.sursadevest.ro\/continua-lucrarile-la-carosabil-pe-calea-buziasului-sunt-anuntate-noi-restrictii-in-trafic-se-va-circula-cu-dificultate-si-pe-o-alta-strada-din-oras\/\" class=\"el-link uk-button uk-button-text\">Vezi detalii<\/a><\/div>\n<\/div>\n<\/div>\n<div>\n<div class=\"el-item uk-panel uk-margin-remove-first-child\"><a href=\"https:\/\/www.sursadevest.ro\/atac-dur-la-adresa-lui-simonis-dupa-amenzile-primite-de-soferii-stpt-paula-romocean-cand-mergi-doar-cu-masini-de-lux-sau-cu-avioane-nordis-probabil-nu-stii-cum-arata-un-autobuz\/\"><img decoding=\"async\" class=\"el-image uk-border-rounded\" src=\"https:\/\/www.sursadevest.ro\/wp-content\/uploads\/2026\/08\/autobuz.gif\" alt=\"Yellow tour bus parked on a city street with pedestrians on the sidewalk and historic buildings in the background, Romania flag visible above.\" loading=\"lazy\" width=\"610\" height=\"339\"><\/a><\/p>\n<div class=\"el-meta uk-h6 uk-text-primary uk-margin-top uk-margin-remove-bottom\"><time datetime=\"2026-08-31T12:43:34+02:00\">31 august, 2026<\/time> | <a href=\"https:\/\/www.sursadevest.ro\/author\/petronela\/\">Sursa de Vest<\/a> | <a href=\"https:\/\/www.sursadevest.ro\/categorie\/stiri\/eveniment\/\" rel=\"tag\">Eveniment<\/a>, <a href=\"https:\/\/www.sursadevest.ro\/categorie\/stiri\/\" rel=\"tag\">\u0218tiri<\/a> | <a href=\"https:\/\/www.sursadevest.ro\/atac-dur-la-adresa-lui-simonis-dupa-amenzile-primite-de-soferii-stpt-paula-romocean-cand-mergi-doar-cu-masini-de-lux-sau-cu-avioane-nordis-probabil-nu-stii-cum-arata-un-autobuz\/#respond\">Niciun comentariu<span class=\"screen-reader-text\"> la Atac dur la adresa lui Simonis, dup\u0103 amenzile primite de \u0219oferii STPT! Paula Romocean: C\u00e2nd mergi doar cu ma\u0219ini de lux sau cu avioane Nordis, probabil nu \u0219tii cum arat\u0103 un autobuz<\/span><\/a><\/div>\n<h3 class=\"el-title uk-h4 uk-link-reset uk-margin-small-top uk-margin-remove-bottom\"><a href=\"https:\/\/www.sursadevest.ro\/atac-dur-la-adresa-lui-simonis-dupa-amenzile-primite-de-soferii-stpt-paula-romocean-cand-mergi-doar-cu-masini-de-lux-sau-cu-avioane-nordis-probabil-nu-stii-cum-arata-un-autobuz\/\">Atac dur la adresa lui Simonis, dup\u0103 amenzile primite de \u0219oferii STPT! Paula Romocean: C\u00e2nd mergi doar cu ma\u0219ini de lux sau cu avioane Nordis, probabil nu \u0219tii cum arat\u0103 un autobuz<\/a><\/h3>\n<div class=\"el-content uk-panel uk-margin-small-top\">\n<p>Viceprimarul Timi\u0219oarei, Paula Romocean, lanseaz\u0103 acuza\u021bii dure la adresa pre\u0219edintelui Consiliului Jude\u021bean Timi\u0219, Alfred Simonis, dar \u0219i la adresa Inspectoratului de Poli\u021bie Jude\u021bean Timi\u0219.<\/p>\n<\/div>\n<div class=\"uk-margin-top\"><a href=\"https:\/\/www.sursadevest.ro\/atac-dur-la-adresa-lui-simonis-dupa-amenzile-primite-de-soferii-stpt-paula-romocean-cand-mergi-doar-cu-masini-de-lux-sau-cu-avioane-nordis-probabil-nu-stii-cum-arata-un-autobuz\/\" class=\"el-link uk-button uk-button-text\">Vezi detalii<\/a><\/div>\n<\/div>\n<\/div>\n<div>\n<div class=\"el-item uk-panel uk-margin-remove-first-child\"><a href=\"https:\/\/www.sursadevest.ro\/sfarsit-tragic-pentru-un-tanar-motociclist-a-cazut-intr-o-rapa-si-s-a-izbit-puternic-de-un-copac\/\"><img decoding=\"async\" class=\"el-image uk-border-rounded\" src=\"https:\/\/www.sursadevest.ro\/wp-content\/uploads\/2026\/08\/motociclist-mort.gif\" alt=\"Two-panel scene in a forest: left shows red-clad emergency responders gathered among trees; right shows a white rescue bag or equipment on the leaf-strewn ground.\" loading=\"lazy\" width=\"610\" height=\"339\"><\/a><\/p>\n<div class=\"el-meta uk-h6 uk-text-primary uk-margin-top uk-margin-remove-bottom\"><time datetime=\"2026-08-31T11:21:18+02:00\">31 august, 2026<\/time> | <a href=\"https:\/\/www.sursadevest.ro\/author\/petronela\/\">Sursa de Vest<\/a> | <a href=\"https:\/\/www.sursadevest.ro\/categorie\/stiri\/eveniment\/\" rel=\"tag\">Eveniment<\/a>, <a href=\"https:\/\/www.sursadevest.ro\/categorie\/stiri\/\" rel=\"tag\">\u0218tiri<\/a> | <a href=\"https:\/\/www.sursadevest.ro\/sfarsit-tragic-pentru-un-tanar-motociclist-a-cazut-intr-o-rapa-si-s-a-izbit-puternic-de-un-copac\/#respond\">Niciun comentariu<span class=\"screen-reader-text\"> la Sf\u00e2r\u0219it tragic pentru un t\u00e2n\u0103r motociclist! A c\u0103zut \u00eentr-o r\u00e2p\u0103 \u0219i s-a izbit puternic de un copac<\/span><\/a><\/div>\n<h3 class=\"el-title uk-h4 uk-link-reset uk-margin-small-top uk-margin-remove-bottom\"><a href=\"https:\/\/www.sursadevest.ro\/sfarsit-tragic-pentru-un-tanar-motociclist-a-cazut-intr-o-rapa-si-s-a-izbit-puternic-de-un-copac\/\">Sf\u00e2r\u0219it tragic pentru un t\u00e2n\u0103r motociclist! A c\u0103zut \u00eentr-o r\u00e2p\u0103 \u0219i s-a izbit puternic de un copac<\/a><\/h3>\n<div class=\"el-content uk-panel uk-margin-small-top\">\n<p>Un t\u00e2n\u0103r de 27 de ani \u0219i-a pierdut via\u021ba \u00een mod tragic, dup\u0103 ce a c\u0103zut cu motocicleta \u00eentr-o r\u00e2p\u0103.<\/p>\n<\/div>\n<div class=\"uk-margin-top\"><a href=\"https:\/\/www.sursadevest.ro\/sfarsit-tragic-pentru-un-tanar-motociclist-a-cazut-intr-o-rapa-si-s-a-izbit-puternic-de-un-copac\/\" class=\"el-link uk-button uk-button-text\">Vezi detalii<\/a><\/div>\n<\/div>\n<\/div>\n<\/div>\n<\/div>\n<\/div>\n<div class=\"uk-width-1-3@m\">\n<h2 class=\"uk-h4\">\n<p>                    Alte articole        <\/p>\n<\/h2>\n<div class=\"uk-margin\">\n<div class=\"uk-grid uk-child-width-1-1 uk-child-width-1-2@s uk-child-width-1-1@m uk-grid-small uk-grid-divider uk-grid-match\">\n<div>\n<div class=\"el-item uk-panel\">\n<div class=\"uk-grid-column-small\">\n<div class=\"uk-width-auto\"><a href=\"https:\/\/www.sursadevest.ro\/video-dictatura-clanului-simonis-fratele-primar-instaureaza-omerta-pentru-a-l-apara-pe-fratele-presedinte-al-cj-timis-care-si-a-extins-palatul-pe-domeniul-public\/\"><img decoding=\"async\" class=\"el-image\" src=\"https:\/\/www.sursadevest.ro\/wp-content\/uploads\/2026\/09\/fratii-simonis.gif\" alt=\"Two men in business attire over an aerial view of a villa complex with red roofs and a red triangular overlay.\" loading=\"lazy\" width=\"75\" height=\"75\"><\/a><\/div>\n<div class=\"uk-width-expand uk-margin-remove-first-child\">\n<div class=\"el-meta uk-h6 uk-text-primary uk-margin-top uk-margin-remove-bottom\">1 septembrie, 2026<\/div>\n<h3 class=\"el-title uk-h5 uk-link-reset uk-margin-remove-top uk-margin-remove-bottom\"><a href=\"https:\/\/www.sursadevest.ro\/video-dictatura-clanului-simonis-fratele-primar-instaureaza-omerta-pentru-a-l-apara-pe-fratele-presedinte-al-cj-timis-care-si-a-extins-palatul-pe-domeniul-public\/\">Video: Dictatura clanului Simonis! Fratele-primar instaureaz\u0103 omerta pentru a-l ap\u0103ra pe fratele-pre\u0219edinte al CJ Timi\u0219, care \u0219i-a extins palatul pe domeniul public<\/a><\/h3>\n<div class=\"uk-margin-small-top\"><a href=\"https:\/\/www.sursadevest.ro\/video-dictatura-clanului-simonis-fratele-primar-instaureaza-omerta-pentru-a-l-apara-pe-fratele-presedinte-al-cj-timis-care-si-a-extins-palatul-pe-domeniul-public\/\" class=\"el-link uk-button uk-button-text\">Vezi detalii<\/a><\/div>\n<\/div>\n<\/div>\n<\/div>\n<\/div>\n<div>\n<div class=\"el-item uk-panel\">\n<div class=\"uk-grid-column-small\">\n<div class=\"uk-width-auto\"><a href=\"https:\/\/www.sursadevest.ro\/incepe-tabara-de-robotica-open-robotics-intelligent-grid-sute-de-participanti-se-reunesc-la-timisoara-pentru-a-se-intrece-in-inventii\/\"><source type=\"image\/webp\" srcset=\"\/wp-content\/uploads\/yootheme\/cache\/30\/robotica-306ac12a.webp 150w\" sizes=\"(min-width: 75px) 75px\" \/><\/a><\/div>\n<div class=\"uk-width-expand uk-margin-remove-first-child\">\n<div class=\"el-meta uk-h6 uk-text-primary uk-margin-top uk-margin-remove-bottom\">1 septembrie, 2026<\/div>\n<h3 class=\"el-title uk-h5 uk-link-reset uk-margin-remove-top uk-margin-remove-bottom\"><a href=\"https:\/\/www.sursadevest.ro\/incepe-tabara-de-robotica-open-robotics-intelligent-grid-sute-de-participanti-se-reunesc-la-timisoara-pentru-a-se-intrece-in-inventii\/\">\u00cencepe tab\u0103ra de robotic\u0103 \u201eOpen Robotics Intelligent Grid\u201d! Sute de participan\u021bi se reunesc la Timi\u0219oara pentru a se \u00eentrece \u00een inven\u021bii<\/a><\/h3>\n<div class=\"uk-margin-small-top\"><a href=\"https:\/\/www.sursadevest.ro\/incepe-tabara-de-robotica-open-robotics-intelligent-grid-sute-de-participanti-se-reunesc-la-timisoara-pentru-a-se-intrece-in-inventii\/\" class=\"el-link uk-button uk-button-text\">Vezi detalii<\/a><\/div>\n<\/div>\n<\/div>\n<\/div>\n<\/div>\n<div>\n<div class=\"el-item uk-panel\">\n<div class=\"uk-grid-column-small\">\n<div class=\"uk-width-auto\"><a href=\"https:\/\/www.sursadevest.ro\/foto-primul-tramvai-nou-de-mici-dimensiuni-a-ajuns-la-timisoara-cand-vor-fi-livrate-celelalte-noua-garnituri-din-lot\/\"><img decoding=\"async\" class=\"el-image\" src=\"https:\/\/www.sursadevest.ro\/wp-content\/uploads\/2026\/09\/tramvai.gif\" alt=\"Yellow-and-black modern tram traveling on curved tracks through an urban area with apartment buildings nearby.\" loading=\"lazy\" width=\"75\" height=\"75\"><\/a><\/div>\n<div class=\"uk-width-expand uk-margin-remove-first-child\">\n<div class=\"el-meta uk-h6 uk-text-primary uk-margin-top uk-margin-remove-bottom\">1 septembrie, 2026<\/div>\n<h3 class=\"el-title uk-h5 uk-link-reset uk-margin-remove-top uk-margin-remove-bottom\"><a href=\"https:\/\/www.sursadevest.ro\/foto-primul-tramvai-nou-de-mici-dimensiuni-a-ajuns-la-timisoara-cand-vor-fi-livrate-celelalte-noua-garnituri-din-lot\/\">FOTO: Primul tramvai nou de mici dimensiuni a ajuns la Timi\u0219oara! C\u00e2nd vor fi livrate celelalte nou\u0103 garnituri din lot?<\/a><\/h3>\n<div class=\"uk-margin-small-top\"><a href=\"https:\/\/www.sursadevest.ro\/foto-primul-tramvai-nou-de-mici-dimensiuni-a-ajuns-la-timisoara-cand-vor-fi-livrate-celelalte-noua-garnituri-din-lot\/\" class=\"el-link uk-button uk-button-text\">Vezi detalii<\/a><\/div>\n<\/div>\n<\/div>\n<\/div>\n<\/div>\n<div>\n<div class=\"el-item uk-panel\">\n<div class=\"uk-grid-column-small\">\n<div class=\"uk-width-auto\"><a href=\"https:\/\/www.sursadevest.ro\/pas-inainte-pentru-finalizarea-lucrarilor-de-la-sala-polivalenta-mica-doi-constructori-vor-contractul-de-peste-opt-milioane-de-euro\/\"><source type=\"image\/webp\" srcset=\"\/wp-content\/uploads\/yootheme\/cache\/05\/sala-polivalenta-upt-05fccc9e.webp 150w\" sizes=\"(min-width: 75px) 75px\" \/><\/a><\/div>\n<div class=\"uk-width-expand uk-margin-remove-first-child\">\n<div class=\"el-meta uk-h6 uk-text-primary uk-margin-top uk-margin-remove-bottom\">1 septembrie, 2026<\/div>\n<h3 class=\"el-title uk-h5 uk-link-reset uk-margin-remove-top uk-margin-remove-bottom\"><a href=\"https:\/\/www.sursadevest.ro\/pas-inainte-pentru-finalizarea-lucrarilor-de-la-sala-polivalenta-mica-doi-constructori-vor-contractul-de-peste-opt-milioane-de-euro\/\">Pas \u00eenainte pentru finalizarea lucr\u0103rilor de la Sala Polivalent\u0103 Mic\u0103! Doi constructori vor contractul de peste opt milioane de euro<\/a><\/h3>\n<div class=\"uk-margin-small-top\"><a href=\"https:\/\/www.sursadevest.ro\/pas-inainte-pentru-finalizarea-lucrarilor-de-la-sala-polivalenta-mica-doi-constructori-vor-contractul-de-peste-opt-milioane-de-euro\/\" class=\"el-link uk-button uk-button-text\">Vezi detalii<\/a><\/div>\n<\/div>\n<\/div>\n<\/div>\n<\/div>\n<\/div>\n<\/div>\n<div class=\"uk-margin-remove-vertical\">\n<div class=\"uk-grid uk-child-width-1-1 uk-grid-small uk-grid-divider uk-grid-match\">\n<div>\n<div class=\"el-item uk-panel\"><a href=\"https:\/\/retim.ro\/eticheta\" target=\"_blank\"><\/p>\n<div class=\"uk-inline-clip uk-transition-toggle\"><img loading=\"lazy\" decoding=\"async\" class=\"el-image uk-transition-scale-down uk-transition-opaque\" src=\"https:\/\/www.sursadevest.ro\/wp-content\/uploads\/2025\/07\/ReTIM-banner-press-300x300px.gif\" alt width=\"300\" height=\"300\"><\/div>\n<p><\/a><\/p>\n<div class=\"uk-padding-small uk-margin-remove-first-child\">\n<div class=\"el-meta uk-text-meta uk-margin-small-top\">Retim Ecologic Service<\/div>\n<div class=\"uk-margin-small-top\"><a href=\"https:\/\/retim.ro\/eticheta\" target=\"_blank\" class=\"el-link uk-button uk-button-text\">Vezi detalii<\/a><\/div>\n<\/div>\n<\/div>\n<\/div>\n<div>\n<div class=\"el-item uk-panel\"><a href=\"https:\/\/rmnimagisticas.ro\/\" target=\"_blank\"><\/p>\n<div class=\"uk-inline-clip uk-transition-toggle\"><source type=\"image\/webp\" srcset=\"\/wp-content\/uploads\/yootheme\/cache\/86\/RMN-Imagistica-86a88a5a.webp 450w\" sizes=\"(min-width: 450px) 450px\" \/><\/div>\n<p><\/a><\/p>\n<div class=\"uk-padding-small uk-margin-remove-first-child\">\n<div class=\"el-meta uk-text-meta uk-margin-small-top\">RMN ImagisticAS<\/div>\n<div class=\"uk-margin-small-top\"><a href=\"https:\/\/rmnimagisticas.ro\/\" target=\"_blank\" class=\"el-link uk-button uk-button-text\">Vezi detalii<\/a><\/div>\n<\/div>\n<\/div>\n<\/div>\n<div>\n<div class=\"el-item uk-panel\"><a href=\"https:\/\/ro.san-marco.com\/\" target=\"_blank\"><\/p>\n<div class=\"uk-inline-clip uk-transition-toggle\"><source type=\"image\/webp\" srcset=\"\/wp-content\/uploads\/yootheme\/cache\/df\/sanmarco-df655601.webp 450w\" sizes=\"(min-width: 450px) 450px\" \/><\/div>\n<p><\/a><\/p>\n<div class=\"uk-padding-small uk-margin-remove-first-child\">\n<div class=\"el-meta uk-text-meta uk-margin-small-top\">San Marco<\/div>\n<div class=\"uk-margin-small-top\"><a href=\"https:\/\/ro.san-marco.com\/\" target=\"_blank\" class=\"el-link uk-button uk-button-text\">Vezi detalii<\/a><\/div>\n<\/div>\n<\/div>\n<\/div>\n<div>\n<div class=\"el-item uk-panel\"><a href=\"https:\/\/afiom.ro\/doneaza\" target=\"_blank\"><\/p>\n<div class=\"uk-inline-clip uk-transition-toggle\"><img loading=\"lazy\" decoding=\"async\" class=\"el-image uk-transition-scale-down uk-transition-opaque\" src=\"https:\/\/www.sursadevest.ro\/wp-content\/uploads\/2024\/12\/AfiOM_Sites_350x350_Mamici.gif\" alt width=\"350\" height=\"350\"><\/div>\n<p><\/a><\/p>\n<div class=\"uk-padding-small uk-margin-remove-first-child\">\n<div class=\"el-meta uk-text-meta uk-margin-small-top\">A fi om!<\/div>\n<div class=\"uk-margin-small-top\"><a href=\"https:\/\/afiom.ro\/doneaza\" target=\"_blank\" class=\"el-link uk-button uk-button-text\">Vezi detalii<\/a><\/div>\n<\/div>\n<\/div>\n<\/div>\n<div>\n<div class=\"el-item uk-panel\"><a href=\"https:\/\/afiom.ro\/doneaza\" target=\"_blank\"><\/p>\n<div class=\"uk-inline-clip uk-transition-toggle\"><img loading=\"lazy\" decoding=\"async\" class=\"el-image uk-transition-scale-down uk-transition-opaque\" src=\"https:\/\/www.sursadevest.ro\/wp-content\/uploads\/2024\/12\/AfiOM_Sites_350x350_Sport.gif\" alt width=\"350\" height=\"350\"><\/div>\n<p><\/a><\/p>\n<div class=\"uk-padding-small uk-margin-remove-first-child\">\n<div class=\"el-meta uk-text-meta uk-margin-small-top\">A fi om!<\/div>\n<div class=\"uk-margin-small-top\"><a href=\"https:\/\/afiom.ro\/doneaza\" target=\"_blank\" class=\"el-link uk-button uk-button-text\">Vezi detalii<\/a><\/div>\n<\/div>\n<\/div>\n<\/div>\n<div>\n<div class=\"el-item uk-panel uk-margin-remove-first-child\">\n<div class=\"el-meta uk-text-meta uk-margin-small-top\">For\u021ba Dreptei<\/div>\n<\/div>\n<\/div>\n<div>\n<div class=\"el-item uk-panel\"><a href=\"https:\/\/www.igard.ro\" target=\"_blank\"><\/p>\n<div class=\"uk-inline-clip uk-transition-toggle\"><source type=\"image\/webp\" srcset=\"\/wp-content\/uploads\/yootheme\/cache\/8c\/iGard-0124-02-8cb83681.webp 768w, \/wp-content\/uploads\/yootheme\/cache\/89\/iGard-0124-02-894b8f7b.webp 1080w\" sizes=\"(min-width: 1080px) 1080px\" \/><\/div>\n<p><\/a><\/p>\n<div class=\"uk-padding-small uk-margin-remove-first-child\">\n<div class=\"el-meta uk-text-meta uk-margin-small-top\">iGard panouri de gard \u2013 www.igard.ro<\/div>\n<div class=\"uk-margin-small-top\"><a href=\"https:\/\/www.igard.ro\" target=\"_blank\" class=\"el-link uk-button uk-button-text\">Vezi detalii<\/a><\/div>\n<\/div>\n<\/div>\n<\/div>\n<div>\n<div class=\"el-item uk-panel\">\n<div class=\"uk-inline-clip uk-transition-toggle\"><source type=\"image\/webp\" srcset=\"\/wp-content\/uploads\/yootheme\/cache\/f2\/atc-small-f2c6a401.webp 600w\" sizes=\"(min-width: 600px) 600px\" \/><\/div>\n<div class=\"uk-padding-small uk-margin-remove-first-child\">\n<div class=\"el-meta uk-text-meta uk-margin-small-top\">ATC BAUDESIGN<\/div>\n<\/div>\n<\/div>\n<\/div>\n<\/div>\n<\/div>\n<\/div>\n<\/div>\n<\/div>\n<\/div>\n<p><\/main><\/p>\n<p>[analyse_source url=&#8221;https:\/\/www.sursadevest.ro\/video-dictatura-clanului-simonis-fratele-primar-instaureaza-omerta-pentru-a-l-apara-pe-fratele-presedinte-al-cj-timis-care-si-a-extins-palatul-pe-domeniul-public\/&#8221;]<\/p>\n","protected":false},"excerpt":{"rendered":"<p>[analyse_image type=&#8221;featured&#8221; src=&#8221;https:\/\/www.sursadevest.ro\/wp-content\/uploads\/2026\/09\/fratii-simonis.gif&#8221;] Video: Dictatura clanului Simonis! Fratele-primar instaureaz\u0103 omerta pentru a-l ap\u0103ra pe fratele-pre\u0219edinte al CJ Timi\u0219, care \u0219i-a extins palatul pe domeniul public 1 septembrie, 2026 | Petronela Axinte | Administra\u021bie, Eveniment, \u0218tiri | Niciun comentariu la Video: Dictatura clanului Simonis! Fratele-primar instaureaz\u0103 omerta pentru a-l ap\u0103ra pe fratele-pre\u0219edinte al CJ Timi\u0219, care [&hellip;]<\/p>\n","protected":false},"author":1,"featured_media":0,"comment_status":"open","ping_status":"","sticky":false,"template":"","format":"standard","meta":{"footnotes":""},"categories":[89],"tags":[226,200],"class_list":["post-2123146","post","type-post","status-publish","format-standard","hentry","category-romania","tag-crawlmanager","tag-sursadevest-ro"],"_links":{"self":[{"href":"https:\/\/analyse.optim.biz\/index.php?rest_route=\/wp\/v2\/posts\/2123146","targetHints":{"allow":["GET"]}}],"collection":[{"href":"https:\/\/analyse.optim.biz\/index.php?rest_route=\/wp\/v2\/posts"}],"about":[{"href":"https:\/\/analyse.optim.biz\/index.php?rest_route=\/wp\/v2\/types\/post"}],"author":[{"embeddable":true,"href":"https:\/\/analyse.optim.biz\/index.php?rest_route=\/wp\/v2\/users\/1"}],"replies":[{"embeddable":true,"href":"https:\/\/analyse.optim.biz\/index.php?rest_route=%2Fwp%2Fv2%2Fcomments&post=2123146"}],"version-history":[{"count":0,"href":"https:\/\/analyse.optim.biz\/index.php?rest_route=\/wp\/v2\/posts\/2123146\/revisions"}],"wp:attachment":[{"href":"https:\/\/analyse.optim.biz\/index.php?rest_route=%2Fwp%2Fv2%2Fmedia&parent=2123146"}],"wp:term":[{"taxonomy":"category","embeddable":true,"href":"https:\/\/analyse.optim.biz\/index.php?rest_route=%2Fwp%2Fv2%2Fcategories&post=2123146"},{"taxonomy":"post_tag","embeddable":true,"href":"https:\/\/analyse.optim.biz\/index.php?rest_route=%2Fwp%2Fv2%2Ftags&post=2123146"}],"curies":[{"name":"wp","href":"https:\/\/api.w.org\/{rel}","templated":true}]}}