{"id":2123142,"date":"2026-09-01T00:00:00","date_gmt":"2026-08-31T21:00:00","guid":{"rendered":"https:\/\/analyse.optim.biz\/?p=2123142"},"modified":"2026-09-01T00:00:00","modified_gmt":"2026-08-31T21:00:00","slug":"nava-s-line-defectiune-la-sistemul-de-guvernare","status":"publish","type":"post","link":"https:\/\/analyse.optim.biz\/?p=2123142","title":{"rendered":"Nava \u201eS Line\u201d, defec\u0163iune la sistemul de guvernare"},"content":{"rendered":"<p>[analyse_image type=&#8221;featured&#8221; src=&#8221;https:\/\/ziaruldetulcea.ro\/wp-content\/uploads\/2026\/09\/20260831_173101-640&#215;300.jpg&#8221;]<\/p>\n<div class=\"post\">\n<p><img loading=\"lazy\" decoding=\"async\" class=\"alignleft size-full wp-image-44131\" src=\"https:\/\/ziaruldetulcea.ro\/wp-content\/uploads\/2026\/09\/20260831_173101-scaled.jpg\" alt width=\"1920\" height=\"2560\">Autoritatea Naval\u0103 Rom\u00e2n a comunicat c\u0103, \u00een timp ce naviga amonte \u015fi tranzita cotul Tulcea, sec\u0163iune a Dun\u0103rii maritime, vasul \u201eS Line\u201d, cu o lungime de 146,8 metri, a suferit \u00een jurul orei 17:10 o \u201edefec\u0163iune la sistemul de guvernare\u201d.<\/p>\n<p>\u201eDin aceast\u0103 cauz\u0103, nava a deviat de la traseul de naviga\u0163ie \u015fi a intrat \u00een coliziune cu instala\u0163ii portuare \u015fi ambarca\u0163iuni sta\u0163ionate. Nu s-au \u00eenregistrat persoane r\u0103nite sau pierderi de vie\u0163i omene\u015fti\u201d, a precizat purt\u0103torul de cuv\u00e2nt al ANR, Irina Pu\u015fca\u015fu.<\/p>\n<p>\u00cen urma accidentului, au fost avariate dou\u0103 pontoane de acostare, dou\u0103 b\u0103rci de dimensiuni mici s-au scufundat, alte trei au suferit avarii la corp \u015fi suprastructur\u0103, iar alte dou\u0103 b\u0103rci au avut suprastructura afectat\u0103.<\/p>\n<p>Potrivit sursei ANR, \u015fenalul navigabil nu a fost blocat.<\/p>\n<\/div>\n<p>[analyse_source url=&#8221;https:\/\/ziaruldetulcea.ro\/nava-s-line-defectiune-la-sistemul-de-guvernare\/&#8221;]<\/p>\n","protected":false},"excerpt":{"rendered":"<p>[analyse_image type=&#8221;featured&#8221; src=&#8221;https:\/\/ziaruldetulcea.ro\/wp-content\/uploads\/2026\/09\/20260831_173101-640&#215;300.jpg&#8221;] Autoritatea Naval\u0103 Rom\u00e2n a comunicat c\u0103, \u00een timp ce naviga amonte \u015fi tranzita cotul Tulcea, sec\u0163iune a Dun\u0103rii maritime, vasul \u201eS Line\u201d, cu o lungime de 146,8 metri, a suferit \u00een jurul orei 17:10 o \u201edefec\u0163iune la sistemul de guvernare\u201d. \u201eDin aceast\u0103 cauz\u0103, nava a deviat de la traseul de naviga\u0163ie \u015fi [&hellip;]<\/p>\n","protected":false},"author":1,"featured_media":0,"comment_status":"open","ping_status":"","sticky":false,"template":"","format":"standard","meta":{"footnotes":""},"categories":[89],"tags":[226,205],"class_list":["post-2123142","post","type-post","status-publish","format-standard","hentry","category-romania","tag-crawlmanager","tag-ziaruldetulcea-ro"],"_links":{"self":[{"href":"https:\/\/analyse.optim.biz\/index.php?rest_route=\/wp\/v2\/posts\/2123142","targetHints":{"allow":["GET"]}}],"collection":[{"href":"https:\/\/analyse.optim.biz\/index.php?rest_route=\/wp\/v2\/posts"}],"about":[{"href":"https:\/\/analyse.optim.biz\/index.php?rest_route=\/wp\/v2\/types\/post"}],"author":[{"embeddable":true,"href":"https:\/\/analyse.optim.biz\/index.php?rest_route=\/wp\/v2\/users\/1"}],"replies":[{"embeddable":true,"href":"https:\/\/analyse.optim.biz\/index.php?rest_route=%2Fwp%2Fv2%2Fcomments&post=2123142"}],"version-history":[{"count":0,"href":"https:\/\/analyse.optim.biz\/index.php?rest_route=\/wp\/v2\/posts\/2123142\/revisions"}],"wp:attachment":[{"href":"https:\/\/analyse.optim.biz\/index.php?rest_route=%2Fwp%2Fv2%2Fmedia&parent=2123142"}],"wp:term":[{"taxonomy":"category","embeddable":true,"href":"https:\/\/analyse.optim.biz\/index.php?rest_route=%2Fwp%2Fv2%2Fcategories&post=2123142"},{"taxonomy":"post_tag","embeddable":true,"href":"https:\/\/analyse.optim.biz\/index.php?rest_route=%2Fwp%2Fv2%2Ftags&post=2123142"}],"curies":[{"name":"wp","href":"https:\/\/api.w.org\/{rel}","templated":true}]}}