{"id":2123116,"date":"2026-09-01T15:36:00","date_gmt":"2026-09-01T12:36:00","guid":{"rendered":"https:\/\/analyse.optim.biz\/?p=2123116"},"modified":"2026-09-01T15:36:00","modified_gmt":"2026-09-01T12:36:00","slug":"galliano-allo-spiedo-il-metropolitan-museum-di-new-york-ha-cancellato-la-mostra-dedicata-a","status":"publish","type":"post","link":"https:\/\/analyse.optim.biz\/?p=2123116","title":{"rendered":"Galliano allo spiedo \u2013 il &#8216;metropolitan museum&#8217; di new york ha cancellato la mostra dedicata a&#8230;"},"content":{"rendered":"<p>[analyse_image type=&#8221;featured&#8221; src=&#8221;https:\/\/static.dagospia.com\/img\/patch\/08-2026\/la-mostra-john-galliano-horizons-al-met-di-new-york-1-2294738_600_q50.webp&#8221;]<\/p>\n<article>\n<div class=\"img-wrapper\"><img decoding=\"async\" src=\"https:\/\/static.dagospia.com\/img\/patch\/08-2026\/la-mostra-john-galliano-horizons-al-met-di-new-york-1-2294738_600_q50.webp\" alt=\"la mostra john galliano horizons al met di new york 1\"><time class=\"data-ora\">1 set 2026 17:36<\/time><\/div>\n<p><strong><span>GALLIANO ALLO SPIEDO <\/span>\u2013 IL \u201cMETROPOLITAN MUSEUM\u201d DI NEW YORK HA CANCELLATO LA MOSTRA DEDICATA A JOHN GALLIANO DOPO LE POLEMICHE PER LE USCITE ANTISEMITE E RAZZISTE DELLO STILISTA, CHE NEL 2011 HANNO PORTATO AL SUO LICENZIAMENTO DA DIOR \u2013 TRA GLI EPISODI, <\/strong><span>UN VIDEO GIRATO IN UN RISTORANTE DI PARIGI NEL QUALE DICHIARAVA IL PROPRIO AMORE PER ADOLF HITLER \u2013<\/span> A NULLA \u00c8 SERVITO IL MEA CULPA DI GALLIANO: \u201cRIMANGO PIENAMENTE RESPONSABILE DEL DOLORE CAUSATO DALLE MIE PAROLE IN PASSATO, IN PARTICOLARE DELLA SOFFERENZA CHE HO ARRECATO ALLE COMUNIT\u00c0 EBRAICA E ASIATICA\u2026\u201d<\/p>\n<div class=\"share-section\">\n                Condividi  questo articolo<\/p>\n<div class=\"socials\"><a href=\"http:\/\/www.facebook.com\/sharer.php?u=http:\/\/www.dagospia.com\/cronache\/galliano-spiedo-metropolitan-museum-new-york-cancellato-mostra-dedicata-485471\" target=\"_blank\"><img decoding=\"async\" src=\"https:\/\/static.dagospia.com\/img\/icons\/facebook.svg\" alt=\"Condividi su Facebook\"><\/a><a href=\"http:\/\/www.twitter.com\/share?url=http:\/\/www.dagospia.com\/cronache\/galliano-spiedo-metropolitan-museum-new-york-cancellato-mostra-dedicata-485471&amp;text=GALLIANO%20ALLO%20SPIEDO%20%E2%80%93%20IL%20&apos;METROPOLITAN%20MUSEUM&apos;%20DI%20NEW%20YORK%20HA%20CANCELLATO%20LA%20MOSTRA%20DEDICATA%20A...\" target=\"_blank\"><img decoding=\"async\" src=\"https:\/\/static.dagospia.com\/img\/icons\/x-icon.png\" alt=\"Condividi su X\"><\/a><a href=\"\/\/www.dagospia.com\/cronache\/galliano-spiedo-metropolitan-museum-new-york-cancellato-mostra-dedicata-485471\" target=\"_blank\"><img decoding=\"async\" src=\"https:\/\/static.dagospia.com\/img\/icons\/whatsapp.svg\" alt=\"Condividi su Whatsapp\"><\/a><a href=\"mailto:?body=http:\/\/www.dagospia.com\/cronache\/galliano-spiedo-metropolitan-museum-new-york-cancellato-mostra-dedicata-485471\" target=\"_blank\"><img decoding=\"async\" src=\"https:\/\/static.dagospia.com\/img\/icons\/mail.svg\" alt=\"Invia in email\"><\/a><\/div>\n<\/div>\n<div class=\"content\">\n<div>\n<div class=\"twitter-tweet twitter-tweet-rendered\"><iframe allowfullscreen=\"true\" allowtransparency=\"true\" data-tweet-id=\"2083323016277348711\" frameborder id=\"twitter-widget-0\" scrolling=\"no\" src=\"https:\/\/platform.twitter.com\/embed\/Tweet.html?dnt=false&amp;embedId=twitter-widget-0&amp;features=eyJ0ZndfdGltZWxpbmVfbGlzdCI6eyJidWNrZXQiOltdLCJ2ZXJzaW9uIjpudWxsfSwidGZ3X2ZvbGxvd2VyX2NvdW50X3N1bnNldCI6eyJidWNrZXQiOnRydWUsInZlcnNpb24iOm51bGx9LCJ0ZndfdHdlZXRfZWRpdF9iYWNrZW5kIjp7ImJ1Y2tldCI6Im9uIiwidmVyc2lvbiI6bnVsbH0sInRmd19yZWZzcmNfc2Vzc2lvbiI6eyJidWNrZXQiOiJvbiIsInZlcnNpb24iOm51bGx9LCJ0ZndfZm9zbnJfc29mdF9pbnRlcnZlbnRpb25zX2VuYWJsZWQiOnsiYnVja2V0Ijoib24iLCJ2ZXJzaW9uIjpudWxsfSwidGZ3X21peGVkX21lZGlhXzE1ODk3Ijp7ImJ1Y2tldCI6InRyZWF0bWVudCIsInZlcnNpb24iOm51bGx9LCJ0ZndfZXhwZXJpbWVudHNfY29va2llX2V4cGlyYXRpb24iOnsiYnVja2V0IjoxMjA5NjAwLCJ2ZXJzaW9uIjpudWxsfSwidGZ3X3Nob3dfYmlyZHdhdGNoX3Bpdm90c19lbmFibGVkIjp7ImJ1Y2tldCI6Im9uIiwidmVyc2lvbiI6bnVsbH0sInRmd19kdXBsaWNhdGVfc2NyaWJlc190b19zZXR0aW5ncyI6eyJidWNrZXQiOiJvbiIsInZlcnNpb24iOm51bGx9LCJ0ZndfdXNlX3Byb2ZpbGVfaW1hZ2Vfc2hhcGVfZW5hYmxlZCI6eyJidWNrZXQiOiJvbiIsInZlcnNpb24iOm51bGx9LCJ0ZndfdmlkZW9faGxzX2R5bmFtaWNfbWFuaWZlc3RzXzE1MDgyIjp7ImJ1Y2tldCI6InRydWVfYml0cmF0ZSIsInZlcnNpb24iOm51bGx9LCJ0ZndfbGVnYWN5X3RpbWVsaW5lX3N1bnNldCI6eyJidWNrZXQiOnRydWUsInZlcnNpb24iOm51bGx9LCJ0ZndfdHdlZXRfZWRpdF9mcm9udGVuZCI6eyJidWNrZXQiOiJvbiIsInZlcnNpb24iOm51bGx9fQ%3D%3D&amp;frame=false&amp;hideCard=false&amp;hideThread=false&amp;id=2083323016277348711&amp;lang=it&amp;origin=https%3A%2F%2Fredazione2.dagospia.com%2Farticoli%2Fadd&amp;sessionId=641f9ecfbf673c0e60da173f6ebe876063f14c39&amp;theme=light&amp;widgetsVersion=6a3ad42b224df%3A1778106238597&amp;width=550px\" title=\"X Post\"><\/iframe><\/div>\n<\/div>\n<p class=\"disable\"><strong>Arianna Menotti per <a href=\"http:\/\/www.adnkronos.com\">www.adnkronos.com<\/a><\/strong><\/p>\n<p class=\"disable\">\u00a0<\/p>\n<p><a href=\"https:\/\/www.dagospia.com\/media-gallery\/dago-fotogallery-521898\/2002135\" class=\"float-right img-wrapper\"><img decoding=\"async\" id=\"2002135\" loading=\"lazy\" src=\"https:\/\/static.dagospia.com\/img\/foto\/06-2024\/john-galliano-2002135_800_q50.webp\"><span class=\"img-title\">john galliano<\/span><\/a><\/p>\n<p class=\"disable\">Il Metropolitan Museum of Art ha ufficialmente annullato la mostra dedicata allo stilista John Galliano, originariamente programmata in concomitanza con il Met Gala 2027. La decisione \u00e8 stata annunciata oggi dal museo e dallo stesso stilista attraverso un comunicato congiunto, dopo settimane di reazioni e discussioni legate alla scelta del Met di dedicare a Galliano una delle sue principali esposizioni.<\/p>\n<p class=\"disable\">\u00a0<\/p>\n<p class=\"disable\">La mostra, che avrebbe dovuto intitolarsi &#8216;John Galliano: Horizons&#8217;, era stata annunciata il 31 luglio e avrebbe rappresentato un appuntamento particolarmente significativo nella storia del Costume Institute: Galliano sarebbe stato infatti soltanto il terzo stilista ancora in vita a essere protagonista di una mostra dell&#8217;istituzione, dopo Yves Saint Laurent nel 1983 e Rei Kawakubo di Comme des Gar\u00e7ons nel 2017.<\/p>\n<p class=\"disable\">\u00a0<\/p>\n<p><a href=\"https:\/\/www.dagospia.com\/media-gallery\/dago-fotogallery-521898\/2294732\" class=\"float-left img-wrapper\"><img decoding=\"async\" id=\"2294732\" loading=\"lazy\" src=\"https:\/\/static.dagospia.com\/img\/foto\/08-2026\/la-mostra-john-galliano-horizons-al-met-di-new-york-1-2294732_800_q50.webp\"><span class=\"img-title\">la mostra john galliano horizons al met di new york 1<\/span><\/a><\/p>\n<p class=\"disable\">A far riemergere il dibattito \u00e8 stato il controverso passato dello stilista. Galliano, tra i nomi pi\u00f9 influenti dell&#8217;alta moda degli anni Novanta e dei primi Duemila, aveva visto la propria carriera interrompersi bruscamente nel 2011, dopo una serie di episodi a sfondo antisemita e razzista. Tra questi, un video girato in un ristorante di Parigi nel quale lo stilista dichiarava il proprio amore per Adolf Hitler.<\/p>\n<p class=\"disable\">\u00a0<\/p>\n<p class=\"disable\">In seguito agli episodi, Galliano fu sottoposto a procedimento giudiziario in Francia e condannato per insulti a sfondo antisemita e razzista. La vicenda ebbe pesanti conseguenze sulla sua carriera: nel 2011 lasci\u00f2 la direzione creativa di Dior, incarico che aveva ricoperto dal 1997, mentre negli anni successivi riusc\u00ec gradualmente a ricostruire la propria posizione nel mondo della moda. Dal 2014 al 2024 \u00e8 stato direttore creativo di Maison Margiela.<\/p>\n<p class=\"disable\">\u00a0<\/p>\n<p><a href=\"https:\/\/www.dagospia.com\/media-gallery\/dago-fotogallery-521898\/2002133\" class=\"float-right img-wrapper\"><img decoding=\"async\" id=\"2002133\" loading=\"lazy\" src=\"https:\/\/static.dagospia.com\/img\/foto\/06-2024\/john-galliano-2-2002133_800_q50.webp\"><span class=\"img-title\">john galliano 2<\/span><\/a><\/p>\n<p class=\"disable\">Lo stilista ha spiegato di aver preso la decisione dopo un lungo confronto con il museo e con le persone coinvolte nel progetto. &#8220;Dopo molte riflessioni e discussioni con il Met e con tutte le persone coinvolte, ho deciso, con grande tristezza, che \u00e8 meglio che la mostra non abbia luogo in questo momento&#8221;, ha dichiarato Galliano.<\/p>\n<p class=\"disable\">\u00a0<\/p>\n<p class=\"disable\">Lo stilista ha inoltre ribadito di assumersi la responsabilit\u00e0 per le proprie parole e per il dolore provocato in passato, rivolgendosi in particolare alle comunit\u00e0 ebraica e asiatica. &#8220;Rimango pienamente responsabile del dolore causato dalle mie parole in passato, in particolare della sofferenza che ho arrecato alle comunit\u00e0 ebraica e asiatica, e ne rimango profondamente dispiaciuto&#8221;, ha affermato.<\/p>\n<p class=\"disable\">\u00a0<\/p>\n<p class=\"disable\">Galliano ha sottolineato anche come il riconoscimento attraverso una mostra non possa, da solo, rappresentare una forma di espiazione. &#8220;Comprendo che una significativa espiazione non si realizza attraverso una mostra, un riconoscimento istituzionale o un singolo gesto pubblico&#8221;, ha spiegato, definendo invece il percorso di responsabilit\u00e0 come un processo continuo fatto di ascolto, apprendimento e comportamenti nel tempo.<\/p>\n<p><a href=\"https:\/\/www.dagospia.com\/media-gallery\/dago-fotogallery-521898\/1424495\" class=\"float-left img-wrapper\"><img decoding=\"async\" id=\"1424495\" loading=\"lazy\" src=\"https:\/\/static.dagospia.com\/img\/foto\/02-2021\/john-galliano-5-1424495_800_q50.webp\"><span class=\"img-title\"> john galliano 5<\/span><\/a><\/p>\n<p class=\"disable\">\u00a0<\/p>\n<p class=\"disable\">Lo stilista ha quindi espresso la propria gratitudine nei confronti del Metropolitan Museum, del direttore Max Hollein, del curatore Andrew Bolton e di Anna Wintour, storica direttrice di Vogue, per aver sostenuto il progetto. &#8220;Il fatto che il mio percorso creativo sia stato preso in considerazione da un&#8217;istituzione che ho ammirato per tutta la vita mi ha commosso pi\u00f9 profondamente di quanto possa esprimere&#8221;, ha dichiarato.<\/p>\n<p class=\"disable\">\u00a0<\/p>\n<p class=\"disable\">La cancellazione della mostra apre ora un&#8217;incognita sul programma del Met Gala 2027. Il Metropolitan Museum of Art ha fatto sapere che i dettagli relativi alla nuova esposizione del Costume Institute e all&#8217;edizione 2027 del Met Gala saranno comunicati in un secondo momento.<\/p>\n<p><a href=\"https:\/\/www.dagospia.com\/media-gallery\/dago-fotogallery-521898\/1424498\" class=\"float-right img-wrapper\"><img decoding=\"async\" id=\"1424498\" loading=\"lazy\" src=\"https:\/\/static.dagospia.com\/img\/foto\/02-2021\/john-galliano-2-1424498_800_q50.webp\"><span class=\"img-title\"> john galliano 2<\/span><\/a><a href=\"https:\/\/www.dagospia.com\/media-gallery\/dago-fotogallery-521898\/1424483\" class=\"float-right img-wrapper\"><img decoding=\"async\" id=\"1424483\" loading=\"lazy\" src=\"https:\/\/static.dagospia.com\/img\/foto\/02-2021\/john-galliano-1424483_800_q50.webp\"><span class=\"img-title\"> john galliano<\/span><\/a><a href=\"https:\/\/www.dagospia.com\/media-gallery\/dago-fotogallery-521898\/1424486\" class=\"float-right img-wrapper\"><img decoding=\"async\" id=\"1424486\" loading=\"lazy\" src=\"https:\/\/static.dagospia.com\/img\/foto\/02-2021\/anna-wintour-e-john-galliano-1424486_800_q50.webp\"><span class=\"img-title\">anna wintour e john galliano<\/span><\/a><a href=\"https:\/\/www.dagospia.com\/media-gallery\/dago-fotogallery-521898\/1358137\" class=\"float-right img-wrapper\"><img decoding=\"async\" id=\"1358137\" loading=\"lazy\" src=\"https:\/\/static.dagospia.com\/img\/foto\/09-2020\/maison-margela-by-john-galliano-ss-2015-1358137_800_q50.webp\"><span class=\"img-title\">maison margela by john galliano ss 2015<\/span><\/a><a href=\"https:\/\/www.dagospia.com\/media-gallery\/dago-fotogallery-521898\/1370969\" class=\"float-right img-wrapper\"><img decoding=\"async\" id=\"1370969\" loading=\"lazy\" src=\"https:\/\/static.dagospia.com\/img\/foto\/10-2020\/maison-margiela-by-john-galliano-1370969_800_q50.webp\"><span class=\"img-title\">Maison Margiela by John Galliano <\/span><\/a><a href=\"https:\/\/www.dagospia.com\/media-gallery\/dago-fotogallery-521898\/1370970\" class=\"float-right img-wrapper\"><img decoding=\"async\" id=\"1370970\" loading=\"lazy\" src=\"https:\/\/static.dagospia.com\/img\/foto\/10-2020\/maison-margiela-by-john-galliano-1370970_800_q50.webp\"><span class=\"img-title\">Maison Margiela by John Galliano <\/span><\/a><a href=\"https:\/\/www.dagospia.com\/media-gallery\/dago-fotogallery-521898\/1370981\" class=\"float-right img-wrapper\"><img decoding=\"async\" id=\"1370981\" loading=\"lazy\" src=\"https:\/\/static.dagospia.com\/img\/foto\/10-2020\/maison-margiela-by-john-galliano-1370981_800_q50.webp\"><span class=\"img-title\">Maison Margiela by John Galliano<\/span><\/a><a href=\"https:\/\/www.dagospia.com\/media-gallery\/dago-fotogallery-521898\/1424492\" class=\"float-right img-wrapper\"><img decoding=\"async\" id=\"1424492\" loading=\"lazy\" src=\"https:\/\/static.dagospia.com\/img\/foto\/02-2021\/john-galliano-5-1424492_800_q50.webp\"><span class=\"img-title\"> john galliano 5<\/span><\/a><\/p>\n<p class=\"disable\">\u00a0<\/p>\n<\/div>\n<div class=\"share-section\">\n                Condividi  questo articolo<\/p>\n<div class=\"socials\"><a href=\"https:\/\/www.dagospia.com\/cronache\/galliano-spiedo-metropolitan-museum-new-york-cancellato-mostra-dedicata-485471\"><img decoding=\"async\" src=\"https:\/\/static.dagospia.com\/img\/icons\/facebook.svg\" alt=\"Condividi su Facebook\"><\/a><a href=\"https:\/\/www.dagospia.com\/cronache\/galliano-spiedo-metropolitan-museum-new-york-cancellato-mostra-dedicata-485471\"><img decoding=\"async\" src=\"https:\/\/static.dagospia.com\/img\/icons\/x-icon.png\" alt=\"Condividi su X\"><\/a><a href=\"https:\/\/www.dagospia.com\/cronache\/galliano-spiedo-metropolitan-museum-new-york-cancellato-mostra-dedicata-485471\"><img decoding=\"async\" src=\"https:\/\/static.dagospia.com\/img\/icons\/whatsapp.svg\" alt=\"Condividi su Whatsapp\"><\/a><a href=\"https:\/\/www.dagospia.com\/cronache\/galliano-spiedo-metropolitan-museum-new-york-cancellato-mostra-dedicata-485471\"><img decoding=\"async\" src=\"https:\/\/static.dagospia.com\/img\/icons\/mail.svg\" alt=\"Invia in email\"><\/a><\/div>\n<\/div>\n<\/article>\n<div class=\"content\">\n<div>\n<div class=\"twitter-tweet twitter-tweet-rendered\"><iframe allowfullscreen=\"true\" allowtransparency=\"true\" data-tweet-id=\"2083323016277348711\" frameborder id=\"twitter-widget-0\" scrolling=\"no\" src=\"https:\/\/platform.twitter.com\/embed\/Tweet.html?dnt=false&amp;embedId=twitter-widget-0&amp;features=eyJ0ZndfdGltZWxpbmVfbGlzdCI6eyJidWNrZXQiOltdLCJ2ZXJzaW9uIjpudWxsfSwidGZ3X2ZvbGxvd2VyX2NvdW50X3N1bnNldCI6eyJidWNrZXQiOnRydWUsInZlcnNpb24iOm51bGx9LCJ0ZndfdHdlZXRfZWRpdF9iYWNrZW5kIjp7ImJ1Y2tldCI6Im9uIiwidmVyc2lvbiI6bnVsbH0sInRmd19yZWZzcmNfc2Vzc2lvbiI6eyJidWNrZXQiOiJvbiIsInZlcnNpb24iOm51bGx9LCJ0ZndfZm9zbnJfc29mdF9pbnRlcnZlbnRpb25zX2VuYWJsZWQiOnsiYnVja2V0Ijoib24iLCJ2ZXJzaW9uIjpudWxsfSwidGZ3X21peGVkX21lZGlhXzE1ODk3Ijp7ImJ1Y2tldCI6InRyZWF0bWVudCIsInZlcnNpb24iOm51bGx9LCJ0ZndfZXhwZXJpbWVudHNfY29va2llX2V4cGlyYXRpb24iOnsiYnVja2V0IjoxMjA5NjAwLCJ2ZXJzaW9uIjpudWxsfSwidGZ3X3Nob3dfYmlyZHdhdGNoX3Bpdm90c19lbmFibGVkIjp7ImJ1Y2tldCI6Im9uIiwidmVyc2lvbiI6bnVsbH0sInRmd19kdXBsaWNhdGVfc2NyaWJlc190b19zZXR0aW5ncyI6eyJidWNrZXQiOiJvbiIsInZlcnNpb24iOm51bGx9LCJ0ZndfdXNlX3Byb2ZpbGVfaW1hZ2Vfc2hhcGVfZW5hYmxlZCI6eyJidWNrZXQiOiJvbiIsInZlcnNpb24iOm51bGx9LCJ0ZndfdmlkZW9faGxzX2R5bmFtaWNfbWFuaWZlc3RzXzE1MDgyIjp7ImJ1Y2tldCI6InRydWVfYml0cmF0ZSIsInZlcnNpb24iOm51bGx9LCJ0ZndfbGVnYWN5X3RpbWVsaW5lX3N1bnNldCI6eyJidWNrZXQiOnRydWUsInZlcnNpb24iOm51bGx9LCJ0ZndfdHdlZXRfZWRpdF9mcm9udGVuZCI6eyJidWNrZXQiOiJvbiIsInZlcnNpb24iOm51bGx9fQ%3D%3D&amp;frame=false&amp;hideCard=false&amp;hideThread=false&amp;id=2083323016277348711&amp;lang=it&amp;origin=https%3A%2F%2Fredazione2.dagospia.com%2Farticoli%2Fadd&amp;sessionId=641f9ecfbf673c0e60da173f6ebe876063f14c39&amp;theme=light&amp;widgetsVersion=6a3ad42b224df%3A1778106238597&amp;width=550px\" title=\"X Post\"><\/iframe><\/div>\n<\/div>\n<p class=\"disable\"><strong>Arianna Menotti per <a href=\"http:\/\/www.adnkronos.com\">www.adnkronos.com<\/a><\/strong><\/p>\n<p class=\"disable\">\u00a0<\/p>\n<p><a href=\"https:\/\/www.dagospia.com\/media-gallery\/dago-fotogallery-521898\/2002135\" class=\"float-right img-wrapper\"><img decoding=\"async\" id=\"2002135\" loading=\"lazy\" src=\"https:\/\/static.dagospia.com\/img\/foto\/06-2024\/john-galliano-2002135_800_q50.webp\"><span class=\"img-title\">john galliano<\/span><\/a><\/p>\n<p class=\"disable\">Il Metropolitan Museum of Art ha ufficialmente annullato la mostra dedicata allo stilista John Galliano, originariamente programmata in concomitanza con il Met Gala 2027. La decisione \u00e8 stata annunciata oggi dal museo e dallo stesso stilista attraverso un comunicato congiunto, dopo settimane di reazioni e discussioni legate alla scelta del Met di dedicare a Galliano una delle sue principali esposizioni.<\/p>\n<p class=\"disable\">\u00a0<\/p>\n<p class=\"disable\">La mostra, che avrebbe dovuto intitolarsi &#8216;John Galliano: Horizons&#8217;, era stata annunciata il 31 luglio e avrebbe rappresentato un appuntamento particolarmente significativo nella storia del Costume Institute: Galliano sarebbe stato infatti soltanto il terzo stilista ancora in vita a essere protagonista di una mostra dell&#8217;istituzione, dopo Yves Saint Laurent nel 1983 e Rei Kawakubo di Comme des Gar\u00e7ons nel 2017.<\/p>\n<p class=\"disable\">\u00a0<\/p>\n<p><a href=\"https:\/\/www.dagospia.com\/media-gallery\/dago-fotogallery-521898\/2294732\" class=\"float-left img-wrapper\"><img decoding=\"async\" id=\"2294732\" loading=\"lazy\" src=\"https:\/\/static.dagospia.com\/img\/foto\/08-2026\/la-mostra-john-galliano-horizons-al-met-di-new-york-1-2294732_800_q50.webp\"><span class=\"img-title\">la mostra john galliano horizons al met di new york 1<\/span><\/a><\/p>\n<p class=\"disable\">A far riemergere il dibattito \u00e8 stato il controverso passato dello stilista. Galliano, tra i nomi pi\u00f9 influenti dell&#8217;alta moda degli anni Novanta e dei primi Duemila, aveva visto la propria carriera interrompersi bruscamente nel 2011, dopo una serie di episodi a sfondo antisemita e razzista. Tra questi, un video girato in un ristorante di Parigi nel quale lo stilista dichiarava il proprio amore per Adolf Hitler.<\/p>\n<p class=\"disable\">\u00a0<\/p>\n<p class=\"disable\">In seguito agli episodi, Galliano fu sottoposto a procedimento giudiziario in Francia e condannato per insulti a sfondo antisemita e razzista. La vicenda ebbe pesanti conseguenze sulla sua carriera: nel 2011 lasci\u00f2 la direzione creativa di Dior, incarico che aveva ricoperto dal 1997, mentre negli anni successivi riusc\u00ec gradualmente a ricostruire la propria posizione nel mondo della moda. Dal 2014 al 2024 \u00e8 stato direttore creativo di Maison Margiela.<\/p>\n<p class=\"disable\">\u00a0<\/p>\n<p><a href=\"https:\/\/www.dagospia.com\/media-gallery\/dago-fotogallery-521898\/2002133\" class=\"float-right img-wrapper\"><img decoding=\"async\" id=\"2002133\" loading=\"lazy\" src=\"https:\/\/static.dagospia.com\/img\/foto\/06-2024\/john-galliano-2-2002133_800_q50.webp\"><span class=\"img-title\">john galliano 2<\/span><\/a><\/p>\n<p class=\"disable\">Lo stilista ha spiegato di aver preso la decisione dopo un lungo confronto con il museo e con le persone coinvolte nel progetto. &#8220;Dopo molte riflessioni e discussioni con il Met e con tutte le persone coinvolte, ho deciso, con grande tristezza, che \u00e8 meglio che la mostra non abbia luogo in questo momento&#8221;, ha dichiarato Galliano.<\/p>\n<p class=\"disable\">\u00a0<\/p>\n<p class=\"disable\">Lo stilista ha inoltre ribadito di assumersi la responsabilit\u00e0 per le proprie parole e per il dolore provocato in passato, rivolgendosi in particolare alle comunit\u00e0 ebraica e asiatica. &#8220;Rimango pienamente responsabile del dolore causato dalle mie parole in passato, in particolare della sofferenza che ho arrecato alle comunit\u00e0 ebraica e asiatica, e ne rimango profondamente dispiaciuto&#8221;, ha affermato.<\/p>\n<p class=\"disable\">\u00a0<\/p>\n<p class=\"disable\">Galliano ha sottolineato anche come il riconoscimento attraverso una mostra non possa, da solo, rappresentare una forma di espiazione. &#8220;Comprendo che una significativa espiazione non si realizza attraverso una mostra, un riconoscimento istituzionale o un singolo gesto pubblico&#8221;, ha spiegato, definendo invece il percorso di responsabilit\u00e0 come un processo continuo fatto di ascolto, apprendimento e comportamenti nel tempo.<\/p>\n<p><a href=\"https:\/\/www.dagospia.com\/media-gallery\/dago-fotogallery-521898\/1424495\" class=\"float-left img-wrapper\"><img decoding=\"async\" id=\"1424495\" loading=\"lazy\" src=\"https:\/\/static.dagospia.com\/img\/foto\/02-2021\/john-galliano-5-1424495_800_q50.webp\"><span class=\"img-title\"> john galliano 5<\/span><\/a><\/p>\n<p class=\"disable\">\u00a0<\/p>\n<p class=\"disable\">Lo stilista ha quindi espresso la propria gratitudine nei confronti del Metropolitan Museum, del direttore Max Hollein, del curatore Andrew Bolton e di Anna Wintour, storica direttrice di Vogue, per aver sostenuto il progetto. &#8220;Il fatto che il mio percorso creativo sia stato preso in considerazione da un&#8217;istituzione che ho ammirato per tutta la vita mi ha commosso pi\u00f9 profondamente di quanto possa esprimere&#8221;, ha dichiarato.<\/p>\n<p class=\"disable\">\u00a0<\/p>\n<p class=\"disable\">La cancellazione della mostra apre ora un&#8217;incognita sul programma del Met Gala 2027. Il Metropolitan Museum of Art ha fatto sapere che i dettagli relativi alla nuova esposizione del Costume Institute e all&#8217;edizione 2027 del Met Gala saranno comunicati in un secondo momento.<\/p>\n<p><a href=\"https:\/\/www.dagospia.com\/media-gallery\/dago-fotogallery-521898\/1424498\" class=\"float-right img-wrapper\"><img decoding=\"async\" id=\"1424498\" loading=\"lazy\" src=\"https:\/\/static.dagospia.com\/img\/foto\/02-2021\/john-galliano-2-1424498_800_q50.webp\"><span class=\"img-title\"> john galliano 2<\/span><\/a><a href=\"https:\/\/www.dagospia.com\/media-gallery\/dago-fotogallery-521898\/1424483\" class=\"float-right img-wrapper\"><img decoding=\"async\" id=\"1424483\" loading=\"lazy\" src=\"https:\/\/static.dagospia.com\/img\/foto\/02-2021\/john-galliano-1424483_800_q50.webp\"><span class=\"img-title\"> john galliano<\/span><\/a><a href=\"https:\/\/www.dagospia.com\/media-gallery\/dago-fotogallery-521898\/1424486\" class=\"float-right img-wrapper\"><img decoding=\"async\" id=\"1424486\" loading=\"lazy\" src=\"https:\/\/static.dagospia.com\/img\/foto\/02-2021\/anna-wintour-e-john-galliano-1424486_800_q50.webp\"><span class=\"img-title\">anna wintour e john galliano<\/span><\/a><a href=\"https:\/\/www.dagospia.com\/media-gallery\/dago-fotogallery-521898\/1358137\" class=\"float-right img-wrapper\"><img decoding=\"async\" id=\"1358137\" loading=\"lazy\" src=\"https:\/\/static.dagospia.com\/img\/foto\/09-2020\/maison-margela-by-john-galliano-ss-2015-1358137_800_q50.webp\"><span class=\"img-title\">maison margela by john galliano ss 2015<\/span><\/a><a href=\"https:\/\/www.dagospia.com\/media-gallery\/dago-fotogallery-521898\/1370969\" class=\"float-right img-wrapper\"><img decoding=\"async\" id=\"1370969\" loading=\"lazy\" src=\"https:\/\/static.dagospia.com\/img\/foto\/10-2020\/maison-margiela-by-john-galliano-1370969_800_q50.webp\"><span class=\"img-title\">Maison Margiela by John Galliano <\/span><\/a><a href=\"https:\/\/www.dagospia.com\/media-gallery\/dago-fotogallery-521898\/1370970\" class=\"float-right img-wrapper\"><img decoding=\"async\" id=\"1370970\" loading=\"lazy\" src=\"https:\/\/static.dagospia.com\/img\/foto\/10-2020\/maison-margiela-by-john-galliano-1370970_800_q50.webp\"><span class=\"img-title\">Maison Margiela by John Galliano <\/span><\/a><a href=\"https:\/\/www.dagospia.com\/media-gallery\/dago-fotogallery-521898\/1370981\" class=\"float-right img-wrapper\"><img decoding=\"async\" id=\"1370981\" loading=\"lazy\" src=\"https:\/\/static.dagospia.com\/img\/foto\/10-2020\/maison-margiela-by-john-galliano-1370981_800_q50.webp\"><span class=\"img-title\">Maison Margiela by John Galliano<\/span><\/a><a href=\"https:\/\/www.dagospia.com\/media-gallery\/dago-fotogallery-521898\/1424492\" class=\"float-right img-wrapper\"><img decoding=\"async\" id=\"1424492\" loading=\"lazy\" src=\"https:\/\/static.dagospia.com\/img\/foto\/02-2021\/john-galliano-5-1424492_800_q50.webp\"><span class=\"img-title\"> john galliano 5<\/span><\/a><\/p>\n<p class=\"disable\">\u00a0<\/p>\n<\/div>\n<article><a href=\"https:\/\/www.dagospia.com\/politica\/dagoreport-grazie-trump-mondo-verso-de-americanizzazione-oggi-si-485332\"><\/p>\n<div class=\"img-wrapper\"><img decoding=\"async\" src=\"https:\/\/static.dagospia.com\/img\/patch\/09-2026\/trump-modi-xi-jinping-putin-2301524_600_q50.webp\" alt=\"trump modi xi jinping putin\" loading=\"lazy\"><time class=\"data-ora\">1 set 19:59<\/time><\/div>\n<div class=\"excerpt\">\n<p>DAGOREPORT \u2013<span> GRAZIE A TRUMP, IL DOLLARO RISCHIA DI DIVENTARE CARTA STRACCIA \u2013<\/span>\u00a0IL PIATTO FORTE AL SUMMIT IN KIRGHIZISTAN DI XI JINPING, VLADIMIR PUTIN E NARENDRA MODI, HA FATTO STRA-INCAZZARE IL CALIGOLA DELLA CASA BIANCA: SUL TAVOLO,\u00a0<span>IL PROGETTO DEI &#8221;BRICS&#8221; (BRASILE, RUSSIA, INDIA, CINA, SUDAFRICA) DI DAR VITA A UNA \u201cMONETA UNICA&#8221;, PER FAR FUORI IL DOLLARO NEGLI SCAMBI INTERNAZIONALI<\/span>\u00a0&#8211; CON UN DEBITO PUBBLICO MONSTRE DI 40MILA MILIARDI, LA DE-DOLLARIZZAZIONE SAREBBE LA FINE DELL&#8217;IMPERO AMERICANO: IL VERDONE&#8221; VIENE UTILIZZATO IN OLTRE L&#8217;80% DELLE TRANSAZIONI COMMERCIALI E IN PI\u00d9 DELLA MET\u00c0 DEI PAGAMENTI INTERNAZIONALI DELLE MATERIE PRIME, COME IL PETROLIO\u00a0&#8211; <span>LA DECISIONE E&#8217; NELLE MANI DELLA CINA: RINUNCERA&#8217; ALLO MONETA NAZIONALE, LO YUAN, PER DIVENTARE LA LOCOMOTIVA DEI &#8221;BRICS&#8221;?<\/span>\u00a0&#8211;\u00a0SUL MAGGIORE IMPEGNO A FAVORE DELL\u2019IRAN, PESANO I DUBBI\u00a0DI MODI (GLI USA SONO IL PRIMO PARTNER COMMERCIALE DELL\u2019INDIA)\u00a0&#8211; PROSSIMO ROUND: IL VERTICE DI XI JIN PING DEL 24 SETTEMBRE CON IL &#8220;DERAGLIATO MENTALE&#8221; DELLA CASA BIANCA&#8230;<\/p>\n<\/div>\n<p><\/a><\/article>\n<article><a href=\"https:\/\/www.dagospia.com\/politica\/elly-ascolta-gli-amici-i-big-pd-scesi-in-campo-cosi-pesantemente-per-485354\"><\/p>\n<div class=\"img-wrapper\"><img decoding=\"async\" src=\"https:\/\/static.dagospia.com\/img\/patch\/08-2026\/giuseppe-conte-elly-schlein-franceschini-bonaccini-nardella-2301098_600_q50.webp\" alt=\"giuseppe conte elly schlein franceschini bonaccini nardella\" loading=\"lazy\"><time class=\"data-ora\">31 ago 20:17<\/time><\/div>\n<div class=\"excerpt\">\n<p>DAGOREPORT &#8211; <span>ELLY, ASCOLTA GLI AMICI!<\/span> I CAPOCCIONI E LE MEZZECALZE DEL PD, CHE SONO SCESI COS\u00cc PESANTEMENTE IN CAMPO PER SCONGIURARE LA JATTURA DELLE PRIMARIE, NON CE L&#8217;HANNO CON TE, LO FANNO SOLO PER IL TUO BENE &#8211; CERTO, TEMONO (A RAGIONE) ANCHE PER LA LORO SOPRAVVIVENZA PARLAMENTARE: <span>SE ELLY, COME PROBABILE, PERDESSE AI GAZEBO IL DUELLO CON CONTE, TRASCINEREBBE IL PARTITO NEL BARATRO <\/span>&#8211; \u00c8 PER QUESTO CHE DA QUALCHE SETTIMANA SONO PARTITI GLI AVVERTIMENTI VIA STAMPA, ANCHE DI ESPONENTI PD NON OSTILI ALLA SCHLEIN COME DARIO NARDELLA, DI FARE UN PASSO INDIETRO \u2013 <span>LA TRAGEDIA \u00c8 CHE L\u2019AMBIZIOSA DUCETTA DEL NAZARENO, NONOSTANTE I SONDAGGI HORROR, SI VEDE GI\u00c0 A PALAZZO CHIGI, VALUTANDOLI COME ATTACCHI ALLA SUA LEADERSHIP<\/span>: \u201cLE INTERVISTE SULLE PRIMARIE? SONO SOLO ESERCIZI INTELLETTUALI, ALLA FESTA DELL\u2019UNITA\u2019 PARLO IO\u201d &#8211; SE ELLY CONTINUA COS\u00cc, RISCHIA CHE LA SUA PROSSIMA OCCUPAZIONE SARA&#8217; DI BALLARE SUI CARRI DEL GAY PRIDE&#8230;<\/p>\n<\/div>\n<p><\/a><\/article>\n<article><a href=\"https:\/\/www.dagospia.com\/politica\/l-ingaggio-fedorov-fa-incazzare-zelensky-mette-in-allarme-agenzie-485343\"><\/p>\n<div class=\"img-wrapper\"><img decoding=\"async\" src=\"https:\/\/static.dagospia.com\/img\/patch\/08-2026\/fedorov-musk-thiel-zelensky-crosetto-2301168_600_q50.webp\" alt=\"fedorov musk thiel zelensky crosetto\" loading=\"lazy\"><time class=\"data-ora\">31 ago 18:41<\/time><\/div>\n<div class=\"excerpt\">\n<p>DAGOREPORT &#8211; <span>A QUALCUNO NON PIACE &#8216;STO FEDOROV<\/span> &#8211;\u00a0PIU&#8217; CHE A INDIGNARE I NEURONI ALLA VODKA DI VANNACCI E DI TRAVAGLIO, L\u2019INGAGGIO DEL GOVERNO ITALIANO DELL&#8217;EX MINISTRO DELLA DIFESA UCRAINO<span> FA INCAZZARE ZELENSKY E METTE IN ALLARME LE AGENZIE DI INTELLIGENCE EUROPEE &#8211; <\/span>IL DINAMISMO DEL NOVELLO CONSULENTE DEL MINISTRO CROSETTO NON POTEVA NON FINIRE &#8220;ATTENZIONATO&#8221;, VISTO E CONFERMATO <span>IL RAPPORTO STRETTISSIMO CON L&#8217;EMINENZA GRIGIA DELLA TECNO-DESTRA PETER THIEL E CON IL CAVALIERE NERO DELLA GALASSIA MAGA, ELON MUSK<\/span> &#8211; \u00c8 STATO FEDOROV A OTTENERE LO SBLOCCO DEL SISTEMA STARLINK E A COLTIVARE RAPPORTI CON PALANTIR, CHE FORNISCE A KIEV I SOFTWARE PER LA DIFESA &#8211; <span>CHE STA COMBINANDO IN QUESTI GIORNI FEDOROV NEGLI STATI UNITI? <\/span>COSA VOGLIONO MUSK E THIEL DA LUI? LE ELEZIONI A KIEV, MAGARI PER SOSTITUIRE ZELENSKY E ARRIVARE A QUALUNQUE \u2018PACE\u2019\u201d?<\/p>\n<\/div>\n<p><\/a><\/article>\n<article><a href=\"https:\/\/www.dagospia.com\/politica\/flash-c-e-grande-perplessita-i-draghi-boys-per-presenza-andrea-485336\"><\/p>\n<div class=\"img-wrapper\"><img decoding=\"async\" src=\"https:\/\/static.dagospia.com\/img\/patch\/08-2026\/xavier-niel-draghi-pignataro-2301175_600_q50.webp\" alt=\"xavier niel draghi pignataro\" loading=\"lazy\"><time class=\"data-ora\">31 ago 18:19<\/time><\/div>\n<div class=\"excerpt\">\n<p>FLASH! \u2013 <span>I \u201cDRAGHI BOYS\u201d DEL POTERE ECONOMICO ITALIANO AVREBBERO ESPRESSO QUALCHE PERPLESSITA&#8217; ALL\u2019EX PREMIER<\/span> SULLA PRESENZA DEL MISTERIOSO MILIARDARIO <span>ANDREA PIGNATARO E DEL FONDATORE DI ILIAD, IL FRANCESE XAVIER NIEL, <\/span>CHE NEL 2004 FU CONDANNATO A DUE ANNI DI GALERA (CON LA CONDIZIONALE), NEL \u201cRHINE GROUP\u201d, IL THINK TANK FONDATO DA \u201cMARIOPIO\u201d PER DARE UNA SFERZATA ALL\u2019UNIONE EUROPEA, COMPOSTO DA 54 MANAGER, ECONOMISTI, ACCADEMICI E IMPRENDITORI TECNOLOGICI&#8230;.<\/p>\n<\/div>\n<p><\/a><\/article>\n<article><a href=\"https:\/\/www.dagospia.com\/politica\/quale-episodio-giulia-presutti-era-habitue-cefalu-bistro-dove-piu-e-485248\"><\/p>\n<div class=\"img-wrapper\"><img decoding=\"async\" src=\"https:\/\/static.dagospia.com\/img\/patch\/08-2026\/ranucci-presutti-cianfoni-floridia-2300757_600_q50.webp\" alt=\"ranucci presutti cianfoni floridia\" loading=\"lazy\"><time class=\"data-ora\">30 ago 19:14<\/time><\/div>\n<div class=\"excerpt\">\n<p>DAGOREPORT &#8211;<span>\u00a0MA QUALE &#8220;EPISODIO&#8221;! GIULIA PRESUTTI ERA UN HABITU\u00c8 DEL \u201cCEFAL\u00d9 BISTR\u00d2\u201d<\/span> DOVE PI\u00d9 VOLTE \u00c8 STATA VISTA INSIEME ALL\u2019AMICA LAURA CIANFONI, CHE A SUA VOLTA \u00c8 LEGATISSIMA A RANUCCI E CARISSIMA A LAVITOLA (COME \u00c8 TESTIMONIATO DALLE FOTO DI DAGOSPIA IN OCCASIONE DEL PREMIO COLALUCCI, SETTEMBRE 2020) &#8211; <span>NELLA DECISIONE DI SCEGLIERE GIULIA PRESUTTI, ACCREDITATA COME ESPRESSIONE DI M5S E AVS, <\/span>PER DARE UN CONTENTINO ALL\u2019OPPOSIZIONE, SAREBBE AVVENUTA UNA INTERLOCUZIONE TRA L\u2019AD RAI, GIAMPAOLO ROSSI, E L\u2019EX PRESIDENTE DELLA VIGILANZA RAI, LA GRILLINA BARBARA FLORIDIA, CHE AVREBBE DATO IL SUO PLACET &#8211; <span>ANCHE SULLA SCELTA DI PIERVINCENZI ALLA CONDUZIONE DI &#8220;REPORT&#8221;, CHE VA A BILANCIARE LA PRESUTTI DI SINISTRA, SI ADDENSANO ALCUNE DOMANDINE<\/span>: A PARTIRE DALLA PASSIONE PER IL RUGBY\u2026<\/p>\n<\/div>\n<p><\/a><\/article>\n<article><a href=\"https:\/\/www.dagospia.com\/politica\/risiko-s-ingrossa-l-apertura-assicurazioni-generali-valutare-l-offerta-484996\"><\/p>\n<div class=\"img-wrapper\"><img decoding=\"async\" src=\"https:\/\/static.dagospia.com\/img\/patch\/08-2026\/generali-philippe-donnet-luigi-lovaglio-carlo-messina-2292458_600_q50.webp\" alt=\"generali philippe donnet luigi lovaglio carlo messina \" loading=\"lazy\"><time class=\"data-ora\">27 ago 21:02<\/time><\/div>\n<div class=\"excerpt\">\n<p>DAGOREPORT &#8211; <span>IL RISIKO S&#8217;INGROSSA!<\/span> L\u2019APERTURA DI ASSICURAZIONI GENERALI A VALUTARE L&#8217;OFFERTA\u201d DI MPS PER L\u2019ACQUISIZIONE DI BANCA GENERALI, <span>\u00c8 UN GRAN PASSO AVANTI PER IL PIANO DI LOVAGLIO PER DISINNESCARE L\u2019OPAS SUL \u201cMONTE\u201d DI BANCA INTESA <\/span>&#8211; SECONDO PIAZZA AFFARI, L\u2019OPERAZIONE TRIESTE-SIENA POTREBBE AVERE DALLA SUA <span>L\u2019APPOGGIO DEI POTENTISSIMI FONDI DI INVESTIMENTO INTERNAZIONALI, TRA CUI BLACKROCK<\/span>, CHE HA PERALTRO IMPORTANTI INTERESSI NELLE BANCHE ITALIANE, TRA CUI INTESA &#8211; <span>ORA INIZIA UNA PARTITA APERTISSIMA DAL PUNTO DI VISTA FINANZIARIO, MA ANCHE DA QUELLO POLITICO:<\/span> IL 26 OTTOBRE\u00a0 L\u2019ASSEMBLEA STRAORDINARIA DI MPS SARA&#8217; CHIAMATA AD APPROVARE L&#8217;ACQUISIZIONE E TUTTO PUO&#8217; SUCCEDERE&#8230;<\/p>\n<\/div>\n<p><\/a><\/article>\n<article><a href=\"https:\/\/www.dagospia.com\/cronache\/come-sta-alessandro-battista-condizioni-salute-dell-ex-deputato-485182\"><\/p>\n<div class=\"img-wrapper\"><img decoding=\"async\" src=\"https:\/\/static.dagospia.com\/img\/patch\/08-2026\/di-battista-grillo-di-maio-alessandro-2300529_600_q50.webp\" alt=\"di battista grillo di maio alessandro\" loading=\"lazy\"><\/div>\n<div class=\"excerpt\">COME STA ALESSANDRO DI BATTISTA? &#8211; LE CONDIZIONI DI SALUTE DELL&#8217;EX DEPUTATO DEL MOVIMENTO 5 STELLE,\u2026<\/div>\n<p><\/a><\/article>\n<article><a href=\"https:\/\/www.dagospia.com\/cronache\/42enne-abusa-13enne-gip-scarcera-ha-capito-aver-sbagliato-era-485509\"><\/p>\n<div class=\"img-wrapper\"><img decoding=\"async\" src=\"https:\/\/static.dagospia.com\/img\/patch\/09-2026\/carlo-nordio-violenza-sessuale-2301509_600_q50.webp\" alt=\"carlo nordio violenza sessuale \" loading=\"lazy\"><\/div>\n<div class=\"excerpt\">QUESTI GIUDICI FANNO UN REGALO ALLA PROPAGANDA DEL GOVERNO! ALLA PERIFERIA DI TORINO UN 42ENNE\u2026<\/div>\n<p><\/a><\/article>\n<article><a href=\"https:\/\/www.dagospia.com\/media-tv\/pillole-gossip-leonardo-lini-noemi-bocchi-pitt-jolie-pamela-anderson-la-485460\"><\/p>\n<div class=\"img-wrapper\"><img decoding=\"async\" src=\"https:\/\/static.dagospia.com\/img\/patch\/09-2026\/pillole-avanti-gossip-2301347_600_q50.webp\" alt=\"pillole avanti gossip\" loading=\"lazy\"><\/div>\n<div class=\"excerpt\">AVANTI, C\u2019\u00c8 GOSSIP! SARA\u2019 IL BELLOCCIO LEONARDO LINI IL MAESTRO DI NOEMI BOCCHI A &#8220;BALLANDO CON LE\u2026<\/div>\n<p><\/a><\/article>\n<article><a href=\"https:\/\/www.dagospia.com\/media-tv\/zinnette-crocette-riconoscete-debuttato-grande-schermo-giovanissima-485439\"><\/p>\n<div class=\"img-wrapper\"><img decoding=\"async\" src=\"https:\/\/static.dagospia.com\/img\/patch\/09-2026\/elle-fanning-2301310_600_q50.webp\" alt=\"elle fanning\" loading=\"lazy\"><\/div>\n<div class=\"excerpt\">LA RICONOSCETE? \u2013 HA DEBUTTATO SUL GRANDE SCHERMO DA BAMBINA. ORA CHE \u00c8 CRESCIUTA (HA 28 ANNI), HA\u2026<\/div>\n<p><\/a><\/article>\n<article><a href=\"https:\/\/www.dagospia.com\/politica\/dagoreport-grazie-trump-mondo-verso-de-americanizzazione-oggi-si-485332\"><\/p>\n<div class=\"img-wrapper\"><img decoding=\"async\" src=\"https:\/\/static.dagospia.com\/img\/patch\/09-2026\/trump-modi-xi-jinping-putin-2301524_600_q50.webp\" alt=\"trump modi xi jinping putin\" loading=\"lazy\"><\/div>\n<div class=\"excerpt\">DAGOREPORT \u2013 GRAZIE A TRUMP, IL DOLLARO RISCHIA DI DIVENTARE CARTA STRACCIA \u2013\u00a0IL PIATTO FORTE AL\u2026<\/div>\n<p><\/a><\/article>\n<article><a href=\"https:\/\/www.dagospia.com\/politica\/elly-ascolta-gli-amici-i-big-pd-scesi-in-campo-cosi-pesantemente-per-485354\"><\/p>\n<div class=\"img-wrapper\"><img decoding=\"async\" src=\"https:\/\/static.dagospia.com\/img\/patch\/08-2026\/giuseppe-conte-elly-schlein-franceschini-bonaccini-nardella-2301098_600_q50.webp\" alt=\"giuseppe conte elly schlein franceschini bonaccini nardella\" loading=\"lazy\"><\/div>\n<div class=\"excerpt\">DAGOREPORT &#8211; ELLY, ASCOLTA GLI AMICI! I CAPOCCIONI E LE MEZZECALZE DEL PD, CHE SONO SCESI COS\u00cc\u2026<\/div>\n<p><\/a><\/article>\n<article><a href=\"https:\/\/www.dagospia.com\/politica\/l-ingaggio-fedorov-fa-incazzare-zelensky-mette-in-allarme-agenzie-485343\"><\/p>\n<div class=\"img-wrapper\"><img decoding=\"async\" src=\"https:\/\/static.dagospia.com\/img\/patch\/08-2026\/fedorov-musk-thiel-zelensky-crosetto-2301168_600_q50.webp\" alt=\"fedorov musk thiel zelensky crosetto\" loading=\"lazy\"><\/div>\n<div class=\"excerpt\">DAGOREPORT &#8211; A QUALCUNO NON PIACE &#8216;STO FEDOROV &#8211;\u00a0PIU&#8217; CHE A INDIGNARE I NEURONI ALLA VODKA DI\u2026<\/div>\n<p><\/a><\/article>\n<article><a href=\"https:\/\/www.dagospia.com\/politica\/flash-c-e-grande-perplessita-i-draghi-boys-per-presenza-andrea-485336\"><\/p>\n<div class=\"img-wrapper\"><img decoding=\"async\" src=\"https:\/\/static.dagospia.com\/img\/patch\/08-2026\/xavier-niel-draghi-pignataro-2301175_600_q50.webp\" alt=\"xavier niel draghi pignataro\" loading=\"lazy\"><\/div>\n<div class=\"excerpt\">FLASH! \u2013 I \u201cDRAGHI BOYS\u201d DEL POTERE ECONOMICO ITALIANO AVREBBERO ESPRESSO QUALCHE PERPLESSITA&#8217;\u2026<\/div>\n<p><\/a><\/article>\n<article><a href=\"https:\/\/www.dagospia.com\/politica\/quale-episodio-giulia-presutti-era-habitue-cefalu-bistro-dove-piu-e-485248\"><\/p>\n<div class=\"img-wrapper\"><img decoding=\"async\" src=\"https:\/\/static.dagospia.com\/img\/patch\/08-2026\/ranucci-presutti-cianfoni-floridia-2300757_600_q50.webp\" alt=\"ranucci presutti cianfoni floridia\" loading=\"lazy\"><\/div>\n<div class=\"excerpt\">DAGOREPORT &#8211;\u00a0MA QUALE &#8220;EPISODIO&#8221;! GIULIA PRESUTTI ERA UN HABITU\u00c8 DEL \u201cCEFAL\u00d9 BISTR\u00d2\u201d DOVE PI\u00d9 VOLTE\u2026<\/div>\n<p><\/a><\/article>\n<article><a href=\"https:\/\/www.dagospia.com\/politica\/risiko-s-ingrossa-l-apertura-assicurazioni-generali-valutare-l-offerta-484996\"><\/p>\n<div class=\"img-wrapper\"><img decoding=\"async\" src=\"https:\/\/static.dagospia.com\/img\/patch\/08-2026\/generali-philippe-donnet-luigi-lovaglio-carlo-messina-2292458_600_q50.webp\" alt=\"generali philippe donnet luigi lovaglio carlo messina \" loading=\"lazy\"><\/div>\n<div class=\"excerpt\">DAGOREPORT &#8211; IL RISIKO S&#8217;INGROSSA! L\u2019APERTURA DI ASSICURAZIONI GENERALI A VALUTARE L&#8217;OFFERTA\u201d DI\u2026<\/div>\n<p><\/a><\/article>\n<article><a href=\"https:\/\/www.dagospia.com\/cronache\/voluto-trump-t-attacchi-scorta-i-leader-silicon-valley-484985\"><\/p>\n<div class=\"img-wrapper\"><img decoding=\"async\" src=\"https:\/\/static.dagospia.com\/img\/patch\/08-2026\/mark-zuckerberg-proteste-2299936_600_q50.webp\" alt=\"mark zuckerberg proteste \" loading=\"lazy\"><\/div>\n<div class=\"excerpt\">HAI VOLUTO TRUMP? E ORA T\u2019ATTACCHI ALLA SCORTA! \u2013 I LEADER DELLA SILICON VALLEY SONO OSSESSIONATI\u2026<\/div>\n<p><\/a><\/article>\n<article><a href=\"https:\/\/www.dagospia.com\/politica\/flash-giorgia-meloni-manda-armi-sottobanco-all-ucraina-per-non-spaccare-484982\"><\/p>\n<div class=\"img-wrapper\"><img decoding=\"async\" src=\"https:\/\/static.dagospia.com\/img\/patch\/08-2026\/giorgia-meloni-volodymyr-zelensky-mario-draghi-2299913_600_q50.webp\" alt=\"giorgia meloni volodymyr zelensky mario draghi \" loading=\"lazy\"><\/div>\n<div class=\"excerpt\">FLASH \u2013 GIORGIA MELONI MANDA LE ARMI SOTTOBANCO ALL\u2019UCRAINA PER NON SPACCARE LA SUA MAGGIORANZA. IL\u2026<\/div>\n<p><\/a><\/article>\n<article><a href=\"https:\/\/www.dagospia.com\/politica\/qual-era-scopo-blitz-capo-cia-mosca-i-beninformati-washington-484881\"><\/p>\n<div class=\"img-wrapper\"><img decoding=\"async\" src=\"https:\/\/static.dagospia.com\/img\/patch\/12-2025\/vladimir-putin-donald-trump-volodymyr-zelensky-2214409_600_q50.webp\" alt=\"vladimir putin donald trump volodymyr zelensky\" loading=\"lazy\"><\/div>\n<div class=\"excerpt\">FLASH! \u2013 QUANDO LE COSE GIRANO SUL PEGGIO, INTERVENGONO I SERVIZI SEGRETI &#8211;\u00a0IL BENINFORMATO\u00a0CAPO\u2026<\/div>\n<p><\/a><\/article>\n<article><a href=\"https:\/\/www.dagospia.com\/politica\/prossima-destinazione-enrico-mentana-padrone-supremo-tutta-l-informazione-484639\"><\/p>\n<div class=\"img-wrapper\"><img decoding=\"async\" src=\"https:\/\/static.dagospia.com\/img\/patch\/08-2026\/kyriakou-pier-silvio-berlusconi-enrico-mentana-crippa-fedele-confalonieri-medias-2298828_600_q50.webp\" alt=\"kyriakou pier silvio berlusconi enrico mentana crippa fedele confalonieri mediaset urbano cairo marina\" loading=\"lazy\"><\/div>\n<div class=\"excerpt\">DAGOREPORT &#8211; RITORNA A CASA, LESSO! SI ACCAVALLANO LE VOCI CHE LA PROSSIMA DESTINAZIONE DI ENRICO\u2026<\/div>\n<p><\/a><\/article>\n<article><a href=\"https:\/\/www.dagospia.com\/cafonal\/cafonalino-roma-proiezione-documentario-marco-bellocchio-marco-travaglio-485081\"><\/p>\n<div class=\"img-wrapper\"><img decoding=\"async\" src=\"https:\/\/static.dagospia.com\/img\/patch\/08-2026\/2026bellocchio-anteprima-film-di-marco-bellocchio-2300339_600_q50.webp\" alt=\"2026bellocchio anteprima film di marco bellocchio\" loading=\"lazy\"><\/div>\n<div class=\"excerpt\">CAFONALINO! AL CINEMA QUATTRO FONTANE DI ROMA LA PROIEZIONE SPECIALE DEL DOCUMENTARIO \u201cMARCO\u2026<\/div>\n<p><\/a><\/article>\n<article><a href=\"https:\/\/www.dagospia.com\/cafonal\/cafonal-show-ranucci-cerveteri-freni-ho-fatto-scoop-nazionali-484807\"><\/p>\n<div class=\"img-wrapper\"><img decoding=\"async\" src=\"https:\/\/static.dagospia.com\/img\/patch\/08-2026\/2026ranucci-sigfrido-ranucci-2299409_600_q50.webp\" alt=\"2026ranucci sigfrido ranucci\" loading=\"lazy\"><\/div>\n<div class=\"excerpt\">SIGFRIDO, IL MASANIELLO DE NOANTRI \u2013 RANUCCI HA PERSO OGNI FRENO E, ALLA PRESENTAZIONE DEL SUO\u2026<\/div>\n<p><\/a><\/article>\n<article><a href=\"https:\/\/www.dagospia.com\/cafonal\/funeralino-l-ultimo-saluto-mitico-produttore-cinematografico-fulvio-484127\"><\/p>\n<div class=\"img-wrapper\"><img decoding=\"async\" src=\"https:\/\/static.dagospia.com\/img\/patch\/08-2026\/2026lucisano-2297424_600_q50.webp\" alt=\"2026lucisano\" loading=\"lazy\"><\/div>\n<div class=\"excerpt\">FUNERALINO \u2013 NELLA CALLARA ROMANA D\u2019AGOSTO, L\u2019ULTIMO SALUTO AL MITICO PRODUTTORE CINEMATOGRAFICO\u2026<\/div>\n<p><\/a><\/article>\n<article><a href=\"https:\/\/www.dagospia.com\/cafonal\/cafonalino-pizza-riformista-matteo-renzi-raduna-i-suoi-prima-delle-480816\"><\/p>\n<div class=\"img-wrapper\"><img decoding=\"async\" src=\"https:\/\/static.dagospia.com\/img\/patch\/07-2026\/2026kraken-matteo-renzi-2286047_600_q50.webp\" alt=\"2026kraken matteo renzi \" loading=\"lazy\"><\/div>\n<div class=\"excerpt\">CAFONALINO DELLA PIZZA RIFORMISTA \u2013 RENZI RADUNA I SUOI PRIMA DELLE VACANZE ESTIVE AL SATYRUS DI\u2026<\/div>\n<p><\/a><\/article>\n<article><a href=\"https:\/\/www.dagospia.com\/cafonal\/cafonalino-moreno-party-roma-manuela-moreno-festeggia-i-60-anni-480777\"><\/p>\n<div class=\"img-wrapper\"><img decoding=\"async\" src=\"https:\/\/static.dagospia.com\/img\/patch\/07-2026\/manuela-moreno-festa-60-anni-2285871_600_q50.webp\" alt=\"manuela moreno festa 60 anni \" loading=\"lazy\"><\/div>\n<div class=\"excerpt\">CAFONALINO! NO MORENO, NO PARTY \u2013 A ROMA, AL LOVE BAR DI PONTE MILVIO, MANUELA MORENO, CONDUTTRICE\u2026<\/div>\n<p><\/a><\/article>\n<article><a href=\"https:\/\/www.dagospia.com\/cafonal\/cafonalino-firenze-tevere-direttori-redattori-forchettoni-scrocconi-480745\"><\/p>\n<div class=\"img-wrapper\"><img decoding=\"async\" src=\"https:\/\/static.dagospia.com\/img\/patch\/07-2026\/2026agno-marco-agnoletti-2285763_600_q50.webp\" alt=\"2026agno marco agnoletti \" loading=\"lazy\"><\/div>\n<div class=\"excerpt\">CAFONALINO DEGLI AGNOLETTI IN BRODO &#8211; DIRETTORI, REDATTORI, FORCHETTONI E SCROCCONI SFIDANO\u2026<\/div>\n<p><\/a><\/article>\n<p>[analyse_source url=&#8221;https:\/\/www.dagospia.com\/cronache\/galliano-spiedo-metropolitan-museum-new-york-cancellato-mostra-dedicata-485471&#8243;]<\/p>\n","protected":false},"excerpt":{"rendered":"<p>[analyse_image type=&#8221;featured&#8221; src=&#8221;https:\/\/static.dagospia.com\/img\/patch\/08-2026\/la-mostra-john-galliano-horizons-al-met-di-new-york-1-2294738_600_q50.webp&#8221;] 1 set 2026 17:36 GALLIANO ALLO SPIEDO \u2013 IL \u201cMETROPOLITAN MUSEUM\u201d DI NEW YORK HA CANCELLATO LA MOSTRA DEDICATA A JOHN GALLIANO DOPO LE POLEMICHE PER LE USCITE ANTISEMITE E RAZZISTE DELLO STILISTA, CHE NEL 2011 HANNO PORTATO AL SUO LICENZIAMENTO DA DIOR \u2013 TRA GLI EPISODI, UN VIDEO GIRATO IN UN [&hellip;]<\/p>\n","protected":false},"author":1,"featured_media":0,"comment_status":"open","ping_status":"","sticky":false,"template":"","format":"standard","meta":{"footnotes":""},"categories":[87],"tags":[226,149],"class_list":["post-2123116","post","type-post","status-publish","format-standard","hentry","category-italy","tag-crawlmanager","tag-dagospia-com"],"_links":{"self":[{"href":"https:\/\/analyse.optim.biz\/index.php?rest_route=\/wp\/v2\/posts\/2123116","targetHints":{"allow":["GET"]}}],"collection":[{"href":"https:\/\/analyse.optim.biz\/index.php?rest_route=\/wp\/v2\/posts"}],"about":[{"href":"https:\/\/analyse.optim.biz\/index.php?rest_route=\/wp\/v2\/types\/post"}],"author":[{"embeddable":true,"href":"https:\/\/analyse.optim.biz\/index.php?rest_route=\/wp\/v2\/users\/1"}],"replies":[{"embeddable":true,"href":"https:\/\/analyse.optim.biz\/index.php?rest_route=%2Fwp%2Fv2%2Fcomments&post=2123116"}],"version-history":[{"count":0,"href":"https:\/\/analyse.optim.biz\/index.php?rest_route=\/wp\/v2\/posts\/2123116\/revisions"}],"wp:attachment":[{"href":"https:\/\/analyse.optim.biz\/index.php?rest_route=%2Fwp%2Fv2%2Fmedia&parent=2123116"}],"wp:term":[{"taxonomy":"category","embeddable":true,"href":"https:\/\/analyse.optim.biz\/index.php?rest_route=%2Fwp%2Fv2%2Fcategories&post=2123116"},{"taxonomy":"post_tag","embeddable":true,"href":"https:\/\/analyse.optim.biz\/index.php?rest_route=%2Fwp%2Fv2%2Ftags&post=2123116"}],"curies":[{"name":"wp","href":"https:\/\/api.w.org\/{rel}","templated":true}]}}