{"id":2123105,"date":"2026-09-01T14:36:00","date_gmt":"2026-09-01T11:36:00","guid":{"rendered":"https:\/\/analyse.optim.biz\/?p=2123105"},"modified":"2026-09-01T14:36:00","modified_gmt":"2026-09-01T11:36:00","slug":"allex-atleta-paralimpica-patrizia-sacca-e-stato-negato-di-imbarcare-un-volo-ryanair-in-partenza-da","status":"publish","type":"post","link":"https:\/\/analyse.optim.biz\/?p=2123105","title":{"rendered":"All\u2019ex atleta paralimpica patrizia sacc\u00c0 \u00c8 stato negato di imbarcare un volo ryanair, in partenza da"},"content":{"rendered":"<p>[analyse_image type=&#8221;featured&#8221; src=&#8221;https:\/\/static.dagospia.com\/img\/patch\/09-2026\/patrizia-sacca-2301348_600_q50.webp&#8221;]<\/p>\n<article>\n<div class=\"img-wrapper\"><img decoding=\"async\" src=\"https:\/\/static.dagospia.com\/img\/patch\/09-2026\/patrizia-sacca-2301348_600_q50.webp\" alt=\"patrizia sacca \"><time class=\"data-ora\">1 set 2026 16:36<\/time><\/div>\n<p><strong><span>ODISSEA NELLA&#8230; CARROZZINA <\/span><\/strong>\u2013\u00a0<strong>ALL\u2019EX ATLETA PARALIMPICA PATRIZIA SACC\u00c0 \u00c8 STATO NEGATO DI IMBARCARSI SU UN VOLO RYANAIR, IN PARTENZA DA TORINO E DIRETTO A CROTONE, PERCH\u00c9 LA BATTERIA DEL RUOTINO ELETTRICO DELLA SUA CARROZZINA \u00c8 STATO VALUTATO \u201cNON IN REGOLA\u201d \u2013 <span>MA LA BATTERIA ERA DA 300 WH, IL LIMITE CONSENTITO DALLE REGOLE, E LA 59ENNE AVEVA PRESENTATO TUTTA LA DOCUMENTAZIONE,<\/span> DICENDO DI AVER PRESO CIRCA MILLE VOLI SENZA PROBLEMI: \u201cNON \u00c8 SERVITO A NULLA, MI HANNO DETTO CHE\u2026\u201d<\/strong><\/p>\n<div class=\"share-section\">\n                Condividi  questo articolo<\/p>\n<div class=\"socials\"><a href=\"http:\/\/www.facebook.com\/sharer.php?u=http:\/\/www.dagospia.com\/cronache\/all-ex-atleta-paralimpica-patrizia-sacca-e-negato-imbarcare-volo-ryanair-485459\" target=\"_blank\"><img decoding=\"async\" src=\"https:\/\/static.dagospia.com\/img\/icons\/facebook.svg\" alt=\"Condividi su Facebook\"><\/a><a href=\"http:\/\/www.twitter.com\/share?url=http:\/\/www.dagospia.com\/cronache\/all-ex-atleta-paralimpica-patrizia-sacca-e-negato-imbarcare-volo-ryanair-485459&amp;text=ALL%E2%80%99EX%20ATLETA%20PARALIMPICA%20PATRIZIA%20SACC%C3%80%20%C3%88%20STATO%20NEGATO%20DI%20IMBARCARE%20UN%20VOLO%20RYANAIR,%20IN%20PARTENZA%20DA\" target=\"_blank\"><img decoding=\"async\" src=\"https:\/\/static.dagospia.com\/img\/icons\/x-icon.png\" alt=\"Condividi su X\"><\/a><a href=\"\/\/www.dagospia.com\/cronache\/all-ex-atleta-paralimpica-patrizia-sacca-e-negato-imbarcare-volo-ryanair-485459\" target=\"_blank\"><img decoding=\"async\" src=\"https:\/\/static.dagospia.com\/img\/icons\/whatsapp.svg\" alt=\"Condividi su Whatsapp\"><\/a><a href=\"mailto:?body=http:\/\/www.dagospia.com\/cronache\/all-ex-atleta-paralimpica-patrizia-sacca-e-negato-imbarcare-volo-ryanair-485459\" target=\"_blank\"><img decoding=\"async\" src=\"https:\/\/static.dagospia.com\/img\/icons\/mail.svg\" alt=\"Invia in email\"><\/a><\/div>\n<\/div>\n<div class=\"content\">\n<p class=\"disable\"><strong>Estratto dell\u2019articolo di Pier Francesco Caracciolo per<a href=\"http:\/\/www.lastampa.it\" target=\"_blank\"> \u201cLa Stampa\u201d<\/a><\/strong><\/p>\n<p class=\"disable\">\u00a0<\/p>\n<p><a href=\"https:\/\/www.dagospia.com\/media-gallery\/dago-fotogallery-521886\/2301336\" class=\"float-right img-wrapper\"><img decoding=\"async\" id=\"2301336\" loading=\"lazy\" src=\"https:\/\/static.dagospia.com\/img\/foto\/09-2026\/patrizia-sacca-5-2301336_800_q50.webp\"><span class=\"img-title\">patrizia sacca&#8217; 5<\/span><\/a><\/p>\n<p class=\"disable\">Il volo era l\u00ec, a un passo. Patrizia Sacc\u00e0, ex atleta paralimpica, era arrivata all&#8217;aeroporto di Torino-Caselle di buon mattino, pronta a partire per le vacanze. Destinazione Crotone. Aveva gi\u00e0 fatto il check-in online, con s\u00e9 aveva il bagaglio e il suo ruotino elettrico, che da sempre aggancia alla carrozzina per muoversi pi\u00f9 agevolmente.<\/p>\n<p class=\"disable\">\u00a0<\/p>\n<p class=\"disable\">Poi, al banco, qualcosa si \u00e8 inceppato. Una discussione sulla batteria del dispositivo, i documenti da mostrare, i minuti che passavano. [\u2026] Finch\u00e9 \u00e8 arrivata la frase che Sacc\u00e0 non avrebbe voluto sentire: \u00abIl volo \u00e8 chiuso\u00bb. E l&#8217;aereo \u00e8 partito senza di lei. [\u2026]<\/p>\n<p class=\"disable\">\u00a0<\/p>\n<p class=\"disable\">La partenza del volo Ryanair per Crotone era fissata per le 9,50. Sacc\u00e0 si era presentata alla Sala Amica, il servizio di assistenza per i passeggeri con mobilit\u00e0 ridotta, con la documentazione tecnica del ruotino. Capacit\u00e0 della batteria al litio: 300 Wh. Peso: 20 chili. \u00abMa allo sportello del check-in mi \u00e8 stato contestato che quelle informazioni non risultavano\u00bb.<\/p>\n<p><a href=\"https:\/\/www.dagospia.com\/media-gallery\/dago-fotogallery-521886\/2301337\" class=\"float-left img-wrapper\"><img decoding=\"async\" id=\"2301337\" loading=\"lazy\" src=\"https:\/\/static.dagospia.com\/img\/foto\/09-2026\/patrizia-sacca-8-2301337_800_q50.webp\"><span class=\"img-title\">patrizia sacca&#8217; 8<\/span><\/a><\/p>\n<p class=\"disable\">\u00a0<\/p>\n<p class=\"disable\">Secondo i regolamenti Iata, l&#8217;organizzazione che unisce e rappresenta la maggior parte delle compagnie aeree del mondo, un ruotino elettrico pu\u00f2 essere imbarcato solo se la capacit\u00e0 della batteria al litio non supera i 300 Wh. Sacc\u00e0 assicura di aver provato a chiarire la situazione. Ha mostrato i documenti e ha chiesto di parlare con un responsabile. \u00abNon \u00e8 servito\u00bb. Alle 9,20 \u00e8 arrivato il verdetto: \u00abIl volo \u00e8 chiuso\u00bb. [\u2026]<\/p>\n<p class=\"disable\">\u00a0<\/p>\n<p class=\"disable\">Fino a sera \u00e8 rimasta in aeroporto. Ha cercato un&#8217;alternativa per la Calabria. Poi ha trovato un volo per Lamezia Terme. Decisivo l&#8217;intervento di una dipendente della biglietteria. \u00abMi ha ascoltata, ha capito la situazione e per mezz&#8217;ora si \u00e8 messa a cercare una soluzione\u00bb. Alla fine l&#8217;ha trovata.<\/p>\n<p class=\"disable\">\u00a0<\/p>\n<p><a href=\"https:\/\/www.dagospia.com\/media-gallery\/dago-fotogallery-521886\/2301333\" class=\"float-right img-wrapper\"><img decoding=\"async\" id=\"2301333\" loading=\"lazy\" src=\"https:\/\/static.dagospia.com\/img\/foto\/09-2026\/patrizia-sacca-1-2301333_800_q50.webp\"><span class=\"img-title\">patrizia sacca&#8217; 1<\/span><\/a><\/p>\n<p class=\"disable\">Sacc\u00e0, ex atleta paralimpica di tennistavolo, ieri ha festeggiato il compleanno. Ha gareggiato per 28 anni, partecipato a due Paralimpiadi e conquistato il bronzo a Barcellona nel 1992. \u00c8 stata anche consigliera della giunta nazionale del Comitato Italiano Paralimpico. In carriera, racconta, ha preso \u00abalmeno un migliaio di voli\u00bb e utilizzato il proprio ausilio elettrico senza incontrare problemi.<\/p>\n<p class=\"disable\">\u00a0<\/p>\n<p class=\"disable\">Per questo, dice, non si tratta soltanto di un aereo perso. \u00abA Caselle di solito c&#8217;\u00e8 una disponibilit\u00e0 superiore rispetto ad altri scali. Ma dipende da chi incontri\u00bb. Nel dicembre 2024 aveva gi\u00e0 raccontato pubblicamente un&#8217;odissea legata alla propria carrozzina elettrica durante un viaggio con scalo a Monaco.<\/p>\n<p class=\"disable\">\u00a0<\/p>\n<p><a href=\"https:\/\/www.dagospia.com\/media-gallery\/dago-fotogallery-521886\/2301334\" class=\"float-left img-wrapper\"><img decoding=\"async\" id=\"2301334\" loading=\"lazy\" src=\"https:\/\/static.dagospia.com\/img\/foto\/09-2026\/patrizia-sacca-2-2301334_800_q50.webp\"><span class=\"img-title\">patrizia sacca&#8217; 2<\/span><\/a><\/p>\n<p class=\"disable\">Ora il suo messaggio \u00e8 lo stesso: \u00abNon cerco colpevoli. Cerco risposte\u00bb. Sagat, l&#8217;azienda che gestisce l&#8217;aeroporto, si dice \u00abrammaricata\u00bb per l&#8217;accaduto. Sta \u00abverificando quanto successo\u00bb. La societ\u00e0 precisa che, anche dopo aver effettuato il check-in online, chi deve imbarcare una sedia a rotelle deve comunque presentarsi al banco check-in. E deve farlo \u00abcon largo anticipo e con la documentazione tecnica necessaria\u00bb. Nessun commento, invece, da Ryanair. [\u2026]<\/p>\n<p><a href=\"https:\/\/www.dagospia.com\/media-gallery\/dago-fotogallery-521886\/2301335\" class=\"float-right img-wrapper\"><img decoding=\"async\" id=\"2301335\" loading=\"lazy\" src=\"https:\/\/static.dagospia.com\/img\/foto\/09-2026\/patrizia-sacca-3-2301335_800_q50.webp\"><span class=\"img-title\">patrizia sacca&#8217; 3<\/span><\/a><\/p>\n<\/div>\n<div class=\"share-section\">\n                Condividi  questo articolo<\/p>\n<div class=\"socials\"><a href=\"https:\/\/www.dagospia.com\/cronache\/all-ex-atleta-paralimpica-patrizia-sacca-e-negato-imbarcare-volo-ryanair-485459\"><img decoding=\"async\" src=\"https:\/\/static.dagospia.com\/img\/icons\/facebook.svg\" alt=\"Condividi su Facebook\"><\/a><a href=\"https:\/\/www.dagospia.com\/cronache\/all-ex-atleta-paralimpica-patrizia-sacca-e-negato-imbarcare-volo-ryanair-485459\"><img decoding=\"async\" src=\"https:\/\/static.dagospia.com\/img\/icons\/x-icon.png\" alt=\"Condividi su X\"><\/a><a href=\"https:\/\/www.dagospia.com\/cronache\/all-ex-atleta-paralimpica-patrizia-sacca-e-negato-imbarcare-volo-ryanair-485459\"><img decoding=\"async\" src=\"https:\/\/static.dagospia.com\/img\/icons\/whatsapp.svg\" alt=\"Condividi su Whatsapp\"><\/a><a href=\"https:\/\/www.dagospia.com\/cronache\/all-ex-atleta-paralimpica-patrizia-sacca-e-negato-imbarcare-volo-ryanair-485459\"><img decoding=\"async\" src=\"https:\/\/static.dagospia.com\/img\/icons\/mail.svg\" alt=\"Invia in email\"><\/a><\/div>\n<\/div>\n<\/article>\n<div class=\"content\">\n<p class=\"disable\"><strong>Estratto dell\u2019articolo di Pier Francesco Caracciolo per<a href=\"http:\/\/www.lastampa.it\" target=\"_blank\"> \u201cLa Stampa\u201d<\/a><\/strong><\/p>\n<p class=\"disable\">\u00a0<\/p>\n<p><a href=\"https:\/\/www.dagospia.com\/media-gallery\/dago-fotogallery-521886\/2301336\" class=\"float-right img-wrapper\"><img decoding=\"async\" id=\"2301336\" loading=\"lazy\" src=\"https:\/\/static.dagospia.com\/img\/foto\/09-2026\/patrizia-sacca-5-2301336_800_q50.webp\"><span class=\"img-title\">patrizia sacca&#8217; 5<\/span><\/a><\/p>\n<p class=\"disable\">Il volo era l\u00ec, a un passo. Patrizia Sacc\u00e0, ex atleta paralimpica, era arrivata all&#8217;aeroporto di Torino-Caselle di buon mattino, pronta a partire per le vacanze. Destinazione Crotone. Aveva gi\u00e0 fatto il check-in online, con s\u00e9 aveva il bagaglio e il suo ruotino elettrico, che da sempre aggancia alla carrozzina per muoversi pi\u00f9 agevolmente.<\/p>\n<p class=\"disable\">\u00a0<\/p>\n<p class=\"disable\">Poi, al banco, qualcosa si \u00e8 inceppato. Una discussione sulla batteria del dispositivo, i documenti da mostrare, i minuti che passavano. [\u2026] Finch\u00e9 \u00e8 arrivata la frase che Sacc\u00e0 non avrebbe voluto sentire: \u00abIl volo \u00e8 chiuso\u00bb. E l&#8217;aereo \u00e8 partito senza di lei. [\u2026]<\/p>\n<p class=\"disable\">\u00a0<\/p>\n<p class=\"disable\">La partenza del volo Ryanair per Crotone era fissata per le 9,50. Sacc\u00e0 si era presentata alla Sala Amica, il servizio di assistenza per i passeggeri con mobilit\u00e0 ridotta, con la documentazione tecnica del ruotino. Capacit\u00e0 della batteria al litio: 300 Wh. Peso: 20 chili. \u00abMa allo sportello del check-in mi \u00e8 stato contestato che quelle informazioni non risultavano\u00bb.<\/p>\n<p><a href=\"https:\/\/www.dagospia.com\/media-gallery\/dago-fotogallery-521886\/2301337\" class=\"float-left img-wrapper\"><img decoding=\"async\" id=\"2301337\" loading=\"lazy\" src=\"https:\/\/static.dagospia.com\/img\/foto\/09-2026\/patrizia-sacca-8-2301337_800_q50.webp\"><span class=\"img-title\">patrizia sacca&#8217; 8<\/span><\/a><\/p>\n<p class=\"disable\">\u00a0<\/p>\n<p class=\"disable\">Secondo i regolamenti Iata, l&#8217;organizzazione che unisce e rappresenta la maggior parte delle compagnie aeree del mondo, un ruotino elettrico pu\u00f2 essere imbarcato solo se la capacit\u00e0 della batteria al litio non supera i 300 Wh. Sacc\u00e0 assicura di aver provato a chiarire la situazione. Ha mostrato i documenti e ha chiesto di parlare con un responsabile. \u00abNon \u00e8 servito\u00bb. Alle 9,20 \u00e8 arrivato il verdetto: \u00abIl volo \u00e8 chiuso\u00bb. [\u2026]<\/p>\n<p class=\"disable\">\u00a0<\/p>\n<p class=\"disable\">Fino a sera \u00e8 rimasta in aeroporto. Ha cercato un&#8217;alternativa per la Calabria. Poi ha trovato un volo per Lamezia Terme. Decisivo l&#8217;intervento di una dipendente della biglietteria. \u00abMi ha ascoltata, ha capito la situazione e per mezz&#8217;ora si \u00e8 messa a cercare una soluzione\u00bb. Alla fine l&#8217;ha trovata.<\/p>\n<p class=\"disable\">\u00a0<\/p>\n<p><a href=\"https:\/\/www.dagospia.com\/media-gallery\/dago-fotogallery-521886\/2301333\" class=\"float-right img-wrapper\"><img decoding=\"async\" id=\"2301333\" loading=\"lazy\" src=\"https:\/\/static.dagospia.com\/img\/foto\/09-2026\/patrizia-sacca-1-2301333_800_q50.webp\"><span class=\"img-title\">patrizia sacca&#8217; 1<\/span><\/a><\/p>\n<p class=\"disable\">Sacc\u00e0, ex atleta paralimpica di tennistavolo, ieri ha festeggiato il compleanno. Ha gareggiato per 28 anni, partecipato a due Paralimpiadi e conquistato il bronzo a Barcellona nel 1992. \u00c8 stata anche consigliera della giunta nazionale del Comitato Italiano Paralimpico. In carriera, racconta, ha preso \u00abalmeno un migliaio di voli\u00bb e utilizzato il proprio ausilio elettrico senza incontrare problemi.<\/p>\n<p class=\"disable\">\u00a0<\/p>\n<p class=\"disable\">Per questo, dice, non si tratta soltanto di un aereo perso. \u00abA Caselle di solito c&#8217;\u00e8 una disponibilit\u00e0 superiore rispetto ad altri scali. Ma dipende da chi incontri\u00bb. Nel dicembre 2024 aveva gi\u00e0 raccontato pubblicamente un&#8217;odissea legata alla propria carrozzina elettrica durante un viaggio con scalo a Monaco.<\/p>\n<p class=\"disable\">\u00a0<\/p>\n<p><a href=\"https:\/\/www.dagospia.com\/media-gallery\/dago-fotogallery-521886\/2301334\" class=\"float-left img-wrapper\"><img decoding=\"async\" id=\"2301334\" loading=\"lazy\" src=\"https:\/\/static.dagospia.com\/img\/foto\/09-2026\/patrizia-sacca-2-2301334_800_q50.webp\"><span class=\"img-title\">patrizia sacca&#8217; 2<\/span><\/a><\/p>\n<p class=\"disable\">Ora il suo messaggio \u00e8 lo stesso: \u00abNon cerco colpevoli. Cerco risposte\u00bb. Sagat, l&#8217;azienda che gestisce l&#8217;aeroporto, si dice \u00abrammaricata\u00bb per l&#8217;accaduto. Sta \u00abverificando quanto successo\u00bb. La societ\u00e0 precisa che, anche dopo aver effettuato il check-in online, chi deve imbarcare una sedia a rotelle deve comunque presentarsi al banco check-in. E deve farlo \u00abcon largo anticipo e con la documentazione tecnica necessaria\u00bb. Nessun commento, invece, da Ryanair. [\u2026]<\/p>\n<p><a href=\"https:\/\/www.dagospia.com\/media-gallery\/dago-fotogallery-521886\/2301335\" class=\"float-right img-wrapper\"><img decoding=\"async\" id=\"2301335\" loading=\"lazy\" src=\"https:\/\/static.dagospia.com\/img\/foto\/09-2026\/patrizia-sacca-3-2301335_800_q50.webp\"><span class=\"img-title\">patrizia sacca&#8217; 3<\/span><\/a><\/p>\n<\/div>\n<article><a href=\"https:\/\/www.dagospia.com\/politica\/dagoreport-grazie-trump-mondo-verso-de-americanizzazione-oggi-si-485332\"><\/p>\n<div class=\"img-wrapper\"><img decoding=\"async\" src=\"https:\/\/static.dagospia.com\/img\/patch\/09-2026\/trump-modi-xi-jinping-putin-2301524_600_q50.webp\" alt=\"trump modi xi jinping putin\" loading=\"lazy\"><time class=\"data-ora\">1 set 19:59<\/time><\/div>\n<div class=\"excerpt\">\n<p>DAGOREPORT \u2013<span> GRAZIE A TRUMP, IL DOLLARO RISCHIA DI DIVENTARE CARTA STRACCIA \u2013<\/span>\u00a0IL PIATTO FORTE AL SUMMIT IN KIRGHIZISTAN DI XI JINPING, VLADIMIR PUTIN E NARENDRA MODI, HA FATTO STRA-INCAZZARE IL CALIGOLA DELLA CASA BIANCA: SUL TAVOLO,\u00a0<span>IL PROGETTO DEI &#8221;BRICS&#8221; (BRASILE, RUSSIA, INDIA, CINA, SUDAFRICA) DI DAR VITA A UNA \u201cMONETA UNICA&#8221;, PER FAR FUORI IL DOLLARO NEGLI SCAMBI INTERNAZIONALI<\/span>\u00a0&#8211; CON UN DEBITO PUBBLICO MONSTRE DI 40MILA MILIARDI, LA DE-DOLLARIZZAZIONE SAREBBE LA FINE DELL&#8217;IMPERO AMERICANO: IL VERDONE&#8221; VIENE UTILIZZATO IN OLTRE L&#8217;80% DELLE TRANSAZIONI COMMERCIALI E IN PI\u00d9 DELLA MET\u00c0 DEI PAGAMENTI INTERNAZIONALI DELLE MATERIE PRIME, COME IL PETROLIO\u00a0&#8211; <span>LA DECISIONE E&#8217; NELLE MANI DELLA CINA: RINUNCERA&#8217; ALLO MONETA NAZIONALE, LO YUAN, PER DIVENTARE LA LOCOMOTIVA DEI &#8221;BRICS&#8221;?<\/span>\u00a0&#8211;\u00a0SUL MAGGIORE IMPEGNO A FAVORE DELL\u2019IRAN, PESANO I DUBBI\u00a0DI MODI (GLI USA SONO IL PRIMO PARTNER COMMERCIALE DELL\u2019INDIA)\u00a0&#8211; PROSSIMO ROUND: IL VERTICE DI XI JIN PING DEL 24 SETTEMBRE CON IL &#8220;DERAGLIATO MENTALE&#8221; DELLA CASA BIANCA&#8230;<\/p>\n<\/div>\n<p><\/a><\/article>\n<article><a href=\"https:\/\/www.dagospia.com\/politica\/elly-ascolta-gli-amici-i-big-pd-scesi-in-campo-cosi-pesantemente-per-485354\"><\/p>\n<div class=\"img-wrapper\"><img decoding=\"async\" src=\"https:\/\/static.dagospia.com\/img\/patch\/08-2026\/giuseppe-conte-elly-schlein-franceschini-bonaccini-nardella-2301098_600_q50.webp\" alt=\"giuseppe conte elly schlein franceschini bonaccini nardella\" loading=\"lazy\"><time class=\"data-ora\">31 ago 20:17<\/time><\/div>\n<div class=\"excerpt\">\n<p>DAGOREPORT &#8211; <span>ELLY, ASCOLTA GLI AMICI!<\/span> I CAPOCCIONI E LE MEZZECALZE DEL PD, CHE SONO SCESI COS\u00cc PESANTEMENTE IN CAMPO PER SCONGIURARE LA JATTURA DELLE PRIMARIE, NON CE L&#8217;HANNO CON TE, LO FANNO SOLO PER IL TUO BENE &#8211; CERTO, TEMONO (A RAGIONE) ANCHE PER LA LORO SOPRAVVIVENZA PARLAMENTARE: <span>SE ELLY, COME PROBABILE, PERDESSE AI GAZEBO IL DUELLO CON CONTE, TRASCINEREBBE IL PARTITO NEL BARATRO <\/span>&#8211; \u00c8 PER QUESTO CHE DA QUALCHE SETTIMANA SONO PARTITI GLI AVVERTIMENTI VIA STAMPA, ANCHE DI ESPONENTI PD NON OSTILI ALLA SCHLEIN COME DARIO NARDELLA, DI FARE UN PASSO INDIETRO \u2013 <span>LA TRAGEDIA \u00c8 CHE L\u2019AMBIZIOSA DUCETTA DEL NAZARENO, NONOSTANTE I SONDAGGI HORROR, SI VEDE GI\u00c0 A PALAZZO CHIGI, VALUTANDOLI COME ATTACCHI ALLA SUA LEADERSHIP<\/span>: \u201cLE INTERVISTE SULLE PRIMARIE? SONO SOLO ESERCIZI INTELLETTUALI, ALLA FESTA DELL\u2019UNITA\u2019 PARLO IO\u201d &#8211; SE ELLY CONTINUA COS\u00cc, RISCHIA CHE LA SUA PROSSIMA OCCUPAZIONE SARA&#8217; DI BALLARE SUI CARRI DEL GAY PRIDE&#8230;<\/p>\n<\/div>\n<p><\/a><\/article>\n<article><a href=\"https:\/\/www.dagospia.com\/politica\/l-ingaggio-fedorov-fa-incazzare-zelensky-mette-in-allarme-agenzie-485343\"><\/p>\n<div class=\"img-wrapper\"><img decoding=\"async\" src=\"https:\/\/static.dagospia.com\/img\/patch\/08-2026\/fedorov-musk-thiel-zelensky-crosetto-2301168_600_q50.webp\" alt=\"fedorov musk thiel zelensky crosetto\" loading=\"lazy\"><time class=\"data-ora\">31 ago 18:41<\/time><\/div>\n<div class=\"excerpt\">\n<p>DAGOREPORT &#8211; <span>A QUALCUNO NON PIACE &#8216;STO FEDOROV<\/span> &#8211;\u00a0PIU&#8217; CHE A INDIGNARE I NEURONI ALLA VODKA DI VANNACCI E DI TRAVAGLIO, L\u2019INGAGGIO DEL GOVERNO ITALIANO DELL&#8217;EX MINISTRO DELLA DIFESA UCRAINO<span> FA INCAZZARE ZELENSKY E METTE IN ALLARME LE AGENZIE DI INTELLIGENCE EUROPEE &#8211; <\/span>IL DINAMISMO DEL NOVELLO CONSULENTE DEL MINISTRO CROSETTO NON POTEVA NON FINIRE &#8220;ATTENZIONATO&#8221;, VISTO E CONFERMATO <span>IL RAPPORTO STRETTISSIMO CON L&#8217;EMINENZA GRIGIA DELLA TECNO-DESTRA PETER THIEL E CON IL CAVALIERE NERO DELLA GALASSIA MAGA, ELON MUSK<\/span> &#8211; \u00c8 STATO FEDOROV A OTTENERE LO SBLOCCO DEL SISTEMA STARLINK E A COLTIVARE RAPPORTI CON PALANTIR, CHE FORNISCE A KIEV I SOFTWARE PER LA DIFESA &#8211; <span>CHE STA COMBINANDO IN QUESTI GIORNI FEDOROV NEGLI STATI UNITI? <\/span>COSA VOGLIONO MUSK E THIEL DA LUI? LE ELEZIONI A KIEV, MAGARI PER SOSTITUIRE ZELENSKY E ARRIVARE A QUALUNQUE \u2018PACE\u2019\u201d?<\/p>\n<\/div>\n<p><\/a><\/article>\n<article><a href=\"https:\/\/www.dagospia.com\/politica\/flash-c-e-grande-perplessita-i-draghi-boys-per-presenza-andrea-485336\"><\/p>\n<div class=\"img-wrapper\"><img decoding=\"async\" src=\"https:\/\/static.dagospia.com\/img\/patch\/08-2026\/xavier-niel-draghi-pignataro-2301175_600_q50.webp\" alt=\"xavier niel draghi pignataro\" loading=\"lazy\"><time class=\"data-ora\">31 ago 18:19<\/time><\/div>\n<div class=\"excerpt\">\n<p>FLASH! \u2013 <span>I \u201cDRAGHI BOYS\u201d DEL POTERE ECONOMICO ITALIANO AVREBBERO ESPRESSO QUALCHE PERPLESSITA&#8217; ALL\u2019EX PREMIER<\/span> SULLA PRESENZA DEL MISTERIOSO MILIARDARIO <span>ANDREA PIGNATARO E DEL FONDATORE DI ILIAD, IL FRANCESE XAVIER NIEL, <\/span>CHE NEL 2004 FU CONDANNATO A DUE ANNI DI GALERA (CON LA CONDIZIONALE), NEL \u201cRHINE GROUP\u201d, IL THINK TANK FONDATO DA \u201cMARIOPIO\u201d PER DARE UNA SFERZATA ALL\u2019UNIONE EUROPEA, COMPOSTO DA 54 MANAGER, ECONOMISTI, ACCADEMICI E IMPRENDITORI TECNOLOGICI&#8230;.<\/p>\n<\/div>\n<p><\/a><\/article>\n<article><a href=\"https:\/\/www.dagospia.com\/politica\/quale-episodio-giulia-presutti-era-habitue-cefalu-bistro-dove-piu-e-485248\"><\/p>\n<div class=\"img-wrapper\"><img decoding=\"async\" src=\"https:\/\/static.dagospia.com\/img\/patch\/08-2026\/ranucci-presutti-cianfoni-floridia-2300757_600_q50.webp\" alt=\"ranucci presutti cianfoni floridia\" loading=\"lazy\"><time class=\"data-ora\">30 ago 19:14<\/time><\/div>\n<div class=\"excerpt\">\n<p>DAGOREPORT &#8211;<span>\u00a0MA QUALE &#8220;EPISODIO&#8221;! GIULIA PRESUTTI ERA UN HABITU\u00c8 DEL \u201cCEFAL\u00d9 BISTR\u00d2\u201d<\/span> DOVE PI\u00d9 VOLTE \u00c8 STATA VISTA INSIEME ALL\u2019AMICA LAURA CIANFONI, CHE A SUA VOLTA \u00c8 LEGATISSIMA A RANUCCI E CARISSIMA A LAVITOLA (COME \u00c8 TESTIMONIATO DALLE FOTO DI DAGOSPIA IN OCCASIONE DEL PREMIO COLALUCCI, SETTEMBRE 2020) &#8211; <span>NELLA DECISIONE DI SCEGLIERE GIULIA PRESUTTI, ACCREDITATA COME ESPRESSIONE DI M5S E AVS, <\/span>PER DARE UN CONTENTINO ALL\u2019OPPOSIZIONE, SAREBBE AVVENUTA UNA INTERLOCUZIONE TRA L\u2019AD RAI, GIAMPAOLO ROSSI, E L\u2019EX PRESIDENTE DELLA VIGILANZA RAI, LA GRILLINA BARBARA FLORIDIA, CHE AVREBBE DATO IL SUO PLACET &#8211; <span>ANCHE SULLA SCELTA DI PIERVINCENZI ALLA CONDUZIONE DI &#8220;REPORT&#8221;, CHE VA A BILANCIARE LA PRESUTTI DI SINISTRA, SI ADDENSANO ALCUNE DOMANDINE<\/span>: A PARTIRE DALLA PASSIONE PER IL RUGBY\u2026<\/p>\n<\/div>\n<p><\/a><\/article>\n<article><a href=\"https:\/\/www.dagospia.com\/politica\/risiko-s-ingrossa-l-apertura-assicurazioni-generali-valutare-l-offerta-484996\"><\/p>\n<div class=\"img-wrapper\"><img decoding=\"async\" src=\"https:\/\/static.dagospia.com\/img\/patch\/08-2026\/generali-philippe-donnet-luigi-lovaglio-carlo-messina-2292458_600_q50.webp\" alt=\"generali philippe donnet luigi lovaglio carlo messina \" loading=\"lazy\"><time class=\"data-ora\">27 ago 21:02<\/time><\/div>\n<div class=\"excerpt\">\n<p>DAGOREPORT &#8211; <span>IL RISIKO S&#8217;INGROSSA!<\/span> L\u2019APERTURA DI ASSICURAZIONI GENERALI A VALUTARE L&#8217;OFFERTA\u201d DI MPS PER L\u2019ACQUISIZIONE DI BANCA GENERALI, <span>\u00c8 UN GRAN PASSO AVANTI PER IL PIANO DI LOVAGLIO PER DISINNESCARE L\u2019OPAS SUL \u201cMONTE\u201d DI BANCA INTESA <\/span>&#8211; SECONDO PIAZZA AFFARI, L\u2019OPERAZIONE TRIESTE-SIENA POTREBBE AVERE DALLA SUA <span>L\u2019APPOGGIO DEI POTENTISSIMI FONDI DI INVESTIMENTO INTERNAZIONALI, TRA CUI BLACKROCK<\/span>, CHE HA PERALTRO IMPORTANTI INTERESSI NELLE BANCHE ITALIANE, TRA CUI INTESA &#8211; <span>ORA INIZIA UNA PARTITA APERTISSIMA DAL PUNTO DI VISTA FINANZIARIO, MA ANCHE DA QUELLO POLITICO:<\/span> IL 26 OTTOBRE\u00a0 L\u2019ASSEMBLEA STRAORDINARIA DI MPS SARA&#8217; CHIAMATA AD APPROVARE L&#8217;ACQUISIZIONE E TUTTO PUO&#8217; SUCCEDERE&#8230;<\/p>\n<\/div>\n<p><\/a><\/article>\n<article><a href=\"https:\/\/www.dagospia.com\/cronache\/come-sta-alessandro-battista-condizioni-salute-dell-ex-deputato-485182\"><\/p>\n<div class=\"img-wrapper\"><img decoding=\"async\" src=\"https:\/\/static.dagospia.com\/img\/patch\/08-2026\/di-battista-grillo-di-maio-alessandro-2300529_600_q50.webp\" alt=\"di battista grillo di maio alessandro\" loading=\"lazy\"><\/div>\n<div class=\"excerpt\">COME STA ALESSANDRO DI BATTISTA? &#8211; LE CONDIZIONI DI SALUTE DELL&#8217;EX DEPUTATO DEL MOVIMENTO 5 STELLE,\u2026<\/div>\n<p><\/a><\/article>\n<article><a href=\"https:\/\/www.dagospia.com\/cronache\/42enne-abusa-13enne-gip-scarcera-ha-capito-aver-sbagliato-era-485509\"><\/p>\n<div class=\"img-wrapper\"><img decoding=\"async\" src=\"https:\/\/static.dagospia.com\/img\/patch\/09-2026\/carlo-nordio-violenza-sessuale-2301509_600_q50.webp\" alt=\"carlo nordio violenza sessuale \" loading=\"lazy\"><\/div>\n<div class=\"excerpt\">QUESTI GIUDICI FANNO UN REGALO ALLA PROPAGANDA DEL GOVERNO! ALLA PERIFERIA DI TORINO UN 42ENNE\u2026<\/div>\n<p><\/a><\/article>\n<article><a href=\"https:\/\/www.dagospia.com\/media-tv\/pillole-gossip-leonardo-lini-noemi-bocchi-pitt-jolie-pamela-anderson-la-485460\"><\/p>\n<div class=\"img-wrapper\"><img decoding=\"async\" src=\"https:\/\/static.dagospia.com\/img\/patch\/09-2026\/pillole-avanti-gossip-2301347_600_q50.webp\" alt=\"pillole avanti gossip\" loading=\"lazy\"><\/div>\n<div class=\"excerpt\">AVANTI, C\u2019\u00c8 GOSSIP! SARA\u2019 IL BELLOCCIO LEONARDO LINI IL MAESTRO DI NOEMI BOCCHI A &#8220;BALLANDO CON LE\u2026<\/div>\n<p><\/a><\/article>\n<article><a href=\"https:\/\/www.dagospia.com\/media-tv\/zinnette-crocette-riconoscete-debuttato-grande-schermo-giovanissima-485439\"><\/p>\n<div class=\"img-wrapper\"><img decoding=\"async\" src=\"https:\/\/static.dagospia.com\/img\/patch\/09-2026\/elle-fanning-2301310_600_q50.webp\" alt=\"elle fanning\" loading=\"lazy\"><\/div>\n<div class=\"excerpt\">LA RICONOSCETE? \u2013 HA DEBUTTATO SUL GRANDE SCHERMO DA BAMBINA. ORA CHE \u00c8 CRESCIUTA (HA 28 ANNI), HA\u2026<\/div>\n<p><\/a><\/article>\n<article><a href=\"https:\/\/www.dagospia.com\/politica\/dagoreport-grazie-trump-mondo-verso-de-americanizzazione-oggi-si-485332\"><\/p>\n<div class=\"img-wrapper\"><img decoding=\"async\" src=\"https:\/\/static.dagospia.com\/img\/patch\/09-2026\/trump-modi-xi-jinping-putin-2301524_600_q50.webp\" alt=\"trump modi xi jinping putin\" loading=\"lazy\"><\/div>\n<div class=\"excerpt\">DAGOREPORT \u2013 GRAZIE A TRUMP, IL DOLLARO RISCHIA DI DIVENTARE CARTA STRACCIA \u2013\u00a0IL PIATTO FORTE AL\u2026<\/div>\n<p><\/a><\/article>\n<article><a href=\"https:\/\/www.dagospia.com\/politica\/elly-ascolta-gli-amici-i-big-pd-scesi-in-campo-cosi-pesantemente-per-485354\"><\/p>\n<div class=\"img-wrapper\"><img decoding=\"async\" src=\"https:\/\/static.dagospia.com\/img\/patch\/08-2026\/giuseppe-conte-elly-schlein-franceschini-bonaccini-nardella-2301098_600_q50.webp\" alt=\"giuseppe conte elly schlein franceschini bonaccini nardella\" loading=\"lazy\"><\/div>\n<div class=\"excerpt\">DAGOREPORT &#8211; ELLY, ASCOLTA GLI AMICI! I CAPOCCIONI E LE MEZZECALZE DEL PD, CHE SONO SCESI COS\u00cc\u2026<\/div>\n<p><\/a><\/article>\n<article><a href=\"https:\/\/www.dagospia.com\/politica\/l-ingaggio-fedorov-fa-incazzare-zelensky-mette-in-allarme-agenzie-485343\"><\/p>\n<div class=\"img-wrapper\"><img decoding=\"async\" src=\"https:\/\/static.dagospia.com\/img\/patch\/08-2026\/fedorov-musk-thiel-zelensky-crosetto-2301168_600_q50.webp\" alt=\"fedorov musk thiel zelensky crosetto\" loading=\"lazy\"><\/div>\n<div class=\"excerpt\">DAGOREPORT &#8211; A QUALCUNO NON PIACE &#8216;STO FEDOROV &#8211;\u00a0PIU&#8217; CHE A INDIGNARE I NEURONI ALLA VODKA DI\u2026<\/div>\n<p><\/a><\/article>\n<article><a href=\"https:\/\/www.dagospia.com\/politica\/flash-c-e-grande-perplessita-i-draghi-boys-per-presenza-andrea-485336\"><\/p>\n<div class=\"img-wrapper\"><img decoding=\"async\" src=\"https:\/\/static.dagospia.com\/img\/patch\/08-2026\/xavier-niel-draghi-pignataro-2301175_600_q50.webp\" alt=\"xavier niel draghi pignataro\" loading=\"lazy\"><\/div>\n<div class=\"excerpt\">FLASH! \u2013 I \u201cDRAGHI BOYS\u201d DEL POTERE ECONOMICO ITALIANO AVREBBERO ESPRESSO QUALCHE PERPLESSITA&#8217;\u2026<\/div>\n<p><\/a><\/article>\n<article><a href=\"https:\/\/www.dagospia.com\/politica\/quale-episodio-giulia-presutti-era-habitue-cefalu-bistro-dove-piu-e-485248\"><\/p>\n<div class=\"img-wrapper\"><img decoding=\"async\" src=\"https:\/\/static.dagospia.com\/img\/patch\/08-2026\/ranucci-presutti-cianfoni-floridia-2300757_600_q50.webp\" alt=\"ranucci presutti cianfoni floridia\" loading=\"lazy\"><\/div>\n<div class=\"excerpt\">DAGOREPORT &#8211;\u00a0MA QUALE &#8220;EPISODIO&#8221;! GIULIA PRESUTTI ERA UN HABITU\u00c8 DEL \u201cCEFAL\u00d9 BISTR\u00d2\u201d DOVE PI\u00d9 VOLTE\u2026<\/div>\n<p><\/a><\/article>\n<article><a href=\"https:\/\/www.dagospia.com\/politica\/risiko-s-ingrossa-l-apertura-assicurazioni-generali-valutare-l-offerta-484996\"><\/p>\n<div class=\"img-wrapper\"><img decoding=\"async\" src=\"https:\/\/static.dagospia.com\/img\/patch\/08-2026\/generali-philippe-donnet-luigi-lovaglio-carlo-messina-2292458_600_q50.webp\" alt=\"generali philippe donnet luigi lovaglio carlo messina \" loading=\"lazy\"><\/div>\n<div class=\"excerpt\">DAGOREPORT &#8211; IL RISIKO S&#8217;INGROSSA! L\u2019APERTURA DI ASSICURAZIONI GENERALI A VALUTARE L&#8217;OFFERTA\u201d DI\u2026<\/div>\n<p><\/a><\/article>\n<article><a href=\"https:\/\/www.dagospia.com\/cronache\/voluto-trump-t-attacchi-scorta-i-leader-silicon-valley-484985\"><\/p>\n<div class=\"img-wrapper\"><img decoding=\"async\" src=\"https:\/\/static.dagospia.com\/img\/patch\/08-2026\/mark-zuckerberg-proteste-2299936_600_q50.webp\" alt=\"mark zuckerberg proteste \" loading=\"lazy\"><\/div>\n<div class=\"excerpt\">HAI VOLUTO TRUMP? E ORA T\u2019ATTACCHI ALLA SCORTA! \u2013 I LEADER DELLA SILICON VALLEY SONO OSSESSIONATI\u2026<\/div>\n<p><\/a><\/article>\n<article><a href=\"https:\/\/www.dagospia.com\/politica\/flash-giorgia-meloni-manda-armi-sottobanco-all-ucraina-per-non-spaccare-484982\"><\/p>\n<div class=\"img-wrapper\"><img decoding=\"async\" src=\"https:\/\/static.dagospia.com\/img\/patch\/08-2026\/giorgia-meloni-volodymyr-zelensky-mario-draghi-2299913_600_q50.webp\" alt=\"giorgia meloni volodymyr zelensky mario draghi \" loading=\"lazy\"><\/div>\n<div class=\"excerpt\">FLASH \u2013 GIORGIA MELONI MANDA LE ARMI SOTTOBANCO ALL\u2019UCRAINA PER NON SPACCARE LA SUA MAGGIORANZA. IL\u2026<\/div>\n<p><\/a><\/article>\n<article><a href=\"https:\/\/www.dagospia.com\/politica\/qual-era-scopo-blitz-capo-cia-mosca-i-beninformati-washington-484881\"><\/p>\n<div class=\"img-wrapper\"><img decoding=\"async\" src=\"https:\/\/static.dagospia.com\/img\/patch\/12-2025\/vladimir-putin-donald-trump-volodymyr-zelensky-2214409_600_q50.webp\" alt=\"vladimir putin donald trump volodymyr zelensky\" loading=\"lazy\"><\/div>\n<div class=\"excerpt\">FLASH! \u2013 QUANDO LE COSE GIRANO SUL PEGGIO, INTERVENGONO I SERVIZI SEGRETI &#8211;\u00a0IL BENINFORMATO\u00a0CAPO\u2026<\/div>\n<p><\/a><\/article>\n<article><a href=\"https:\/\/www.dagospia.com\/politica\/prossima-destinazione-enrico-mentana-padrone-supremo-tutta-l-informazione-484639\"><\/p>\n<div class=\"img-wrapper\"><img decoding=\"async\" src=\"https:\/\/static.dagospia.com\/img\/patch\/08-2026\/kyriakou-pier-silvio-berlusconi-enrico-mentana-crippa-fedele-confalonieri-medias-2298828_600_q50.webp\" alt=\"kyriakou pier silvio berlusconi enrico mentana crippa fedele confalonieri mediaset urbano cairo marina\" loading=\"lazy\"><\/div>\n<div class=\"excerpt\">DAGOREPORT &#8211; RITORNA A CASA, LESSO! SI ACCAVALLANO LE VOCI CHE LA PROSSIMA DESTINAZIONE DI ENRICO\u2026<\/div>\n<p><\/a><\/article>\n<article><a href=\"https:\/\/www.dagospia.com\/cafonal\/cafonalino-roma-proiezione-documentario-marco-bellocchio-marco-travaglio-485081\"><\/p>\n<div class=\"img-wrapper\"><img decoding=\"async\" src=\"https:\/\/static.dagospia.com\/img\/patch\/08-2026\/2026bellocchio-anteprima-film-di-marco-bellocchio-2300339_600_q50.webp\" alt=\"2026bellocchio anteprima film di marco bellocchio\" loading=\"lazy\"><\/div>\n<div class=\"excerpt\">CAFONALINO! AL CINEMA QUATTRO FONTANE DI ROMA LA PROIEZIONE SPECIALE DEL DOCUMENTARIO \u201cMARCO\u2026<\/div>\n<p><\/a><\/article>\n<article><a href=\"https:\/\/www.dagospia.com\/cafonal\/cafonal-show-ranucci-cerveteri-freni-ho-fatto-scoop-nazionali-484807\"><\/p>\n<div class=\"img-wrapper\"><img decoding=\"async\" src=\"https:\/\/static.dagospia.com\/img\/patch\/08-2026\/2026ranucci-sigfrido-ranucci-2299409_600_q50.webp\" alt=\"2026ranucci sigfrido ranucci\" loading=\"lazy\"><\/div>\n<div class=\"excerpt\">SIGFRIDO, IL MASANIELLO DE NOANTRI \u2013 RANUCCI HA PERSO OGNI FRENO E, ALLA PRESENTAZIONE DEL SUO\u2026<\/div>\n<p><\/a><\/article>\n<article><a href=\"https:\/\/www.dagospia.com\/cafonal\/funeralino-l-ultimo-saluto-mitico-produttore-cinematografico-fulvio-484127\"><\/p>\n<div class=\"img-wrapper\"><img decoding=\"async\" src=\"https:\/\/static.dagospia.com\/img\/patch\/08-2026\/2026lucisano-2297424_600_q50.webp\" alt=\"2026lucisano\" loading=\"lazy\"><\/div>\n<div class=\"excerpt\">FUNERALINO \u2013 NELLA CALLARA ROMANA D\u2019AGOSTO, L\u2019ULTIMO SALUTO AL MITICO PRODUTTORE CINEMATOGRAFICO\u2026<\/div>\n<p><\/a><\/article>\n<article><a href=\"https:\/\/www.dagospia.com\/cafonal\/cafonalino-pizza-riformista-matteo-renzi-raduna-i-suoi-prima-delle-480816\"><\/p>\n<div class=\"img-wrapper\"><img decoding=\"async\" src=\"https:\/\/static.dagospia.com\/img\/patch\/07-2026\/2026kraken-matteo-renzi-2286047_600_q50.webp\" alt=\"2026kraken matteo renzi \" loading=\"lazy\"><\/div>\n<div class=\"excerpt\">CAFONALINO DELLA PIZZA RIFORMISTA \u2013 RENZI RADUNA I SUOI PRIMA DELLE VACANZE ESTIVE AL SATYRUS DI\u2026<\/div>\n<p><\/a><\/article>\n<article><a href=\"https:\/\/www.dagospia.com\/cafonal\/cafonalino-moreno-party-roma-manuela-moreno-festeggia-i-60-anni-480777\"><\/p>\n<div class=\"img-wrapper\"><img decoding=\"async\" src=\"https:\/\/static.dagospia.com\/img\/patch\/07-2026\/manuela-moreno-festa-60-anni-2285871_600_q50.webp\" alt=\"manuela moreno festa 60 anni \" loading=\"lazy\"><\/div>\n<div class=\"excerpt\">CAFONALINO! NO MORENO, NO PARTY \u2013 A ROMA, AL LOVE BAR DI PONTE MILVIO, MANUELA MORENO, CONDUTTRICE\u2026<\/div>\n<p><\/a><\/article>\n<article><a href=\"https:\/\/www.dagospia.com\/cafonal\/cafonalino-firenze-tevere-direttori-redattori-forchettoni-scrocconi-480745\"><\/p>\n<div class=\"img-wrapper\"><img decoding=\"async\" src=\"https:\/\/static.dagospia.com\/img\/patch\/07-2026\/2026agno-marco-agnoletti-2285763_600_q50.webp\" alt=\"2026agno marco agnoletti \" loading=\"lazy\"><\/div>\n<div class=\"excerpt\">CAFONALINO DEGLI AGNOLETTI IN BRODO &#8211; DIRETTORI, REDATTORI, FORCHETTONI E SCROCCONI SFIDANO\u2026<\/div>\n<p><\/a><\/article>\n<p>[analyse_source url=&#8221;https:\/\/www.dagospia.com\/cronache\/all-ex-atleta-paralimpica-patrizia-sacca-e-negato-imbarcare-volo-ryanair-485459&#8243;]<\/p>\n","protected":false},"excerpt":{"rendered":"<p>[analyse_image type=&#8221;featured&#8221; src=&#8221;https:\/\/static.dagospia.com\/img\/patch\/09-2026\/patrizia-sacca-2301348_600_q50.webp&#8221;] 1 set 2026 16:36 ODISSEA NELLA&#8230; CARROZZINA \u2013\u00a0ALL\u2019EX ATLETA PARALIMPICA PATRIZIA SACC\u00c0 \u00c8 STATO NEGATO DI IMBARCARSI SU UN VOLO RYANAIR, IN PARTENZA DA TORINO E DIRETTO A CROTONE, PERCH\u00c9 LA BATTERIA DEL RUOTINO ELETTRICO DELLA SUA CARROZZINA \u00c8 STATO VALUTATO \u201cNON IN REGOLA\u201d \u2013 MA LA BATTERIA ERA DA 300 WH, [&hellip;]<\/p>\n","protected":false},"author":1,"featured_media":0,"comment_status":"open","ping_status":"","sticky":false,"template":"","format":"standard","meta":{"footnotes":""},"categories":[87],"tags":[226,149],"class_list":["post-2123105","post","type-post","status-publish","format-standard","hentry","category-italy","tag-crawlmanager","tag-dagospia-com"],"_links":{"self":[{"href":"https:\/\/analyse.optim.biz\/index.php?rest_route=\/wp\/v2\/posts\/2123105","targetHints":{"allow":["GET"]}}],"collection":[{"href":"https:\/\/analyse.optim.biz\/index.php?rest_route=\/wp\/v2\/posts"}],"about":[{"href":"https:\/\/analyse.optim.biz\/index.php?rest_route=\/wp\/v2\/types\/post"}],"author":[{"embeddable":true,"href":"https:\/\/analyse.optim.biz\/index.php?rest_route=\/wp\/v2\/users\/1"}],"replies":[{"embeddable":true,"href":"https:\/\/analyse.optim.biz\/index.php?rest_route=%2Fwp%2Fv2%2Fcomments&post=2123105"}],"version-history":[{"count":0,"href":"https:\/\/analyse.optim.biz\/index.php?rest_route=\/wp\/v2\/posts\/2123105\/revisions"}],"wp:attachment":[{"href":"https:\/\/analyse.optim.biz\/index.php?rest_route=%2Fwp%2Fv2%2Fmedia&parent=2123105"}],"wp:term":[{"taxonomy":"category","embeddable":true,"href":"https:\/\/analyse.optim.biz\/index.php?rest_route=%2Fwp%2Fv2%2Fcategories&post=2123105"},{"taxonomy":"post_tag","embeddable":true,"href":"https:\/\/analyse.optim.biz\/index.php?rest_route=%2Fwp%2Fv2%2Ftags&post=2123105"}],"curies":[{"name":"wp","href":"https:\/\/api.w.org\/{rel}","templated":true}]}}