{"id":2123103,"date":"2026-09-01T17:44:54","date_gmt":"2026-09-01T14:44:54","guid":{"rendered":"https:\/\/analyse.optim.biz\/?p=2123103"},"modified":"2026-09-01T17:44:54","modified_gmt":"2026-09-01T14:44:54","slug":"timisoara-primeste-primul-tramvai-scurt-din-noul-lot-de-10-garnituri-bozankaya-ruben-latcau-e-pregatit","status":"publish","type":"post","link":"https:\/\/analyse.optim.biz\/?p=2123103","title":{"rendered":"Timi\u0219oara prime\u0219te primul tramvai scurt din noul lot de 10 garnituri Bozankaya. Ruben La\u021bc\u0103u: \u201eE preg\u0103tit"},"content":{"rendered":"<p>[analyse_image type=&#8221;featured&#8221; src=&#8221;https:\/\/orasul-timisoara.ro\/wp-content\/uploads\/2026\/09\/tpt-boznkaya-nou-scurt.jpg&#8221;]<\/p>\n<article id=\"post-40656\" class=\"td-post-template-7 post-40656 post type-post status-publish format-standard has-post-thumbnail category-administratie category-featured category-investitii-in-timisoara category-stiri-timisoara tag-bozankaya tag-dominic-fritz tag-fonduri-europene tag-primaria-timisoara-2 tag-ruben-latcau-2 tag-stiri-timisoara-3 tag-stpt tag-timisoara-2 tag-tramvaie-bozankaya tag-tramvaie-electrice tag-tramvaie-timisoara-2 tag-transport-public tag-transport-public-timisoara-2 td-container-wrap\">\n<div class=\"td-full-screen-header-image-wrap\">\n<div class=\"td-container td-post-header\">\n<div class=\"td-crumb-container\">\n<div class=\"entry-crumbs\"><span><a title=\"Vede\u021bi toate articolele \u00een Administra\u021bie local\u0103\" class=\"entry-crumb\" href=\"https:\/\/orasul-timisoara.ro\/local-category\/administratie\/\">Administra\u021bie local\u0103<\/a><\/span><span class=\"td-bred-no-url-last\">Timi\u0219oara prime\u0219te primul tramvai scurt din noul lot de 10 garnituri Bozankaya&#8230;.<\/span><\/div>\n<\/div>\n<div class=\"td-post-header-holder\">\n<div class=\"td-parallax-header\">\n<header class=\"td-post-title\">\n<ul class=\"td-category\">\n<li class=\"entry-category\"><a href=\"https:\/\/orasul-timisoara.ro\/local-category\/administratie\/\">Administra\u021bie local\u0103<\/a><\/li>\n<li class=\"entry-category\"><a href=\"https:\/\/orasul-timisoara.ro\/local-category\/investitii-in-timisoara\/\">Investitii in Timisoara<\/a><\/li>\n<li class=\"entry-category\"><a href=\"https:\/\/orasul-timisoara.ro\/local-category\/stiri-timisoara\/\">\u0218tiri Locale<\/a><\/li>\n<\/ul>\n<h1 class=\"entry-title\">Timi\u0219oara prime\u0219te primul tramvai scurt din noul lot de 10 garnituri Bozankaya. Ruben La\u021bc\u0103u: \u201eE preg\u0103tit pentru testele de omologare\u201d<\/h1>\n<div class=\"td-module-meta-info\">\n<div class=\"td-post-author-name\">\n<div class=\"td-author-by\">De c\u0103tre<\/div>\n<p><a href=\"https:\/\/orasul-timisoara.ro\/author\/timisoara\/\">redactia<\/a><\/p>\n<div class=\"td-author-line\"> &#8211; <\/div>\n<\/div>\n<p><span class=\"td-post-date\"><time class=\"entry-date updated td-module-date\" datetime=\"2026-09-01T20:44:54+03:00\">01\/09\/2026<\/time><\/span><\/div>\n<\/header>\n<\/div>\n<\/div>\n<\/div>\n<div id=\"td-full-screen-header-image\" class=\"td-image-gradient-style7\"><img decoding=\"async\" class=\"td-backstretch\" src=\"https:\/\/orasul-timisoara.ro\/wp-content\/uploads\/2026\/09\/tpt-boznkaya-nou-scurt.jpg\"><\/div>\n<\/div>\n<div class=\"td-container\">\n<div class=\"td-pb-row\">\n<div class=\"td-pb-span8 td-main-content\" role=\"main\">\n<div class=\"td-ss-main-content\">\n<div class=\"td-post-sharing-top\">\n<div class=\"td-post-sharing-classic\"><iframe title=\"topFacebookLike\" frameborder src=\"https:\/\/www.facebook.com\/plugins\/like.php?href=https:\/\/orasul-timisoara.ro\/local-40656\/&amp;layout=button_count&amp;show_faces=false&amp;width=105&amp;action=like&amp;colorscheme=light&amp;height=21\"><\/iframe><\/div>\n<div id=\"td_social_sharing_article_top\" class=\"td-post-sharing td-ps-bg td-ps-notext td-post-sharing-style1 \">\n<div class=\"td-post-sharing-visible\"><a class=\"td-social-sharing-button td-social-sharing-button-js td-social-network td-social-facebook\" href=\"https:\/\/www.facebook.com\/sharer.php?u=https%3A%2F%2Forasul-timisoara.ro%2Flocal-40656%2F\" title=\"Facebook\"><\/p>\n<div class=\"td-social-but-text\">Facebook<\/div>\n<p><\/a><a class=\"td-social-sharing-button td-social-sharing-button-js td-social-network td-social-twitter\" href=\"https:\/\/twitter.com\/intent\/tweet?text=Timi%C8%99oara+prime%C8%99te+primul+tramvai+scurt+din+noul+lot+de+10+garnituri+Bozankaya.+Ruben+La%C8%9Bc%C4%83u%3A+%E2%80%9EE+preg%C4%83tit+pentru+testele+de+omologare%E2%80%9D&amp;url=https%3A%2F%2Forasul-timisoara.ro%2Flocal-40656%2F&amp;via=orasultm\" title=\"Twitter\"><\/p>\n<div class=\"td-social-but-text\">Twitter<\/div>\n<p><\/a><a class=\"td-social-sharing-button td-social-sharing-button-js td-social-network td-social-whatsapp\" href=\"https:\/\/api.whatsapp.com\/send?text=Timi%C8%99oara+prime%C8%99te+primul+tramvai+scurt+din+noul+lot+de+10+garnituri+Bozankaya.+Ruben+La%C8%9Bc%C4%83u%3A+%E2%80%9EE+preg%C4%83tit+pentru+testele+de+omologare%E2%80%9D%20%0A%0A%20https:\/\/orasul-timisoara.ro\/local-40656\/\" title=\"WhatsApp\"><\/p>\n<div class=\"td-social-but-text\">WhatsApp<\/div>\n<p><\/a><a class=\"td-social-sharing-button td-social-sharing-button-js td-social-network td-social-linkedin\" href=\"https:\/\/www.linkedin.com\/shareArticle?mini=true&amp;url=https:\/\/orasul-timisoara.ro\/local-40656\/&amp;title=Timi%C8%99oara+prime%C8%99te+primul+tramvai+scurt+din+noul+lot+de+10+garnituri+Bozankaya.+Ruben+La%C8%9Bc%C4%83u%3A+%E2%80%9EE+preg%C4%83tit+pentru+testele+de+omologare%E2%80%9D\" title=\"Linkedin\"><\/p>\n<div class=\"td-social-but-text\">Linkedin<\/div>\n<p><\/a><a class=\"td-social-sharing-button td-social-sharing-button-js td-social-network td-social-reddit\" href=\"https:\/\/reddit.com\/submit?url=https:\/\/orasul-timisoara.ro\/local-40656\/&amp;title=Timi%C8%99oara+prime%C8%99te+primul+tramvai+scurt+din+noul+lot+de+10+garnituri+Bozankaya.+Ruben+La%C8%9Bc%C4%83u%3A+%E2%80%9EE+preg%C4%83tit+pentru+testele+de+omologare%E2%80%9D\" title=\"ReddIt\"><\/p>\n<div class=\"td-social-but-text\">ReddIt<\/div>\n<p><\/a><a class=\"td-social-sharing-button td-social-sharing-button-js td-social-network td-social-mail\" href=\"mailto:?subject=Timi%C8%99oara%20prime%C8%99te%20primul%20tramvai%20scurt%20din%20noul%20lot%20de%2010%20garnituri%20Bozankaya.%20Ruben%20La%C8%9Bc%C4%83u:%20%E2%80%9EE%20preg%C4%83tit%20pentru%20testele%20de%20omologare%E2%80%9D&amp;body=https:\/\/orasul-timisoara.ro\/local-40656\/\" title=\"Email\"><\/p>\n<div class=\"td-social-but-text\">Email<\/div>\n<p><\/a><a class=\"td-social-sharing-button td-social-sharing-button-js td-social-network td-social-print\" href=\"https:\/\/orasul-timisoara.ro\/local-40656\/\" title=\"Imprimare\"><\/p>\n<div class=\"td-social-but-text\">Imprimare<\/div>\n<p><\/a><\/div>\n<\/div>\n<\/div>\n<div class=\"td-post-content tagdiv-type\">\n<p class=\"wp-block-paragraph\">Primul tramvai din noul lot de 10 garnituri achizi\u021bionate de Prim\u0103ria Municipiului Timi\u0219oara a ajuns \u00een ora\u0219 \u0219i este preg\u0103tit pentru testele de omologare \u0219i recep\u021bie. Noile tramvaie Bozankaya sunt mai scurte \u0219i mai u\u0219oare dec\u00e2t garniturile aflate deja \u00een circula\u021bie \u0219i sunt destinate inclusiv traseelor unde tramvaiele de dimensiuni mari nu pot fi utilizate \u00een prezent.<\/p>\n<h2 class=\"wp-block-heading\">Primul tramvai scurt Bozankaya a ajuns la Timi\u0219oara<\/h2>\n<p class=\"wp-block-paragraph\">Noua garnitur\u0103 are trei module, fa\u021b\u0103 de cele cinci ale tramvaielor mai lungi aflate deja \u00een circula\u021bie, \u0219i poate transporta peste 150 de c\u0103l\u0103tori. Dimensiunile \u0219i greutatea mai reduse permit introducerea tramvaielor inclusiv pe anumite trasee unde infrastructura este mai uzat\u0103.<\/p>\n<p class=\"wp-block-paragraph\">Viceprimarul Timi\u0219oarei, Ruben La\u021bc\u0103u, anun\u021b\u0103 c\u0103 primul tramvai este preg\u0103tit pentru etapa de testare \u0219i omologare.<\/p>\n<figure class=\"wp-block-gallery has-nested-images columns-7 is-cropped td-modal-on-gallery wp-block-gallery-1 is-layout-flex wp-block-gallery-is-layout-flex\">\n<figure class=\"wp-block-image size-full\"><img loading=\"lazy\" decoding=\"async\" width=\"1920\" height=\"1080\" data-id=\"40657\" src=\"https:\/\/orasul-timisoara.ro\/wp-content\/uploads\/2026\/09\/tramvai-nou-bozankaya-scurt-2.jpg\" alt class=\"wp-image-40657\"><\/figure>\n<figure class=\"wp-block-image size-full\"><img loading=\"lazy\" decoding=\"async\" width=\"1920\" height=\"1080\" data-id=\"40660\" src=\"https:\/\/orasul-timisoara.ro\/wp-content\/uploads\/2026\/09\/tramvai-nou-bozankaya-scurt-3.jpg\" alt class=\"wp-image-40660\"><\/figure>\n<figure class=\"wp-block-image size-full\"><img loading=\"lazy\" decoding=\"async\" width=\"1920\" height=\"1080\" data-id=\"40659\" src=\"https:\/\/orasul-timisoara.ro\/wp-content\/uploads\/2026\/09\/tramvai-nou-bozankaya-scurt-4.jpg\" alt class=\"wp-image-40659\"><\/figure>\n<figure class=\"wp-block-image size-large\"><img decoding=\"async\" loading=\"lazy\" width=\"1668\" height=\"2500\" data-id=\"40661\" src=\"https:\/\/orasul-timisoara.ro\/wp-content\/uploads\/2026\/09\/tramvai-nou-bozankaya-scurt-5-1668x2500.jpg\" alt class=\"wp-image-40661\"><\/figure>\n<figure class=\"wp-block-image size-full\"><img decoding=\"async\" loading=\"lazy\" width=\"1920\" height=\"1080\" data-id=\"40658\" src=\"https:\/\/orasul-timisoara.ro\/wp-content\/uploads\/2026\/09\/tramvai-nou-bozankaya-scurt-6.jpg\" alt class=\"wp-image-40658\"><\/figure>\n<figure class=\"wp-block-image size-full\"><img decoding=\"async\" loading=\"lazy\" width=\"1920\" height=\"1080\" data-id=\"40662\" src=\"https:\/\/orasul-timisoara.ro\/wp-content\/uploads\/2026\/09\/tramvai-nou-bozankaya-scurt-7.jpg\" alt class=\"wp-image-40662\"><\/figure>\n<figure class=\"wp-block-image size-full\"><img decoding=\"async\" loading=\"lazy\" width=\"1920\" height=\"1080\" data-id=\"40663\" src=\"https:\/\/orasul-timisoara.ro\/wp-content\/uploads\/2026\/09\/tramvai-nou-bozankaya-scurt-1.jpg\" alt class=\"wp-image-40663\"><\/figure>\n<\/figure>\n<p class=\"wp-block-paragraph\">\u201ePrimul tramvai scurt e preg\u0103tit pentru testele de omologare. Alte 4 garnituri vor ajunge la Timi\u0219oara p\u00e2n\u0103 la final de an, iar 5 p\u00e2n\u0103 \u00een prim\u0103vara anului viitor.<\/p>\n<p class=\"wp-block-paragraph\">Sunt tramvaie cu o capacitate de peste 150 de persoane, dar mai u\u0219oare \u0219i mai scurte dec\u00e2t cele pe care le avem acum \u00een circula\u021bie. Le putem introduce \u0219i pe linia 7, unde actualele tramvaie nu pot trece de curba de pe Aluni\u0219 din cauza lungimii\u201d, a declarat Ruben La\u021bc\u0103u, viceprimarul Timi\u0219oarei.<\/p>\n<h2 class=\"wp-block-heading\">Tramvaiele vor avea dot\u0103ri moderne<\/h2>\n<p class=\"wp-block-paragraph\">Noile garnituri sunt echipate cu podea cobor\u00e2t\u0103, climatizare, sisteme de informare \u00een timp real a c\u0103l\u0103torilor, Wi-Fi \u0219i supraveghere video. Acestea dispun, de asemenea, de sisteme moderne de trac\u021biune electric\u0103 \u0219i fr\u00e2nare regenerativ\u0103.<\/p>\n<p class=\"wp-block-paragraph\">Tramvaiele nu produc emisii \u00een timpul circula\u021biei \u0219i sunt concepute pentru a contribui la reducerea zgomotului generat de transportul public.<\/p>\n<p class=\"wp-block-paragraph\">\u201eSunt dotate cu podea cobor\u00e2t\u0103, climatizare, sisteme de informare \u00een timp real a c\u0103l\u0103torilor, Wi-Fi \u0219i supraveghere video, precum \u0219i cu sisteme moderne de trac\u021biune electric\u0103 \u0219i fr\u00e2nare regenerativ\u0103\u201d, a precizat Ruben La\u021bc\u0103u.<\/p>\n<h2 class=\"wp-block-heading\">Zece tramvaie, achizi\u021bionate cu fonduri europene<\/h2>\n<p class=\"wp-block-paragraph\">Cele 10 tramvaie Bozankaya sunt achizi\u021bionate cu fonduri europene prin Programul Regional Vest 2021\u20132027 \u0219i sunt livrate etapizat. Primul tramvai a ajuns deja la Timi\u0219oara, alte patru garnituri urm\u00e2nd s\u0103 fie livrate p\u00e2n\u0103 la finalul anului 2026, iar ultimele cinci p\u00e2n\u0103 \u00een prim\u0103vara anului 2027.<\/p>\n<p class=\"wp-block-paragraph\">Valoarea total\u0103 a proiectului este de 135.680.920 de lei, TVA inclus. Din aceast\u0103 sum\u0103, 99.404.000 de lei reprezint\u0103 finan\u021bare nerambursabil\u0103 prin Programul Regional Vest, \u00een timp ce 36.276.920 de lei, TVA inclus, reprezint\u0103 cheltuieli neeligibile suportate din bugetul local.<\/p>\n<p class=\"wp-block-paragraph\">\u201eAm achizi\u021bionat cele 10 tramvaie cu fonduri europene prin Agen\u021bia pentru Dezvoltare Regional\u0103 Vest \u2013 ADR Vest \u0219i mai aveam \u00een licita\u021bie tot cu bani PRVest 10 troleibuze \u0219i 20 de autobuze\u201d, a mai transmis Ruben La\u021bc\u0103u.<\/p>\n<h2 class=\"wp-block-heading\">Municipalitatea vorbe\u0219te despre modernizarea transportului public<\/h2>\n<p class=\"wp-block-paragraph\">Primarul Dominic Fritz sus\u021bine c\u0103 noua achizi\u021bie completeaz\u0103 procesul de modernizare a transportului public din Timi\u0219oara.<\/p>\n<p class=\"wp-block-paragraph\">\u201eE o achizi\u021bie care completeaz\u0103 flota modernizat\u0103 de transport public a Timi\u0219oarei. \u00cen ultimii 6 ani am cump\u0103rat cu fonduri europene 158 de tramvaie, autobuze electrice \u0219i firobuze noi. De altfel, aceast\u0103 modernizare a flotei duce \u0219i la o cre\u0219tere constant\u0103, de la an la an, a num\u0103rului celor care folosesc transportul public \u00een deplas\u0103rile zilnice\u201d, a declarat Dominic Fritz.<\/p>\n<p class=\"wp-block-paragraph\">Potrivit lui Ruben La\u021bc\u0103u, noile investi\u021bii \u00een transportul public \u00eencep s\u0103 produc\u0103 efecte asupra modului \u00een care timi\u0219orenii se deplaseaz\u0103 prin ora\u0219.<\/p>\n<p class=\"wp-block-paragraph\">\u201eAvem semne clare c\u0103 investi\u021biile masive \u00een transportul public, inclusiv 158 de tramvaie, autobuze electrice \u0219i firobuze, \u00eencep s\u0103 schimbe modul \u00een care ne deplas\u0103m \u00een Timi\u0219oara\u201d, a \u00eencheiat Ruben La\u021bc\u0103u.<\/p>\n<\/div>\n<footer>\n<div class=\"td-post-source-tags\">\n<ul class=\"td-tags td-post-small-box clearfix\">\n<li><span>ETICHETE<\/span><\/li>\n<li><a href=\"https:\/\/orasul-timisoara.ro\/local-tag\/bozankaya\/\">bozankaya<\/a><\/li>\n<li><a href=\"https:\/\/orasul-timisoara.ro\/local-tag\/dominic-fritz\/\">dominic fritz<\/a><\/li>\n<li><a href=\"https:\/\/orasul-timisoara.ro\/local-tag\/fonduri-europene\/\">fonduri europene<\/a><\/li>\n<li><a href=\"https:\/\/orasul-timisoara.ro\/local-tag\/primaria-timisoara-2\/\">Prim\u0103ria Timi\u0219oara<\/a><\/li>\n<li><a href=\"https:\/\/orasul-timisoara.ro\/local-tag\/ruben-latcau-2\/\">Ruben La\u021bc\u0103u<\/a><\/li>\n<li><a href=\"https:\/\/orasul-timisoara.ro\/local-tag\/stiri-timisoara-3\/\">\u0218tiri Timi\u0219oara<\/a><\/li>\n<li><a href=\"https:\/\/orasul-timisoara.ro\/local-tag\/stpt\/\">stpt<\/a><\/li>\n<li><a href=\"https:\/\/orasul-timisoara.ro\/local-tag\/timisoara-2\/\">timi\u0219oara<\/a><\/li>\n<li><a href=\"https:\/\/orasul-timisoara.ro\/local-tag\/tramvaie-bozankaya\/\">tramvaie Bozankaya<\/a><\/li>\n<li><a href=\"https:\/\/orasul-timisoara.ro\/local-tag\/tramvaie-electrice\/\">tramvaie electrice<\/a><\/li>\n<li><a href=\"https:\/\/orasul-timisoara.ro\/local-tag\/tramvaie-timisoara-2\/\">tramvaie Timi\u0219oara<\/a><\/li>\n<li><a href=\"https:\/\/orasul-timisoara.ro\/local-tag\/transport-public\/\">transport public<\/a><\/li>\n<li><a href=\"https:\/\/orasul-timisoara.ro\/local-tag\/transport-public-timisoara-2\/\">transport public Timi\u0219oara<\/a><\/li>\n<\/ul>\n<\/div>\n<div class=\"td-post-sharing-bottom\">\n<div class=\"td-post-sharing-classic\"><iframe title=\"bottomFacebookLike\" frameborder src=\"https:\/\/www.facebook.com\/plugins\/like.php?href=https:\/\/orasul-timisoara.ro\/local-40656\/&amp;layout=button_count&amp;show_faces=false&amp;width=105&amp;action=like&amp;colorscheme=light&amp;height=21\"><\/iframe><\/div>\n<div id=\"td_social_sharing_article_bottom\" class=\"td-post-sharing td-ps-bg td-ps-notext td-post-sharing-style1 \">\n<div class=\"td-post-sharing-visible\"><a class=\"td-social-sharing-button td-social-sharing-button-js td-social-network td-social-facebook\" href=\"https:\/\/www.facebook.com\/sharer.php?u=https%3A%2F%2Forasul-timisoara.ro%2Flocal-40656%2F\" title=\"Facebook\"><\/p>\n<div class=\"td-social-but-text\">Facebook<\/div>\n<p><\/a><a class=\"td-social-sharing-button td-social-sharing-button-js td-social-network td-social-twitter\" href=\"https:\/\/twitter.com\/intent\/tweet?text=Timi%C8%99oara+prime%C8%99te+primul+tramvai+scurt+din+noul+lot+de+10+garnituri+Bozankaya.+Ruben+La%C8%9Bc%C4%83u%3A+%E2%80%9EE+preg%C4%83tit+pentru+testele+de+omologare%E2%80%9D&amp;url=https%3A%2F%2Forasul-timisoara.ro%2Flocal-40656%2F&amp;via=orasultm\" title=\"Twitter\"><\/p>\n<div class=\"td-social-but-text\">Twitter<\/div>\n<p><\/a><a class=\"td-social-sharing-button td-social-sharing-button-js td-social-network td-social-whatsapp\" href=\"https:\/\/api.whatsapp.com\/send?text=Timi%C8%99oara+prime%C8%99te+primul+tramvai+scurt+din+noul+lot+de+10+garnituri+Bozankaya.+Ruben+La%C8%9Bc%C4%83u%3A+%E2%80%9EE+preg%C4%83tit+pentru+testele+de+omologare%E2%80%9D%20%0A%0A%20https:\/\/orasul-timisoara.ro\/local-40656\/\" title=\"WhatsApp\"><\/p>\n<div class=\"td-social-but-text\">WhatsApp<\/div>\n<p><\/a><a class=\"td-social-sharing-button td-social-sharing-button-js td-social-network td-social-linkedin\" href=\"https:\/\/www.linkedin.com\/shareArticle?mini=true&amp;url=https:\/\/orasul-timisoara.ro\/local-40656\/&amp;title=Timi%C8%99oara+prime%C8%99te+primul+tramvai+scurt+din+noul+lot+de+10+garnituri+Bozankaya.+Ruben+La%C8%9Bc%C4%83u%3A+%E2%80%9EE+preg%C4%83tit+pentru+testele+de+omologare%E2%80%9D\" title=\"Linkedin\"><\/p>\n<div class=\"td-social-but-text\">Linkedin<\/div>\n<p><\/a><a class=\"td-social-sharing-button td-social-sharing-button-js td-social-network td-social-reddit\" href=\"https:\/\/reddit.com\/submit?url=https:\/\/orasul-timisoara.ro\/local-40656\/&amp;title=Timi%C8%99oara+prime%C8%99te+primul+tramvai+scurt+din+noul+lot+de+10+garnituri+Bozankaya.+Ruben+La%C8%9Bc%C4%83u%3A+%E2%80%9EE+preg%C4%83tit+pentru+testele+de+omologare%E2%80%9D\" title=\"ReddIt\"><\/p>\n<div class=\"td-social-but-text\">ReddIt<\/div>\n<p><\/a><a class=\"td-social-sharing-button td-social-sharing-button-js td-social-network td-social-mail\" href=\"mailto:?subject=Timi%C8%99oara%20prime%C8%99te%20primul%20tramvai%20scurt%20din%20noul%20lot%20de%2010%20garnituri%20Bozankaya.%20Ruben%20La%C8%9Bc%C4%83u:%20%E2%80%9EE%20preg%C4%83tit%20pentru%20testele%20de%20omologare%E2%80%9D&amp;body=https:\/\/orasul-timisoara.ro\/local-40656\/\" title=\"Email\"><\/p>\n<div class=\"td-social-but-text\">Email<\/div>\n<p><\/a><a class=\"td-social-sharing-button td-social-sharing-button-js td-social-network td-social-print\" href=\"https:\/\/orasul-timisoara.ro\/local-40656\/\" title=\"Imprimare\"><\/p>\n<div class=\"td-social-but-text\">Imprimare<\/div>\n<p><\/a><\/div>\n<\/div>\n<\/div>\n<div class=\"td-block-row td-post-next-prev\">\n<div class=\"td-block-span6 td-post-prev-post\">\n<div class=\"td-post-next-prev-content\"><span>Articolul precedent<\/span><a href=\"https:\/\/orasul-timisoara.ro\/local-40653\/\">Crosul OncoHelp 2026: alerg\u0103m pentru tratamentul tumorilor de doar c\u00e2\u021biva milimetri<\/a><\/div>\n<\/div>\n<\/div>\n<div class=\"td-author-name vcard author\"><span class=\"fn\"><a href=\"https:\/\/orasul-timisoara.ro\/author\/timisoara\/\">redactia<\/a><\/span><\/div>\n<p><span class=\"td-page-meta\"><\/span><span class=\"td-page-meta\"><span class=\"td-page-meta\"><\/span><\/span><span class=\"td-page-meta\"><\/span><\/footer>\n<div class=\"td_block_wrap td_block_related_posts tdi_3 td_with_ajax_pagination td-pb-border-top td_block_template_8\" data-td-block-uid=\"tdi_3\">\n<h4 class=\"td-related-title td-block-title\"><a id=\"tdi_4\" class=\"td-related-left td-cur-simple-item\" data-td_filter_value data-td_block_id=\"tdi_3\" href=\"https:\/\/orasul-timisoara.ro\/local-40656\/\">ARTICOLE SIMILARE<\/a><a id=\"tdi_5\" class=\"td-related-right\" data-td_filter_value=\"td_related_more_from_author\" data-td_block_id=\"tdi_3\" href=\"https:\/\/orasul-timisoara.ro\/local-40656\/\">DE LA ACELA\u0218I AUTOR<\/a><\/h4>\n<div id=\"tdi_3\" class=\"td_block_inner\">\n<div class=\"td-related-row\">\n<div class=\"td-related-span4\">\n<div class=\"td_module_related_posts td-animation-stack td_mod_related_posts\">\n<div class=\"td-module-image\">\n<div class=\"td-module-thumb\"><a href=\"https:\/\/orasul-timisoara.ro\/local-40635\/\" rel=\"bookmark\" class=\"td-image-wrap \" title=\"Dominic Fritz: \u201eTimi\u0219oara r\u0103m\u00e2ne pe m\u00e2inile bune ale echipei mele\u201d. Ce spune primarul despre ce urmeaz\u0103\"><img loading=\"lazy\" decoding=\"async\" class=\"entry-thumb\" src=\"https:\/\/orasul-timisoara.ro\/wp-content\/uploads\/2026\/08\/fritz-sustinatori-436x300.jpg\" alt title=\"Dominic Fritz: \u201eTimi\u0219oara r\u0103m\u00e2ne pe m\u00e2inile bune ale echipei mele\u201d. Ce spune primarul despre ce urmeaz\u0103\" width=\"218\" height=\"150\"><\/a><\/div>\n<\/div>\n<div class=\"item-details\">\n<h3 class=\"entry-title td-module-title\"><a href=\"https:\/\/orasul-timisoara.ro\/local-40635\/\" rel=\"bookmark\" title=\"Dominic Fritz: \u201eTimi\u0219oara r\u0103m\u00e2ne pe m\u00e2inile bune ale echipei mele\u201d. Ce spune primarul despre ce urmeaz\u0103\">Dominic Fritz: \u201eTimi\u0219oara r\u0103m\u00e2ne pe m\u00e2inile bune ale echipei mele\u201d. Ce spune primarul despre ce urmeaz\u0103<\/a><\/h3>\n<\/div>\n<\/div>\n<\/div>\n<div class=\"td-related-span4\">\n<div class=\"td_module_related_posts td-animation-stack td_mod_related_posts\">\n<div class=\"td-module-image\">\n<div class=\"td-module-thumb\"><a href=\"https:\/\/orasul-timisoara.ro\/local-40617\/\" rel=\"bookmark\" class=\"td-image-wrap \" title=\"Ruben La\u021bc\u0103u: \u201eRedeschidem Calea Martirilor dup\u0103 asfaltare\u201d. Ce se schimb\u0103 la intersec\u021bia cu Rebreanu? (foto)\"><img loading=\"lazy\" decoding=\"async\" class=\"entry-thumb\" src=\"https:\/\/orasul-timisoara.ro\/wp-content\/uploads\/2026\/08\/clea-martirilor-revreanu-436x300.jpg\" alt title=\"Ruben La\u021bc\u0103u: \u201eRedeschidem Calea Martirilor dup\u0103 asfaltare\u201d. Ce se schimb\u0103 la intersec\u021bia cu Rebreanu? (foto)\" width=\"218\" height=\"150\"><\/a><\/div>\n<\/div>\n<div class=\"item-details\">\n<h3 class=\"entry-title td-module-title\"><a href=\"https:\/\/orasul-timisoara.ro\/local-40617\/\" rel=\"bookmark\" title=\"Ruben La\u021bc\u0103u: \u201eRedeschidem Calea Martirilor dup\u0103 asfaltare\u201d. Ce se schimb\u0103 la intersec\u021bia cu Rebreanu? (foto)\">Ruben La\u021bc\u0103u: \u201eRedeschidem Calea Martirilor dup\u0103 asfaltare\u201d. Ce se schimb\u0103 la intersec\u021bia cu Rebreanu? (foto)<\/a><\/h3>\n<\/div>\n<\/div>\n<\/div>\n<div class=\"td-related-span4\">\n<div class=\"td_module_related_posts td-animation-stack td_mod_related_posts\">\n<div class=\"td-module-image\">\n<div class=\"td-module-thumb\"><a href=\"https:\/\/orasul-timisoara.ro\/local-40614\/\" rel=\"bookmark\" class=\"td-image-wrap \" title=\"Dominic Fritz: \u201eVom transforma aceste 30 de zile dintr-un abuz \u00eentr-un festival al faptelor\u201d\"><img loading=\"lazy\" decoding=\"async\" class=\"entry-thumb\" src=\"https:\/\/orasul-timisoara.ro\/wp-content\/uploads\/2026\/08\/dominic-fritx-maneci-suflecate-436x300.jpg\" alt title=\"Dominic Fritz: \u201eVom transforma aceste 30 de zile dintr-un abuz \u00eentr-un festival al faptelor\u201d\" width=\"218\" height=\"150\"><\/a><\/div>\n<\/div>\n<div class=\"item-details\">\n<h3 class=\"entry-title td-module-title\"><a href=\"https:\/\/orasul-timisoara.ro\/local-40614\/\" rel=\"bookmark\" title=\"Dominic Fritz: \u201eVom transforma aceste 30 de zile dintr-un abuz \u00eentr-un festival al faptelor\u201d\">Dominic Fritz: \u201eVom transforma aceste 30 de zile dintr-un abuz \u00eentr-un festival al faptelor\u201d<\/a><\/h3>\n<\/div>\n<\/div>\n<\/div>\n<\/div>\n<\/div>\n<\/div>\n<div class=\"comments\" id=\"comments\">\n<div id=\"respond\" class=\"comment-respond\">\n<h3 id=\"reply-title\" class=\"comment-reply-title\">L\u0102SA\u021aI UN MESAJ<\/h3>\n<div class=\"comment-form-input-wrap td-form-comment\">\n<div class=\"td-warning-comment\">V\u0103 rug\u0103m s\u0103 introduce\u021bi comentariul dvs.!<\/div>\n<\/div>\n<div class=\"comment-form-input-wrap td-form-author\">\n<div class=\"td-warning-author\">Introduce\u021bi aici numele dvs.<\/div>\n<\/div>\n<div class=\"comment-form-input-wrap td-form-email\">\n<div class=\"td-warning-email-error\">A\u021bi introdus o adres\u0103 de e-mail incorect\u0103!<\/div>\n<div class=\"td-warning-email\">V\u0103 rug\u0103m s\u0103 introduce\u021bi adresa dvs. de e-mail aici<\/div>\n<\/div>\n<\/div>\n<p class=\"akismet_comment_form_privacy_notice\">Acest site folose\u0219te Akismet pentru a reduce spamul. <a href=\"https:\/\/akismet.com\/privacy\/\" target=\"_blank\" rel=\"nofollow noopener\">Afl\u0103 cum sunt procesate datele comentariilor tale<\/a>.<\/p>\n<\/div>\n<\/div>\n<\/div>\n<div class=\"td-pb-span4 td-main-sidebar\" role=\"complementary\">\n<div class=\"td-ss-main-sidebar\">\n<aside id=\"block-4\" class=\"td_block_template_8 widget block-4 widget_block widget_media_image\">\n<figure class=\"wp-block-image size-full\"><img decoding=\"async\" loading=\"lazy\" width=\"336\" height=\"280\" src=\"https:\/\/orasul-timisoara.ro\/wp-content\/uploads\/2024\/11\/ReTIM-Abonamentul-Verde-Google-Ads-336x280px.gif\" alt class=\"wp-image-29257\"><\/figure>\n<\/aside>\n<div class=\"td_block_wrap td_block_social_counter td_block_widget tdi_6 td-social-style5 td-social-boxed td-pb-border-top td_block_template_8\">\n<div class=\"td-block-title-wrap\">\n<h4 class=\"td-block-title\"><span>Urm\u0103re\u0219te-ne pe Social Media<\/span><\/h4>\n<\/div>\n<div class=\"td-social-list\">\n<div class=\"td_social_type td-pb-margin-side td_social_facebook\">\n<div class=\"td-social-box\"><span class=\"td_social_info td_social_info_counter\">344,595<\/span><span class=\"td_social_info td_social_info_name\">Fani<\/span><span class=\"td_social_button\"><a href=\"https:\/\/www.facebook.com\/247timisoara\" target=\"_blank\" rel=\"nofollow\">\u00cemi place<\/a><\/span><\/div>\n<\/div>\n<div class=\"td_social_type td-pb-margin-side td_social_instagram\">\n<div class=\"td-social-box\"><span class=\"td_social_info td_social_info_counter\">4,416<\/span><span class=\"td_social_info td_social_info_name\">Cititori<\/span><span class=\"td_social_button\"><a href=\"https:\/\/instagram.com\/orasultimisoararo\/\" target=\"_blank\" rel=\"nofollow\">Conecta\u021bi-v\u0103<\/a><\/span><\/div>\n<\/div>\n<div class=\"td_social_type td-pb-margin-side td_social_rss\">\n<div class=\"td-social-box\"><span class=\"td_social_info td_social_info_counter\">12,506<\/span><span class=\"td_social_info td_social_info_name\">Cititori<\/span><span class=\"td_social_button\"><a href=\"https:\/\/orasul-timisoara.ro\/feed\/\" target=\"_blank\" rel=\"nofollow\">Conecta\u021bi-v\u0103<\/a><\/span><\/div>\n<\/div>\n<div class=\"td_social_type td-pb-margin-side td_social_tiktok\">\n<div class=\"td-social-box\"><span class=\"td_social_info td_social_info_counter\">1,500<\/span><span class=\"td_social_info td_social_info_name\">Cititori<\/span><span class=\"td_social_button\"><a href=\"https:\/\/www.tiktok.com\/@orasultimisoara\" target=\"_blank\" rel=\"nofollow\">Conecta\u021bi-v\u0103<\/a><\/span><\/div>\n<\/div>\n<div class=\"td_social_type td-pb-margin-side td_social_twitter\">\n<div class=\"td-social-box\"><span class=\"td_social_info td_social_info_counter\">1,595<\/span><span class=\"td_social_info td_social_info_name\">Cititori<\/span><span class=\"td_social_button\"><a href=\"https:\/\/twitter.com\/orasultm\" target=\"_blank\" rel=\"nofollow\">Conecta\u021bi-v\u0103<\/a><\/span><\/div>\n<\/div>\n<div class=\"td_social_type td-pb-margin-side td_social_youtube\">\n<div class=\"td-social-box\"><span class=\"td_social_info td_social_info_counter\">3,506<\/span><span class=\"td_social_info td_social_info_name\">Abona\u021bi<\/span><span class=\"td_social_button\"><a href=\"https:\/\/www.youtube.com\/channel\/UCQNsQvs2XCSIm1Z-AHRturw?sub_confirmation=1\" target=\"_blank\" rel=\"nofollow\">Abona\u021bi-v\u0103<\/a><\/span><\/div>\n<\/div>\n<\/div>\n<\/div>\n<aside id=\"text-7\" class=\"td_block_template_8 widget text-7 widget_text\">\n<h4 class=\"td-block-title\"><span>C\u0103ut\u0103ri populare pe OTM<\/span><\/h4>\n<div class=\"textwidget\"><a href=\"https:\/\/orasul-timisoara.ro\/?s=timisoara\"><span>Timisoara<\/span><\/a><a href=\"https:\/\/orasul-timisoara.ro\/?s=calin+dobra\"><span>Calin Dobra<\/span><\/a><a href=\"https:\/\/orasul-timisoara.ro\/?s=primaria+timisoara\"><span>Primaria Timisoara<\/span><\/a><a href=\"https:\/\/orasul-timisoara.ro\/?s=dominic+fritz\"><span>Dominic Fritz<\/span><\/a><a href=\"https:\/\/orasul-timisoara.ro\/?s=nicolae+robu\"><span>Nicolae Robu<\/span><\/a><a href=\"https:\/\/orasul-timisoara.ro\/?s=consiliul+local+timisoara\">Consiliul Local Timisoara<\/a><a href=\"https:\/\/orasul-timisoara.ro\/?s=consiliul+judetean+timis\"><span>Consiliul Judetean Timis<\/span><\/a><a href=\"https:\/\/orasul-timisoara.ro\/?s=cjt\"><span>CJT<\/span><\/a><a href=\"https:\/\/orasul-timisoara.ro\/?s=Alfred+Simonis\"><span>Alfred Simonis<\/span><\/a><a href=\"https:\/\/orasul-timisoara.ro\/?s=PNL\"><span>PNL<\/span><\/a><a href=\"https:\/\/orasul-timisoara.ro\/?s=coronavirus\"><span>coronavirus<\/span><\/a><a href=\"https:\/\/orasul-timisoara.ro\/?s=teatru+timisoara\">teatru Timisoara<\/a><a href=\"https:\/\/orasul-timisoara.ro\/?s=restaurante\"><span>restaurante Timisoara<\/span><\/a><a href=\"https:\/\/orasul-timisoara.ro\/?s=diskoteka\"><span>Diskoteka<\/span><\/a><a href=\"https:\/\/orasul-timisoara.ro\/?s=iulius+town\"><span>Iulius Town<\/span><\/a><a href=\"https:\/\/orasul-timisoara.ro\/?s=iulius+mall\"><span>Iulius Mall<\/span><\/a><a href=\"https:\/\/orasul-timisoara.ro\/?s=stpt\"><span>STPT<\/span><\/a><a href=\"https:\/\/orasul-timisoara.ro\/?s=alin+nica\"><span>Alin Nica<\/span><\/a><a href=\"https:\/\/orasul-timisoara.ro\/?s=psd\"><span>PSD<\/span><\/a><a href=\"https:\/\/orasul-timisoara.ro\/?s=aeroport\"><span>Aeroportul International Timisoara<\/span><\/a><a href=\"https:\/\/orasul-timisoara.ro\/?s=babes\"><span>Spitalul Victor Babes Timisoara<\/span><\/a><a href=\"https:\/\/orasul-timisoara.ro\/?s=poli\"><span>Poli Timi\u0219oara<\/span><\/a><a href=\"https:\/\/orasul-timisoara.ro\/?s=carantina\"><span>carantina<\/span><\/a><a href=\"https:\/\/orasul-timisoara.ro\/?s=aquatim\"><span>Aquatim<\/span><\/a><a href=\"https:\/\/orasul-timisoara.ro\/local-category\/stiri-timisoara\/\"><span>Stiri Timisoara<\/span><\/a><a href=\"https:\/\/orasul-timisoara.ro\/local-category\/investitii-in-timisoara\/\"><span>Investi\u021bii in Timi\u0219oara<\/span><\/a><a href=\"https:\/\/orasul-timisoara.ro\/local-9463\/\"><span>shaorma<\/span><\/a><a href=\"https:\/\/orasul-timisoara.ro\/?s=trafic\"><span>trafic rutier<\/span><\/a><a href=\"https:\/\/orasul-timisoara.ro\/?s=politia\"><span>politia locala timisoara<\/span><\/a><a href=\"https:\/\/orasul-timisoara.ro\/?s=roxana\"><span>Roxana Iliescu<\/span><\/a><a href=\"https:\/\/orasul-timisoara.ro\/?s=colterm\"><span>Colterm<\/span><\/a><a href=\"https:\/\/orasul-timisoara.ro\/?s=latcau\"><span>Ruben La\u021bc\u0103u<\/span><\/a><a href=\"https:\/\/orasul-timisoara.ro\/?s=timis\"><span>\u0218tiri din Timi\u0219<\/span><\/a><a href=\"https:\/\/orasul-timisoara.ro\/?s=spital\"><span>Spitale din Timi\u0219oara<\/span><\/a><a href=\"https:\/\/orasul-timisoara.ro\/?s=tabara\"><span>Cosmin Tab\u0103r\u0103<\/span><\/a><\/div>\n<\/aside>\n<aside id=\"rss-2\" class=\"td_block_template_8 widget rss-2 widget_rss\">\n<h4 class=\"td-block-title\"><span><a class=\"rsswidget rss-widget-feed\" href=\"https:\/\/fashionfridays.ro\/feed\"><img decoding=\"async\" class=\"rss-widget-icon\" width=\"14\" height=\"14\" src=\"https:\/\/orasul-timisoara.ro\/wp-includes\/images\/rss.png\" alt=\"Flux RSS: Fashion Fridays\" loading=\"lazy\"><\/a><a class=\"rsswidget rss-widget-title\" href=\"https:\/\/fashionfridays.ro\/\">Fashion Fridays<\/a><\/span><\/h4>\n<ul>\n<li><a class=\"rsswidget\" href=\"https:\/\/fashionfridays.ro\/romania-devine-a-29-a-piata-vogue-o-noua-era-pentru-industria-locala-de-moda\/\">Rom\u00e2nia devine a 29-a pia\u021b\u0103 Vogue: o nou\u0103 er\u0103 pentru industria local\u0103 de mod\u0103<\/a>\n<div class=\"rssSummary\">Revista Vogue \u00ee\u0219i extinde prezen\u021ba global\u0103 \u0219i va fi lansat\u0103 oficial \u00een Rom\u00e2nia \u00een prim\u0103vara anului 2027, marc\u00e2nd intrarea pe cea de-a 29-a pia\u021b\u0103 interna\u021bional\u0103. Proiectul este realizat \u00een parteneriat cu AEMME Publishing, o companie media recent \u00eenfiin\u021bat\u0103, care va publica edi\u021bia local\u0103 sub licen\u021b\u0103. Noua edi\u021bie, Vogue Rom\u00e2nia, \u00ee\u0219i propune s\u0103 combine autoritatea global\u0103 [\u2026]<\/div>\n<\/li>\n<\/ul>\n<\/aside>\n<aside id=\"rss-4\" class=\"td_block_template_8 widget rss-4 widget_rss\">\n<h4 class=\"td-block-title\"><span><a class=\"rsswidget rss-widget-feed\" href=\"https:\/\/emasini.ro\/feed\"><img decoding=\"async\" class=\"rss-widget-icon\" width=\"14\" height=\"14\" src=\"https:\/\/orasul-timisoara.ro\/wp-includes\/images\/rss.png\" alt=\"Flux RSS: eMasini\" loading=\"lazy\"><\/a><a class=\"rsswidget rss-widget-title\" href=\"https:\/\/emasini.ro\/\">eMasini<\/a><\/span><\/h4>\n<ul>\n<li><a class=\"rsswidget\" href=\"https:\/\/emasini.ro\/adio-bordurilor-pline-de-ecrane-mercedes-benz-readuce-butoanele-in-noile-masini-produse\/\">Adio bordurilor pline de ecrane? Mercedes-Benz readuce butoanele \u00een noile ma\u0219ini produse<\/a>\n<div class=\"rssSummary\">Mercedes-Benz \u00ee\u0219i schimb\u0103 direc\u021bia \u00een ceea ce prive\u0219te designul interioarelor \u0219i va readuce comenzile fizice pentru anumite func\u021bii importante. Constructorul german nu renun\u021b\u0103 la ecranele mari \u0219i la tehnologiile digitale, dar recunoa\u0219te c\u0103 a mers prea departe prin eliminarea unor butoane \u0219i comenzi tactile. Ola K\u00e4llenius, pre\u0219edintele Consiliului de Administra\u021bie al Mercedes-Benz Group \u0219i CEO [\u2026]<\/div>\n<\/li>\n<\/ul>\n<\/aside>\n<\/div>\n<\/div>\n<\/div>\n<\/div>\n<\/article>\n<div class=\"td-post-content tagdiv-type\">\n<p class=\"wp-block-paragraph\">Primul tramvai din noul lot de 10 garnituri achizi\u021bionate de Prim\u0103ria Municipiului Timi\u0219oara a ajuns \u00een ora\u0219 \u0219i este preg\u0103tit pentru testele de omologare \u0219i recep\u021bie. Noile tramvaie Bozankaya sunt mai scurte \u0219i mai u\u0219oare dec\u00e2t garniturile aflate deja \u00een circula\u021bie \u0219i sunt destinate inclusiv traseelor unde tramvaiele de dimensiuni mari nu pot fi utilizate \u00een prezent.<\/p>\n<h2 class=\"wp-block-heading\">Primul tramvai scurt Bozankaya a ajuns la Timi\u0219oara<\/h2>\n<p class=\"wp-block-paragraph\">Noua garnitur\u0103 are trei module, fa\u021b\u0103 de cele cinci ale tramvaielor mai lungi aflate deja \u00een circula\u021bie, \u0219i poate transporta peste 150 de c\u0103l\u0103tori. Dimensiunile \u0219i greutatea mai reduse permit introducerea tramvaielor inclusiv pe anumite trasee unde infrastructura este mai uzat\u0103.<\/p>\n<p class=\"wp-block-paragraph\">Viceprimarul Timi\u0219oarei, Ruben La\u021bc\u0103u, anun\u021b\u0103 c\u0103 primul tramvai este preg\u0103tit pentru etapa de testare \u0219i omologare.<\/p>\n<figure class=\"wp-block-gallery has-nested-images columns-7 is-cropped td-modal-on-gallery wp-block-gallery-1 is-layout-flex wp-block-gallery-is-layout-flex\">\n<figure class=\"wp-block-image size-full\"><img loading=\"lazy\" decoding=\"async\" width=\"1920\" height=\"1080\" data-id=\"40657\" src=\"https:\/\/orasul-timisoara.ro\/wp-content\/uploads\/2026\/09\/tramvai-nou-bozankaya-scurt-2.jpg\" alt class=\"wp-image-40657\"><\/figure>\n<figure class=\"wp-block-image size-full\"><img loading=\"lazy\" decoding=\"async\" width=\"1920\" height=\"1080\" data-id=\"40660\" src=\"https:\/\/orasul-timisoara.ro\/wp-content\/uploads\/2026\/09\/tramvai-nou-bozankaya-scurt-3.jpg\" alt class=\"wp-image-40660\"><\/figure>\n<figure class=\"wp-block-image size-full\"><img loading=\"lazy\" decoding=\"async\" width=\"1920\" height=\"1080\" data-id=\"40659\" src=\"https:\/\/orasul-timisoara.ro\/wp-content\/uploads\/2026\/09\/tramvai-nou-bozankaya-scurt-4.jpg\" alt class=\"wp-image-40659\"><\/figure>\n<figure class=\"wp-block-image size-large\"><img decoding=\"async\" loading=\"lazy\" width=\"1668\" height=\"2500\" data-id=\"40661\" src=\"https:\/\/orasul-timisoara.ro\/wp-content\/uploads\/2026\/09\/tramvai-nou-bozankaya-scurt-5-1668x2500.jpg\" alt class=\"wp-image-40661\"><\/figure>\n<figure class=\"wp-block-image size-full\"><img decoding=\"async\" loading=\"lazy\" width=\"1920\" height=\"1080\" data-id=\"40658\" src=\"https:\/\/orasul-timisoara.ro\/wp-content\/uploads\/2026\/09\/tramvai-nou-bozankaya-scurt-6.jpg\" alt class=\"wp-image-40658\"><\/figure>\n<figure class=\"wp-block-image size-full\"><img decoding=\"async\" loading=\"lazy\" width=\"1920\" height=\"1080\" data-id=\"40662\" src=\"https:\/\/orasul-timisoara.ro\/wp-content\/uploads\/2026\/09\/tramvai-nou-bozankaya-scurt-7.jpg\" alt class=\"wp-image-40662\"><\/figure>\n<figure class=\"wp-block-image size-full\"><img decoding=\"async\" loading=\"lazy\" width=\"1920\" height=\"1080\" data-id=\"40663\" src=\"https:\/\/orasul-timisoara.ro\/wp-content\/uploads\/2026\/09\/tramvai-nou-bozankaya-scurt-1.jpg\" alt class=\"wp-image-40663\"><\/figure>\n<\/figure>\n<p class=\"wp-block-paragraph\">\u201ePrimul tramvai scurt e preg\u0103tit pentru testele de omologare. Alte 4 garnituri vor ajunge la Timi\u0219oara p\u00e2n\u0103 la final de an, iar 5 p\u00e2n\u0103 \u00een prim\u0103vara anului viitor.<\/p>\n<p class=\"wp-block-paragraph\">Sunt tramvaie cu o capacitate de peste 150 de persoane, dar mai u\u0219oare \u0219i mai scurte dec\u00e2t cele pe care le avem acum \u00een circula\u021bie. Le putem introduce \u0219i pe linia 7, unde actualele tramvaie nu pot trece de curba de pe Aluni\u0219 din cauza lungimii\u201d, a declarat Ruben La\u021bc\u0103u, viceprimarul Timi\u0219oarei.<\/p>\n<h2 class=\"wp-block-heading\">Tramvaiele vor avea dot\u0103ri moderne<\/h2>\n<p class=\"wp-block-paragraph\">Noile garnituri sunt echipate cu podea cobor\u00e2t\u0103, climatizare, sisteme de informare \u00een timp real a c\u0103l\u0103torilor, Wi-Fi \u0219i supraveghere video. Acestea dispun, de asemenea, de sisteme moderne de trac\u021biune electric\u0103 \u0219i fr\u00e2nare regenerativ\u0103.<\/p>\n<p class=\"wp-block-paragraph\">Tramvaiele nu produc emisii \u00een timpul circula\u021biei \u0219i sunt concepute pentru a contribui la reducerea zgomotului generat de transportul public.<\/p>\n<p class=\"wp-block-paragraph\">\u201eSunt dotate cu podea cobor\u00e2t\u0103, climatizare, sisteme de informare \u00een timp real a c\u0103l\u0103torilor, Wi-Fi \u0219i supraveghere video, precum \u0219i cu sisteme moderne de trac\u021biune electric\u0103 \u0219i fr\u00e2nare regenerativ\u0103\u201d, a precizat Ruben La\u021bc\u0103u.<\/p>\n<h2 class=\"wp-block-heading\">Zece tramvaie, achizi\u021bionate cu fonduri europene<\/h2>\n<p class=\"wp-block-paragraph\">Cele 10 tramvaie Bozankaya sunt achizi\u021bionate cu fonduri europene prin Programul Regional Vest 2021\u20132027 \u0219i sunt livrate etapizat. Primul tramvai a ajuns deja la Timi\u0219oara, alte patru garnituri urm\u00e2nd s\u0103 fie livrate p\u00e2n\u0103 la finalul anului 2026, iar ultimele cinci p\u00e2n\u0103 \u00een prim\u0103vara anului 2027.<\/p>\n<p class=\"wp-block-paragraph\">Valoarea total\u0103 a proiectului este de 135.680.920 de lei, TVA inclus. Din aceast\u0103 sum\u0103, 99.404.000 de lei reprezint\u0103 finan\u021bare nerambursabil\u0103 prin Programul Regional Vest, \u00een timp ce 36.276.920 de lei, TVA inclus, reprezint\u0103 cheltuieli neeligibile suportate din bugetul local.<\/p>\n<p class=\"wp-block-paragraph\">\u201eAm achizi\u021bionat cele 10 tramvaie cu fonduri europene prin Agen\u021bia pentru Dezvoltare Regional\u0103 Vest \u2013 ADR Vest \u0219i mai aveam \u00een licita\u021bie tot cu bani PRVest 10 troleibuze \u0219i 20 de autobuze\u201d, a mai transmis Ruben La\u021bc\u0103u.<\/p>\n<h2 class=\"wp-block-heading\">Municipalitatea vorbe\u0219te despre modernizarea transportului public<\/h2>\n<p class=\"wp-block-paragraph\">Primarul Dominic Fritz sus\u021bine c\u0103 noua achizi\u021bie completeaz\u0103 procesul de modernizare a transportului public din Timi\u0219oara.<\/p>\n<p class=\"wp-block-paragraph\">\u201eE o achizi\u021bie care completeaz\u0103 flota modernizat\u0103 de transport public a Timi\u0219oarei. \u00cen ultimii 6 ani am cump\u0103rat cu fonduri europene 158 de tramvaie, autobuze electrice \u0219i firobuze noi. De altfel, aceast\u0103 modernizare a flotei duce \u0219i la o cre\u0219tere constant\u0103, de la an la an, a num\u0103rului celor care folosesc transportul public \u00een deplas\u0103rile zilnice\u201d, a declarat Dominic Fritz.<\/p>\n<p class=\"wp-block-paragraph\">Potrivit lui Ruben La\u021bc\u0103u, noile investi\u021bii \u00een transportul public \u00eencep s\u0103 produc\u0103 efecte asupra modului \u00een care timi\u0219orenii se deplaseaz\u0103 prin ora\u0219.<\/p>\n<p class=\"wp-block-paragraph\">\u201eAvem semne clare c\u0103 investi\u021biile masive \u00een transportul public, inclusiv 158 de tramvaie, autobuze electrice \u0219i firobuze, \u00eencep s\u0103 schimbe modul \u00een care ne deplas\u0103m \u00een Timi\u0219oara\u201d, a \u00eencheiat Ruben La\u021bc\u0103u.<\/p>\n<\/div>\n<p>[analyse_source url=&#8221;https:\/\/orasul-timisoara.ro\/local-40656\/&#8221;]<\/p>\n","protected":false},"excerpt":{"rendered":"<p>[analyse_image type=&#8221;featured&#8221; src=&#8221;https:\/\/orasul-timisoara.ro\/wp-content\/uploads\/2026\/09\/tpt-boznkaya-nou-scurt.jpg&#8221;] Administra\u021bie local\u0103Timi\u0219oara prime\u0219te primul tramvai scurt din noul lot de 10 garnituri Bozankaya&#8230;. Administra\u021bie local\u0103 Investitii in Timisoara \u0218tiri Locale Timi\u0219oara prime\u0219te primul tramvai scurt din noul lot de 10 garnituri Bozankaya. Ruben La\u021bc\u0103u: \u201eE preg\u0103tit pentru testele de omologare\u201d De c\u0103tre redactia &#8211; 01\/09\/2026 Facebook Twitter WhatsApp Linkedin ReddIt Email Imprimare [&hellip;]<\/p>\n","protected":false},"author":1,"featured_media":0,"comment_status":"open","ping_status":"","sticky":false,"template":"","format":"standard","meta":{"footnotes":""},"categories":[89],"tags":[226,189],"class_list":["post-2123103","post","type-post","status-publish","format-standard","hentry","category-romania","tag-crawlmanager","tag-orasul-timisoara-ro"],"_links":{"self":[{"href":"https:\/\/analyse.optim.biz\/index.php?rest_route=\/wp\/v2\/posts\/2123103","targetHints":{"allow":["GET"]}}],"collection":[{"href":"https:\/\/analyse.optim.biz\/index.php?rest_route=\/wp\/v2\/posts"}],"about":[{"href":"https:\/\/analyse.optim.biz\/index.php?rest_route=\/wp\/v2\/types\/post"}],"author":[{"embeddable":true,"href":"https:\/\/analyse.optim.biz\/index.php?rest_route=\/wp\/v2\/users\/1"}],"replies":[{"embeddable":true,"href":"https:\/\/analyse.optim.biz\/index.php?rest_route=%2Fwp%2Fv2%2Fcomments&post=2123103"}],"version-history":[{"count":0,"href":"https:\/\/analyse.optim.biz\/index.php?rest_route=\/wp\/v2\/posts\/2123103\/revisions"}],"wp:attachment":[{"href":"https:\/\/analyse.optim.biz\/index.php?rest_route=%2Fwp%2Fv2%2Fmedia&parent=2123103"}],"wp:term":[{"taxonomy":"category","embeddable":true,"href":"https:\/\/analyse.optim.biz\/index.php?rest_route=%2Fwp%2Fv2%2Fcategories&post=2123103"},{"taxonomy":"post_tag","embeddable":true,"href":"https:\/\/analyse.optim.biz\/index.php?rest_route=%2Fwp%2Fv2%2Ftags&post=2123103"}],"curies":[{"name":"wp","href":"https:\/\/api.w.org\/{rel}","templated":true}]}}