{"id":212309,"date":"2014-02-15T18:22:25","date_gmt":"2014-02-15T15:22:25","guid":{"rendered":"https:\/\/analyse.optim.biz\/?p=212309"},"modified":"2014-02-15T18:22:25","modified_gmt":"2014-02-15T15:22:25","slug":"victor-ponta-ii-da-dreptate-lui-daniel-constantin-privind-pactul-de-coabitare","status":"publish","type":"post","link":"https:\/\/analyse.optim.biz\/?p=212309","title":{"rendered":"Victor Ponta \u00eei d\u0103 dreptate lui Daniel Constantin privind pactul de coabitare"},"content":{"rendered":"<div class=\"entry data-app-meta data-app-meta-article\" data-embed-base-url-canonical=\"https:\/\/www.digi24.ro\/embed\/stiri\/actualitate\/politica\/victor-ponta-ii-da-dreptate-lui-daniel-constantin-privind-pactul-de-coabitare-200872\">\n<p data-index=\"1\">\u201eStrict politic, era mult mai bine dac\u0103 nu relata public acele momente din trecutul USL petrecute totu\u0219i \u00een spatele u\u0219ilor \u00eenchise! El a spus, bine\u00een\u021beles, adev\u0103rul, dar sper ca acest adev\u0103r spus \u00eentr-un moment tensionat s\u0103 nu cauzeze r\u0103ni personale \u0219i politice greu de vindecat\u201d, a spus Victor Ponta pentru stiripesurse.ro.<\/p>\n<p data-index=\"2\">Liderul conservator l-a acuzat pe Crin Antonescu c\u0103 minte. Daniel Constantin spunea c\u0103 pre\u015fedintele partidului liberal aflase con\u0163inutul Pactului de Coabitare din 2012, dintre premier \u015fi pre\u015fedinte, \u00eenainte ca documentul s\u0103 ajung\u0103 la Cotroceni. El a povestit c\u0103, \u00een seara de dinaintea semn\u0103rii, l-a v\u0103zut pe Crin Antonescu \u00een biroul lui de la Senat, cum f\u0103cea modific\u0103ri cu pixul pe acel document.<\/p>\n<p data-index=\"3\">\u201e<span>Sunt pove\u015fti demult \u015ftiute, revela\u0163iile lui Daniel Constantin ne arat\u0103 c\u0103 acum a aflat el. Nu v\u0103d ce pot comenta f\u0103r\u0103 s\u0103 fiu ironic sau chiar mali\u0163ios. Dar cine nu \u015ftia de pactul de coabitare? A \u015ftiut toat\u0103 lumea\u201d, a spus Crin Antonescu despre declara\u021biile pre\u0219edintelui PC.<\/span><\/p>\n<p data-index=\"4\">Crin Antonescu a declarat \u00een urma cu mai multe luni c\u0103 alian\u0163a format\u0103 de PNL cu PC nu mai func\u0163ioneaz\u0103 de mult\u0103 vreme \u015fi c\u0103 anun\u0163ul va fi f\u0103cut oficial. Conflictul dintre cele dou\u0103 partide s-a acutizat \u00een ultimele zile, c\u00e2nd PC s-a aliat cu PSD \u00een Uniunea Social Democrat\u0103 (USD) \u015fi a cerut un post de vicepremier pentru Daniel Constantin, lucru respins ferm de Crin Antonescu.<\/p>\n<\/div>\n<p> Source URL: https:\/\/www.digi24.ro\/stiri\/actualitate\/politica\/victor-ponta-ii-da-dreptate-lui-daniel-constantin-privind-pactul-de-coabitare-200872<\/p>\n","protected":false},"excerpt":{"rendered":"<p>\u201eStrict politic, era mult mai bine dac\u0103 nu relata public acele momente din trecutul USL petrecute totu\u0219i \u00een spatele u\u0219ilor \u00eenchise! El a spus, bine\u00een\u021beles, adev\u0103rul, dar sper ca acest adev\u0103r spus \u00eentr-un moment tensionat s\u0103 nu cauzeze r\u0103ni personale \u0219i politice greu de vindecat\u201d, a spus Victor Ponta pentru stiripesurse.ro. Liderul conservator l-a acuzat [&hellip;]<\/p>\n","protected":false},"author":1,"featured_media":212310,"comment_status":"open","ping_status":"","sticky":false,"template":"","format":"standard","meta":{"footnotes":""},"categories":[2],"tags":[11],"class_list":["post-212309","post","type-post","status-publish","format-standard","has-post-thumbnail","hentry","category-politics","tag-digi24"],"_links":{"self":[{"href":"https:\/\/analyse.optim.biz\/index.php?rest_route=\/wp\/v2\/posts\/212309","targetHints":{"allow":["GET"]}}],"collection":[{"href":"https:\/\/analyse.optim.biz\/index.php?rest_route=\/wp\/v2\/posts"}],"about":[{"href":"https:\/\/analyse.optim.biz\/index.php?rest_route=\/wp\/v2\/types\/post"}],"author":[{"embeddable":true,"href":"https:\/\/analyse.optim.biz\/index.php?rest_route=\/wp\/v2\/users\/1"}],"replies":[{"embeddable":true,"href":"https:\/\/analyse.optim.biz\/index.php?rest_route=%2Fwp%2Fv2%2Fcomments&post=212309"}],"version-history":[{"count":0,"href":"https:\/\/analyse.optim.biz\/index.php?rest_route=\/wp\/v2\/posts\/212309\/revisions"}],"wp:featuredmedia":[{"embeddable":true,"href":"https:\/\/analyse.optim.biz\/index.php?rest_route=\/wp\/v2\/media\/212310"}],"wp:attachment":[{"href":"https:\/\/analyse.optim.biz\/index.php?rest_route=%2Fwp%2Fv2%2Fmedia&parent=212309"}],"wp:term":[{"taxonomy":"category","embeddable":true,"href":"https:\/\/analyse.optim.biz\/index.php?rest_route=%2Fwp%2Fv2%2Fcategories&post=212309"},{"taxonomy":"post_tag","embeddable":true,"href":"https:\/\/analyse.optim.biz\/index.php?rest_route=%2Fwp%2Fv2%2Ftags&post=212309"}],"curies":[{"name":"wp","href":"https:\/\/api.w.org\/{rel}","templated":true}]}}