{"id":2123053,"date":"2026-09-01T16:45:00","date_gmt":"2026-09-01T13:45:00","guid":{"rendered":"https:\/\/analyse.optim.biz\/?p=2123053"},"modified":"2026-09-01T16:45:00","modified_gmt":"2026-09-01T13:45:00","slug":"strada-frasinet-nu-va-fi-gata-la-inceperea-anului-scolar-politistii-vor-dirija-circulatia-in-punctele-fierbinti","status":"publish","type":"post","link":"https:\/\/analyse.optim.biz\/?p=2123053","title":{"rendered":"Strada Fr\u0103sinet nu va fi gata la \u00eenceperea anului \u0219colar. Poli\u021bi\u0219tii vor dirija circula\u021bia \u00een punctele \u201efierbin\u021bi\u201d"},"content":{"rendered":"<p>[analyse_image type=&#8221;featured&#8221; src=&#8221;https:\/\/www.campusbuzau.ro\/wp-content\/uploads\/2026\/09\/FRASINET.jpghttps:\/\/www.campusbuzau.ro\/wp-content\/uploads\/2026\/09\/FRASINET.jpg&#8221;]<\/p>\n<div class=\"entry-content\">\n<p><strong><em>De\u0219i ritmul de lucru este bun pe \u0219antierul str\u0103zii Fr\u0103sinet, este din ce \u00een ce mai evident c\u0103 lucr\u0103rile nu se vor \u00eencheia p\u00e2n\u0103 la \u00eenceputul noului an \u0219colar. Cu siguran\u021b\u0103 c\u0103 traficul auto \u0219i pietonal de pe Chiristigii va fi extrem de aglomerat, \u00een special la orele de v\u00e2rf \u0219i din cauza automobilelor deviate de pe Fr\u0103sinet, unde se circul\u0103 pe un singur sens de mers.<\/em><\/strong><\/p>\n<p>Este din ce \u00een ce mai sigur c\u0103 strada Fr\u0103sinet nu va putea fi finalizat\u0103 p\u00e2n\u0103 la \u00eenceperea noului an \u0219colar a\u0219a cum \u0219i-ar fi dorit edilii \u0219i c\u0103 o dat\u0103 terminat\u0103 vacan\u021ba de var\u0103 \u00een zon\u0103 se vor produce aglomer\u0103ri \u00een trafic greu de gestionat.<\/p>\n<p>\u00cen ceea ce prive\u0219te traficul auto care probabil c\u0103 va fi aglomerat, mai ales \u00een intersec\u021bia cu strada Chiristigii, deciden\u021bii din Prim\u0103rie, \u00eempreun\u0103 cu cei de la Circula\u021bie \u0219i cu poli\u021bi\u0219tii locali vor lua toate m\u0103surile care se impun pentru decongestionarea circula\u021biei rutiere \u0219i pietonale.<\/p>\n<p>\u00cen zon\u0103 vor fi prezen\u021bi \u0219i poli\u021bi\u0219tii locali care vor dirija circula\u021bia \u00een intersec\u021bia dintre str\u0103zile Chiristigii \u0219i Pietroasele.<\/p>\n<p>Aici aglomera\u021bia va fi mai mare dec\u00e2t de obicei din cauza devierii traficului auto din strada Fr\u0103sinet, pe unde se circul\u0103 \u00een continuare tot \u00eentr-un singur sens.<\/p>\n<figure class=\"wp-block-embed is-type-video is-provider-youtube wp-block-embed-youtube wp-embed-aspect-16-9 wp-has-aspect-ratio\">\n<div class=\"wp-block-embed__wrapper\">\n<iframe loading=\"lazy\" title=\"STRADA FR\u0102SINET NU VA FI GATA LA \u00ceNCEPEREA ANULUI \u0218COLAR\" width=\"500\" height=\"281\" src=\"https:\/\/www.youtube.com\/embed\/eBmh3uhDpFI?feature=oembed\" frameborder allow=\"accelerometer; autoplay; clipboard-write; encrypted-media; gyroscope; picture-in-picture; web-share\" referrerpolicy=\"strict-origin-when-cross-origin\" allowfullscreen><\/iframe>\n<\/div>\n<\/figure>\n<\/div>\n<p>[analyse_source url=&#8221;https:\/\/www.campusbuzau.ro\/sens-unic-strada-frasinet-nu-va-fi-gata-la-inceperea-anului-scolar\/&#8221;]<\/p>\n","protected":false},"excerpt":{"rendered":"<p>[analyse_image type=&#8221;featured&#8221; src=&#8221;https:\/\/www.campusbuzau.ro\/wp-content\/uploads\/2026\/09\/FRASINET.jpghttps:\/\/www.campusbuzau.ro\/wp-content\/uploads\/2026\/09\/FRASINET.jpg&#8221;] De\u0219i ritmul de lucru este bun pe \u0219antierul str\u0103zii Fr\u0103sinet, este din ce \u00een ce mai evident c\u0103 lucr\u0103rile nu se vor \u00eencheia p\u00e2n\u0103 la \u00eenceputul noului an \u0219colar. Cu siguran\u021b\u0103 c\u0103 traficul auto \u0219i pietonal de pe Chiristigii va fi extrem de aglomerat, \u00een special la orele de v\u00e2rf \u0219i din [&hellip;]<\/p>\n","protected":false},"author":1,"featured_media":0,"comment_status":"open","ping_status":"","sticky":false,"template":"","format":"standard","meta":{"footnotes":""},"categories":[2],"tags":[118,226],"class_list":["post-2123053","post","type-post","status-publish","format-standard","hentry","category-politics","tag-campusbuzau-ro","tag-crawlmanager"],"_links":{"self":[{"href":"https:\/\/analyse.optim.biz\/index.php?rest_route=\/wp\/v2\/posts\/2123053","targetHints":{"allow":["GET"]}}],"collection":[{"href":"https:\/\/analyse.optim.biz\/index.php?rest_route=\/wp\/v2\/posts"}],"about":[{"href":"https:\/\/analyse.optim.biz\/index.php?rest_route=\/wp\/v2\/types\/post"}],"author":[{"embeddable":true,"href":"https:\/\/analyse.optim.biz\/index.php?rest_route=\/wp\/v2\/users\/1"}],"replies":[{"embeddable":true,"href":"https:\/\/analyse.optim.biz\/index.php?rest_route=%2Fwp%2Fv2%2Fcomments&post=2123053"}],"version-history":[{"count":0,"href":"https:\/\/analyse.optim.biz\/index.php?rest_route=\/wp\/v2\/posts\/2123053\/revisions"}],"wp:attachment":[{"href":"https:\/\/analyse.optim.biz\/index.php?rest_route=%2Fwp%2Fv2%2Fmedia&parent=2123053"}],"wp:term":[{"taxonomy":"category","embeddable":true,"href":"https:\/\/analyse.optim.biz\/index.php?rest_route=%2Fwp%2Fv2%2Fcategories&post=2123053"},{"taxonomy":"post_tag","embeddable":true,"href":"https:\/\/analyse.optim.biz\/index.php?rest_route=%2Fwp%2Fv2%2Ftags&post=2123053"}],"curies":[{"name":"wp","href":"https:\/\/api.w.org\/{rel}","templated":true}]}}