{"id":2123051,"date":"2026-09-01T15:25:00","date_gmt":"2026-09-01T12:25:00","guid":{"rendered":"https:\/\/analyse.optim.biz\/?p=2123051"},"modified":"2026-09-01T15:25:00","modified_gmt":"2026-09-01T12:25:00","slug":"parcul-vifor-prinde-putere-cele-mai-inalte-turbine-eoliene-din-romania-au-intrat-in-productie","status":"publish","type":"post","link":"https:\/\/analyse.optim.biz\/?p=2123051","title":{"rendered":"Parcul Vifor prinde putere. Cele mai \u00eenalte turbine eoliene din Rom\u00e2nia au intrat \u00een produc\u021bie"},"content":{"rendered":"<p>[analyse_image type=&#8221;featured&#8221; src=&#8221;https:\/\/www.campusbuzau.ro\/wp-content\/uploads\/2026\/09\/eoliana-smeeni.jpghttps:\/\/www.campusbuzau.ro\/wp-content\/uploads\/2026\/09\/eoliana-smeeni.jpg&#8221;]<\/p>\n<div class=\"entry-content\">\n<p><strong><em><mark class=\"has-inline-color has-maincolor-color\">Cele 30 de turbine eoliene ridicate \u00een ultimul an, \u00een jude\u021bul Buz\u0103u, \u00een cadrul proiectului Vifor 1, produc deja energie verde. Acestea sunt cele mai \u00eenalte \u0219i mai puternice turbine din Rom\u00e2nia.<\/mark><\/em><\/strong><\/p>\n<p>Parcul este dezvoltat de c\u0103tre o companie privat\u0103, Rezolv Energy. Cele 30 de turbine sunt de tipul EnVentus Vestas V162, cu o \u00een\u0103l\u021bime a turnului de 166 de metri \u0219i un diametru al rotorului de 162 de metri. Fiecare instala\u021bie are o capacitate de 6,4 MW. <\/p>\n<p>Pe l\u00e2ng\u0103 cele 30 de eoliene func\u021bionale deja, \u00eencep\u00e2nd cu data de 27 august, a demarat construc\u021bia altor 42 de turbine similare, care fac parte din proiectul Vifor 2.<\/p>\n<p>La final, Parcul Vifor, al doilea cel mai mare parc eolian din Rom\u00e2nia, va cuprinde 72 de turbine eoliene situate \u00een comunele Coste\u0219ti, Gher\u0103seni, Smeeni, Pogoanele, Luciu, \u021ainte\u0219ti \u0219i Cilibia, \u00eentr-o zon\u0103 ideal\u0103 pentru dezvoltarea unui astfel de proiect. \u00a0<\/p>\n<p>La finalul anului 2027, atunci c\u00e2nd se astimeaz\u0103 c\u0103 vor deveni func\u021bionale toate cele 72 de turbine, noul parc eolian din B\u0103r\u0103ganul buzoian va furniza energie regenerabil\u0103 c\u00e2t s\u0103 alimenteze cel pu\u021bin 250.000 de gospod\u0103rii.<\/p>\n<p>Potrivit dezvoltatorului, proiectul va furniza 461 MW de energie regenerabil\u0103 pentru clien\u021bi comerciali, industriali \u0219i al\u021bi consumatori din Rom\u00e2nia, dar \u0219i din \u021b\u0103rile vecine.<\/p>\n<figure class=\"wp-block-embed is-type-video is-provider-youtube wp-block-embed-youtube wp-embed-aspect-16-9 wp-has-aspect-ratio\">\n<div class=\"wp-block-embed__wrapper\">\n<iframe loading=\"lazy\" title=\"PARCUL VIFOR PRINDE PUTERE\" width=\"500\" height=\"281\" src=\"https:\/\/www.youtube.com\/embed\/BeCPRi8Sw94?feature=oembed\" frameborder allow=\"accelerometer; autoplay; clipboard-write; encrypted-media; gyroscope; picture-in-picture; web-share\" referrerpolicy=\"strict-origin-when-cross-origin\" allowfullscreen><\/iframe>\n<\/div>\n<\/figure>\n<\/div>\n<p>[analyse_source url=&#8221;https:\/\/www.campusbuzau.ro\/parcul-vifor-prinde-putere-cele-mai-inalte-turbine-eoliene-din-romania-au-intrat-in-productie\/&#8221;]<\/p>\n","protected":false},"excerpt":{"rendered":"<p>[analyse_image type=&#8221;featured&#8221; src=&#8221;https:\/\/www.campusbuzau.ro\/wp-content\/uploads\/2026\/09\/eoliana-smeeni.jpghttps:\/\/www.campusbuzau.ro\/wp-content\/uploads\/2026\/09\/eoliana-smeeni.jpg&#8221;] Cele 30 de turbine eoliene ridicate \u00een ultimul an, \u00een jude\u021bul Buz\u0103u, \u00een cadrul proiectului Vifor 1, produc deja energie verde. Acestea sunt cele mai \u00eenalte \u0219i mai puternice turbine din Rom\u00e2nia. Parcul este dezvoltat de c\u0103tre o companie privat\u0103, Rezolv Energy. Cele 30 de turbine sunt de tipul EnVentus Vestas V162, [&hellip;]<\/p>\n","protected":false},"author":1,"featured_media":0,"comment_status":"open","ping_status":"","sticky":false,"template":"","format":"standard","meta":{"footnotes":""},"categories":[2],"tags":[118,226],"class_list":["post-2123051","post","type-post","status-publish","format-standard","hentry","category-politics","tag-campusbuzau-ro","tag-crawlmanager"],"_links":{"self":[{"href":"https:\/\/analyse.optim.biz\/index.php?rest_route=\/wp\/v2\/posts\/2123051","targetHints":{"allow":["GET"]}}],"collection":[{"href":"https:\/\/analyse.optim.biz\/index.php?rest_route=\/wp\/v2\/posts"}],"about":[{"href":"https:\/\/analyse.optim.biz\/index.php?rest_route=\/wp\/v2\/types\/post"}],"author":[{"embeddable":true,"href":"https:\/\/analyse.optim.biz\/index.php?rest_route=\/wp\/v2\/users\/1"}],"replies":[{"embeddable":true,"href":"https:\/\/analyse.optim.biz\/index.php?rest_route=%2Fwp%2Fv2%2Fcomments&post=2123051"}],"version-history":[{"count":0,"href":"https:\/\/analyse.optim.biz\/index.php?rest_route=\/wp\/v2\/posts\/2123051\/revisions"}],"wp:attachment":[{"href":"https:\/\/analyse.optim.biz\/index.php?rest_route=%2Fwp%2Fv2%2Fmedia&parent=2123051"}],"wp:term":[{"taxonomy":"category","embeddable":true,"href":"https:\/\/analyse.optim.biz\/index.php?rest_route=%2Fwp%2Fv2%2Fcategories&post=2123051"},{"taxonomy":"post_tag","embeddable":true,"href":"https:\/\/analyse.optim.biz\/index.php?rest_route=%2Fwp%2Fv2%2Ftags&post=2123051"}],"curies":[{"name":"wp","href":"https:\/\/api.w.org\/{rel}","templated":true}]}}