{"id":2123050,"date":"2026-09-01T14:43:09","date_gmt":"2026-09-01T11:43:09","guid":{"rendered":"https:\/\/analyse.optim.biz\/?p=2123050"},"modified":"2026-09-01T14:43:09","modified_gmt":"2026-09-01T11:43:09","slug":"prima-reactie-publica-a-noii-echipe-de-la-varful-educatiei-buzoiene-prioritatile-anuntate-de-noii-generali","status":"publish","type":"post","link":"https:\/\/analyse.optim.biz\/?p=2123050","title":{"rendered":"Prima reac\u021bie public\u0103 a noii echipe de la v\u00e2rful educa\u021biei buzoiene. Priorit\u0103\u021bile anun\u021bate de noii \u201egenerali\u201d"},"content":{"rendered":"<p>[analyse_image type=&#8221;featured&#8221; src=&#8221;https:\/\/www.campusbuzau.ro\/wp-content\/uploads\/2026\/09\/isj-2.jpghttps:\/\/www.campusbuzau.ro\/wp-content\/uploads\/2026\/09\/isj-2.jpg&#8221;]<\/p>\n<div class=\"entry-content\">\n<p><strong>\u00cen aceast\u0103 dup\u0103-amiaz\u0103, pe grupul de whatsapp destinat rela\u021biei cu media local\u0103, noua echip\u0103 de conducere de la Inspectoratul \u0218colar Jude\u021bean Buz\u0103u a transmis un comunicat prin care explic\u0103, printre altele, cum s-au f\u0103cut noile numiri de la v\u00e2rful \u00een\u0103\u021b\u0103m\u00e2ntului buzoian, precum \u0219i priorit\u0103\u021bile imediate ale noilor \u201egenerali\u201d. Mesajul vine la c\u00e2teva ore dup\u0103 ce <em><a href=\"https:\/\/www.campusbuzau.ro\/\" data-type=\"link\" data-id=\"https:\/\/www.campusbuzau.ro\/\">campusbuzau.ro<\/a><\/em> a publicat <a href=\"https:\/\/www.campusbuzau.ro\/schimbarea-inspectorilor-scolari-buzau\/\" data-type=\"link\" data-id=\"https:\/\/www.campusbuzau.ro\/schimbarea-inspectorilor-scolari-buzau\/\"><em>un material despre iminenta schimbare \u0219i a inspectorilor \u0219colari<\/em><\/a>. <\/strong><\/p>\n<p><strong>Mai jos, pute\u021bi citi textul semnat de Biroul de Pres\u0103 al ISJ: <\/strong><\/p>\n<p><strong>\u201e<\/strong><em><strong><mark class=\"has-inline-color has-maincolor-color\">Inspectoratul \u0218colar Jude\u021bean Buz\u0103u anun\u021b\u0103 numirea prin ordin de ministru a unei noi echipe de conducere, \u00eencep\u00e2nd cu data de 1 septembrie 2026. Astfel, func\u021bia de inspector \u0219colar general va fi exercitat\u0103 de doamna profesor Gina Manea, iar func\u021biile de inspectori \u0219colari generali adjunc\u021bi vor fi ocupate de doamna profesor Felicia Elena Bo\u0219codeal\u0103, responsabil\u0103 de domeniul Management institu\u021bional, \u0219i de doamna profesor Liliana \u0218erb\u0103nic\u0103, responsabil\u0103 de domeniul Curriculum \u0219i inspec\u021bie \u0219colar\u0103.<\/mark><\/strong><\/em><\/p>\n<p><em><strong><mark class=\"has-inline-color has-maincolor-color\">Preciz\u0103m c\u0103, \u00een toate situa\u021biile men\u021bionate, numirea prin deta\u0219are \u00een interesul \u00eenv\u0103\u021b\u0103m\u00e2ntului este valabil\u0103 p\u00e2n\u0103 la organizarea concursului de c\u0103tre Ministerul Educa\u021biei \u0219i Cercet\u0103rii, dar nu mai t\u00e2rziu de \u00eencheierea anului \u0219colar 2026-2027, cu rezervarea catedrelor la care persoanele numite sunt titulare.<\/mark><\/strong><\/em><\/p>\n<p><em><strong><mark class=\"has-inline-color has-maincolor-color\">\u00cen perioada urm\u0103toare, conducerea Inspectoratului \u0218colar Jude\u021bean Buz\u0103u \u00ee\u0219i va concentra activitatea asupra preg\u0103tirii \u0219i organiz\u0103rii \u00een condi\u021bii optime a debutului noului an \u0219colar, av\u00e2nd ca prioritate asigurarea tuturor condi\u021biilor necesare desf\u0103\u0219ur\u0103rii procesului educa\u021bional \u00een unit\u0103\u021bile de \u00eenv\u0103\u021b\u0103m\u00e2nt din jude\u021b, \u00een anul \u0219colar 2026-2027.<\/mark><\/strong><\/em><\/p>\n<p><strong><em><mark class=\"has-inline-color has-maincolor-color\">Inspectoratul \u0218colar Jude\u021bean Buz\u0103u \u00ee\u0219i reafirm\u0103 angajamentul de a colabora \u00een mod deschis \u0219i transparent cu reprezentan\u021bii mass-media \u0219i cu membrii comunit\u0103\u021bii locale, pentru asigurarea unei inform\u0103ri corecte, complete \u0219i prompte cu privire la activit\u0103\u021bile \u0219i rezultatele institu\u021biei.<\/mark><\/em>\u201e<\/strong><\/p>\n<\/div>\n<p>[analyse_source url=&#8221;https:\/\/www.campusbuzau.ro\/comunicat-noua-conducere-isj-buzau\/&#8221;]<\/p>\n","protected":false},"excerpt":{"rendered":"<p>[analyse_image type=&#8221;featured&#8221; src=&#8221;https:\/\/www.campusbuzau.ro\/wp-content\/uploads\/2026\/09\/isj-2.jpghttps:\/\/www.campusbuzau.ro\/wp-content\/uploads\/2026\/09\/isj-2.jpg&#8221;] \u00cen aceast\u0103 dup\u0103-amiaz\u0103, pe grupul de whatsapp destinat rela\u021biei cu media local\u0103, noua echip\u0103 de conducere de la Inspectoratul \u0218colar Jude\u021bean Buz\u0103u a transmis un comunicat prin care explic\u0103, printre altele, cum s-au f\u0103cut noile numiri de la v\u00e2rful \u00een\u0103\u021b\u0103m\u00e2ntului buzoian, precum \u0219i priorit\u0103\u021bile imediate ale noilor \u201egenerali\u201d. Mesajul vine la c\u00e2teva [&hellip;]<\/p>\n","protected":false},"author":1,"featured_media":0,"comment_status":"open","ping_status":"","sticky":false,"template":"","format":"standard","meta":{"footnotes":""},"categories":[2],"tags":[118,226],"class_list":["post-2123050","post","type-post","status-publish","format-standard","hentry","category-politics","tag-campusbuzau-ro","tag-crawlmanager"],"_links":{"self":[{"href":"https:\/\/analyse.optim.biz\/index.php?rest_route=\/wp\/v2\/posts\/2123050","targetHints":{"allow":["GET"]}}],"collection":[{"href":"https:\/\/analyse.optim.biz\/index.php?rest_route=\/wp\/v2\/posts"}],"about":[{"href":"https:\/\/analyse.optim.biz\/index.php?rest_route=\/wp\/v2\/types\/post"}],"author":[{"embeddable":true,"href":"https:\/\/analyse.optim.biz\/index.php?rest_route=\/wp\/v2\/users\/1"}],"replies":[{"embeddable":true,"href":"https:\/\/analyse.optim.biz\/index.php?rest_route=%2Fwp%2Fv2%2Fcomments&post=2123050"}],"version-history":[{"count":0,"href":"https:\/\/analyse.optim.biz\/index.php?rest_route=\/wp\/v2\/posts\/2123050\/revisions"}],"wp:attachment":[{"href":"https:\/\/analyse.optim.biz\/index.php?rest_route=%2Fwp%2Fv2%2Fmedia&parent=2123050"}],"wp:term":[{"taxonomy":"category","embeddable":true,"href":"https:\/\/analyse.optim.biz\/index.php?rest_route=%2Fwp%2Fv2%2Fcategories&post=2123050"},{"taxonomy":"post_tag","embeddable":true,"href":"https:\/\/analyse.optim.biz\/index.php?rest_route=%2Fwp%2Fv2%2Ftags&post=2123050"}],"curies":[{"name":"wp","href":"https:\/\/api.w.org\/{rel}","templated":true}]}}