{"id":2123037,"date":"2026-09-01T17:51:41","date_gmt":"2026-09-01T14:51:41","guid":{"rendered":"https:\/\/analyse.optim.biz\/?p=2123037"},"modified":"2026-09-01T17:51:41","modified_gmt":"2026-09-01T14:51:41","slug":"noi-negocieri-pentru-viitorul-guvern-nicusor-dan-e-gata-sa-desemneze-premierul-fara-dovada-unei","status":"publish","type":"post","link":"https:\/\/analyse.optim.biz\/?p=2123037","title":{"rendered":"Noi negocieri pentru viitorul guvern. Nicu\u0219or Dan e gata s\u0103 desemneze premierul, f\u0103r\u0103 dovada unei&#8230;"},"content":{"rendered":"<p>[analyse_image type=&#8221;featured&#8221; src=&#8221;https:\/\/s.iw.ro\/gateway\/g\/ZmlsZVNvdXJjZT1odHRwJTNBJTJGJTJG\/c3RvcmFnZTA4dHJhbnNjb2Rlci5yY3Mt\/cmRzLnJvJTJGc3RvcmFnZSUyRjIwMjYl\/MkYwNyUyRjE0JTJGMjg0ODQ4N18yODQ4\/NDg3X3Byb2ZpbWVkaWEtMTA5MzY0NTA5\/Mi5qcGcmdz0xMjAwJmg9NjMwJnpjPTEm\/aGFzaD0zNWI2ZWYzN2Y2Y2M1NjQ2YzdhZTViOWZkMjY0MDlkMg==.thumb.jpg&#8221;]<\/p>\n<div class=\"entry data-app-meta data-app-meta-article\" data-embed-base-url-canonical=\"https:\/\/www.digi24.ro\/embed\/stiri\/actualitate\/politica\/noi-negocieri-pentru-desemnarea-viitorului-premier-nicusor-dan-e-gata-sa-faca-desemnarea-fara-dovada-unei-majoritati-surse-3931013\">\n<p data-index=\"1\"><strong>Nicu\u0219or Dan este gata s\u0103 fac\u0103 anun\u021bul privind desemnarea viitorului premier \u00een aceast\u0103 s\u0103pt\u0103m\u00e2n\u0103, au declarat surse politice, pentru Digi24. Decizia ar fi luat\u0103 cu sau f\u0103r\u0103 dovada unei majorit\u0103\u021bi parlamentare. Potrivit acelora\u0219i surse, pre\u0219edintele ar prefera un independent, dar nu exclude nici varianta Sorin Grindeanu, dac\u0103 PSD vine cu toate voturile necesare \u00eenvestirii. Este o schimbare \u00een atitudinea pre\u0219edintelui.<\/strong><\/p>\n<p data-index=\"2\"><span data-contrast=\"auto\">Dac\u0103 la \u00eenceputul acestei crize politice, pre\u0219edintele \u0219i-a dorit o majoritate \u0219i pe parcursul verii a spus c\u0103 nu va face o desemnare p\u00e2n\u0103 c\u00e2nd partidele nu vor veni cu o majoritate solid\u0103, lucrurile s-au schimbat. Nu exist\u0103 o majoritate \u00een Parlament, fiecare propunere public\u0103, <a href=\"https:\/\/www.digi24.ro\/stiri\/actualitate\/politica\/liderii-psd-i-au-chemat-pe-social-democratii-din-tara-la-sinaia-pentru-a-stabili-ce-guvern-vor-sustine-variantele-puse-pe-masa-3928157\" data-skip-linkfix=\"1\">de la PSD<\/a> \u0219i de la <a href=\"https:\/\/www.digi24.ro\/stiri\/actualitate\/politica\/siegfried-muresan-spune-ca-pnl-nu-va-vota-un-guvern-psd-care-vrea-sa-risipeasca-economiile-romanilor-le-sticlesc-ochii-3929873\" data-skip-linkfix=\"1\">partidele de Dreapta<\/a>, nu reu\u0219esc s\u0103 str\u00e2ng\u0103 voturile necesare pentru a trece un guvern.<\/span><span data-ccp-props=\"{&quot;335551550&quot;:0,&quot;335551620&quot;:0}\">\u00a0<\/span><\/p>\n<p data-index=\"3\"><span data-contrast=\"auto\">Surse politice spun c\u0103 \u00een aceast\u0103 s\u0103pt\u0103m\u00e2n\u0103 ar urma s\u0103 aib\u0103 loc consult\u0103ri oficiale, de\u0219i dup\u0103 ultima rund\u0103 nu s-a f\u0103cut o desemnare, \u00eens\u0103, p\u00e2n\u0103 la urm\u0103toarea rund\u0103 de discu\u021bii &#8211; care ar putea avea loc miercuri sau joi &#8211; , a\u0219tept\u0103rile sunt ca discu\u021bii s\u0103 aib\u0103 loc \u00eentre fiecare lider politic din fosta Coali\u021bie \u0219i pre\u0219edinte.<\/span><span data-ccp-props=\"{&quot;335551550&quot;:0,&quot;335551620&quot;:0}\">\u00a0<\/span><\/p>\n<p data-index=\"4\"><span data-contrast=\"auto\">Indiferent de concluziile discu\u021biilor, \u0219eful statului este preg\u0103tit s\u0103 fac\u0103 o nominalizare.<\/span><span data-ccp-props=\"{&quot;335551550&quot;:0,&quot;335551620&quot;:0}\">\u00a0<\/span><\/p>\n<p data-index=\"5\"><span data-contrast=\"auto\">\u00cen acest moment, de\u0219i Nicu\u0219or Dan \u0219i-ar dori un premier independent de partide, este destul de greu. Au fost mai multe nume vehiculate. Potrivit celor mai recente informa\u021bii ob\u021binute de Digi24, poate singurul care mai r\u0103m\u00e2ne \u00een joc este Alexandru Nazare, ministrul interimar al Finan\u021belor. Cei doi consilieri preziden\u021biale, Eugen Tomac \u0219i Radu Burnete, nu mai sunt \u00een calculele de la Palatul Cotroceni, \u00eens\u0103 nici Nazare nu ar str\u00e2nge o majoritate. UDMR a transmis c\u0103 <a href=\"https:\/\/www.digi24.ro\/stiri\/actualitate\/politica\/kelemen-hunor-neaga-ca-va-sustine-orice-premier-desemnat-pnl-usr-si-udmr-au-o-propunere-comuna-ce-i-reproseaza-lui-siegfried-muresan-3929217\" data-skip-linkfix=\"1\">nu d\u0103 un cec \u00een alb unei alte guvern\u0103ri<\/a>, dec\u00e2t cea pe care o propune \u2013 guvern minoritar PNL, USR, UDMR.<\/span><span data-ccp-props=\"{&quot;335551550&quot;:0,&quot;335551620&quot;:0}\">\u00a0<\/span><\/p>\n<p> Editor : <a href=\"https:\/\/www.digi24.ro\/autor\/alexandru-costea\"> A.C. <\/a><\/p>\n<\/div>\n<p>[analyse_source url=&#8221;https:\/\/www.digi24.ro\/stiri\/actualitate\/politica\/noi-negocieri-pentru-desemnarea-viitorului-premier-nicusor-dan-e-gata-sa-faca-desemnarea-fara-dovada-unei-majoritati-surse-3931013&#8243;]<\/p>\n","protected":false},"excerpt":{"rendered":"<p>[analyse_image type=&#8221;featured&#8221; src=&#8221;https:\/\/s.iw.ro\/gateway\/g\/ZmlsZVNvdXJjZT1odHRwJTNBJTJGJTJG\/c3RvcmFnZTA4dHJhbnNjb2Rlci5yY3Mt\/cmRzLnJvJTJGc3RvcmFnZSUyRjIwMjYl\/MkYwNyUyRjE0JTJGMjg0ODQ4N18yODQ4\/NDg3X3Byb2ZpbWVkaWEtMTA5MzY0NTA5\/Mi5qcGcmdz0xMjAwJmg9NjMwJnpjPTEm\/aGFzaD0zNWI2ZWYzN2Y2Y2M1NjQ2YzdhZTViOWZkMjY0MDlkMg==.thumb.jpg&#8221;] Nicu\u0219or Dan este gata s\u0103 fac\u0103 anun\u021bul privind desemnarea viitorului premier \u00een aceast\u0103 s\u0103pt\u0103m\u00e2n\u0103, au declarat surse politice, pentru Digi24. Decizia ar fi luat\u0103 cu sau f\u0103r\u0103 dovada unei majorit\u0103\u021bi parlamentare. Potrivit acelora\u0219i surse, pre\u0219edintele ar prefera un independent, dar nu exclude nici varianta Sorin Grindeanu, dac\u0103 PSD vine cu toate voturile [&hellip;]<\/p>\n","protected":false},"author":1,"featured_media":0,"comment_status":"open","ping_status":"","sticky":false,"template":"","format":"standard","meta":{"footnotes":""},"categories":[89],"tags":[226,11],"class_list":["post-2123037","post","type-post","status-publish","format-standard","hentry","category-romania","tag-crawlmanager","tag-digi24"],"_links":{"self":[{"href":"https:\/\/analyse.optim.biz\/index.php?rest_route=\/wp\/v2\/posts\/2123037","targetHints":{"allow":["GET"]}}],"collection":[{"href":"https:\/\/analyse.optim.biz\/index.php?rest_route=\/wp\/v2\/posts"}],"about":[{"href":"https:\/\/analyse.optim.biz\/index.php?rest_route=\/wp\/v2\/types\/post"}],"author":[{"embeddable":true,"href":"https:\/\/analyse.optim.biz\/index.php?rest_route=\/wp\/v2\/users\/1"}],"replies":[{"embeddable":true,"href":"https:\/\/analyse.optim.biz\/index.php?rest_route=%2Fwp%2Fv2%2Fcomments&post=2123037"}],"version-history":[{"count":0,"href":"https:\/\/analyse.optim.biz\/index.php?rest_route=\/wp\/v2\/posts\/2123037\/revisions"}],"wp:attachment":[{"href":"https:\/\/analyse.optim.biz\/index.php?rest_route=%2Fwp%2Fv2%2Fmedia&parent=2123037"}],"wp:term":[{"taxonomy":"category","embeddable":true,"href":"https:\/\/analyse.optim.biz\/index.php?rest_route=%2Fwp%2Fv2%2Fcategories&post=2123037"},{"taxonomy":"post_tag","embeddable":true,"href":"https:\/\/analyse.optim.biz\/index.php?rest_route=%2Fwp%2Fv2%2Ftags&post=2123037"}],"curies":[{"name":"wp","href":"https:\/\/api.w.org\/{rel}","templated":true}]}}