{"id":2123028,"date":"2026-09-01T17:25:38","date_gmt":"2026-09-01T14:25:38","guid":{"rendered":"https:\/\/analyse.optim.biz\/?p=2123028"},"modified":"2026-09-01T17:25:38","modified_gmt":"2026-09-01T14:25:38","slug":"ilie-bolojan-a-vorbit-cu-seful-nato-despre-incursiunile-cu-drone-in-spatiul-aerian-national-si-situatia","status":"publish","type":"post","link":"https:\/\/analyse.optim.biz\/?p=2123028","title":{"rendered":"Ilie Bolojan a vorbit cu \u0219eful NATO despre incursiunile cu drone \u00een spa\u021biul aerian na\u021bional \u0219i situa\u021bia&#8230;"},"content":{"rendered":"<p>[analyse_image type=&#8221;featured&#8221; src=&#8221;https:\/\/s.iw.ro\/gateway\/g\/ZmlsZVNvdXJjZT1odHRwJTNBJTJGJTJG\/c3RvcmFnZTA4dHJhbnNjb2Rlci5yY3Mt\/cmRzLnJvJTJGc3RvcmFnZSUyRjIwMjUl\/MkYxMSUyRjA1JTJGMjQyODMxN18yNDI4\/MzE3X21hcmstcnV0dGUtaWxpZS1ib2xv\/amFuLmpwZWcmdz0xMjAwJmg9NjMwJnpj\/PTEmaGFzaD02Y2ExZGZmNmQ5MzI5NGJlOTAwNmY5NmZmZDg5ODExOA==.thumb.jpg&#8221;]<\/p>\n<div class=\"entry data-app-meta data-app-meta-article\" data-embed-base-url-canonical=\"https:\/\/www.digi24.ro\/embed\/stiri\/actualitate\/ilie-bolojan-a-vorbit-cu-seful-nato-despre-incursiunile-cu-drone-in-spatiul-aerian-national-si-situatia-din-marea-neagra-3930983\">\n<p data-index=\"1\"><strong>Premierul interimar Ilie Bolojan a avut mar\u021bi o convorbire cu secretarul general al NATO, Mark Rutte, privind principalele provoc\u0103ri de securitate din regiunea noastr\u0103, cu accent pe r\u0103zboiul din Ucraina \u015fi situa\u0163ia de securitate din Marea Neagr\u0103.\u00a0<\/strong><\/p>\n<p data-index=\"2\"><span>\u0218eful Executivului a subliniat \u00een cadrul discu\u0163iilor necesitatea ca Alian\u0163a s\u0103 \u00ee\u015fi men\u0163in\u0103 aten\u0163ia asupra Flancului Estic, inclusiv prin dislocarea de capabilit\u0103\u0163i \u00een Rom\u00e2nia.<\/span><\/p>\n<p data-index=\"3\"><span>\u201ePrim-ministrul i-a mul\u021bumit Secretarului General \u0219i NATO pentru sprijinul acordat Rom\u00e2niei \u0219i a subliniat necesitatea ca Alian\u021ba s\u0103 \u00ee\u0219i men\u021bin\u0103 aten\u021bia asupra Flancului Estic \u0219i a M\u0103rii Negre, inclusiv prin dislocarea de capabilit\u0103\u021bi aliate \u00een Rom\u00e2nia, \u00een contextul intensific\u0103rii incursiunilor cu drone \u00een spa\u021biul maritim \u0219i aerian na\u021bional.\u00a0<\/span><\/p>\n<p data-index=\"4\"><span>Un alt subiect abordat, pe l\u00e2ng\u0103 situa\u021bia generat\u0103 de incidentele cu drone, a fost \u0219i securitatea naviga\u021biei \u00een Marea Neagr\u0103. Discu\u021bia a reconfirmat angajamentul \u021b\u0103rii noastre de a consolida securitatea pe Flancul Estic al Alian\u021bei \u0219i de a sprijini Ucraina \u00een fa\u021ba agresiunii ruse\u201d, a transmis <a href=\"https:\/\/gov.ro\/ro\/stiri\/prim-ministrul-ilie-bolojan-discutie-cu-secretarul-general-al-nato-mark-rutte\" target=\"_blank\" rel=\"noopener\" data-skip-linkfix=\"1\">Guvernul<\/a>.<\/span><\/p>\n<p data-index=\"5\"><span>Anterior, Ilie Bolojan <a href=\"https:\/\/www.digi24.ro\/stiri\/actualitate\/politica\/ilie-bolojan-discutie-telefonica-cu-premierul-ucrainei-bucurestiul-si-kievul-urmaresc-dezvoltarea-unor-proiecte-comune-3930563\" target=\"_blank\" rel=\"noopener\" data-skip-linkfix=\"1\">a vorbit \u0219i cu omologul s\u0103u ucrainean Sergii Kore\u0163ki.<\/a> Convorbirea a vizat evolu\u0163iile de securitate din regiune \u015fi principalele direc\u0163ii ale cooper\u0103rii dintre Bucure\u0219ti \u015fi Kiev.<\/span><\/p>\n<p data-index=\"6\"><strong>Cite\u0219te \u0219i:<\/strong><\/p>\n<p data-index=\"7\"><a href=\"https:\/\/www.digi24.ro\/stiri\/actualitate\/politica\/bolojan-este-nemultumit-ca-romania-a-pierdut-bani-din-pnrr-am-gasit-un-program-complet-intepenit-cu-risc-de-esec-major-3930529\" target=\"_blank\" rel=\"noopener\" data-skip-linkfix=\"1\"><strong>Bolojan este nemul\u021bumit c\u0103 Rom\u00e2nia a pierdut bani din PNRR. \u201eAm g\u0103sit un program complet \u00een\u021bepenit, cu risc de e\u0219ec major\u201d<\/strong><\/a><\/p>\n<p data-index=\"8\"><a href=\"https:\/\/www.digi24.ro\/stiri\/actualitate\/politica\/bolojan-sper-sa-avem-un-guvern-stabil-in-scurt-timp-daca-deraiem-costurile-sociale-vor-fi-mult-mai-mari-3930327\" target=\"_blank\" rel=\"noopener\" data-skip-linkfix=\"1\"><strong>Bolojan: \u201eSper s\u0103 avem un guvern stabil \u00een scurt timp. Dac\u0103 deraiem, costurile sociale vor fi mult mai mari\u201d<\/strong><\/a><\/p>\n<p> Editor : <a href=\"https:\/\/www.digi24.ro\/autor\/ana-gherghita\"> A.M.G. <\/a><\/p>\n<\/div>\n<p>[analyse_source url=&#8221;https:\/\/www.digi24.ro\/stiri\/actualitate\/ilie-bolojan-a-vorbit-cu-seful-nato-despre-incursiunile-cu-drone-in-spatiul-aerian-national-si-situatia-din-marea-neagra-3930983&#8243;]<\/p>\n","protected":false},"excerpt":{"rendered":"<p>[analyse_image type=&#8221;featured&#8221; src=&#8221;https:\/\/s.iw.ro\/gateway\/g\/ZmlsZVNvdXJjZT1odHRwJTNBJTJGJTJG\/c3RvcmFnZTA4dHJhbnNjb2Rlci5yY3Mt\/cmRzLnJvJTJGc3RvcmFnZSUyRjIwMjUl\/MkYxMSUyRjA1JTJGMjQyODMxN18yNDI4\/MzE3X21hcmstcnV0dGUtaWxpZS1ib2xv\/amFuLmpwZWcmdz0xMjAwJmg9NjMwJnpj\/PTEmaGFzaD02Y2ExZGZmNmQ5MzI5NGJlOTAwNmY5NmZmZDg5ODExOA==.thumb.jpg&#8221;] Premierul interimar Ilie Bolojan a avut mar\u021bi o convorbire cu secretarul general al NATO, Mark Rutte, privind principalele provoc\u0103ri de securitate din regiunea noastr\u0103, cu accent pe r\u0103zboiul din Ucraina \u015fi situa\u0163ia de securitate din Marea Neagr\u0103.\u00a0 \u0218eful Executivului a subliniat \u00een cadrul discu\u0163iilor necesitatea ca Alian\u0163a s\u0103 \u00ee\u015fi men\u0163in\u0103 aten\u0163ia asupra [&hellip;]<\/p>\n","protected":false},"author":1,"featured_media":0,"comment_status":"open","ping_status":"","sticky":false,"template":"","format":"standard","meta":{"footnotes":""},"categories":[89],"tags":[226,11],"class_list":["post-2123028","post","type-post","status-publish","format-standard","hentry","category-romania","tag-crawlmanager","tag-digi24"],"_links":{"self":[{"href":"https:\/\/analyse.optim.biz\/index.php?rest_route=\/wp\/v2\/posts\/2123028","targetHints":{"allow":["GET"]}}],"collection":[{"href":"https:\/\/analyse.optim.biz\/index.php?rest_route=\/wp\/v2\/posts"}],"about":[{"href":"https:\/\/analyse.optim.biz\/index.php?rest_route=\/wp\/v2\/types\/post"}],"author":[{"embeddable":true,"href":"https:\/\/analyse.optim.biz\/index.php?rest_route=\/wp\/v2\/users\/1"}],"replies":[{"embeddable":true,"href":"https:\/\/analyse.optim.biz\/index.php?rest_route=%2Fwp%2Fv2%2Fcomments&post=2123028"}],"version-history":[{"count":0,"href":"https:\/\/analyse.optim.biz\/index.php?rest_route=\/wp\/v2\/posts\/2123028\/revisions"}],"wp:attachment":[{"href":"https:\/\/analyse.optim.biz\/index.php?rest_route=%2Fwp%2Fv2%2Fmedia&parent=2123028"}],"wp:term":[{"taxonomy":"category","embeddable":true,"href":"https:\/\/analyse.optim.biz\/index.php?rest_route=%2Fwp%2Fv2%2Fcategories&post=2123028"},{"taxonomy":"post_tag","embeddable":true,"href":"https:\/\/analyse.optim.biz\/index.php?rest_route=%2Fwp%2Fv2%2Ftags&post=2123028"}],"curies":[{"name":"wp","href":"https:\/\/api.w.org\/{rel}","templated":true}]}}