{"id":2123006,"date":"2026-09-01T16:22:56","date_gmt":"2026-09-01T13:22:56","guid":{"rendered":"https:\/\/analyse.optim.biz\/?p=2123006"},"modified":"2026-09-01T16:22:56","modified_gmt":"2026-09-01T13:22:56","slug":"criza-citostaticelor-seful-cnas-spune-ca-discontinuitatile-de-aprovizionare-nu-sunt-imputabile-casei","status":"publish","type":"post","link":"https:\/\/analyse.optim.biz\/?p=2123006","title":{"rendered":"Criza citostaticelor: \u0219eful CNAS spune c\u0103 discontinuit\u0103\u021bile de aprovizionare nu sunt imputabile Casei"},"content":{"rendered":"<p>[analyse_image type=&#8221;featured&#8221; src=&#8221;https:\/\/s.iw.ro\/gateway\/g\/ZmlsZVNvdXJjZT1odHRwJTNBJTJGJTJG\/c3RvcmFnZTA4dHJhbnNjb2Rlci5yY3Mt\/cmRzLnJvJTJGc3RvcmFnZSUyRjIwMjUl\/MkYwMiUyRjEwJTJGMjE4NzQyMV8yMTg3\/NDIxX2NuYXMtc2lnbGEtaW5xdWFtLW9j\/dGF2LWdhbmVhLmpwZyZ3PTEyMDAmaD02\/MzAmemM9MSZoYXNoPTE0NWVlY2ZmZDRjYzliNzkxNzJlMmYzY2RiODhmMWZj.thumb.jpg&#8221;]<\/p>\n<div class=\"entry data-app-meta data-app-meta-article\" data-embed-base-url-canonical=\"https:\/\/www.digi24.ro\/embed\/stiri\/actualitate\/sanatate\/criza-citostaticelor-seful-cnas-spune-ca-discontinuitatile-de-aprovizionare-nu-sunt-imputabile-casei-3930877\">\n<p data-index=\"1\"><strong>Pre\u015fedintele Casei Na\u0163ionale de asigur\u0103ri de S\u0103n\u0103tate (CNAS), Hora\u0163iu Moldvan, admite c\u0103 exist\u0103 \u201eanumite discontinuit\u0103\u0163i pentru anumite medicamente\u201d, inclusiv unele prescrise pacien\u0163ilor diagnostica\u0163i cu diverse forme de cancer, \u00eens\u0103 sus\u0163ine c\u0103 \u201esub nicio form\u0103 nu exist\u0103 astfel de discontinuit\u0103\u0163i \u00een Rom\u00e2nia din motive imputabile Casei\u201d.<\/strong><\/p>\n<p data-index=\"2\">\u201eAm recunoscut \u00een mod foarte clar \u015fi transparent c\u0103 exist\u0103 anumite discontinuit\u0103\u0163i pentru anumite medicamente, inclusiv pentru medicamentele citostatice. Astfel de discontinuit\u0103\u0163i exist\u0103 nu doar \u00een Rom\u00e2nia, exist\u0103 \u00een toate \u0163\u0103rile din Uniunea European\u0103 \u015fi din lum e\u015fi astfel de discontinuit\u0103\u0163i exist\u0103 \u00een primul r\u00e2nd datorit\u0103 unor probleme de produc\u0163ie sau unor probeme pe lan\u0163ul de distrbuire. Sub nicio form\u0103 nu exis\u0103 astfel de discontinuit\u0103\u0163i \u00een Rom\u00e2nia din motive imputabile Casei Na\u0163ionale de Asigur\u0103ri de S\u0103n\u0103tate, Casa Na\u0163ional\u0103 fiind institu\u0163ia care se ocup\u0103 cu finan\u0163area \u015fi decontarea acestor medicamente\u201d, a declarat, mar\u021bi, Hora\u0163iu Moldovan, potrivit News.ro.<\/p>\n<p data-index=\"3\">Pre\u0219edintele CNAS subliniaz\u0103 c\u0103 exist\u0103, la nivelul Ministerului S\u0103n\u0103t\u0103\u0163ii, insititu\u0163ii care se ocup\u0103 cu importul acestor medicamnete, Casa ocup\u00e2ndu-se de plata acestora. Moldovan spune c\u0103 institu\u0163ia pe care o conduce nu are atribu\u0163ii cu privire la importul acestor medicamente, acesta fiind o activitate comercial\u0103.<\/p>\n<p data-index=\"4\">El subliniaz\u0103 c\u0103 reprezentan\u0163ii pacien\u0163ilor au ar\u0103tat c\u0103 este vorba despre \u201ediscontinuit\u0103\u0163i, nu de crize\u201d.<\/p>\n<p data-index=\"5\"><strong>Cite\u0219te \u0219i:<\/strong><\/p>\n<p data-index=\"6\"><strong><a href=\"https:\/\/www.digi24.ro\/stiri\/actualitate\/criza-citostaticelor-presedintele-anpp-este-o-proasta-gestionare-a-guvernului-stocurile-strategice-sunt-scazute-din-lipsa-banilor-3916301\" target=\"_blank\" rel=\"noopener\" data-skip-linkfix=\"1\">EXCLUSIV Criza citostaticelor. Pre\u0219edintele ANPP: \u201eEste o proast\u0103 gestionare a Guvernului. Stocurile strategice sunt sc\u0103zute din lipsa banilor\u201d<\/a><\/strong><\/p>\n<p data-index=\"7\"><strong><a href=\"https:\/\/www.digi24.ro\/stiri\/actualitate\/politica\/controale-de-urgenta-dupa-scandalul-crizei-citostaticelor-ce-promisiuni-face-cseke-attila-ministrul-interimar-al-sanatatii-3923681\" target=\"_blank\" rel=\"noopener\" data-skip-linkfix=\"1\">VIDEO Controale de urgen\u021b\u0103 dup\u0103 scandalul crizei citostaticelor. Ce promisiuni face Cseke Attila, ministrul interimar al s\u0103n\u0103t\u0103\u021bii<\/a><\/strong><\/p>\n<p data-index=\"8\"><strong><a href=\"https:\/\/www.digi24.ro\/stiri\/actualitate\/sanatate\/seful-cnas-nu-este-o-criza-a-citostaticelor-exista-anumite-deficiente-de-productie-pentru-anumite-medicamente-3919719\" target=\"_blank\" rel=\"noopener\" data-skip-linkfix=\"1\">EXCLUSIV \u0218eful CNAS: Nu este o criz\u0103 a citostaticelor. Exist\u0103 anumite deficien\u021be de produc\u021bie pentru anumite medicamente<\/a><\/strong><\/p>\n<p> Editor : <a href=\"https:\/\/www.digi24.ro\/autor\/bogdan-enache\"> B.E. <\/a><\/p>\n<\/div>\n<p>[analyse_source url=&#8221;https:\/\/www.digi24.ro\/stiri\/actualitate\/sanatate\/criza-citostaticelor-seful-cnas-spune-ca-discontinuitatile-de-aprovizionare-nu-sunt-imputabile-casei-3930877&#8243;]<\/p>\n","protected":false},"excerpt":{"rendered":"<p>[analyse_image type=&#8221;featured&#8221; src=&#8221;https:\/\/s.iw.ro\/gateway\/g\/ZmlsZVNvdXJjZT1odHRwJTNBJTJGJTJG\/c3RvcmFnZTA4dHJhbnNjb2Rlci5yY3Mt\/cmRzLnJvJTJGc3RvcmFnZSUyRjIwMjUl\/MkYwMiUyRjEwJTJGMjE4NzQyMV8yMTg3\/NDIxX2NuYXMtc2lnbGEtaW5xdWFtLW9j\/dGF2LWdhbmVhLmpwZyZ3PTEyMDAmaD02\/MzAmemM9MSZoYXNoPTE0NWVlY2ZmZDRjYzliNzkxNzJlMmYzY2RiODhmMWZj.thumb.jpg&#8221;] Pre\u015fedintele Casei Na\u0163ionale de asigur\u0103ri de S\u0103n\u0103tate (CNAS), Hora\u0163iu Moldvan, admite c\u0103 exist\u0103 \u201eanumite discontinuit\u0103\u0163i pentru anumite medicamente\u201d, inclusiv unele prescrise pacien\u0163ilor diagnostica\u0163i cu diverse forme de cancer, \u00eens\u0103 sus\u0163ine c\u0103 \u201esub nicio form\u0103 nu exist\u0103 astfel de discontinuit\u0103\u0163i \u00een Rom\u00e2nia din motive imputabile Casei\u201d. \u201eAm recunoscut \u00een mod foarte clar \u015fi [&hellip;]<\/p>\n","protected":false},"author":1,"featured_media":0,"comment_status":"open","ping_status":"","sticky":false,"template":"","format":"standard","meta":{"footnotes":""},"categories":[89],"tags":[226,11],"class_list":["post-2123006","post","type-post","status-publish","format-standard","hentry","category-romania","tag-crawlmanager","tag-digi24"],"_links":{"self":[{"href":"https:\/\/analyse.optim.biz\/index.php?rest_route=\/wp\/v2\/posts\/2123006","targetHints":{"allow":["GET"]}}],"collection":[{"href":"https:\/\/analyse.optim.biz\/index.php?rest_route=\/wp\/v2\/posts"}],"about":[{"href":"https:\/\/analyse.optim.biz\/index.php?rest_route=\/wp\/v2\/types\/post"}],"author":[{"embeddable":true,"href":"https:\/\/analyse.optim.biz\/index.php?rest_route=\/wp\/v2\/users\/1"}],"replies":[{"embeddable":true,"href":"https:\/\/analyse.optim.biz\/index.php?rest_route=%2Fwp%2Fv2%2Fcomments&post=2123006"}],"version-history":[{"count":0,"href":"https:\/\/analyse.optim.biz\/index.php?rest_route=\/wp\/v2\/posts\/2123006\/revisions"}],"wp:attachment":[{"href":"https:\/\/analyse.optim.biz\/index.php?rest_route=%2Fwp%2Fv2%2Fmedia&parent=2123006"}],"wp:term":[{"taxonomy":"category","embeddable":true,"href":"https:\/\/analyse.optim.biz\/index.php?rest_route=%2Fwp%2Fv2%2Fcategories&post=2123006"},{"taxonomy":"post_tag","embeddable":true,"href":"https:\/\/analyse.optim.biz\/index.php?rest_route=%2Fwp%2Fv2%2Ftags&post=2123006"}],"curies":[{"name":"wp","href":"https:\/\/api.w.org\/{rel}","templated":true}]}}