{"id":2123002,"date":"2026-09-01T16:14:57","date_gmt":"2026-09-01T13:14:57","guid":{"rendered":"https:\/\/analyse.optim.biz\/?p=2123002"},"modified":"2026-09-01T16:14:57","modified_gmt":"2026-09-01T13:14:57","slug":"sotia-lui-netanyahu-sugereaza-ca-un-lider-al-opozitiei-stia-de-atacul-hamas-din-7-octombrie-yair-golan","status":"publish","type":"post","link":"https:\/\/analyse.optim.biz\/?p=2123002","title":{"rendered":"So\u021bia lui Netanyahu sugereaz\u0103 c\u0103 un lider al opozi\u021biei \u0219tia de atacul Hamas din 7 octombrie. \u201eYair Golan&#8230;"},"content":{"rendered":"<p>[analyse_image type=&#8221;featured&#8221; src=&#8221;https:\/\/s.iw.ro\/gateway\/g\/ZmlsZVNvdXJjZT1odHRwJTNBJTJGJTJG\/c3RvcmFnZTA4dHJhbnNjb2Rlci5yY3Mt\/cmRzLnJvJTJGc3RvcmFnZSUyRjIwMjMl\/MkYwMyUyRjA1JTJGMTY4OTU5OV8xNjg5\/NTk5X3Byb2ZpbWVkaWEtMDMyMTgwNjQ5\/NS0yLmpwZyZ3PTEyMDAmaD02MzAmemM9\/MSZoYXNoPWUxZmFlMjhlYzE5MDRiMjRkYzllODM3OTg2MzVmMWZh.thumb.jpg&#8221;]<\/p>\n<div class=\"entry data-app-meta data-app-meta-article\" data-embed-base-url-canonical=\"https:\/\/www.digi24.ro\/embed\/stiri\/externe\/mapamond\/sotia-lui-netanyahu-sugereaza-ca-un-lider-al-opozitiei-stia-de-atacul-hamas-din-7-octombrie-yair-golan-era-deja-imbracat-si-pregatit-3930863\">\n<p data-index=\"1\"><strong>So\u021bia <a href=\"https:\/\/www.digi24.ro\/stiri\/externe\/mapamond\/tensiuni-in-israel-benjamin-netanyahu-criticat-dupa-ce-si-a-ironizat-rivalul-politic-facand-referire-la-fiul-acestuia-ucis-in-gaza-3874483\" target=\"_blank\" rel=\"noopener\" data-skip-linkfix=\"1\">premierului israelian Benjamin Netanyahu<\/a>, Sara Netanyahu, a sugerat c\u0103 liderul opozi\u021biei Yair Golan ar fi \u0219tiut dinainte despre atacurile Hamas din 7 octombrie 2023. Declara\u021bia, f\u0103cut\u0103 \u00eentr-un interviu la un post de televiziune apropiat de guvern, a provocat reac\u021bii vehemente din partea opozi\u021biei \u0219i reaprinde teoriile conspira\u021biei privind una dintre cele mai grave bre\u0219e de securitate din istoria Israelului, anun\u021b\u0103<a href=\"https:\/\/www.france24.com\/en\/middle-east\/20260901-netanyahu-s-wife-shares-conspiracy-that-opposition-leader-had-early-knowledge-of-oct-7-attacks\" target=\"_blank\" rel=\"noopener\" data-skip-linkfix=\"1\"> France24<\/a>.<\/strong><\/p>\n<p data-index=\"2\">\u00centr-un interviu televizat difuzat luni sear\u0103, Sara Netanyahu l-a atacat pe Yair Golan, fost \u0219ef adjunct al Statului Major General \u0219i actual lider al Partidului Democra\u021bilor de centru-st\u00e2nga.<\/p>\n<p data-index=\"3\">Ea a sugerat c\u0103 Golan era \u201edeja \u00eembr\u0103cat \u0219i preg\u0103tit\u201d \u00een zorii zilei de 7 octombrie 2023, \u00een timp ce restul oficialilor, inclusiv premierul, nu ar fi \u0219tiut ce urma s\u0103 se \u00eent\u00e2mple.<\/p>\n<p data-index=\"4\">Interviul a fost difuzat de Canalul 14 din Israel, post considerat apropiat de guvernul Netanyahu. Afirma\u021biile au provocat imediat reac\u021bii dure din partea opozi\u021biei israeliene.<\/p>\n<h2 id=\"highlight-3930863-1\">Opozi\u021bia: \u201eO linie ro\u0219ie\u201d<\/h2>\n<p data-index=\"5\">Partidul condus de Yair Golan a condamnat declara\u021biile \u0219i le-a calificat drept \u201ejosnice \u0219i \u00een\u0219el\u0103toare\u201d.<\/p>\n<p data-index=\"6\">\u201eR\u0103sp\u00e2ndirea teoriilor conspira\u021biei \u00eempotriva generalului-maior Yair Golan \u0219i denigrarea eroismului s\u0103u din 7 octombrie \u00eenseamn\u0103 dep\u0103\u0219irea unei linii ro\u0219ii care se apropie de nebunie\u201d, a transmis forma\u021biunea pe X.<\/p>\n<p data-index=\"7\">\u0218i Gadi Eisenkot, fost \u0219ef al armatei \u0219i unul dintre principalii contracandida\u021bi ai lui Benjamin Netanyahu, a reac\u021bionat dur. El a denun\u021bat ceea ce a numit \u201econspira\u021bia nebuneasc\u0103 a tr\u0103d\u0103rii\u201d promovat\u0103 de so\u021bia premierului.<\/p>\n<p data-index=\"8\">Eisenkot a sus\u021binut c\u0103 afirma\u021biile au avut drept scop \u201es\u0103 alimenteze ura \u0219i s\u0103 perpetueze domnia lui Netanyahu\u201d.<\/p>\n<h2 id=\"highlight-3930863-2\">Teoriile conspira\u021biei, tot mai prezente \u00een Israel<\/h2>\n<p data-index=\"9\">Acuza\u021biile lansate de Sara Netanyahu se \u00eenscriu \u00eentr-un val mai larg de teorii ale conspira\u021biei vehiculate de o parte a clasei politice israeliene \u0219i de sus\u021bin\u0103torii acesteia \u00een leg\u0103tur\u0103 cu atacurile din 7 octombrie.<\/p>\n<p data-index=\"10\">Un sondaj realizat pentru Canalul 13 \u00een luna august arat\u0103 c\u0103 40% dintre israelieni consider\u0103 c\u0103 o tr\u0103dare intern\u0103 a contribuit la producerea atacului. \u00cen r\u00e2ndul aleg\u0103torilor actualei coali\u021bii de dreapta, procentul ajunge la 63%.<\/p>\n<p data-index=\"11\">Afirma\u021biile vin \u00eentr-un moment \u00een care responsabilitatea pentru e\u0219ecul de securitate care a permis atacul Hamas r\u0103m\u00e2ne una dintre principalele teme ale dezbaterii politice din Israel.<\/p>\n<h2 id=\"highlight-3930863-3\">Netanyahu a respins responsabilitatea pentru atac<\/h2>\n<p data-index=\"12\">Benjamin Netanyahu, cel mai longeviv premier din istoria Israelului, s-a prezentat \u00een mod repetat drept garant al securit\u0103\u021bii \u021b\u0103rii.<\/p>\n<p data-index=\"13\">\u00cen urma atacului din 7 octombrie, el a respins \u00eens\u0103 responsabilitatea personal\u0103 pentru e\u0219ecul serviciilor de securitate \u0219i a sus\u021binut c\u0103 oficialii responsabili ar fi trebuit s\u0103-l trezeasc\u0103 din somn pentru a-l informa despre situa\u021bie.<\/p>\n<p data-index=\"14\">Atacul Hamas asupra Israelului s-a soldat cu moartea a 1.221 de persoane, potrivit unui bilan\u021b AFP bazat pe date oficiale israeliene.<\/p>\n<p data-index=\"15\">Militan\u021bii au capturat, de asemenea, 251 de ostatici \u0219i i-au dus \u00een F\u00e2\u0219ia Gaza. Potrivit bilan\u021bului citat, 44 dintre ace\u0219tia au murit.<\/p>\n<h2 id=\"highlight-3930863-4\">R\u0103zboiul din Gaza a provocat zeci de mii de victime<\/h2>\n<p data-index=\"16\">Israelul a r\u0103spuns atacului Hamas printr-o ofensiv\u0103 militar\u0103 de amploare \u00een F\u00e2\u0219ia Gaza. Potrivit Ministerului S\u0103n\u0103t\u0103\u021bii din teritoriile palestiniene, care se afl\u0103 sub autoritatea Hamas, bilan\u021bul victimelor a ajuns la cel pu\u021bin 73.454 de mor\u021bi.<\/p>\n<p data-index=\"17\">Organiza\u021bia Na\u021biunilor Unite consider\u0103, \u00een general, c\u0103 datele furnizate de minister sunt credibile, de\u0219i acestea nu fac \u00een mod automat distinc\u021bia \u00eentre civili \u0219i combatan\u021bi.<\/p>\n<p data-index=\"18\">\u00cen timp ce Israelul se apropie de alegerile parlamentare, atacurile din 7 octombrie, responsabilitatea pentru e\u0219ecul de securitate \u0219i modul \u00een care guvernul Netanyahu a gestionat r\u0103zboiul din Gaza r\u0103m\u00e2n teme centrale ale confrunt\u0103rii politice.<\/p>\n<p data-index=\"19\"><strong>Cite\u0219te \u0219i: <a href=\"https:\/\/www.digi24.ro\/stiri\/externe\/fiul-lui-benjamin-netanyahu-a-devenit-o-tinta-pentru-teheran-el-a-fost-scos-in-graba-din-sua-iranul-a-incercat-sa-il-ucida-3929125\" target=\"_blank\" rel=\"noopener\" data-skip-linkfix=\"1\">Fiul lui Benjamin Netanyahu a devenit o \u021bint\u0103 pentru Teheran. El a fost scos \u00een grab\u0103 din SUA. \u201eIranul a \u00eencercat s\u0103 \u00eel ucid\u0103!\u201d<\/a><\/strong><\/p>\n<p> Editor : <a href=\"https:\/\/www.digi24.ro\/autor\/claudia-ariton\"> C.A. <\/a><\/p>\n<\/div>\n<p>[analyse_source url=&#8221;https:\/\/www.digi24.ro\/stiri\/externe\/mapamond\/sotia-lui-netanyahu-sugereaza-ca-un-lider-al-opozitiei-stia-de-atacul-hamas-din-7-octombrie-yair-golan-era-deja-imbracat-si-pregatit-3930863&#8243;]<\/p>\n","protected":false},"excerpt":{"rendered":"<p>[analyse_image type=&#8221;featured&#8221; src=&#8221;https:\/\/s.iw.ro\/gateway\/g\/ZmlsZVNvdXJjZT1odHRwJTNBJTJGJTJG\/c3RvcmFnZTA4dHJhbnNjb2Rlci5yY3Mt\/cmRzLnJvJTJGc3RvcmFnZSUyRjIwMjMl\/MkYwMyUyRjA1JTJGMTY4OTU5OV8xNjg5\/NTk5X3Byb2ZpbWVkaWEtMDMyMTgwNjQ5\/NS0yLmpwZyZ3PTEyMDAmaD02MzAmemM9\/MSZoYXNoPWUxZmFlMjhlYzE5MDRiMjRkYzllODM3OTg2MzVmMWZh.thumb.jpg&#8221;] So\u021bia premierului israelian Benjamin Netanyahu, Sara Netanyahu, a sugerat c\u0103 liderul opozi\u021biei Yair Golan ar fi \u0219tiut dinainte despre atacurile Hamas din 7 octombrie 2023. Declara\u021bia, f\u0103cut\u0103 \u00eentr-un interviu la un post de televiziune apropiat de guvern, a provocat reac\u021bii vehemente din partea opozi\u021biei \u0219i reaprinde teoriile conspira\u021biei privind una dintre cele [&hellip;]<\/p>\n","protected":false},"author":1,"featured_media":0,"comment_status":"open","ping_status":"","sticky":false,"template":"","format":"standard","meta":{"footnotes":""},"categories":[89],"tags":[226,11],"class_list":["post-2123002","post","type-post","status-publish","format-standard","hentry","category-romania","tag-crawlmanager","tag-digi24"],"_links":{"self":[{"href":"https:\/\/analyse.optim.biz\/index.php?rest_route=\/wp\/v2\/posts\/2123002","targetHints":{"allow":["GET"]}}],"collection":[{"href":"https:\/\/analyse.optim.biz\/index.php?rest_route=\/wp\/v2\/posts"}],"about":[{"href":"https:\/\/analyse.optim.biz\/index.php?rest_route=\/wp\/v2\/types\/post"}],"author":[{"embeddable":true,"href":"https:\/\/analyse.optim.biz\/index.php?rest_route=\/wp\/v2\/users\/1"}],"replies":[{"embeddable":true,"href":"https:\/\/analyse.optim.biz\/index.php?rest_route=%2Fwp%2Fv2%2Fcomments&post=2123002"}],"version-history":[{"count":0,"href":"https:\/\/analyse.optim.biz\/index.php?rest_route=\/wp\/v2\/posts\/2123002\/revisions"}],"wp:attachment":[{"href":"https:\/\/analyse.optim.biz\/index.php?rest_route=%2Fwp%2Fv2%2Fmedia&parent=2123002"}],"wp:term":[{"taxonomy":"category","embeddable":true,"href":"https:\/\/analyse.optim.biz\/index.php?rest_route=%2Fwp%2Fv2%2Fcategories&post=2123002"},{"taxonomy":"post_tag","embeddable":true,"href":"https:\/\/analyse.optim.biz\/index.php?rest_route=%2Fwp%2Fv2%2Ftags&post=2123002"}],"curies":[{"name":"wp","href":"https:\/\/api.w.org\/{rel}","templated":true}]}}