{"id":2122998,"date":"2026-09-01T16:13:11","date_gmt":"2026-09-01T13:13:11","guid":{"rendered":"https:\/\/analyse.optim.biz\/?p=2122998"},"modified":"2026-09-01T16:13:11","modified_gmt":"2026-09-01T13:13:11","slug":"germania-invinovateste-rusia-pentru-tentativa-de-sabotaj-de-la-aeroportul-din-leipzig-se-incadreaza-in","status":"publish","type":"post","link":"https:\/\/analyse.optim.biz\/?p=2122998","title":{"rendered":"Germania \u00eenvinov\u0103\u021be\u0219te Rusia pentru tentativa de sabotaj de la aeroportul din Leipzig: \u201eSe \u00eencadreaz\u0103 \u00een&#8230;"},"content":{"rendered":"<p>[analyse_image type=&#8221;featured&#8221; src=&#8221;https:\/\/s.iw.ro\/gateway\/g\/ZmlsZVNvdXJjZT1odHRwJTNBJTJGJTJG\/c3RvcmFnZTA4dHJhbnNjb2Rlci5yY3Mt\/cmRzLnJvJTJGc3RvcmFnZSUyRjIwMjYl\/MkYwOCUyRjA2JTJGMjg5NjAwMF8yODk2\/MDAwX3Byb2ZpbWVkaWEtMTEyMTAyMzEy\/OC5qcGcmdz0xMjAwJmg9NjMwJnpjPTEm\/aGFzaD1kYTE5ZDMxYWYwMWI5Mzg2NjY1ZWRlZWQ5N2NjOGEzOA==.thumb.jpg&#8221;]<\/p>\n<div class=\"entry data-app-meta data-app-meta-article\" data-embed-base-url-canonical=\"https:\/\/www.digi24.ro\/embed\/stiri\/externe\/ue\/germania-invinovateste-rusia-pentru-tentativa-de-sabotaj-de-la-aeroportul-din-leipzig-se-incadreaza-in-modelul-cunoscut-3930873\">\n<p data-index=\"1\"><strong>Germania a afirmat c\u0103 Rusia este responsabil\u0103 pentru atacul cu dron\u0103 de luna trecut\u0103 de la <a href=\"https:\/\/www.digi24.ro\/stiri\/externe\/ue\/noi-informatii-despre-tentativa-de-sabotaj-de-la-aeroportul-din-leipzig-au-fost-descoperite-inca-o-drona-si-urme-de-explozibil-militar-3920145\" target=\"_blank\" rel=\"noopener\" data-skip-linkfix=\"1\">aeroportul din Leipzig<\/a>. Ministrul german de interne, Alexander Dobrindt, a afirmat c\u0103 \u201etentativa de atac se \u00eencadreaz\u0103 \u00een modelul cunoscut al opera\u021biunilor hibride ruse\u0219ti din Europa\u201d, relateaz\u0103 <a href=\"https:\/\/www.theguardian.com\/world\/live\/2026\/sep\/01\/ukraine-russia-strikes-attacks-odesa-zelenskyy-putin-eu-defence-europe-latest-news-updates#top-of-blog\" target=\"_blank\" rel=\"noopener\" data-skip-linkfix=\"1\">The Guardian.<\/a><\/strong><\/p>\n<p data-index=\"2\"><span>\u00cen deschiderea conferin\u021bei de pres\u0103, ministrul german de interne, Alexander Dobrindt, a precizat c\u0103 ceea ce urmeaz\u0103 s\u0103 spun\u0103 a f\u0103cut obiectul unor consult\u0103ri aprofundate cu Consiliul de Securitate Na\u021bional\u0103 al guvernului \u0219i cu cabinetul, inclusiv cu cancelarul Friedrich Merz.<\/span><\/p>\n<p data-index=\"3\"><span>El a explicat c\u0103 agen\u021biile de securitate germane monitorizeaz\u0103 de ceva timp \u201eun nivel ridicat de amenin\u021bare\u201d generat de activit\u0103\u021bi hibride desf\u0103\u0219urate \u00een Germania \u0219i \u00een \u00eentreaga regiune european\u0103.<\/span><\/p>\n<p data-index=\"4\"><span>Totodat\u0103, Dobrindt a sus\u021binut c\u0103 informa\u021biile ob\u021binute de serviciile de informa\u021bii germane \u0219i de partenerii acestora indic\u0103 implicarea Rusiei.<\/span><\/p>\n<p data-index=\"5\"><span>Men\u021bion\u00e2nd configura\u021bia dronei \u0219i diverse componente utilizate, Dobrindt a declarat \u00een mod specific c\u0103 \u201emijloacele folosite pentru comiterea actului\u201d de sabotaj din Leipzig \u201ene sunt cunoscute din alte opera\u021biuni hibride desf\u0103\u0219urate de Rusia \u0219i din r\u0103zboiul pe care acesta \u00eel poart\u0103 \u00eempotriva Ucrainei\u201d.<\/span><\/p>\n<p data-index=\"6\"><span>Oficialul a precizat c\u0103 \u201etentativa de atac de la Aeroportul din Leipzig din 4 august se \u00eencadreaz\u0103 \u00een modelul cunoscut al opera\u021biunilor hibride ruse\u0219ti din Europa\u201d.<\/span><\/p>\n<p data-index=\"7\"><span>El a spus \u00een mod direct c\u0103 \u201eguvernul german concluzioneaz\u0103, prin urmare, c\u0103 Rusia este responsabil\u0103 pentru atacul hibrid din Leipzig din 4 august\u201d. Totodat\u0103, Dobrindt a mai declarat c\u0103 Germania prive\u0219te incidentul de la Leipzig \u201enu ca pe un caz izolat, ci ca parte a unui context mai larg de ac\u021biuni hibride\u201d.<\/span><\/p>\n<p data-index=\"8\"><span>Acesta a explicat c\u0103 guvernul se a\u0219teapt\u0103 ca Germania s\u0103 r\u0103m\u00e2n\u0103 o \u021bint\u0103 pentru noi atacuri hibride din partea Rusiei, inclusiv pentru \u00eencerc\u0103ri de a provoca pagube semnificative.<\/span><\/p>\n<p data-index=\"9\"><span>Conform spuselor sale, guvernul \u201erecunoa\u0219te necesitatea evident\u0103 a unui r\u0103spuns adecvat \u0219i necesar\u201d. \u201eVreau s\u0103 fiu clar: nu suntem \u00een r\u0103zboi, dar suntem \u021binta zilnic\u0103 a unui r\u0103zboi hibrid\u201d.<\/span><\/p>\n<p data-index=\"10\"><span>\u00cen aceea\u0219i ordine de idei, ministrul german de externe, Johann Wadephul, a declarat c\u0103 ac\u021biunile Rusiei \u201ese \u00eenscriu \u00eentr-o lung\u0103 serie de tentative de destabilizare, dezinformare, amenin\u021b\u0103ri, sabotaj \u0219i agresiune \u00eendreptate \u00eempotriva Europei\u201d.<\/span><\/p>\n<p data-index=\"11\"><span>El a precizat: \u201eGermania nu face excep\u021bie\u201d. Wadephul a sus\u021binut c\u0103, din p\u0103cate, Rusia nu d\u0103 dovad\u0103 de nicio disponibilitate de a pune cap\u0103t r\u0103zboiului \u00eempotriva Ucrainei \u0219i de a c\u0103uta o reconciliere cu Occidentul.<\/span><\/p>\n<p data-index=\"12\"><span>Astfel, acesta a anun\u021bat c\u0103 consulatul rus din Bonn va fi \u00eenchis ca m\u0103sur\u0103 de represalii pentru atac, la fel ca \u0219i Casa Rus\u0103 a \u0218tiin\u021bei \u0219i Culturii din Berlin. Wadephul a transmis c\u0103 ambasadorul rus a fost convocat pentru a fi informat cu privire la aceste decizii.<\/span><\/p>\n<p data-index=\"13\"><span>Germania va milita, de asemenea, pentru sanc\u021biuni mai severe \u00eempotriva Rusiei, controale la intrare pentru cet\u0103\u021benii ru\u0219i \u0219i o presiune sporit\u0103 asupra a\u0219a-numitei flote fantom\u0103.<\/span><\/p>\n<p data-index=\"14\"><span>Dup\u0103 anun\u021bul Berlinului, <a href=\"https:\/\/www.digi24.ro\/stiri\/externe\/ue\/mesajul-lui-mark-rutte-dupa-ce-germania-a-dat-vina-pe-rusia-pentru-incidentul-de-la-aeroportul-din-leipzig-dovezile-sunt-clare-3930895\" target=\"_blank\" rel=\"noopener\" data-skip-linkfix=\"1\">Mark Rutte a reac\u021bionat<\/a> \u0219i a transmis c\u0103 \u201edovezile sunt clare\u201d. \u0218eful NATO a precizat c\u0103 \u00eencerc\u0103rile Moscovei \u201ede a ne intimida, de a ne submina unitatea \u0219i voin\u021ba de a sprijini Ucraina sunt zadarnice \u0219i vor e\u0219ua\u201d.<\/span><\/p>\n<p data-index=\"15\"><span>Pe 4 august, o dron\u0103 a fost descoperit\u0103 l\u00e2ng\u0103 un avion cargo ucrainean Antonov, pe aeroportul Leipzig\/Halle. Potrivit anchetatorilor, aceasta era echipat\u0103 cu explozibili \u0219i avea scopul de a ataca aeronava. Cu toate acestea, detonatorul era aparent defect.<\/span><\/p>\n<p data-index=\"16\"><strong>Cite\u0219te \u0219i:<\/strong><\/p>\n<p data-index=\"17\"><a href=\"https:\/\/www.digi24.ro\/stiri\/externe\/ue\/razboiul-hibrid-al-rusiei-impotriva-europei-incepe-sa-devina-din-ce-in-ce-mai-putin-hibrid-este-o-metoda-de-a-fierbe-broasca-3925099\" target=\"_blank\" rel=\"noopener\" data-skip-linkfix=\"1\"><strong>\u201eR\u0103zboiul hibrid\u201d al Rusiei \u00eempotriva Europei \u00eencepe s\u0103 devin\u0103 din ce \u00een ce mai pu\u021bin hibrid. \u201eEste o metod\u0103 de a fierbe broasca\u201d<\/strong><\/a><\/p>\n<p data-index=\"18\"><a href=\"https:\/\/www.digi24.ro\/stiri\/externe\/ue\/armata-germana-raporteaza-sute-de-survolari-suspecte-ale-unor-obiectivelor-militare-de-catre-drone-in-ultimii-ani-3903091\" target=\"_blank\" rel=\"noopener\" data-skip-linkfix=\"1\"><strong>Armata german\u0103 raporteaz\u0103 sute de survol\u0103ri suspecte ale unor obiectivelor militare de c\u0103tre drone \u00een ultimii ani<\/strong><\/a><\/p>\n<p> Editor : <a href=\"https:\/\/www.digi24.ro\/autor\/ana-gherghita\"> A.M.G. <\/a><\/p>\n<\/div>\n<p>[analyse_source url=&#8221;https:\/\/www.digi24.ro\/stiri\/externe\/ue\/germania-invinovateste-rusia-pentru-tentativa-de-sabotaj-de-la-aeroportul-din-leipzig-se-incadreaza-in-modelul-cunoscut-3930873&#8243;]<\/p>\n","protected":false},"excerpt":{"rendered":"<p>[analyse_image type=&#8221;featured&#8221; src=&#8221;https:\/\/s.iw.ro\/gateway\/g\/ZmlsZVNvdXJjZT1odHRwJTNBJTJGJTJG\/c3RvcmFnZTA4dHJhbnNjb2Rlci5yY3Mt\/cmRzLnJvJTJGc3RvcmFnZSUyRjIwMjYl\/MkYwOCUyRjA2JTJGMjg5NjAwMF8yODk2\/MDAwX3Byb2ZpbWVkaWEtMTEyMTAyMzEy\/OC5qcGcmdz0xMjAwJmg9NjMwJnpjPTEm\/aGFzaD1kYTE5ZDMxYWYwMWI5Mzg2NjY1ZWRlZWQ5N2NjOGEzOA==.thumb.jpg&#8221;] Germania a afirmat c\u0103 Rusia este responsabil\u0103 pentru atacul cu dron\u0103 de luna trecut\u0103 de la aeroportul din Leipzig. Ministrul german de interne, Alexander Dobrindt, a afirmat c\u0103 \u201etentativa de atac se \u00eencadreaz\u0103 \u00een modelul cunoscut al opera\u021biunilor hibride ruse\u0219ti din Europa\u201d, relateaz\u0103 The Guardian. \u00cen deschiderea conferin\u021bei de pres\u0103, ministrul german [&hellip;]<\/p>\n","protected":false},"author":1,"featured_media":0,"comment_status":"open","ping_status":"","sticky":false,"template":"","format":"standard","meta":{"footnotes":""},"categories":[89],"tags":[226,11],"class_list":["post-2122998","post","type-post","status-publish","format-standard","hentry","category-romania","tag-crawlmanager","tag-digi24"],"_links":{"self":[{"href":"https:\/\/analyse.optim.biz\/index.php?rest_route=\/wp\/v2\/posts\/2122998","targetHints":{"allow":["GET"]}}],"collection":[{"href":"https:\/\/analyse.optim.biz\/index.php?rest_route=\/wp\/v2\/posts"}],"about":[{"href":"https:\/\/analyse.optim.biz\/index.php?rest_route=\/wp\/v2\/types\/post"}],"author":[{"embeddable":true,"href":"https:\/\/analyse.optim.biz\/index.php?rest_route=\/wp\/v2\/users\/1"}],"replies":[{"embeddable":true,"href":"https:\/\/analyse.optim.biz\/index.php?rest_route=%2Fwp%2Fv2%2Fcomments&post=2122998"}],"version-history":[{"count":0,"href":"https:\/\/analyse.optim.biz\/index.php?rest_route=\/wp\/v2\/posts\/2122998\/revisions"}],"wp:attachment":[{"href":"https:\/\/analyse.optim.biz\/index.php?rest_route=%2Fwp%2Fv2%2Fmedia&parent=2122998"}],"wp:term":[{"taxonomy":"category","embeddable":true,"href":"https:\/\/analyse.optim.biz\/index.php?rest_route=%2Fwp%2Fv2%2Fcategories&post=2122998"},{"taxonomy":"post_tag","embeddable":true,"href":"https:\/\/analyse.optim.biz\/index.php?rest_route=%2Fwp%2Fv2%2Ftags&post=2122998"}],"curies":[{"name":"wp","href":"https:\/\/api.w.org\/{rel}","templated":true}]}}