{"id":2122994,"date":"2026-09-01T16:05:25","date_gmt":"2026-09-01T13:05:25","guid":{"rendered":"https:\/\/analyse.optim.biz\/?p=2122994"},"modified":"2026-09-01T16:05:25","modified_gmt":"2026-09-01T13:05:25","slug":"kaja-kallas-atacurile-hibride-ale-rusiei-nu-vor-opri-sprijinul-ue-pentru-ucraina-ce-planuri-are-europa","status":"publish","type":"post","link":"https:\/\/analyse.optim.biz\/?p=2122994","title":{"rendered":"Kaja Kallas: Atacurile hibride ale Rusiei nu vor opri sprijinul UE pentru Ucraina. Ce planuri are Europa&#8230;"},"content":{"rendered":"<p>[analyse_image type=&#8221;featured&#8221; src=&#8221;https:\/\/s.iw.ro\/gateway\/g\/ZmlsZVNvdXJjZT1odHRwJTNBJTJGJTJG\/c3RvcmFnZTA4dHJhbnNjb2Rlci5yY3Mt\/cmRzLnJvJTJGc3RvcmFnZSUyRjIwMjYl\/MkYwMSUyRjEyJTJGMjUzODgyNF8yNTM4\/ODI0X3Bob3RvLWNvbGxhZ2VfcG5nLTQz\/LnBuZyZ3PTEyMDAmaD02MzAmemM9MSZo\/YXNoPTBiYjM3Yjc0MmIyMTlhODc3NzAzYzZiMTYxMzI1YTk4.thumb.jpg&#8221;]<\/p>\n<div class=\"entry data-app-meta data-app-meta-article\" data-embed-base-url-canonical=\"https:\/\/www.digi24.ro\/embed\/stiri\/externe\/kaja-kallas-atacurile-hibride-ale-rusiei-nu-vor-opri-sprijinul-ue-pentru-ucraina-ce-planuri-are-europa-in-liban-3930843\">\n<p data-index=\"1\"><strong>Atacurile hibride ale Rusiei nu vor descuraja UE s\u0103 continue sprijinul pentru Ucraina, a declarat mar\u021bi Kaja Kallas, avertiz\u00e2nd c\u0103 \u021bara duce lips\u0103 de interceptoare. \u0218efa diploma\u021biei europene a anun\u021bat totodat\u0103 c\u0103 cel pu\u021bin zece state membre vor s\u0103 contribuie cu personal \u0219i resurse la o posibil\u0103 misiune militar\u0103 \u0219i civil\u0103 \u00een Liban, relateaz\u0103 Agerpres.<\/strong><\/p>\n<p data-index=\"2\">\u201eEuropa este vizat\u0103 de Rusia printr-un val de atacuri hibride care au un impact direct tot mai mare. Rusia \u00eencearc\u0103 s\u0103 ne descurajeze s\u0103 ajut\u0103m Ucraina, dar nu va reu\u0219i\u201d, a spus Kallas.<\/p>\n<p data-index=\"3\">Ea a precizat c\u0103 lunile iulie \u0219i august au fost cele mai s\u00e2ngeroase pentru civilii din Ucraina, \u00een contextul \u00een care for\u021bele ruse \u201e\u00eencearc\u0103 s\u0103 r\u0103neasc\u0103 oamenii din Ucraina c\u00e2t de mult pot\u201d.<\/p>\n<p data-index=\"4\">\u201ePrincipala problem\u0103 este ap\u0103rarea aerian\u0103. Ucrainenii duc lips\u0103 de interceptoare\u201d, a ad\u0103ugat reprezentanta UE, subliniind c\u0103 este dificil s\u0103 conving\u0103 \u021b\u0103ri din interiorul \u0219i din afara Uniunii Europene s\u0103 livreze Kievului mai multe rachete de acest tip, at\u00e2t timp c\u00e2t \u00een apropierea propriilor frontiere se desf\u0103\u0219oar\u0103 conflicte.<\/p>\n<p data-index=\"5\">Pe de alt\u0103 parte, Kaja Kallas a declarat c\u0103 cel pu\u021bin zece state membre doresc s\u0103 contribuie cu resurse \u0219i personal la o nou\u0103 misiune militar\u0103 \u0219i civil\u0103 pentru preg\u0103tirea for\u021belor din Liban.<\/p>\n<p data-index=\"6\">Misiunea \u00ee\u0219i propune s\u0103 consolideze for\u021bele de securitate intern\u0103 libaneze, astfel \u00eenc\u00e2t armata \u021b\u0103rii s\u0103 se poat\u0103 concentra asupra opera\u021biunii de dezarmare a organiza\u021biei proiraniene Hezbollah.<\/p>\n<p data-index=\"7\">Discu\u021biile privind o posibil\u0103 misiune a UE au loc \u00een contextul \u00een care mandatul For\u021bei Interimare a ONU \u00een Liban (UNIFIL) se apropie de final \u0219i urmeaz\u0103 s\u0103 se \u00eencheie la sf\u00e2r\u0219itul acestui an.<\/p>\n<p data-index=\"8\"><strong>Cite\u0219te \u0219i: <a href=\"https:\/\/www.digi24.ro\/stiri\/externe\/ue\/kaja-kallas-spune-ca-eforturile-de-dezamorsare-a-crizei-din-ormuz-nu-au-dat-rezultate-libertatea-de-navigatie-trebuie-respectata-3930525\" target=\"_blank\" rel=\"noopener\" data-skip-linkfix=\"1\">Kaja Kallas spune c\u0103 eforturile de dezamorsare a crizei din Ormuz \u201enu au dat rezultate\u201d: \u201eLibertatea de naviga\u021bie trebuie respectat\u0103\u201d<\/a><\/strong><\/p>\n<p> Editor : <a href=\"https:\/\/www.digi24.ro\/autor\/stefania-apostol\"> \u0218.A. <\/a><\/p>\n<\/div>\n<p>[analyse_source url=&#8221;https:\/\/www.digi24.ro\/stiri\/externe\/kaja-kallas-atacurile-hibride-ale-rusiei-nu-vor-opri-sprijinul-ue-pentru-ucraina-ce-planuri-are-europa-in-liban-3930843&#8243;]<\/p>\n","protected":false},"excerpt":{"rendered":"<p>[analyse_image type=&#8221;featured&#8221; src=&#8221;https:\/\/s.iw.ro\/gateway\/g\/ZmlsZVNvdXJjZT1odHRwJTNBJTJGJTJG\/c3RvcmFnZTA4dHJhbnNjb2Rlci5yY3Mt\/cmRzLnJvJTJGc3RvcmFnZSUyRjIwMjYl\/MkYwMSUyRjEyJTJGMjUzODgyNF8yNTM4\/ODI0X3Bob3RvLWNvbGxhZ2VfcG5nLTQz\/LnBuZyZ3PTEyMDAmaD02MzAmemM9MSZo\/YXNoPTBiYjM3Yjc0MmIyMTlhODc3NzAzYzZiMTYxMzI1YTk4.thumb.jpg&#8221;] Atacurile hibride ale Rusiei nu vor descuraja UE s\u0103 continue sprijinul pentru Ucraina, a declarat mar\u021bi Kaja Kallas, avertiz\u00e2nd c\u0103 \u021bara duce lips\u0103 de interceptoare. \u0218efa diploma\u021biei europene a anun\u021bat totodat\u0103 c\u0103 cel pu\u021bin zece state membre vor s\u0103 contribuie cu personal \u0219i resurse la o posibil\u0103 misiune militar\u0103 \u0219i civil\u0103 \u00een [&hellip;]<\/p>\n","protected":false},"author":1,"featured_media":0,"comment_status":"open","ping_status":"","sticky":false,"template":"","format":"standard","meta":{"footnotes":""},"categories":[89],"tags":[226,11],"class_list":["post-2122994","post","type-post","status-publish","format-standard","hentry","category-romania","tag-crawlmanager","tag-digi24"],"_links":{"self":[{"href":"https:\/\/analyse.optim.biz\/index.php?rest_route=\/wp\/v2\/posts\/2122994","targetHints":{"allow":["GET"]}}],"collection":[{"href":"https:\/\/analyse.optim.biz\/index.php?rest_route=\/wp\/v2\/posts"}],"about":[{"href":"https:\/\/analyse.optim.biz\/index.php?rest_route=\/wp\/v2\/types\/post"}],"author":[{"embeddable":true,"href":"https:\/\/analyse.optim.biz\/index.php?rest_route=\/wp\/v2\/users\/1"}],"replies":[{"embeddable":true,"href":"https:\/\/analyse.optim.biz\/index.php?rest_route=%2Fwp%2Fv2%2Fcomments&post=2122994"}],"version-history":[{"count":0,"href":"https:\/\/analyse.optim.biz\/index.php?rest_route=\/wp\/v2\/posts\/2122994\/revisions"}],"wp:attachment":[{"href":"https:\/\/analyse.optim.biz\/index.php?rest_route=%2Fwp%2Fv2%2Fmedia&parent=2122994"}],"wp:term":[{"taxonomy":"category","embeddable":true,"href":"https:\/\/analyse.optim.biz\/index.php?rest_route=%2Fwp%2Fv2%2Fcategories&post=2122994"},{"taxonomy":"post_tag","embeddable":true,"href":"https:\/\/analyse.optim.biz\/index.php?rest_route=%2Fwp%2Fv2%2Ftags&post=2122994"}],"curies":[{"name":"wp","href":"https:\/\/api.w.org\/{rel}","templated":true}]}}