{"id":2122991,"date":"2026-09-01T15:56:32","date_gmt":"2026-09-01T12:56:32","guid":{"rendered":"https:\/\/analyse.optim.biz\/?p=2122991"},"modified":"2026-09-01T15:56:32","modified_gmt":"2026-09-01T12:56:32","slug":"criza-in-parlament-usr-si-pnl-contesta-la-ccr-alianta-psd-cu-aur-si-sos-pentru-conducerea-camerei","status":"publish","type":"post","link":"https:\/\/analyse.optim.biz\/?p=2122991","title":{"rendered":"Criz\u0103 \u00een Parlament: USR \u0219i PNL contest\u0103 la CCR alian\u021ba PSD cu AUR \u0219i SOS pentru conducerea Camerei&#8230;"},"content":{"rendered":"<p>[analyse_image type=&#8221;featured&#8221; src=&#8221;https:\/\/s.iw.ro\/gateway\/g\/ZmlsZVNvdXJjZT1odHRwJTNBJTJGJTJG\/c3RvcmFnZTA4dHJhbnNjb2Rlci5yY3Mt\/cmRzLnJvJTJGc3RvcmFnZSUyRjIwMjMl\/MkYwNiUyRjI3JTJGMTc1NDI4Ml8xNzU0\/MjgyX3BhcmxhbWVudC1wbGVuLWlucXVh\/bS1vY3Rhdi1nYW5lYS5qcGcmdz0xMjAw\/Jmg9NjMwJnpjPTEmaGFzaD01N2VhNWRh\/OWY3YzI5MTUzNjI1Y2RkMzIxMjA4YTczNQ==.thumb.jpg&#8221;]<\/p>\n<div class=\"entry data-app-meta data-app-meta-article\" data-embed-base-url-canonical=\"https:\/\/www.digi24.ro\/embed\/stiri\/actualitate\/politica\/criza-in-parlament-usr-si-pnl-contesta-la-ccr-alianta-psd-cu-aur-si-sos-pentru-conducerea-camerei-deputatilor-3930845\">\n<p data-index=\"1\"><strong>USR \u015fi PNL anun\u0163\u0103 c\u0103 vor ataca la Curtea Constitu\u0163ional\u0103 a Rom\u00e2niei (CCR) hot\u0103r\u00e2rea adoptat\u0103 mar\u0163i de Camera Deputa\u0163ilor, prin care doi reprezentan\u0163i ai USR \u015fi PNL au fost elimina\u0163i din Biroul Permanent al Camerei \u015fi \u00eenlocui\u0163i cu reprezentan\u0163i ai AUR \u015fi SOS Rom\u00e2nia.<\/strong><\/p>\n<p data-index=\"2\">USR a transmis c\u0103 votul de mar\u021bi arat\u0103 existen\u0163a unei noi majorit\u0103\u0163i politice \u00een Parlament, format\u0103 \u00een jurul PSD cu sprijinul\u00a0 AUR, POT, SOS, \u00een contradic\u0163ie cu discursul public despre stabilitate \u015fi men\u0163inerea direc\u0163iei proeuropene a Rom\u00e2niei.<\/p>\n<p>\u201eAst\u0103zi s-a creat o majoritate toxic\u0103 \u00een Parlament: PSD \u015fi extremi\u015ftii. Nu mai vorbim despre declara\u0163ii, specula\u0163ii sau despre jocuri politice f\u0103cute \u00een culise, ci despre un vot concret, dat la vedere, prin care PSD a ales s\u0103 le ofere extremi\u015ftilor mai mult\u0103 putere \u00een conducerea Camerei Deputa\u0163ilor. Acesta este rezultatul politic al votului de ast\u0103zi \u015fi PSD trebuie s\u0103 \u015fi-l asume. Dac\u0103 aceasta este noua majoritate pe care PSD vrea s\u0103 construiasc\u0103 \u00een Parlament, atunci a\u015ftept\u0103m s\u0103 vedem \u015fi noul guvern sus\u0163inut de aceast\u0103 majoritate. Iar dac\u0103 nu exist\u0103 o majoritate capabil\u0103 s\u0103 guverneze Rom\u00e2nia responsabil \u015fi s\u0103 p\u0103streze direc\u0163ia european\u0103 a \u0163\u0103rii, atunci solu\u0163ia democratic\u0103 este \u00eentoarcerea la votul rom\u00e2nilor: alegeri anticipate\u201d, a spus Diana Stoica, lidera deputa\u0163ilor USR, potrivit News.ro.<\/p>\n<p>USR \u015fi PNL atrag aten\u0163ia c\u0103 modificarea componen\u0163ei Biroului Permanent nu poate fi f\u0103cut\u0103 prin \u00eenc\u0103lcarea regulilor constitu\u0163ionale \u015fi parlamentare privind reprezentarea grupurilor politice.<\/p>\n<p>C\u0103t\u0103lin Drul\u0103, deputat USR \u015fi vicepre\u015fedinte al Camerei Deputa\u0163ilor, a afirmat c\u0103 rezultatul votului este cu at\u00e2t mai grav cu c\u00e2t noua formul\u0103 de conducere a Camerei a fost posibil\u0103 \u015fi prin voturile UDMR \u015fi ale reprezentan\u0163ilor minorit\u0103\u0163ilor na\u0163ionale.<\/p>\n<p>\u201eAst\u0103zi, la Camera Deputa\u0163ilor, cu votul celor doi concubini politici, PSD \u015fi extremi\u015ftii, au fost elimina\u0163i doi reprezentan\u0163i ai USR \u015fi PNL din Biroul Permanent al Camerei \u015fi au fost \u00eenlocui\u0163i cu reprezentan\u0163i AUR \u015fi SOS. Nu este un simplu joc de func\u0163ii \u00een Parlament. Prin votul dat ast\u0103zi, PSD le-a oferit extremi\u015ftilor mai mult\u0103 putere \u015fi o pozi\u0163ie mult mai puternic\u0103 \u00een conducerea uneia dintre cele dou\u0103 camere ale Parlamentului. Din p\u0103cate \u015fi, pentru noi, inexplicabil, aceast\u0103 opera\u0163iune a primit \u015fi voturile minorit\u0103\u0163ilor \u015fi UDMR. Rezultatul este foarte simplu \u015fi poate fi m\u0103surat: extremi\u015ftii au acum patru voturi &#8211; trei AUR \u015fi unul SOS &#8211; din cele 12 voturi ale Biroului Permanent al Camerei Deputa\u0163ilor. Ni s-a vorbit despre stabilitate, responsabilitate \u015fi proeuropenism. Ast\u0103zi vedem cum arat\u0103 \u00een practic\u0103 aceast\u0103 \u00abstabilitate\u00bb: PSD deschide u\u015fa conducerii Parlamentului pentru AUR \u015fi SOS \u015fi le ofer\u0103 o treime din voturile Biroului Permanent\u201d, a declarat C\u0103t\u0103lin Drul\u0103, deputat USR \u015fi vicepre\u015fedinte al Camerei Deputa\u0163ilor.<\/p>\n<p>USR a anun\u0163at c\u0103 va folosi toate instrumentele constitu\u0163ionale \u015fi parlamentare pentru a contesta aceast\u0103 decizie \u015fi pentru a \u00eempiedica transformarea unui aranjament politic \u00eentre PSD \u015fi AUR, SOS\u00a0 \u00eentr-o nou\u0103 normalitate \u00een Parlamentul Rom\u00e2niei.<\/p>\n<p data-index=\"3\"><strong>Cite\u0219te \u0219i<\/strong><\/p>\n<p data-index=\"4\"><strong><a href=\"https:\/\/www.digi24.ro\/stiri\/actualitate\/politica\/scandal-in-fruntea-parlamentului-pnl-i-a-schimbat-pe-sustinatorii-guvernului-vestea-liberalii-si-usr-acuza-un-blat-psd-aur-3930693\" target=\"_blank\" rel=\"noopener\" data-skip-linkfix=\"1\">VIDEO Scandal \u00een fruntea Parlamentului. PNL i-a schimbat pe sus\u021bin\u0103torii guvernului Ve\u0219tea. Liberalii \u0219i USR acuz\u0103 un blat PSD-AUR<\/a><\/strong><\/p>\n<p> Editor : <a href=\"https:\/\/www.digi24.ro\/autor\/bogdan-enache\"> Bogdan Enache <\/a><\/p>\n<\/div>\n<p>[analyse_source url=&#8221;https:\/\/www.digi24.ro\/stiri\/actualitate\/politica\/criza-in-parlament-usr-si-pnl-contesta-la-ccr-alianta-psd-cu-aur-si-sos-pentru-conducerea-camerei-deputatilor-3930845&#8243;]<\/p>\n","protected":false},"excerpt":{"rendered":"<p>[analyse_image type=&#8221;featured&#8221; src=&#8221;https:\/\/s.iw.ro\/gateway\/g\/ZmlsZVNvdXJjZT1odHRwJTNBJTJGJTJG\/c3RvcmFnZTA4dHJhbnNjb2Rlci5yY3Mt\/cmRzLnJvJTJGc3RvcmFnZSUyRjIwMjMl\/MkYwNiUyRjI3JTJGMTc1NDI4Ml8xNzU0\/MjgyX3BhcmxhbWVudC1wbGVuLWlucXVh\/bS1vY3Rhdi1nYW5lYS5qcGcmdz0xMjAw\/Jmg9NjMwJnpjPTEmaGFzaD01N2VhNWRh\/OWY3YzI5MTUzNjI1Y2RkMzIxMjA4YTczNQ==.thumb.jpg&#8221;] USR \u015fi PNL anun\u0163\u0103 c\u0103 vor ataca la Curtea Constitu\u0163ional\u0103 a Rom\u00e2niei (CCR) hot\u0103r\u00e2rea adoptat\u0103 mar\u0163i de Camera Deputa\u0163ilor, prin care doi reprezentan\u0163i ai USR \u015fi PNL au fost elimina\u0163i din Biroul Permanent al Camerei \u015fi \u00eenlocui\u0163i cu reprezentan\u0163i ai AUR \u015fi SOS Rom\u00e2nia. USR a transmis c\u0103 votul de mar\u021bi arat\u0103 [&hellip;]<\/p>\n","protected":false},"author":1,"featured_media":0,"comment_status":"open","ping_status":"","sticky":false,"template":"","format":"standard","meta":{"footnotes":""},"categories":[89],"tags":[226,11],"class_list":["post-2122991","post","type-post","status-publish","format-standard","hentry","category-romania","tag-crawlmanager","tag-digi24"],"_links":{"self":[{"href":"https:\/\/analyse.optim.biz\/index.php?rest_route=\/wp\/v2\/posts\/2122991","targetHints":{"allow":["GET"]}}],"collection":[{"href":"https:\/\/analyse.optim.biz\/index.php?rest_route=\/wp\/v2\/posts"}],"about":[{"href":"https:\/\/analyse.optim.biz\/index.php?rest_route=\/wp\/v2\/types\/post"}],"author":[{"embeddable":true,"href":"https:\/\/analyse.optim.biz\/index.php?rest_route=\/wp\/v2\/users\/1"}],"replies":[{"embeddable":true,"href":"https:\/\/analyse.optim.biz\/index.php?rest_route=%2Fwp%2Fv2%2Fcomments&post=2122991"}],"version-history":[{"count":0,"href":"https:\/\/analyse.optim.biz\/index.php?rest_route=\/wp\/v2\/posts\/2122991\/revisions"}],"wp:attachment":[{"href":"https:\/\/analyse.optim.biz\/index.php?rest_route=%2Fwp%2Fv2%2Fmedia&parent=2122991"}],"wp:term":[{"taxonomy":"category","embeddable":true,"href":"https:\/\/analyse.optim.biz\/index.php?rest_route=%2Fwp%2Fv2%2Fcategories&post=2122991"},{"taxonomy":"post_tag","embeddable":true,"href":"https:\/\/analyse.optim.biz\/index.php?rest_route=%2Fwp%2Fv2%2Ftags&post=2122991"}],"curies":[{"name":"wp","href":"https:\/\/api.w.org\/{rel}","templated":true}]}}