{"id":2122979,"date":"2026-09-01T15:26:53","date_gmt":"2026-09-01T12:26:53","guid":{"rendered":"https:\/\/analyse.optim.biz\/?p=2122979"},"modified":"2026-09-01T15:26:53","modified_gmt":"2026-09-01T12:26:53","slug":"nicusor-dan-la-intalnirea-cu-noii-magistrati-increderea-in-justitie-e-doar-25-un-lucru-bun-e-ca-am","status":"publish","type":"post","link":"https:\/\/analyse.optim.biz\/?p=2122979","title":{"rendered":"Nicu\u0219or Dan, la \u00eent\u00e2lnirea cu noii magistra\u021bi: \u00cencrederea \u00een justi\u021bie e doar 25%. Un lucru bun e c\u0103 am&#8230;"},"content":{"rendered":"<p>[analyse_image type=&#8221;featured&#8221; src=&#8221;https:\/\/s.iw.ro\/gateway\/g\/ZmlsZVNvdXJjZT1odHRwJTNBJTJGJTJG\/c3RvcmFnZTA4dHJhbnNjb2Rlci5yY3Mt\/cmRzLnJvJTJGc3RvcmFnZSUyRjIwMjYl\/MkYwOSUyRjAxJTJGMjkzNDIxMF8yOTM0\/MjEwX1NjcmVlbnNob3QtMjAyNi0wOS0w\/MS0xODI2NDIucG5nJnc9MTIwMCZoPTYz\/MCZ6Yz0xJmhhc2g9NGIxMTEwNzRjMGQ3N2MyZjNiZDA4ZTJiZDUzMTZhOGQ=.thumb.jpg&#8221;]<\/p>\n<div class=\"entry data-app-meta data-app-meta-article\" data-embed-base-url-canonical=\"https:\/\/www.digi24.ro\/embed\/stiri\/actualitate\/politica\/nicusor-dan-la-intalnirea-cu-noii-magistrati-increderea-in-justitie-e-doar-25-un-lucru-bun-e-ca-am-separat-cercetarea-penala-de-tv-3930817\">\n<p data-index=\"1\"><strong>Pre\u0219edintele Nicu\u0219or Dan a declarat, mar\u021bi, la \u00eent\u00e2lnirea cu noii magistra\u021bi definitivi absolven\u021bi ai INM, de la Palatul Cotroceni, c\u0103 cel mai important indicator pentru sistemul de justi\u021bie este \u00eencrederea oamenilor, aflat\u0103 \u00een prezent la 25%. \u201e\u00ce<span data-contrast=\"auto\">nseamn\u0103 c\u0103 to\u021bi \u00eempreun\u0103 facem ceva r\u0103u \u0219i trebuie s\u0103 corect\u0103m\u201d, a precizat \u0219eful statului. El a afirmat c\u0103<\/span> a\u0219teapt\u0103 s\u0103 treac\u0103 6 luni de la numirea procurorilor \u0219efi, impresia sa fiind c\u0103 activitatea \u201es-a dinamizat\u201d. \u201eS\u0103 ne uit\u0103m pe cifre. Un lucru bun este c\u0103 am separat cercetarea penal\u0103 de televizor. Faptul c\u0103 acte importante din dosare importante nu mai ajung pe surse \u00een spa\u021biul public e un pas \u00eenainte\u201d, a mai spus Nicu\u0219or Dan.\u00a0<\/strong><\/p>\n<p class=\"gdpr-placeholder gdpr-social-media gdpr-iframe-fix\" data-index=\"3\"> Setarile tale privind cookie-urile nu permit afisarea continutul din aceasta sectiune. Poti actualiza setarile modulelor coookie direct din browser sau de <a class=\"ot-sdk-show-settings\" data-skip-linkfix=\"1\">aici<\/a> \u2013 e nevoie sa accepti cookie-urile social media<\/p>\n<p data-index=\"4\"><span data-contrast=\"auto\">\u201e<\/span><span data-contrast=\"auto\">\u00cen ceea ce prive\u0219te sistemul de justi\u021bie, cea mai important\u0103 observa\u021bie este c\u0103 este un serviciu public \u0219i este m\u0103surat de public. Cel mai important indicator e \u00eencrederea oamenilor. Dac\u0103 e cum e azi, 25%, \u00eenseamn\u0103 c\u0103 to\u021bi \u00eempreun\u0103 facem ceva r\u0103u \u0219i trebuie s\u0103 corect\u0103m\u201d, a declarat Nicu\u0219or Dan.<\/span><\/p>\n<h2 id=\"highlight-3930817-1\"><span data-contrast=\"auto\">\u201eA\u0219tept s\u0103 treac\u0103 6 luni de la numirea procurorilor \u0219efi. Impresia e c\u0103 activitatea s-a dinamizat\u201d<\/span><\/h2>\n<p data-index=\"5\"><span data-contrast=\"auto\">\u201e\u00cen ceea ce prive\u0219te procurorii, exist\u0103 o a\u0219teptare a societ\u0103\u021bii (&#8230;) cea mai important\u0103 e legat\u0103 de corup\u021bia mare, mic\u0103. A\u0219tept s\u0103 treac\u0103 cele 6 luni de la numirea procurorilor \u0219efi. Impresia este c\u0103 activitatea s-a dinamizat. S\u0103 ne uit\u0103m pe cifre. Un lucru bun este c\u0103 am separat cercetarea penal\u0103 de televizor. Faptul c\u0103 acte importante din dosare importante nu mai ajung pe surse \u00een spa\u021biul public e un pas \u00eenainte\u201d, a mai spus mar\u021bi pre\u0219edintele, la Palatul Cotroceni, \u00een cadrul \u00eent\u00e2lnirii cu <\/span><span data-contrast=\"auto\">noii magistra\u021bi definitivi absolven\u021bi ai Institutului Na\u021bional al Magistraturii (INM) &#8211; promo\u021bia 2023-2025<\/span><span data-contrast=\"auto\">.<\/span><\/p>\n<h2 id=\"highlight-3930817-2\"><span data-contrast=\"auto\">Despre rela\u021bia justi\u021bie-politic: \u201eMai \u00eent\u00e2i politicul a neglijat, dup\u0103 care \u015fi din partea cealalt\u0103 s-au petrecut excese, \u00een special la salarizare\u201d<\/span><\/h2>\n<p data-index=\"6\"><span data-contrast=\"auto\">El a precizat c\u0103 mai este o rela\u0163ie pe care ne va lua un timp s\u0103 o echilibr\u0103m \u015fi anume sistemul de justi\u0163ie \u015fi politic.<\/span><span data-ccp-props=\"{&quot;335551550&quot;:0,&quot;335551620&quot;:0}\">\u00a0<\/span><\/p>\n<p data-index=\"7\"><span data-contrast=\"auto\">\u201eMai este o rela\u0163ie care ne va lua un timp pentru a echilibra rela\u0163ia \u00eentre sistemul de justi\u0163ie \u015fi politic. Pentru c\u0103 mai \u00eent\u00e2i a fost politicul care a neglijat, dup\u0103 care \u015fi din partea astalalt\u0103 s-au petrecut ni\u015fte excese, m\u0103 refer \u00een special la zona de salarizare, \u015fi dup\u0103 care, cel mai grav, a \u00eenceput o campanie de blamare a \u00eentregului corp profesional. \u015ei asta, evident c\u0103 nu e s\u0103n\u0103tos nici pentru o parte, nici pentru alta. \u015ei aici, din nou, \u015fi dintr-o parte \u015fi dintr-alta, avem de lucru, pentru c\u0103 \u0103sta este sensul meseriei dumneavoastr\u0103, a g\u0103si bunul echilibru \u00een lucrurile pe care ave\u0163i s\u0103 le tran\u015fa\u0163i, principiul propor\u0163ionalit\u0103\u0163ii\u201d, a mai spus Nicu\u015for Dan.<\/span><\/p>\n<p data-index=\"8\"><span data-contrast=\"auto\">\u201eSunt convins c\u0103 lucrurile nu pot dec\u00e2t s\u0103 evolueze \u00een direc\u0163ia potrivit\u0103, sunt convins de mult\u0103 bun\u0103 credin\u0163\u0103. Trebuie doar s\u0103 reu\u015fim s\u0103 aranj\u0103m toate aceste bune credin\u0163e individuale \u00eentr-un sistem care s\u0103 func\u0163ioneze, pentru c\u0103, am spus mai devreme, exist\u0103 un grad redus de \u00eencredere a cet\u0103\u0163enilor \u00een sistemul de justi\u0163ie. Dar, \u00een opinia mea, exist\u0103 un grad destul de redus de \u00eencredere al oamenilor din sistemul de justi\u0163ie \u00een sistemul de justi\u0163ie. \u015ei aici sunte\u0163i c\u00e2teva mii de oameni care trebuie s\u0103 rezolva\u0163i intern aceast\u0103 chestiune\u201d, a subliniat el.<\/span><\/p>\n<p data-index=\"9\"><span data-contrast=\"auto\">Pre\u015fedintele le-a transmis absolven\u0163ilor c\u0103 au o mare responsabilitate, pentru c\u0103 nu crede c\u0103 exist\u0103 profesie administrativ\u0103 \u00een \u0163ara asta \u00een care imaginea statului rom\u00e2n s\u0103 fie mai legat\u0103 de o persoan\u0103 care exercit\u0103 o func\u0163ie.<\/span><span data-ccp-props=\"{&quot;335551550&quot;:0,&quot;335551620&quot;:0}\">\u00a0<\/span><\/p>\n<p data-index=\"10\"><span data-contrast=\"auto\">\u201eDac\u0103 un justi\u0163iabil consider\u0103 c\u0103 i s-a f\u0103cut dreptate de c\u0103tre unul dintre dumneavoastr\u0103, va avea \u00eencredere \u00een statul rom\u00e2n. Dac\u0103 el consider\u0103 c\u0103 nu i s-a f\u0103cut dreptate, va avea un dubiu \u00een ceea ce prive\u015fte dreptatea \u00een \u00eens\u0103\u015fi societatea noastr\u0103. Deci responsabilitatea pe care o ave\u0163i este mare\u201d, a afirmat el.<\/span><span data-ccp-props=\"{&quot;335551550&quot;:0,&quot;335551620&quot;:0}\">\u00a0<\/span><\/p>\n<p data-index=\"11\"><span data-contrast=\"auto\">\u201eDin umila mea experien\u0163\u0103 de justi\u0163iabil, cred c\u0103 sunt ni\u015fte tenta\u0163ii pe care un t\u00e2n\u0103r magistrat le are \u015fi din nou pe care le-am experimentat \u00een experien\u0163a mea de c\u00e2teva mii de ore prin s\u0103li. Este o tenta\u0163ie arogan\u0163ei, pentru c\u0103 a\u0163i f\u0103cut o \u015fcoal\u0103 grea, \u015fi cumva a\u0163i fost selecta\u0163i dintre mul\u0163i oameni care au f\u0103cut studii juridice\u201d, a mai spus pre\u015fedintele.<\/span><\/p>\n<h2 id=\"highlight-3930817-3\"><span data-contrast=\"auto\">\u201e\u00cen 2020 m\u0103 \u00eentrebam \u00abP\u00e2n\u0103 unde o s\u0103 for\u0163ez \u00een rela\u0163ia asta cu sistemul?\u00bb\u201d<\/span><\/h2>\n<p data-index=\"12\"><span data-contrast=\"auto\">\u201eCe pot eu s\u0103 spun este c\u0103 tot timpul \u015fi de la mul\u0163i oameni ai de \u00eenv\u0103\u0163at. Este o tenta\u0163ie a suficien\u0163ei, pe care din nou am v\u0103zut-o la c\u00e2\u0163iva din magistra\u0163i. Acela\u015fi lucru. 1. E \u00een joc imaginea statului rom\u00e2n. 2. Pentru dezvoltarea personal\u0103 nu e bine. Am v\u0103zut o tenta\u0163ie de a da dreptate statului. Nes\u0103n\u0103toas\u0103. Pentru c\u0103 dac\u0103 la\u015fi statul s\u0103 gre\u015feasc\u0103 odat\u0103, va gre\u015fi \u015fi a doua oar\u0103, \u015fi a treia oar\u0103. \u015ei am mai v\u0103zut o tenta\u0163ie de conformism. Dac\u0103 toat\u0103 lumea merge \u00eentr-o direc\u0163ie, de ce s\u0103 merg \u00eentr-o alt\u0103? \u015ei din nou, aici e nevoie de curajul propriei opinii\u201d, a subliniat Nicu\u015for Dan.<\/span><span data-ccp-props=\"{&quot;335551550&quot;:0,&quot;335551620&quot;:0}\">\u00a0<\/span><\/p>\n<p data-index=\"13\"><span data-contrast=\"auto\">El a ad\u0103ugat c\u0103 mai este o chestiune interesant\u0103 pentru cineva care \u00ee\u015fi \u00eencepe activitatea, \u015fi anume rela\u0163ia individului cu sistemul.<\/span><\/p>\n<p data-index=\"14\"><span data-contrast=\"auto\">\u201ePentru cineva ca dumneavoastr\u0103 care \u00ee\u0219i \u00eencepe activitatea, rela\u021bia individului cu sistemul, m\u0103 \u00eentrebam c\u00e2nd am preluat mandatul de primar \u00abp\u00e2n\u0103 unde o s\u0103 for\u021bez eu rela\u021bia asta\u00bb. Ave\u021bi curajul propriei opinii, pentru c\u0103 tot timpul povestea despre sistem este mult mai impresionant\u0103 dec\u00e2t ceea ce numim sistem\u201d, a spus Dan.<\/span><\/p>\n<p data-index=\"15\"><b><span data-contrast=\"auto\">Cite\u0219te \u0219i:<\/span><\/b><span data-ccp-props=\"{&quot;335551550&quot;:0,&quot;335551620&quot;:0}\">\u00a0<\/span><\/p>\n<p data-index=\"16\"><a href=\"https:\/\/www.digi24.ro\/stiri\/actualitate\/social\/nicusor-dan-spatiul-public-este-dominat-de-defetisti-si-demagogi-apel-pentru-un-nationalism-sanatos-3930001\" data-skip-linkfix=\"1\"><b><span data-contrast=\"auto\">Nicu\u0219or Dan: \u201eSpa\u021biul public este dominat de defeti\u0219ti \u0219i demagogi\u201d. Apelul pre\u0219edintelui pentru \u201eun na\u021bionalism s\u0103n\u0103tos\u201d<\/span><\/b><span data-ccp-props=\"{&quot;335551550&quot;:0,&quot;335551620&quot;:0}\">\u00a0<\/span><\/a><\/p>\n<p data-index=\"17\"><a href=\"https:\/\/www.digi24.ro\/stiri\/actualitate\/politica\/nicusor-dan-a-fost-o-criza-politica-care-ne-a-depasit-previziunile-ce-spune-despre-viitorul-guvern-3929781\" data-skip-linkfix=\"1\"><b><span data-contrast=\"auto\">Nicu\u0219or Dan: \u201eA fost o criz\u0103 politic\u0103 care ne-a dep\u0103\u0219it previziunile\u201d. Ce spune despre viitorul Guvern<\/span><\/b><span data-ccp-props=\"{&quot;335551550&quot;:0,&quot;335551620&quot;:0}\">\u00a0<\/span><\/a><\/p>\n<p data-index=\"18\"><a href=\"https:\/\/www.digi24.ro\/stiri\/actualitate\/politica\/mesajul-lui-nicusor-dan-despre-o-europa-mai-unita-ce-au-discutat-presedintele-si-angela-merkel-la-cotroceni-3930439\" data-skip-linkfix=\"1\"><b><span data-contrast=\"auto\">Mesajul lui Nicu\u0219or Dan despre o Europ\u0103 \u201emai unit\u0103\u201d. Ce au discutat pre\u0219edintele \u0219i Angela Merkel la Cotroceni<\/span><\/b><\/a><\/p>\n<p> Editor : <a href=\"https:\/\/www.digi24.ro\/autor\/alexandru-costea\"> Alexandru Costea <\/a><\/p>\n<\/div>\n<p>[analyse_source url=&#8221;https:\/\/www.digi24.ro\/stiri\/actualitate\/politica\/nicusor-dan-la-intalnirea-cu-noii-magistrati-increderea-in-justitie-e-doar-25-un-lucru-bun-e-ca-am-separat-cercetarea-penala-de-tv-3930817&#8243;]<\/p>\n","protected":false},"excerpt":{"rendered":"<p>[analyse_image type=&#8221;featured&#8221; src=&#8221;https:\/\/s.iw.ro\/gateway\/g\/ZmlsZVNvdXJjZT1odHRwJTNBJTJGJTJG\/c3RvcmFnZTA4dHJhbnNjb2Rlci5yY3Mt\/cmRzLnJvJTJGc3RvcmFnZSUyRjIwMjYl\/MkYwOSUyRjAxJTJGMjkzNDIxMF8yOTM0\/MjEwX1NjcmVlbnNob3QtMjAyNi0wOS0w\/MS0xODI2NDIucG5nJnc9MTIwMCZoPTYz\/MCZ6Yz0xJmhhc2g9NGIxMTEwNzRjMGQ3N2MyZjNiZDA4ZTJiZDUzMTZhOGQ=.thumb.jpg&#8221;] Pre\u0219edintele Nicu\u0219or Dan a declarat, mar\u021bi, la \u00eent\u00e2lnirea cu noii magistra\u021bi definitivi absolven\u021bi ai INM, de la Palatul Cotroceni, c\u0103 cel mai important indicator pentru sistemul de justi\u021bie este \u00eencrederea oamenilor, aflat\u0103 \u00een prezent la 25%. \u201e\u00censeamn\u0103 c\u0103 to\u021bi \u00eempreun\u0103 facem ceva r\u0103u \u0219i trebuie s\u0103 corect\u0103m\u201d, a precizat \u0219eful statului. El [&hellip;]<\/p>\n","protected":false},"author":1,"featured_media":0,"comment_status":"open","ping_status":"","sticky":false,"template":"","format":"standard","meta":{"footnotes":""},"categories":[89],"tags":[226,11],"class_list":["post-2122979","post","type-post","status-publish","format-standard","hentry","category-romania","tag-crawlmanager","tag-digi24"],"_links":{"self":[{"href":"https:\/\/analyse.optim.biz\/index.php?rest_route=\/wp\/v2\/posts\/2122979","targetHints":{"allow":["GET"]}}],"collection":[{"href":"https:\/\/analyse.optim.biz\/index.php?rest_route=\/wp\/v2\/posts"}],"about":[{"href":"https:\/\/analyse.optim.biz\/index.php?rest_route=\/wp\/v2\/types\/post"}],"author":[{"embeddable":true,"href":"https:\/\/analyse.optim.biz\/index.php?rest_route=\/wp\/v2\/users\/1"}],"replies":[{"embeddable":true,"href":"https:\/\/analyse.optim.biz\/index.php?rest_route=%2Fwp%2Fv2%2Fcomments&post=2122979"}],"version-history":[{"count":0,"href":"https:\/\/analyse.optim.biz\/index.php?rest_route=\/wp\/v2\/posts\/2122979\/revisions"}],"wp:attachment":[{"href":"https:\/\/analyse.optim.biz\/index.php?rest_route=%2Fwp%2Fv2%2Fmedia&parent=2122979"}],"wp:term":[{"taxonomy":"category","embeddable":true,"href":"https:\/\/analyse.optim.biz\/index.php?rest_route=%2Fwp%2Fv2%2Fcategories&post=2122979"},{"taxonomy":"post_tag","embeddable":true,"href":"https:\/\/analyse.optim.biz\/index.php?rest_route=%2Fwp%2Fv2%2Ftags&post=2122979"}],"curies":[{"name":"wp","href":"https:\/\/api.w.org\/{rel}","templated":true}]}}