{"id":2122975,"date":"2026-09-01T15:23:49","date_gmt":"2026-09-01T12:23:49","guid":{"rendered":"https:\/\/analyse.optim.biz\/?p=2122975"},"modified":"2026-09-01T15:23:49","modified_gmt":"2026-09-01T12:23:49","slug":"procesul-lui-lindsay-clancy-mama-din-sua-care-si-a-ucis-copiii-juriul-nu-a-putut-ajunge-la-un-verdict","status":"publish","type":"post","link":"https:\/\/analyse.optim.biz\/?p=2122975","title":{"rendered":"Procesul lui Lindsay Clancy, mama din SUA care \u0219i-a ucis copiii: juriul nu a putut ajunge la un verdict&#8230;"},"content":{"rendered":"<p>[analyse_image type=&#8221;featured&#8221; src=&#8221;https:\/\/s.iw.ro\/gateway\/g\/ZmlsZVNvdXJjZT1odHRwJTNBJTJGJTJG\/c3RvcmFnZTA4dHJhbnNjb2Rlci5yY3Mt\/cmRzLnJvJTJGc3RvcmFnZSUyRjIwMjYl\/MkYwOCUyRjIzJTJGMjkyMTIxMV8yOTIx\/MjExX3Byb2ZpbWVkaWEtMTEyNTM3ODky\/OC5qcGcmdz0xMjAwJmg9NjMwJnpjPTEm\/aGFzaD01ZDIxZGY2NTA5ZjQyYTc4ZWNhYjdjNjJiYWU2MzgyYg==.thumb.jpg&#8221;]<\/p>\n<div class=\"entry data-app-meta data-app-meta-article\" data-embed-base-url-canonical=\"https:\/\/www.digi24.ro\/embed\/stiri\/externe\/sua\/procesul-lui-lindsay-clancy-mama-din-sua-care-si-a-ucis-copiii-juriul-nu-a-putut-ajunge-la-un-verdict-unanim-ce-urmeaza-3930769\">\n<p data-index=\"1\"><strong>Jura\u021bii din cel mai mediatizat proces al momentului \u00een SUA au declarat c\u0103 nu pot ajunge la un verdict unanim \u00een ceea ce o prive\u0219te pe Lindsay Clancy, o mam\u0103 acuzat\u0103 c\u0103 \u0219i-a ucis cei trei copii \u00een timp ce suferea de psihoz\u0103 postpartum nediagnosticat\u0103.<\/strong><\/p>\n<p data-index=\"2\">Dup\u0103 aproximativ 18 ore de deliber\u0103ri, cei 12 jura\u021bi \u2014 nou\u0103 femei \u0219i trei b\u0103rba\u021bi \u2014 l-au informat pe judec\u0103tor mar\u021bi diminea\u021b\u0103 c\u0103 se afl\u0103 \u00eentr-un impas. Judec\u0103torul William Sullivan a ordonat juriului s\u0103 continue deliber\u0103rile, scrie <a href=\"https:\/\/www.thetimes.com\/us\/news-today\/article\/lindsay-clancy-verdict-deadlocked-unanimous-decision-pdwqx8t2m\" target=\"_blank\" rel=\"noopener\" data-skip-linkfix=\"1\">The Times.<\/a><\/p>\n<p data-index=\"3\">Dac\u0103 nu se poate ajunge la un verdict unanim, judec\u0103torul va declara nulitatea procesului, iar procurorii vor avea dreptul s\u0103 rejudec\u0103 cazul cu un nou juriu.<\/p>\n<p data-index=\"4\">Clancy, o fost\u0103 asistent\u0103 medical\u0103 de maternitate \u00een v\u00e2rst\u0103 de 36 de ani, nu a negat niciodat\u0103 c\u0103 \u0219i-a ucis copiii \u2014 pe Cora, \u00een v\u00e2rst\u0103 de cinci ani, pe Dawson, \u00een v\u00e2rst\u0103 de trei ani, \u0219i pe Callan, \u00een v\u00e2rst\u0103 de opt luni \u2014 strangul\u00e2ndu-i.<\/p>\n<p data-index=\"5\">Avoca\u021bii ei au sus\u021binut \u00eens\u0103 c\u0103 aceasta nu ar trebui s\u0103 fie tras\u0103 la r\u0103spundere penal\u0103 pentru decese, deoarece se afla \u00een plin\u0103 psihoz\u0103 postpartum, o afec\u021biune rar\u0103 care poate provoca halucina\u021bii \u0219i paranoia \u0219i, \u00een cazuri grave, poate determina o persoan\u0103 s\u0103-\u0219i fac\u0103 r\u0103u sie\u0219i sau copilului s\u0103u. Procurorii au afirmat \u00eens\u0103 c\u0103 ea \u201ea ac\u021bionat inten\u021bionat, ra\u021bional \u0219i rapid pentru a atinge un scop foarte specific \u2014 acela de a ucide\u201d.<\/p>\n<p data-index=\"6\">Dup\u0103 comiterea crimelor, Clancy a s\u0103rit de la fereastra unui dormitor de la etaj \u00eentr-o aparent\u0103 tentativ\u0103 de sinucidere \u0219i a r\u0103mas paralizat\u0103 definitiv de la talie \u00een jos.<\/p>\n<p data-index=\"7\">\u00cen ciuda violen\u021bei cu care au fost comise crimele, <a href=\"https:\/\/www.digi24.ro\/stiri\/externe\/sua\/americanca-lindsay-clancy-si-a-ucis-copiii-de-ce-atat-de-multe-mame-ii-iau-apararea-3917545\" target=\"_blank\" rel=\"noopener\" data-skip-linkfix=\"1\">Clancy a beneficiat de sprijinul femeilor din Statele Unite<\/a>. Acestea au afirmat c\u0103 cazul ei a scos la iveal\u0103 deficien\u021bele din sistemul de s\u0103n\u0103tate mintal\u0103 destinat proaspetelor mame, precum \u0219i lipsa de con\u0219tientizare cu privire la psihoza postpartum, care afecteaz\u0103 una sau dou\u0103 mame din fiecare 1.000.<\/p>\n<p data-index=\"8\">Fostul ei so\u021b, Patrick Clancy, director de v\u00e2nz\u0103ri la Microsoft, cel care a descoperit cadavrele copiilor lor, a sus\u021binut-o \u00een instan\u021b\u0103 \u0219i a \u00eenfiin\u021bat o organiza\u021bie non-profit menit\u0103 s\u0103 \u00eembun\u0103t\u0103\u021beasc\u0103 \u00eengrijirea s\u0103n\u0103t\u0103\u021bii mintale a femeilor.<\/p>\n<p data-index=\"9\">Pe parcursul procesului, jura\u021bii au ascultat m\u0103rturiile a 85 de martori, printre care rude ale lui Clancy \u0219i profesioni\u0219ti din domeniul s\u0103n\u0103t\u0103\u021bii, care au oferit opinii divergente cu privire la starea ei mental\u0103.<\/p>\n<p data-index=\"10\">Patrick Clancy a declarat \u00een fa\u021ba instan\u021bei c\u0103 starea psihologic\u0103 a so\u021biei sale s-a deteriorat dup\u0103 ce a n\u0103scut cel mai mic dintre copiii lor, \u00een mai 2022. El a descris-o ca fiind o mam\u0103 \u201efoarte devotat\u0103\u201d, care \u201e\u00eencerca s\u0103 g\u0103seasc\u0103 medica\u021bia potrivit\u0103\u201d.<\/p>\n<p data-index=\"11\">Patrick Clancy a afirmat c\u0103 aceasta \u00ee\u0219i exprimase g\u00e2nduri legate de r\u0103nirea copiilor \u00een lunile care au precedat crimele, la fel cum a f\u0103cut \u0219i mama lui Clancy, Paula Musgrove. Mama lui Patrick Clancy, Susan Clancy, a declarat c\u0103 nora sa \u201ecer\u0219ea ajutor\u201d \u00een toamna anului 2022.<\/p>\n<p data-index=\"12\">Avocatul ap\u0103r\u0103rii lui Clancy, Kevin Reddington, le-a spus jura\u021bilor c\u0103 aceasta a solicitat \u00eengrijire medical\u0103 de 19 ori \u00eentre septembrie 2022 \u0219i ianuarie 2023 pentru depresie, anxietate \u0219i insomnie. \u00cen acea perioad\u0103, a spus el, i s-au prescris 12 medicamente \u2014 antidepresive, somnifere \u0219i un antipsihotic \u2014 de c\u0103tre cinci furnizori de servicii medicale.<\/p>\n<p data-index=\"13\">\u201eDoamne, ce mai trebuie s\u0103 fac\u0103? Cerea ajutor, dar nu-l primea\u201d, a spus Reddington.<\/p>\n<p data-index=\"14\">\u00cen ajunul Anului Nou 2022, s-a internat \u00eentr-un spital de psihiatrie, unde a r\u0103mas timp de cinci zile. Nou\u0103sprezece zile mai t\u00e2rziu, avocatul ei a spus c\u0103 a auzit o voce masculin\u0103 autoritar\u0103 care \u00eei poruncea s\u0103-\u0219i omoare copiii. Al\u021bi doi martori care au v\u0103zut-o pe Clancy dup\u0103 crime au declarat c\u0103 ea le-a povestit despre vocea persistent\u0103.<\/p>\n<p data-index=\"15\">Personalul medical care a consultat-o pe Clancy \u00eenainte de 24 ianuarie 2023 a pus la \u00eendoial\u0103 caracterizarea st\u0103rii ei mentale f\u0103cut\u0103 de ap\u0103rare. Un psihiatru a declarat \u00een fa\u021ba instan\u021bei c\u0103 Clancy \u201enu a afirmat niciodat\u0103 c\u0103 ar fi avut g\u00e2nduri de a face r\u0103u altcuiva\u201d. Clancy nu a prezentat nici semne de psihoz\u0103, a spus psihiatrul, dar a recunoscut c\u0103 nu tratase niciodat\u0103 un pacient cu psihoz\u0103 postpartum.<\/p>\n<p data-index=\"16\">Al\u021bi profesioni\u0219ti din domeniul medical au declarat c\u0103, de\u0219i Clancy avea un istoric documentat de anxietate postpartum, depresie postpartum \u0219i idei suicidare, ea nu prezenta semne de psihoz\u0103.<\/p>\n<p data-index=\"17\">Jura\u021bilor li s-a cerut s\u0103 decid\u0103 dac\u0103 Clancy era \u201eresponsabil\u0103 penal\u201d pentru omoruri sau dac\u0103 suferea de o boal\u0103 psihic\u0103 \u00een momentul comiterii crimelor \u0219i, prin urmare, era incapabil\u0103 s\u0103 \u00een\u021beleag\u0103 ce f\u0103cea.<\/p>\n<p data-index=\"18\">Procuratura a afirmat c\u0103 \u201enu exist\u0103 nicio \u00eendoial\u0103 c\u0103 Lindsay Clancy suferea de o boal\u0103 psihic\u0103\u201d. Cu toate acestea, ace\u0219tia au sus\u021binut c\u0103 ea a ac\u021bionat ra\u021bional comi\u021b\u00e2nd crimele atunci c\u00e2nd so\u021bul ei era plecat de acas\u0103 \u0219i strangul\u00e2ndu-\u0219i copiii mai mari \u00eenaintea bebelu\u0219ului.<\/p>\n<p data-index=\"19\">Procurorul, Jennifer Sprague, a sus\u021binut \u00een pledoaria final\u0103 c\u0103 Clancy nu a respectat instruc\u021biunile medicilor care \u00eei prescriu medicamentele \u0219i le-a ascuns informa\u021bii, inclusiv g\u00e2ndurile de a-\u0219i face r\u0103u copiilor.<\/p>\n<p data-index=\"20\">\u201e\u0218ti\u021bi c\u0103 ea cuno\u0219tea diferen\u021ba dintre bine \u0219i r\u0103u \u00een acel moment, deoarece avea acele g\u00e2nduri \u00eenc\u0103 de la \u00eenceputul lunii decembrie de a-\u0219i face r\u0103u copiilor \u0219i le-a povestit despre ele lui Patrick \u0219i mamei sale. Dar cui nu i-a spus este foarte important. Nu a spus niciunui medic\u201d, a spus Sprague.<\/p>\n<p data-index=\"21\">Ea le-a reamintit, de asemenea, jura\u021bilor suferin\u021ba pe care cei trei copii au \u00eendurat-o \u00eenainte ca mama lor s\u0103-i omoare. \u201eG\u00e2ndi\u021bi-v\u0103 doar la asta: s\u0103 fii strangulat, la durerea \u0219i confuzia prin care trec, iar totul este f\u0103cut de mama lor. Mama lor este cea care le face r\u0103u\u201d, a spus ea.<\/p>\n<p data-index=\"22\">\u201eI-a l\u0103sat arunca\u021bi pe podeaua subsolului ca ni\u0219te juc\u0103rii sparte, pentru c\u0103 se s\u0103turase s\u0103 mai joace jocul.\u201d<\/p>\n<p data-index=\"23\">Clancy a pl\u00e2ns la masa ap\u0103r\u0103rii pe tot parcursul pledoariei finale a acuz\u0103rii. Avocatul ei, Reddington, le-a spus jura\u021bilor: \u201eAceast\u0103 t\u00e2n\u0103r\u0103 nu a f\u0103cut nimic r\u0103u \u00een via\u021ba ei. Era asistent\u0103 medical\u0103. O fiic\u0103. O so\u021bie. \u0218i o mam\u0103 al naibii de bun\u0103.\u201d<\/p>\n<p> Editor : <a href=\"https:\/\/www.digi24.ro\/autor\/bogdan-enache\"> B.E. <\/a><\/p>\n<\/div>\n<p>[analyse_source url=&#8221;https:\/\/www.digi24.ro\/stiri\/externe\/sua\/procesul-lui-lindsay-clancy-mama-din-sua-care-si-a-ucis-copiii-juriul-nu-a-putut-ajunge-la-un-verdict-unanim-ce-urmeaza-3930769&#8243;]<\/p>\n","protected":false},"excerpt":{"rendered":"<p>[analyse_image type=&#8221;featured&#8221; src=&#8221;https:\/\/s.iw.ro\/gateway\/g\/ZmlsZVNvdXJjZT1odHRwJTNBJTJGJTJG\/c3RvcmFnZTA4dHJhbnNjb2Rlci5yY3Mt\/cmRzLnJvJTJGc3RvcmFnZSUyRjIwMjYl\/MkYwOCUyRjIzJTJGMjkyMTIxMV8yOTIx\/MjExX3Byb2ZpbWVkaWEtMTEyNTM3ODky\/OC5qcGcmdz0xMjAwJmg9NjMwJnpjPTEm\/aGFzaD01ZDIxZGY2NTA5ZjQyYTc4ZWNhYjdjNjJiYWU2MzgyYg==.thumb.jpg&#8221;] Jura\u021bii din cel mai mediatizat proces al momentului \u00een SUA au declarat c\u0103 nu pot ajunge la un verdict unanim \u00een ceea ce o prive\u0219te pe Lindsay Clancy, o mam\u0103 acuzat\u0103 c\u0103 \u0219i-a ucis cei trei copii \u00een timp ce suferea de psihoz\u0103 postpartum nediagnosticat\u0103. Dup\u0103 aproximativ 18 ore de deliber\u0103ri, cei [&hellip;]<\/p>\n","protected":false},"author":1,"featured_media":0,"comment_status":"open","ping_status":"","sticky":false,"template":"","format":"standard","meta":{"footnotes":""},"categories":[89],"tags":[226,11],"class_list":["post-2122975","post","type-post","status-publish","format-standard","hentry","category-romania","tag-crawlmanager","tag-digi24"],"_links":{"self":[{"href":"https:\/\/analyse.optim.biz\/index.php?rest_route=\/wp\/v2\/posts\/2122975","targetHints":{"allow":["GET"]}}],"collection":[{"href":"https:\/\/analyse.optim.biz\/index.php?rest_route=\/wp\/v2\/posts"}],"about":[{"href":"https:\/\/analyse.optim.biz\/index.php?rest_route=\/wp\/v2\/types\/post"}],"author":[{"embeddable":true,"href":"https:\/\/analyse.optim.biz\/index.php?rest_route=\/wp\/v2\/users\/1"}],"replies":[{"embeddable":true,"href":"https:\/\/analyse.optim.biz\/index.php?rest_route=%2Fwp%2Fv2%2Fcomments&post=2122975"}],"version-history":[{"count":0,"href":"https:\/\/analyse.optim.biz\/index.php?rest_route=\/wp\/v2\/posts\/2122975\/revisions"}],"wp:attachment":[{"href":"https:\/\/analyse.optim.biz\/index.php?rest_route=%2Fwp%2Fv2%2Fmedia&parent=2122975"}],"wp:term":[{"taxonomy":"category","embeddable":true,"href":"https:\/\/analyse.optim.biz\/index.php?rest_route=%2Fwp%2Fv2%2Fcategories&post=2122975"},{"taxonomy":"post_tag","embeddable":true,"href":"https:\/\/analyse.optim.biz\/index.php?rest_route=%2Fwp%2Fv2%2Ftags&post=2122975"}],"curies":[{"name":"wp","href":"https:\/\/api.w.org\/{rel}","templated":true}]}}