{"id":2122966,"date":"2026-09-01T15:08:26","date_gmt":"2026-09-01T12:08:26","guid":{"rendered":"https:\/\/analyse.optim.biz\/?p=2122966"},"modified":"2026-09-01T15:08:26","modified_gmt":"2026-09-01T12:08:26","slug":"un-senator-ales-pe-listele-pot-trece-la-pnl-un-alt-parlamentar-afiliat-psd-intra-in-grupul-pace-intai","status":"publish","type":"post","link":"https:\/\/analyse.optim.biz\/?p=2122966","title":{"rendered":"Un senator ales pe listele POT trece la PNL. Un alt parlamentar afiliat PSD intr\u0103 \u00een grupul Pace \u00cent\u00e2i&#8230;"},"content":{"rendered":"<p>[analyse_image type=&#8221;featured&#8221; src=&#8221;https:\/\/s.iw.ro\/gateway\/g\/ZmlsZVNvdXJjZT1odHRwJTNBJTJGJTJG\/c3RvcmFnZTA4dHJhbnNjb2Rlci5yY3Mt\/cmRzLnJvJTJGc3RvcmFnZSUyRjIwMjYl\/MkYwMiUyRjA5JTJGMjU4NDA0MV8yNTg0\/MDQxX0lEMzMyMzIyX0lOUVVBTV9QaG90\/b3NfR2VvcmdlX0NhbGluLmpwZyZ3PTEy\/MDAmaD02MzAmemM9MSZoYXNoPTQwNWUx\/ZjhiNGFhMDdiMmIwM2FhYzU0MGFiODI2MWY4.thumb.jpg&#8221;]<\/p>\n<div class=\"entry data-app-meta data-app-meta-article\" data-embed-base-url-canonical=\"https:\/\/www.digi24.ro\/embed\/stiri\/actualitate\/politica\/un-senator-ales-pe-listele-pot-trece-la-pnl-un-alt-parlamentar-afiliat-psd-intra-in-grupul-pace-intai-romania-3930781\">\n<p data-index=\"1\"><strong>Senatorul neafiliat Liviu Fodoca, ales pe listele POT S\u0103laj, a anun\u0163at mar\u0163i, \u00een plenul Senatului, c\u0103 trece la PNL. Totodat\u0103, senatorul Ionel Carp, ales pe listele S.O.S. Rom\u00e2nia, va trece la grupul Pace \u00cent\u00e2i Rom\u00e2nia.\u00a0<\/strong><\/p>\n<p data-index=\"2\"><span data-contrast=\"auto\">\u201eVreau s\u0103 v\u0103 anun\u0163 c\u0103 de ast\u0103zi, 1 septembrie 2026, voi activa \u00een cadrul grupului parlamentar al Partidului Na\u0163ional Liberal, a\u015fa c\u0103 v\u0103 mul\u0163umesc \u015fi v\u0103 urez tuturor succes \u015fi s\u0103 fie de bine pentru rom\u00e2ni. Doamne ajut\u0103!\u201d, a precizat Liviu Fodoca, conform Agerpres.<\/span><span data-ccp-props=\"{&quot;335551550&quot;:0,&quot;335551620&quot;:0}\">\u00a0<\/span><\/p>\n<p data-index=\"3\"><span data-contrast=\"auto\">Totodat\u0103, senatorul Ionel Carp, care a fost ales pe listele S.O.S. Rom\u00e2nia \u015fi era afiliat grupului PSD, va trece la grupul Pace \u00cent\u00e2i Rom\u00e2nia, potrivit anun\u0163ului f\u0103cut de senatorul Clement Sava.<\/span><span data-ccp-props=\"{&quot;335551550&quot;:0,&quot;335551620&quot;:0}\">\u00a0<\/span><\/p>\n<p data-index=\"4\"><span data-contrast=\"auto\">La sf\u00e2r\u015fitul sesiunii trecute, \u00een luna iunie, au mai intrat \u00een grupul PNL de la Senat \u015fi Dorin Petrea \u015fi Grigore-Adrian Peiu (ale\u015fi pe listele S.O.S. Rom\u00e2nia) \u015fi \u015etefan Bor\u0163un (ales pe listele POT).<\/span><span data-ccp-props=\"{&quot;335551550&quot;:0,&quot;335551620&quot;:0}\">\u00a0<\/span><\/p>\n<p> Editor : <a href=\"https:\/\/www.digi24.ro\/autor\/alexandru-costea\"> A.C. <\/a><\/p>\n<\/div>\n<p>[analyse_source url=&#8221;https:\/\/www.digi24.ro\/stiri\/actualitate\/politica\/un-senator-ales-pe-listele-pot-trece-la-pnl-un-alt-parlamentar-afiliat-psd-intra-in-grupul-pace-intai-romania-3930781&#8243;]<\/p>\n","protected":false},"excerpt":{"rendered":"<p>[analyse_image type=&#8221;featured&#8221; src=&#8221;https:\/\/s.iw.ro\/gateway\/g\/ZmlsZVNvdXJjZT1odHRwJTNBJTJGJTJG\/c3RvcmFnZTA4dHJhbnNjb2Rlci5yY3Mt\/cmRzLnJvJTJGc3RvcmFnZSUyRjIwMjYl\/MkYwMiUyRjA5JTJGMjU4NDA0MV8yNTg0\/MDQxX0lEMzMyMzIyX0lOUVVBTV9QaG90\/b3NfR2VvcmdlX0NhbGluLmpwZyZ3PTEy\/MDAmaD02MzAmemM9MSZoYXNoPTQwNWUx\/ZjhiNGFhMDdiMmIwM2FhYzU0MGFiODI2MWY4.thumb.jpg&#8221;] Senatorul neafiliat Liviu Fodoca, ales pe listele POT S\u0103laj, a anun\u0163at mar\u0163i, \u00een plenul Senatului, c\u0103 trece la PNL. Totodat\u0103, senatorul Ionel Carp, ales pe listele S.O.S. Rom\u00e2nia, va trece la grupul Pace \u00cent\u00e2i Rom\u00e2nia.\u00a0 \u201eVreau s\u0103 v\u0103 anun\u0163 c\u0103 de ast\u0103zi, 1 septembrie 2026, voi activa \u00een cadrul grupului parlamentar al [&hellip;]<\/p>\n","protected":false},"author":1,"featured_media":0,"comment_status":"open","ping_status":"","sticky":false,"template":"","format":"standard","meta":{"footnotes":""},"categories":[89],"tags":[226,11],"class_list":["post-2122966","post","type-post","status-publish","format-standard","hentry","category-romania","tag-crawlmanager","tag-digi24"],"_links":{"self":[{"href":"https:\/\/analyse.optim.biz\/index.php?rest_route=\/wp\/v2\/posts\/2122966","targetHints":{"allow":["GET"]}}],"collection":[{"href":"https:\/\/analyse.optim.biz\/index.php?rest_route=\/wp\/v2\/posts"}],"about":[{"href":"https:\/\/analyse.optim.biz\/index.php?rest_route=\/wp\/v2\/types\/post"}],"author":[{"embeddable":true,"href":"https:\/\/analyse.optim.biz\/index.php?rest_route=\/wp\/v2\/users\/1"}],"replies":[{"embeddable":true,"href":"https:\/\/analyse.optim.biz\/index.php?rest_route=%2Fwp%2Fv2%2Fcomments&post=2122966"}],"version-history":[{"count":0,"href":"https:\/\/analyse.optim.biz\/index.php?rest_route=\/wp\/v2\/posts\/2122966\/revisions"}],"wp:attachment":[{"href":"https:\/\/analyse.optim.biz\/index.php?rest_route=%2Fwp%2Fv2%2Fmedia&parent=2122966"}],"wp:term":[{"taxonomy":"category","embeddable":true,"href":"https:\/\/analyse.optim.biz\/index.php?rest_route=%2Fwp%2Fv2%2Fcategories&post=2122966"},{"taxonomy":"post_tag","embeddable":true,"href":"https:\/\/analyse.optim.biz\/index.php?rest_route=%2Fwp%2Fv2%2Ftags&post=2122966"}],"curies":[{"name":"wp","href":"https:\/\/api.w.org\/{rel}","templated":true}]}}