{"id":2122964,"date":"2026-09-01T15:03:20","date_gmt":"2026-09-01T12:03:20","guid":{"rendered":"https:\/\/analyse.optim.biz\/?p=2122964"},"modified":"2026-09-01T15:03:20","modified_gmt":"2026-09-01T12:03:20","slug":"keir-starmer-se-retrage-din-politica-britanica-este-momentul-potrivit-ce-planuri-are-fostul-premier","status":"publish","type":"post","link":"https:\/\/analyse.optim.biz\/?p=2122964","title":{"rendered":"Keir Starmer se retrage din politica britanic\u0103: \u201eEste momentul potrivit\u201d. Ce planuri are fostul premier"},"content":{"rendered":"<p>[analyse_image type=&#8221;featured&#8221; src=&#8221;https:\/\/s.iw.ro\/gateway\/g\/ZmlsZVNvdXJjZT1odHRwJTNBJTJGJTJG\/c3RvcmFnZTA4dHJhbnNjb2Rlci5yY3Mt\/cmRzLnJvJTJGc3RvcmFnZSUyRjIwMjYl\/MkYwNCUyRjAxJTJGMjY2MTc5OV8yNjYx\/Nzk5X3Bob3RvLWNvbGxhZ2VfcG5nLTIw\/MjYtMDQtMDFUMjMxNjE0XzY5Ni5wbmcm\/dz0xMjAwJmg9NjMwJnpjPTEmaGFzaD1m\/MWMzYmEzODdlYjk5MWRmZmQwMzU0ODAyZTFhOWRlOA==.thumb.jpg&#8221;]<\/p>\n<div class=\"entry data-app-meta data-app-meta-article\" data-embed-base-url-canonical=\"https:\/\/www.digi24.ro\/embed\/stiri\/externe\/ue\/keir-starmer-se-retrage-din-politica-britanica-este-momentul-potrivit-ce-planuri-are-fostul-premier-3930757\">\n<p data-index=\"1\"><strong>Fostul premier britanic Keir Starmer a anun\u021bat c\u0103 renun\u021b\u0103 la mandatul de deputat, la doar dou\u0103 luni dup\u0103 ce a p\u0103r\u0103sit <a href=\"https:\/\/www.digi24.ro\/stiri\/externe\/londra-se-pregateste-pentru-un-atac-rus-o-vor-face-este-inevitabil-rezerve-de-apa-si-conserve-precum-si-un-nou-manual-3922861\" target=\"_blank\" rel=\"noopener\" data-skip-linkfix=\"1\">Downing Street<\/a>. Starmer, care reprezint\u0103 din 2015 circumscrip\u021bia londonez\u0103 Holborn \u0219i St Pancras, spune c\u0103 se va concentra pe afaceri interna\u021bionale, inclusiv ap\u0103rare, securitate, comer\u021b \u0219i tehnologie, dar \u0219i pe combaterea violen\u021bei \u00eempotriva femeilor \u0219i fetelor, anun\u021b\u0103 <a href=\"https:\/\/www.bbc.com\/news\/articles\/cvgy4258kgyo\" target=\"_blank\" rel=\"noopener\" data-skip-linkfix=\"1\">BBC<\/a>.<\/strong><\/p>\n<p data-index=\"2\">Fostul premier britanic Keir Starmer a anun\u021bat c\u0103 va renun\u021ba la mandatul de deputat pentru a se concentra asupra unei activit\u0103\u021bi \u00een domeniul afacerilor interna\u021bionale.<\/p>\n<p data-index=\"3\">Decizia va declan\u0219a organizarea unor alegeri par\u021biale \u00een circumscrip\u021bia londonez\u0103 Holborn \u0219i St Pancras, un fief tradi\u021bional al Partidului Laburist, pe care Starmer \u00eel reprezint\u0103 din 2015.<\/p>\n<p data-index=\"4\">Starmer, care a p\u0103r\u0103sit Downing Street \u00een iulie, declarase anterior c\u0103 inten\u021bioneaz\u0103 s\u0103 r\u0103m\u00e2n\u0103 deputat p\u00e2n\u0103 la urm\u0103toarele alegeri generale din Marea Britanie, programate pentru 2029.<\/p>\n<p data-index=\"5\">Anun\u021bul vine \u00eens\u0103 cu doar c\u00e2teva ore \u00eenainte ca succesorul s\u0103u, Andy Burnham, s\u0103-\u0219i fac\u0103 debutul \u00een Camera Comunelor \u00een calitate de prim-ministru.<\/p>\n<h2 id=\"highlight-3930757-1\">Starmer: \u201eEste momentul potrivit\u201d s\u0103 plec din Parlament<\/h2>\n<p data-index=\"6\">\u00centr-o declara\u021bie acordat\u0103 publica\u021biei Camden New Journal, Starmer a spus c\u0103 a fost \u201eo mare onoare \u0219i un privilegiu\u201d s\u0103 reprezinte circumscrip\u021bia timp de 11 ani.<\/p>\n<p data-index=\"7\">Fostul premier a afirmat c\u0103 este preg\u0103tit s\u0103 \u201epredea \u0219tafeta unui succesor\u201d \u0219i c\u0103 a venit momentul s\u0103 p\u0103r\u0103seasc\u0103 Parlamentul.<\/p>\n<p data-index=\"8\">Starmer a explicat c\u0103 se va concentra de acum \u00eenainte asupra unor teme precum afacerile interna\u021bionale, ap\u0103rarea, securitatea, comer\u021bul \u0219i tehnologia.<\/p>\n<p data-index=\"9\">\u201eM\u0103 voi concentra acum pe alte aspecte, \u0219i anume pe afacerile interna\u021bionale, inclusiv ap\u0103rarea, securitatea, comer\u021bul \u0219i tehnologia \u00eentr-o lume \u00een continu\u0103 schimbare\u201d, a declarat el.<\/p>\n<p data-index=\"10\">Fostul premier a precizat c\u0103 inten\u021bioneaz\u0103 s\u0103 continue \u0219i activitatea privind combaterea violen\u021bei \u00eempotriva femeilor \u0219i fetelor, un domeniu \u00een care spune c\u0103 s-a implicat cu mult timp \u00eenainte de a deveni deputat.<\/p>\n<p data-index=\"11\">\u201eEste o activitate pe care am \u00eenceput-o \u00eenainte de a deveni deputat \u0219i pe care doresc s\u0103 o continui \u0219i dup\u0103 ce nu voi mai fi deputat\u201d, a spus Starmer.<\/p>\n<h2 id=\"highlight-3930757-2\">O retragere rapid\u0103 din politica britanic\u0103<\/h2>\n<p data-index=\"12\">Keir Starmer a devenit prim-ministru \u00een urma alegerilor generale din 2024, c\u00e2nd Partidul Laburist a ob\u021binut o victorie categoric\u0103.<\/p>\n<p data-index=\"13\">Mandatul s\u0103u la Downing Street s-a \u00eencheiat \u00eens\u0103 \u00een iulie, pe fondul presiunilor din interiorul Partidului Laburist pentru retragerea sa.<\/p>\n<p data-index=\"14\">Decizia de a p\u0103r\u0103si \u0219i Camera Comunelor la scurt timp dup\u0103 plecarea din func\u021bia de premier reprezint\u0103 o abatere de la practica recent\u0103 a fo\u0219tilor \u0219efi ai guvernului britanic.<\/p>\n<p data-index=\"15\">Lidera Partidului Conservator, Kemi Badenoch, i-a urat lui Starmer succes \u00een viitor, dar a lansat \u0219i o ironie la adresa fostului premier.<\/p>\n<p data-index=\"16\">\u201e\u00cel \u00een\u021beleg de ce nu ar vrea s\u0103-\u0219i petreac\u0103 timpul al\u0103turi de deputa\u021bii laburi\u0219ti care l-au tratat at\u00e2t de r\u0103u dup\u0103 ce le-a asigurat mandatele\u201d, a afirmat Badenoch.<\/p>\n<p data-index=\"17\">La r\u00e2ndul s\u0103u, pre\u0219edintele Partidului Conservator, Kevin Hollinrake, l-a acuzat pe Starmer c\u0103 face \u201eo alt\u0103 schimbare de direc\u021bie\u201d, dup\u0103 ce promisese c\u0103 va r\u0103m\u00e2ne deputat.<\/p>\n<p data-index=\"18\">Hollinrake a sus\u021binut c\u0103 decizia fostului premier va provoca \u201ealegeri par\u021biale costisitoare pentru contribuabili\u201d.<\/p>\n<p data-index=\"19\">Data alegerilor par\u021biale nu poate fi stabilit\u0103 deocamdat\u0103. Starmer trebuie mai \u00eent\u00e2i s\u0103 demisioneze oficial din func\u021bia de deputat \u00een Camera Comunelor.<\/p>\n<h2 id=\"highlight-3930757-3\">Circumscrip\u021bia sa intr\u0103 \u00een alegeri par\u021biale<\/h2>\n<p data-index=\"20\">Holborn \u0219i St. Pancras a fost mult timp o circumscrip\u021bie sigur\u0103 pentru Partidul Laburist. La alegerile generale din 2024, Starmer a ob\u021binut o majoritate de peste 11.000 de voturi.<\/p>\n<p data-index=\"21\">Rezultatele alegerilor locale din acest an indic\u0103 \u00eens\u0103 o competi\u021bie mai str\u00e2ns\u0103. Partidul Verde s-a clasat pe locul al doilea \u00een ceea ce prive\u0219te num\u0103rul total de voturi \u00een sec\u021biile care alc\u0103tuiesc circumscrip\u021bia, cu 29,8%, fa\u021b\u0103 de 39,5% pentru laburi\u0219ti.<\/p>\n<p data-index=\"22\">Reform UK s-a clasat pe locul al treilea. Verzii ar fi ob\u021binut o pondere \u0219i mai mare dac\u0103 ar fi fost luate \u00een calcul \u0219i voturile din dou\u0103 circumscrip\u021bii \u00een care partidul nu a participat.<\/p>\n<p data-index=\"23\">Candida\u021bii pentru alegerile par\u021biale nu au fost \u00eenc\u0103 stabili\u021bi, \u00eens\u0103 Partidul Verde a l\u0103sat s\u0103 se \u00een\u021beleag\u0103 c\u0103 liderul s\u0103u, Zack Polanski, ia \u00een calcul o candidatur\u0103.<\/p>\n<p data-index=\"24\">Un purt\u0103tor de cuv\u00e2nt al partidului a declarat c\u0103 Polanski, care este \u00een prezent membru al Adun\u0103rii Londrei, \u201ea afirmat \u00eentotdeauna clar c\u0103 \u0219i-ar dori s\u0103 fie deputat pentru Londra\u201d.<\/p>\n<p data-index=\"25\">Nu este clar deocamdat\u0103 ce func\u021bie concret\u0103 \u00een domeniul afacerilor interna\u021bionale va ocupa Starmer.<\/p>\n<p data-index=\"26\"><strong>Cite\u0219te \u0219i: <a href=\"https:\/\/www.digi24.ro\/stiri\/externe\/prima-vizita-a-lui-andy-burnham-la-kiev-marea-britanie-va-furniza-ucrainei-planurile-pentru-rachetele-cu-raza-lunga-de-actiune-scalp-3918131\" target=\"_blank\" rel=\"noopener\" data-skip-linkfix=\"1\">Prima vizit\u0103 a lui Andy Burnham la Kiev. Marea Britanie va furniza Ucrainei planurile pentru rachetele cu raz\u0103 lung\u0103 de ac\u021biune Scalp<\/a><\/strong><\/p>\n<p data-index=\"27\">Problemele globale \u0219i diploma\u021bia au ocupat \u00eens\u0103 un loc important \u00een mandatul s\u0103u de premier. \u00centr-un interviu acordat \u00een iulie, \u00eenainte de plecarea din Downing Street, Starmer a fost \u00eentrebat dac\u0103 ar putea ocupa \u00een viitor o alt\u0103 func\u021bie politic\u0103 sau interna\u021bional\u0103 important\u0103.<\/p>\n<p data-index=\"28\">\u201eR\u0103spunsul sincer la aceast\u0103 \u00eentrebare este: nu \u0219tiu\u201d, a r\u0103spuns atunci fostul premier.<\/p>\n<p data-index=\"29\">Prin retragerea sa rapid\u0103 din Camera Comunelor, Starmer se distan\u021beaz\u0103 de precedentul recent al mai multor fo\u0219ti premieri britanici.<\/p>\n<p data-index=\"30\">Rishi Sunak este \u00een continuare deputat conservator pentru Richmond \u0219i Northallerton, la doi ani dup\u0103 ce a p\u0103r\u0103sit Downing Street. Liz Truss a r\u0103mas, de asemenea, deputat f\u0103r\u0103 o func\u021bie de conducere p\u00e2n\u0103 c\u00e2nd \u0219i-a pierdut mandatul \u00een fa\u021ba unui candidat laburist la alegerile din 2024.<\/p>\n<p data-index=\"31\">Theresa May a r\u0103mas deputat timp de cinci ani dup\u0103 plecarea din Downing Street. \u00cen schimb, Boris Johnson \u0219i David Cameron au p\u0103r\u0103sit Camera Comunelor la scurt timp dup\u0103 ce au renun\u021bat la func\u021bia de premier.<\/p>\n<p> Editor : <a href=\"https:\/\/www.digi24.ro\/autor\/claudia-ariton\"> C.A. <\/a><\/p>\n<\/div>\n<p>[analyse_source url=&#8221;https:\/\/www.digi24.ro\/stiri\/externe\/ue\/keir-starmer-se-retrage-din-politica-britanica-este-momentul-potrivit-ce-planuri-are-fostul-premier-3930757&#8243;]<\/p>\n","protected":false},"excerpt":{"rendered":"<p>[analyse_image type=&#8221;featured&#8221; src=&#8221;https:\/\/s.iw.ro\/gateway\/g\/ZmlsZVNvdXJjZT1odHRwJTNBJTJGJTJG\/c3RvcmFnZTA4dHJhbnNjb2Rlci5yY3Mt\/cmRzLnJvJTJGc3RvcmFnZSUyRjIwMjYl\/MkYwNCUyRjAxJTJGMjY2MTc5OV8yNjYx\/Nzk5X3Bob3RvLWNvbGxhZ2VfcG5nLTIw\/MjYtMDQtMDFUMjMxNjE0XzY5Ni5wbmcm\/dz0xMjAwJmg9NjMwJnpjPTEmaGFzaD1m\/MWMzYmEzODdlYjk5MWRmZmQwMzU0ODAyZTFhOWRlOA==.thumb.jpg&#8221;] Fostul premier britanic Keir Starmer a anun\u021bat c\u0103 renun\u021b\u0103 la mandatul de deputat, la doar dou\u0103 luni dup\u0103 ce a p\u0103r\u0103sit Downing Street. Starmer, care reprezint\u0103 din 2015 circumscrip\u021bia londonez\u0103 Holborn \u0219i St Pancras, spune c\u0103 se va concentra pe afaceri interna\u021bionale, inclusiv ap\u0103rare, securitate, comer\u021b \u0219i tehnologie, dar \u0219i pe combaterea [&hellip;]<\/p>\n","protected":false},"author":1,"featured_media":0,"comment_status":"open","ping_status":"","sticky":false,"template":"","format":"standard","meta":{"footnotes":""},"categories":[89],"tags":[226,11],"class_list":["post-2122964","post","type-post","status-publish","format-standard","hentry","category-romania","tag-crawlmanager","tag-digi24"],"_links":{"self":[{"href":"https:\/\/analyse.optim.biz\/index.php?rest_route=\/wp\/v2\/posts\/2122964","targetHints":{"allow":["GET"]}}],"collection":[{"href":"https:\/\/analyse.optim.biz\/index.php?rest_route=\/wp\/v2\/posts"}],"about":[{"href":"https:\/\/analyse.optim.biz\/index.php?rest_route=\/wp\/v2\/types\/post"}],"author":[{"embeddable":true,"href":"https:\/\/analyse.optim.biz\/index.php?rest_route=\/wp\/v2\/users\/1"}],"replies":[{"embeddable":true,"href":"https:\/\/analyse.optim.biz\/index.php?rest_route=%2Fwp%2Fv2%2Fcomments&post=2122964"}],"version-history":[{"count":0,"href":"https:\/\/analyse.optim.biz\/index.php?rest_route=\/wp\/v2\/posts\/2122964\/revisions"}],"wp:attachment":[{"href":"https:\/\/analyse.optim.biz\/index.php?rest_route=%2Fwp%2Fv2%2Fmedia&parent=2122964"}],"wp:term":[{"taxonomy":"category","embeddable":true,"href":"https:\/\/analyse.optim.biz\/index.php?rest_route=%2Fwp%2Fv2%2Fcategories&post=2122964"},{"taxonomy":"post_tag","embeddable":true,"href":"https:\/\/analyse.optim.biz\/index.php?rest_route=%2Fwp%2Fv2%2Ftags&post=2122964"}],"curies":[{"name":"wp","href":"https:\/\/api.w.org\/{rel}","templated":true}]}}