{"id":2122961,"date":"2026-09-01T14:51:24","date_gmt":"2026-09-01T11:51:24","guid":{"rendered":"https:\/\/analyse.optim.biz\/?p=2122961"},"modified":"2026-09-01T14:51:24","modified_gmt":"2026-09-01T11:51:24","slug":"scandal-in-fruntea-parlamentului-pnl-i-a-schimbat-pe-sustinatorii-guvernului-vestea-liberalii-si-usr","status":"publish","type":"post","link":"https:\/\/analyse.optim.biz\/?p=2122961","title":{"rendered":"Scandal \u00een fruntea Parlamentului. PNL i-a schimbat pe sus\u021bin\u0103torii guvernului Ve\u0219tea. Liberalii \u0219i USR&#8230;"},"content":{"rendered":"<p>[analyse_image type=&#8221;featured&#8221; src=&#8221;https:\/\/s.iw.ro\/gateway\/g\/ZmlsZVNvdXJjZT1odHRwJTNBJTJGJTJG\/c3RvcmFnZTA4dHJhbnNjb2Rlci5yY3Mt\/cmRzLnJvJTJGc3RvcmFnZSUyRjIwMjYl\/MkYwOSUyRjAxJTJGMjkzNDEyNl8yOTM0\/MTI2X0lEMjg4NzQ0LUlOUVVBTS1QSE9U\/T1MtT0NUQVYtR0FORUEuanBnJnc9MTIw\/MCZoPTYzMCZ6Yz0xJmhhc2g9NWI3ZDBm\/YmY0NDg0MjgwODIzMDZhNDE0MjZiNDYxYTc=.thumb.jpg&#8221;]<\/p>\n<div class=\"entry data-app-meta data-app-meta-article\" data-embed-base-url-canonical=\"https:\/\/www.digi24.ro\/embed\/stiri\/actualitate\/politica\/scandal-in-fruntea-parlamentului-pnl-i-a-schimbat-pe-sustinatorii-guvernului-vestea-liberalii-si-usr-acuza-un-blat-psd-aur-3930693\">\n<p data-index=\"1\"><strong>Patru dintre liberalii care au votat guvernul propus Adrian Ve\u0219tea, al\u0103turi de PSD, \u00ee\u0219i vor pierde func\u021biile de conducere din Parlament. Nicoleta Pauliuc, o apropiat\u0103 a lui Hubert Thuma, nu se mai afl\u0103 la \u0219efia Comisiei de Ap\u0103rare din Senat. De asemenea, Lucian Bode, fost ministru al Transporturilor, a fost \u00eenlocuit de la conducerea comisiei din Camera Deputa\u021bilor, iar \u00een locul s\u0103u a fost numit deputatul Drago\u0219 Ciubotaru. PNL \u0219i USR acuz\u0103 c\u0103 au fost \u201efura\u021bi\u201d de AUR \u0219i PSD. Dou\u0103 func\u021bii de secretar au fost luate Dreptei \u0219i date celor de la SOS \u0219i AUR.\u00a0<\/strong><\/p>\n<p data-index=\"2\"><span data-contrast=\"auto\">La \u015fedin\u0163ele de grup ale PNL, care au avut loc consecutiv, a participat \u015fi liderul PNL, premierul interimar Ilie Bolojan.<\/span><span data-ccp-props=\"{}\">\u00a0<\/span><\/p>\n<p data-index=\"3\"><span data-contrast=\"auto\">\u201eAproape \u00een unanimitate s-a luat decizia ca to\u0163i membrii PNL care au votat al\u0103turi de PSD \u015fi de Guvernul Ve\u015ftea s\u0103-\u015fi piard\u0103 sus\u0163inerea \u015fi pozi\u0163iile \u015fi func\u0163iile pe care le aveau \u00een cadrul Camerei Deputa\u0163ilor. S-a luat aceast\u0103 decizie \u00een unanimitate, iar cei care au votat al\u0103turi de PSD \u00ee\u015fi vor pierde func\u0163iile din cadrul Camerei Deputa\u0163ilor\u201d, a anun\u0163at secretarul general al PNL, deputatul Robert Sighiart\u0103u, la o conferin\u0163\u0103 de pres\u0103.<\/span><span data-ccp-props=\"{}\">\u00a0<\/span><\/p>\n<p data-index=\"4\"><span data-contrast=\"auto\">El a spus c\u0103 o alt\u0103 decizie luat\u0103 a fost de colaborare a liberalilor \u00een plan parlamentar cu USR \u015fi UDMR.<\/span><span data-ccp-props=\"{}\">\u00a0<\/span><\/p>\n<p data-index=\"5\"><span data-contrast=\"auto\">\u201eNoi am avut o colaborare foarte bun\u0103 cu USR, dup\u0103 cum vede\u0163i \u015fi \u00een guvernare. S-au f\u0103cut c\u00e2teva reforme relevante pentru Rom\u00e2nia \u015fi ne dorim ca aceast\u0103 colaborare s\u0103 func\u0163ioneze \u015fi \u00een perioada urm\u0103toare, \u00een aceast\u0103 sesiune, extrem de important\u0103 \u015fi la Camera Deputa\u0163ilor, \u015fi \u00een Senat\u201d, a precizat Sighiart\u0103u.<\/span><span data-ccp-props=\"{}\">\u00a0<\/span><\/p>\n<p data-index=\"6\"><span data-contrast=\"auto\">Purt\u0103torul de cuv\u00e2nt al PNL, Ionel Bogdan, a men\u0163ionat c\u0103 deputatul Lucian Bode va fi \u00eenlocuit din func\u0163ia de pre\u015fedinte al Comisiei de transporturi cu Drago\u015f Ciubotaru, iar senatoarea Nicoleta Pauliuc va fi \u00eenlocuit\u0103 de la conducerea Comisiei pentru ap\u0103rare cu Silviu Co\u015fa.<\/span><span data-ccp-props=\"{}\">\u00a0<\/span><\/p>\n<p data-index=\"7\"><span data-contrast=\"auto\">Deciziile vin dup\u0103 ce mai mul\u021bi parlamentari PNL au sus\u021binut, prin vot, Guvernul condus de Adrian Ve\u0219tea, de\u0219i conducerea partidului decisese ca liberalii s\u0103 nu voteze pentru \u00eenvestirea Cabinetului.<\/span><span data-ccp-props=\"{}\">\u00a0<\/span><\/p>\n<p data-index=\"8\"><span data-contrast=\"auto\">De asemenea, la Senat, conform surselor politice, a fost schimbat \u0219i Mihail Ve\u0219tea, vicepre\u0219edinte al Comisiei de administra\u021bie, \u00een locul lui fiind numit Petru Marian, senator de Hunedoara.<\/span><span data-ccp-props=\"{}\">\u00a0<\/span><\/p>\n<p data-index=\"9\"><span data-contrast=\"auto\">La Camera Deputa\u021bilor, Andrei Baciu a fost \u00eenlocuit din func\u021bia de vicepre\u0219edinte al Comisiei de Ap\u0103rare, \u00een locul lui fiind desemnat Aurelian Cochinescu, conform surselor politice.<\/span><span data-ccp-props=\"{}\">\u00a0<\/span><\/p>\n<p data-index=\"10\"><span data-contrast=\"auto\">Mut\u0103ri au fost \u0219i \u00een tab\u0103ra liberalilor apropia\u021bi de Ilie Bolojan. Arina Mo\u0219 a fost schimbat\u0103 din func\u021bia de secretar al Camerei Deputa\u021bilor \u0219i \u00eenlocuit\u0103 cu Raluca Turcan, \u00eens\u0103 ulterior liberalii au pierdut aceast\u0103 func\u021bie, \u00een urma votului PSD \u0219i AUR din conducerea Camerei.<\/span><span data-ccp-props=\"{}\">\u00a0<\/span><\/p>\n<p data-index=\"11\"><span data-contrast=\"auto\">Liderul deputa\u0163ilor PNL, Gabriel Andronache, a anun\u0163at, mar\u021bi, de asemenea, c\u0103 parlamentarii liberali care vor vota \u00eempotriva deciziilor grupului parlamentar vor fi sanc\u0163iona\u0163i prin m\u0103suri administrative.<\/span><span data-ccp-props=\"{&quot;335551550&quot;:0,&quot;335551620&quot;:0}\">\u00a0<\/span><\/p>\n<p data-index=\"12\"><span data-contrast=\"auto\">\u201eAm stabilit o conduit\u0103 coerent\u0103 a grupului parlamentar PNL, urm\u00e2nd ca \u00een orice alt\u0103 situa\u0163ie \u00een care colegi de ai no\u015ftri vor vota contra voin\u0163ei grupului parlamentar s\u0103 fie luate imediat m\u0103suri administrative \u00een cadrul grupului parlamentar\u201d, a precizat Andronache, la o conferin\u0163\u0103 de pres\u0103 organizat\u0103 dup\u0103 \u015fedin\u0163a grupului parlamentar al PNL, la care a participat \u015fi premierul interimar, liderul PNL Ilie Bolojan.<\/span><\/p>\n<h2 id=\"highlight-3930693-1\"><span data-contrast=\"auto\">Ionel Bogdan (PNL): S-a format o nou\u0103 majoritate la Camera Deputa\u0163ilor, \u00eentre PSD \u015fi AUR<\/span><span data-ccp-props=\"{&quot;335551550&quot;:0,&quot;335551620&quot;:0}\">\u00a0<\/span><\/h2>\n<p data-index=\"13\"><span data-contrast=\"auto\">Deputatul PNL Ionel Bogdan a sus\u0163inut mar\u0163i c\u0103, odat\u0103 cu \u00eenceputul sesiunii parlamentare, \u201es-a format o nou\u0103 majoritate la Camera Deputa\u0163ilor, \u00eentre PSD \u015fi AUR\u201d \u015fi a precizat c\u0103 ie\u015firea din sala de plen a colegilor s\u0103i a vrut s\u0103 demonstreze tocmai acest lucru, transmite Agerpres.<\/span><span data-ccp-props=\"{&quot;335551550&quot;:0,&quot;335551620&quot;:0}\">\u00a0<\/span><\/p>\n<p data-index=\"14\"><span data-contrast=\"auto\">\u201eS-a format o nou\u0103 majoritate \u00een Camera Deputa\u0163ilor \u00eentre PSD \u015fi AUR, care a schimbat, f\u0103r\u0103 s\u0103 anun\u0163e liderii de grupuri, func\u0163ii care reveneau Partidul Na\u0163ional Liberal \u015fi Uniunii Salva\u0163i Rom\u00e2nia, lucru care este inacceptabil, av\u00e2nd \u00een vedere c\u0103 aceste func\u0163ii au fost negociate la \u00eenceputul acestei legislaturi, conform Regulamentului \u015fi cu semn\u0103tura tuturor liderilor de grup. Practic, cei de la PSD \u015fi AUR \u015fi-au \u00eenc\u0103lcat, p\u00e2n\u0103 la urm\u0103, o cutum\u0103 parlamentar\u0103 \u015fi acest lucru nu este normal. Am vrut, prin acest gest pe care l-am f\u0103cut, s\u0103 ar\u0103t\u0103m c\u0103 exist\u0103 o majoritate \u00een Camera Deputa\u0163ilor format\u0103 din PSD \u015fi AUR &#8211; o majoritate care era de a\u015fteptat. \u015ei, drept urmare, credem c\u0103 poate fi nominalizat \u015fi viitorul premier, c\u0103 deja are o majoritate sustenabil\u0103\u201d, a declarat Ionel Bogdan la Parlament.<\/span><span data-ccp-props=\"{&quot;335551550&quot;:0,&quot;335551620&quot;:0}\">\u00a0<\/span><\/p>\n<p data-index=\"15\"><span data-contrast=\"auto\">\u00centrebat despre participarea la viitoarele \u015fedin\u0163e ale Camerei Deputa\u0163ilor, el a spus c\u0103 urmeaz\u0103 s\u0103 se decid\u0103 \u00een interiorul grupului PNL.<\/span><span data-ccp-props=\"{&quot;335551550&quot;:0,&quot;335551620&quot;:0}\">\u00a0<\/span><\/p>\n<p data-index=\"16\"><span data-contrast=\"auto\">\u201eVom lua deciziile \u00een interiorul grupului parlamentar al Partidului Na\u0163ional Liberal, dar ceea ce s-a \u00eent\u00e2mplat ast\u0103zi nu este normal. \u015ei nu vorbim aici de o func\u0163ie sau alta, ci de principiu, pentru c\u0103 nu vorbim de Putere sau Opozi\u0163ie, vorbim de ponderea partidelor \u00een Camera Deputa\u0163ilor. Nu vorbim, drept urmare, despre o persoan\u0103 sau alta. Nu despre asta este vorba, este vorba de cutuma parlamentar\u0103, este vorba de Regulamentul Camerei Deputa\u0163ilor, este vorba p\u00e2n\u0103 la urm\u0103 de principiile care guverneaz\u0103 aceast\u0103 Camer\u0103\u201d, a transmis deputatul PNL.<\/span><span data-ccp-props=\"{&quot;335551550&quot;:0,&quot;335551620&quot;:0}\">\u00a0<\/span><\/p>\n<p data-index=\"17\"><span data-contrast=\"auto\">El a men\u0163ionat c\u0103 PNL r\u0103m\u00e2ne cu un singur membru din doi \u00een Biroul permanent, \u201eceea ce nu este normal\u201d.<\/span><span data-ccp-props=\"{&quot;335551550&quot;:0,&quot;335551620&quot;:0}\">\u00a0<\/span><\/p>\n<p data-index=\"18\"><span data-contrast=\"auto\">Mar\u0163i, prima \u015fedin\u0163\u0103 de plen a Camerei Deputa\u0163ilor din sesiunea ordinar\u0103 a \u00eenceput cu dispute \u00eentre parlamentari privind repartizarea func\u0163iilor din Biroul permanent. Deputa\u0163ii PNL \u015fi USR au contestat propunerea prezentat\u0103 \u00een plen \u015fi au p\u0103r\u0103sit ulterior sala.<\/span><span data-ccp-props=\"{&quot;335551550&quot;:0,&quot;335551620&quot;:0}\">\u00a0<\/span><\/p>\n<p data-index=\"19\"><span data-contrast=\"auto\">Pre\u015fedintele de \u015fedin\u0163\u0103, Natalia Intotero, a prezentat la \u00eenceputul reuniunii propunerea de repartizare a func\u0163iilor de vicepre\u015fedin\u0163i, secretari \u015fi chestori ai Camerei Deputa\u0163ilor, care urma s\u0103 fie supus\u0103 votului deschis.<\/span><span data-ccp-props=\"{&quot;335551550&quot;:0,&quot;335551620&quot;:0}\">\u00a0<\/span><\/p>\n<p data-index=\"20\"><span data-contrast=\"auto\">Conform propunerii, func\u0163iile de vicepre\u015fedinte urmau s\u0103 fie repartizate astfel: grupul parlamentar PSD &#8211; un loc, grupul parlamentar AUR &#8211; un loc, grupul parlamentari PNL &#8211; un loc, grupul parlamentar USR &#8211; un loc; pentru secretari: PSD &#8211; un loc, AUR &#8211; un loc, grupul parlamentar al minorit\u0103\u0163ilor na\u0163ionale &#8211; un loc, S.O.S. Rom\u00e2nia &#8211; un loc; pentru chestori: PSD &#8211; dou\u0103 locuri, AUR &#8211; un loc \u015fi grupul Parlamentar UDMR &#8211; un loc.<\/span><span data-ccp-props=\"{&quot;335551550&quot;:0,&quot;335551620&quot;:0}\">\u00a0<\/span><\/p>\n<p data-index=\"21\"><span data-contrast=\"auto\">Liderul deputa\u0163ilor PNL, Gabriel Andronache, a contestat repartizarea \u015fi a sus\u0163inut c\u0103 ceea ce a citit pre\u015fedinta de \u015fedin\u0163\u0103 \u201eeste o minciun\u0103\u201d, pentru c\u0103 Regulamentul nu este respectat.<\/span><span data-ccp-props=\"{&quot;335551550&quot;:0,&quot;335551620&quot;:0}\">\u00a0<\/span><\/p>\n<p> Editor : <a href=\"https:\/\/www.digi24.ro\/autor\/alexandru-costea\"> A.C. <\/a><\/p>\n<\/div>\n<p>[analyse_source url=&#8221;https:\/\/www.digi24.ro\/stiri\/actualitate\/politica\/scandal-in-fruntea-parlamentului-pnl-i-a-schimbat-pe-sustinatorii-guvernului-vestea-liberalii-si-usr-acuza-un-blat-psd-aur-3930693&#8243;]<\/p>\n","protected":false},"excerpt":{"rendered":"<p>[analyse_image type=&#8221;featured&#8221; src=&#8221;https:\/\/s.iw.ro\/gateway\/g\/ZmlsZVNvdXJjZT1odHRwJTNBJTJGJTJG\/c3RvcmFnZTA4dHJhbnNjb2Rlci5yY3Mt\/cmRzLnJvJTJGc3RvcmFnZSUyRjIwMjYl\/MkYwOSUyRjAxJTJGMjkzNDEyNl8yOTM0\/MTI2X0lEMjg4NzQ0LUlOUVVBTS1QSE9U\/T1MtT0NUQVYtR0FORUEuanBnJnc9MTIw\/MCZoPTYzMCZ6Yz0xJmhhc2g9NWI3ZDBm\/YmY0NDg0MjgwODIzMDZhNDE0MjZiNDYxYTc=.thumb.jpg&#8221;] Patru dintre liberalii care au votat guvernul propus Adrian Ve\u0219tea, al\u0103turi de PSD, \u00ee\u0219i vor pierde func\u021biile de conducere din Parlament. Nicoleta Pauliuc, o apropiat\u0103 a lui Hubert Thuma, nu se mai afl\u0103 la \u0219efia Comisiei de Ap\u0103rare din Senat. De asemenea, Lucian Bode, fost ministru al Transporturilor, a fost \u00eenlocuit de [&hellip;]<\/p>\n","protected":false},"author":1,"featured_media":0,"comment_status":"open","ping_status":"","sticky":false,"template":"","format":"standard","meta":{"footnotes":""},"categories":[89],"tags":[226,11],"class_list":["post-2122961","post","type-post","status-publish","format-standard","hentry","category-romania","tag-crawlmanager","tag-digi24"],"_links":{"self":[{"href":"https:\/\/analyse.optim.biz\/index.php?rest_route=\/wp\/v2\/posts\/2122961","targetHints":{"allow":["GET"]}}],"collection":[{"href":"https:\/\/analyse.optim.biz\/index.php?rest_route=\/wp\/v2\/posts"}],"about":[{"href":"https:\/\/analyse.optim.biz\/index.php?rest_route=\/wp\/v2\/types\/post"}],"author":[{"embeddable":true,"href":"https:\/\/analyse.optim.biz\/index.php?rest_route=\/wp\/v2\/users\/1"}],"replies":[{"embeddable":true,"href":"https:\/\/analyse.optim.biz\/index.php?rest_route=%2Fwp%2Fv2%2Fcomments&post=2122961"}],"version-history":[{"count":0,"href":"https:\/\/analyse.optim.biz\/index.php?rest_route=\/wp\/v2\/posts\/2122961\/revisions"}],"wp:attachment":[{"href":"https:\/\/analyse.optim.biz\/index.php?rest_route=%2Fwp%2Fv2%2Fmedia&parent=2122961"}],"wp:term":[{"taxonomy":"category","embeddable":true,"href":"https:\/\/analyse.optim.biz\/index.php?rest_route=%2Fwp%2Fv2%2Fcategories&post=2122961"},{"taxonomy":"post_tag","embeddable":true,"href":"https:\/\/analyse.optim.biz\/index.php?rest_route=%2Fwp%2Fv2%2Ftags&post=2122961"}],"curies":[{"name":"wp","href":"https:\/\/api.w.org\/{rel}","templated":true}]}}