{"id":2122958,"date":"2026-09-01T17:27:18","date_gmt":"2026-09-01T14:27:18","guid":{"rendered":"https:\/\/analyse.optim.biz\/?p=2122958"},"modified":"2026-09-01T17:27:18","modified_gmt":"2026-09-01T14:27:18","slug":"un-cioban-i-a-scos-doua-fire-dronei-fara-sa-stie-de-pericol","status":"publish","type":"post","link":"https:\/\/analyse.optim.biz\/?p=2122958","title":{"rendered":"Un cioban i-a scos dou\u0103 fire dronei f\u0103r\u0103 s\u0103 \u0219tie de pericol"},"content":{"rendered":"<p>[analyse_image type=&#8221;featured&#8221; src=&#8221;https:\/\/www.buzau.net\/stiri-din-buzau\/wp-content\/uploads\/2026\/09\/un-cioban-i-a-scos-doua-fire-dronei-fara-sa-stie-de-pericol.jpg&#8221;]<\/p>\n<div id=\"mvp-content-main\" class=\"left relative\">\n<p>O dron\u0103 militar\u0103 care con\u021binea explozibil a fost descoperit\u0103 mar\u021bi, 1 septembrie, pe un c\u00e2mp din jude\u021bul Vaslui, alert\u00e2nd autorit\u0103\u021bile. Dispozitivul a fost g\u0103sit de un cioban din zon\u0103, care, f\u0103r\u0103 a b\u0103nui pericolul, s-a apropiat \u0219i i-a smuls dou\u0103 fire. Ulterior, un echipaj al Serviciului Rom\u00e2n de Informa\u021bii a fost nevoit s\u0103 detoneze drona \u00een condi\u021bii de siguran\u021b\u0103.<\/p>\n<p>Marcel Bogos, ciobanul care a f\u0103cut descoperirea, a povestit c\u0103 se afla cu oile pe c\u00e2mp \u00een diminea\u021ba respectiv\u0103. Auzind un \u201eb\u00e2z\u00e2it\u201d \u0219i v\u0103z\u00e2nd lumini intermitente, s-a apropiat de obiectul necunoscut. Acesta a relatat c\u0103 a fost surprins, fiind pentru prima dat\u0103 \u00een via\u021ba sa c\u00e2nd vedea un astfel de aparat. \u201eDiminea\u021b\u0103 eram cu oile \u0219i a venit o ma\u0219in\u0103 alb\u0103 chiar acolo unde a picat drona. Eu nu \u0219tiam ce e acolo, am cobor\u00e2t cu oile \u0219i am venit pe miri\u0219te. \u0218i am v\u0103zut ceva negru. C\u00e2nd\u2026 am v\u0103zut drona. Nu v\u0103zusem \u00een via\u021ba mea. \u021aiuia \u0219i se aprindeau becurile\u201d, a declarat ciobanul.<\/p>\n<p>Con\u0219tientiz\u00e2nd ulterior riscul la care s-a expus, b\u0103rbatul a recunoscut c\u0103 s-a temut pentru via\u021ba sa. \u201eNu \u0219tiam ce e. Dac\u0103 exploda\u2026 ce era s\u0103 fac?! M\u0103 omora! Era ceva greu \u00een tubul acela\u201d, a spus el. Ciobanul a observat \u0219i detalii ale aparatului, estim\u00e2nd c\u0103 aripile aveau aproximativ un metru fiecare \u0219i purtau inscrip\u021bii cu numere \u0219i c\u00e2teva litere pe care nu le-a putut descifra. El a mai men\u021bionat c\u0103, \u00eenainte de sosirea autorit\u0103\u021bilor, o alt\u0103 ma\u0219in\u0103 a oprit \u00een zon\u0103, iar persoanele din interior au examinat drona timp de aproximativ un sfert de or\u0103.<\/p>\n<p>Imediat dup\u0103 sesizare, zona a fost izolat\u0103 de poli\u021bi\u0219ti \u0219i jandarmi, iar la fa\u021ba locului au fost mobilizate echipe specializate. Prefectul jude\u021bului Vaslui, Andrei \u0218erban, a confirmat c\u0103 a fost informat \u00een timpul unei \u0219edin\u021be \u0219i c\u0103 reprezentan\u021bi ai SRI, Jandarmeriei \u0219i Poli\u021biei au demarat cercet\u0103ri. \u201eA\u0219tept\u0103m rezultatele verific\u0103rilor\u201d, a declarat prefectul pentru Agerpres.<\/p>\n<p>\u00cen acest caz a fost sesizat Parchetul de pe l\u00e2ng\u0103 Curtea de Apel Ia\u0219i pentru a stabili cu exactitate \u00eemprejur\u0103rile \u00een care s-a produs evenimentul \u0219i pentru a dispune m\u0103surile legale necesare. O brigad\u0103 Anti-tero a ajuns, de asemenea, la fa\u021ba locului pentru a efectua verific\u0103ri suplimentare.<\/p>\n<div class=\"heateor_sss_sharing_container heateor_sss_horizontal_sharing\" data-heateor-sss-href=\"https:\/\/www.buzau.net\/stiri-din-buzau\/un-cioban-i-a-scos-doua-fire-dronei-fara-sa-stie-de-pericol\/\">\n<div class=\"heateor_sss_sharing_title\">DISTRIBUIE ACEST ARTICOL<\/div>\n<\/div>\n<\/div>\n<p>[analyse_source url=&#8221;https:\/\/www.buzau.net\/stiri-din-buzau\/un-cioban-i-a-scos-doua-fire-dronei-fara-sa-stie-de-pericol\/&#8221;]<\/p>\n","protected":false},"excerpt":{"rendered":"<p>[analyse_image type=&#8221;featured&#8221; src=&#8221;https:\/\/www.buzau.net\/stiri-din-buzau\/wp-content\/uploads\/2026\/09\/un-cioban-i-a-scos-doua-fire-dronei-fara-sa-stie-de-pericol.jpg&#8221;] O dron\u0103 militar\u0103 care con\u021binea explozibil a fost descoperit\u0103 mar\u021bi, 1 septembrie, pe un c\u00e2mp din jude\u021bul Vaslui, alert\u00e2nd autorit\u0103\u021bile. Dispozitivul a fost g\u0103sit de un cioban din zon\u0103, care, f\u0103r\u0103 a b\u0103nui pericolul, s-a apropiat \u0219i i-a smuls dou\u0103 fire. Ulterior, un echipaj al Serviciului Rom\u00e2n de Informa\u021bii a fost nevoit [&hellip;]<\/p>\n","protected":false},"author":1,"featured_media":0,"comment_status":"open","ping_status":"","sticky":false,"template":"","format":"standard","meta":{"footnotes":""},"categories":[2],"tags":[113,226],"class_list":["post-2122958","post","type-post","status-publish","format-standard","hentry","category-politics","tag-buzau-net","tag-crawlmanager"],"_links":{"self":[{"href":"https:\/\/analyse.optim.biz\/index.php?rest_route=\/wp\/v2\/posts\/2122958","targetHints":{"allow":["GET"]}}],"collection":[{"href":"https:\/\/analyse.optim.biz\/index.php?rest_route=\/wp\/v2\/posts"}],"about":[{"href":"https:\/\/analyse.optim.biz\/index.php?rest_route=\/wp\/v2\/types\/post"}],"author":[{"embeddable":true,"href":"https:\/\/analyse.optim.biz\/index.php?rest_route=\/wp\/v2\/users\/1"}],"replies":[{"embeddable":true,"href":"https:\/\/analyse.optim.biz\/index.php?rest_route=%2Fwp%2Fv2%2Fcomments&post=2122958"}],"version-history":[{"count":0,"href":"https:\/\/analyse.optim.biz\/index.php?rest_route=\/wp\/v2\/posts\/2122958\/revisions"}],"wp:attachment":[{"href":"https:\/\/analyse.optim.biz\/index.php?rest_route=%2Fwp%2Fv2%2Fmedia&parent=2122958"}],"wp:term":[{"taxonomy":"category","embeddable":true,"href":"https:\/\/analyse.optim.biz\/index.php?rest_route=%2Fwp%2Fv2%2Fcategories&post=2122958"},{"taxonomy":"post_tag","embeddable":true,"href":"https:\/\/analyse.optim.biz\/index.php?rest_route=%2Fwp%2Fv2%2Ftags&post=2122958"}],"curies":[{"name":"wp","href":"https:\/\/api.w.org\/{rel}","templated":true}]}}