{"id":2122953,"date":"2026-09-01T17:02:53","date_gmt":"2026-09-01T14:02:53","guid":{"rendered":"https:\/\/analyse.optim.biz\/?p=2122953"},"modified":"2026-09-01T17:02:53","modified_gmt":"2026-09-01T14:02:53","slug":"primaria-ramnicu-sarat-anunta-consultare-publica-pentru-noi-masuri-de-circulatie-rutiera-si-pietonala","status":"publish","type":"post","link":"https:\/\/analyse.optim.biz\/?p=2122953","title":{"rendered":"Prim\u0103ria R\u00e2mnicu S\u0103rat anun\u021b\u0103 consultare public\u0103 pentru noi m\u0103suri de circula\u021bie rutier\u0103 \u0219i pietonal\u0103"},"content":{"rendered":"<p>[analyse_image type=&#8221;featured&#8221; src=&#8221;https:\/\/www.buzau.net\/stiri-din-buzau\/wp-content\/uploads\/2025\/03\/primaria-rm-sarat-ramnicu-sarat.jpg&#8221;]<\/p>\n<div id=\"mvp-content-main\" class=\"left relative\">\n<p>Prim\u0103ria Municipiului R\u00e2mnicu S\u0103rat a anun\u021bat, la data de 1 septembrie 2026, deschiderea procedurii de transparen\u021b\u0103 decizional\u0103 pentru elaborarea unui proiect de hot\u0103r\u00e2re privind stabilirea unor m\u0103suri administrative de circula\u021bie rutier\u0103 \u0219i pietonal\u0103 \u00een municipiu. Anun\u021bul este f\u0103cut \u00een temeiul Legii nr. 52\/2003 privind transparen\u021ba decizional\u0103 \u0219i al H.G. nr. 831\/2022, care aprob\u0103 normele metodologice de aplicare a acestei legi.<\/p>\n<p>Autorit\u0103\u021bile motiveaz\u0103 ini\u021biativa prin dezvoltarea urbanistic\u0103 a municipiului \u0219i cre\u0219terea considerabil\u0103 a num\u0103rului de mijloace de transport ale locuitorilor, factori care impun g\u0103sirea de solu\u021bii pentru fluidizarea traficului \u0219i pentru sistematizarea rutier\u0103 \u00een anumite zone. Documenta\u021bia proiectului cuprinde proiectul de hot\u0103r\u00e2re al Consiliului Local, nota de fundamentare \u00eenregistrat\u0103 cu nr. 56791\/18.08.2026, procesele\u2011verbale ale Comisiei de sistematizare a circula\u021biei (nr. 41405\/09.06.2026 \u0219i nr. 47424\/06.07.2026) \u0219i avizul Poli\u021biei Municipiului R\u00e2mnicu S\u0103rat (nr. 1023757\/28.07.2026, \u00eenregistrat la prim\u0103rie cu nr. 52306\/28.07.2026).<\/p>\n<p>Documentele pot fi consultate online, pe pagina primariermsarat.ro, la sec\u021biunea Transparen\u021b\u0103\/Legea 52\/2003-Transparen\u021ba decizional\u0103\/Anun\u021buri transparen\u021ba decizional\u0103, pe platforma www.econsultare.gov.ro sau la sediul Prim\u0103riei de pe strada Nicolae B\u0103lcescu nr. 1. Copii ale proiectului de act normativ pot fi ob\u021binute pe baz\u0103 de cerere scris\u0103 depus\u0103 la Compartimentul Registratur\u0103, \u00een zilele de luni, mar\u021bi, miercuri \u0219i joi \u00eentre orele 08:00\u201316:30 \u0219i vineri \u00eentre 08:00\u201314:00.<\/p>\n<p>Propunerile, sugestiile \u0219i opiniile cu valoare de recomandare pentru proiect se pot depune p\u00e2n\u0103 la 14 septembrie 2026, prin po\u0219t\u0103 la adresa Prim\u0103riei Municipiului R\u00e2mnicu S\u0103rat, la ghi\u0219eul Informare \u0219i Rela\u021bii Publice\u2013Registratur\u0103 \u00een programul men\u021bionat anterior, sau prin celelalte canale indicate \u00een anun\u021b. De asemenea, este prev\u0103zut\u0103 posibilitatea organiz\u0103rii unei dezbateri publice, dac\u0103 o asocia\u021bie legal constituit\u0103 sau o alt\u0103 autoritate sau institu\u021bie public\u0103 solicit\u0103 acest lucru \u00een scris.<\/p>\n<p>Pentru informa\u021bii suplimentare, Prim\u0103ria pune la dispozi\u021bie telefonul 0238\/561946, faxul 0238\/561947 \u0219i adresa de e\u2011mail <a href=\"https:\/\/www.buzau.net\/cdn-cgi\/l\/email-protection\" class=\"__cf_email__\" data-cfemail=\"c0b0b2a9ada1b2a9a59fb2adb3a1b2a1b480b0b2a9ada1b2a9a5b2adb3a1b2a1b4eeb2af\">[email\u00a0protected]<\/a>.<\/p>\n<div class=\"heateor_sss_sharing_container heateor_sss_horizontal_sharing\" data-heateor-sss-href=\"https:\/\/www.buzau.net\/stiri-din-buzau\/primaria-ramnicu-sarat-anunta-consultare-publica-pentru-noi-masuri-de-circulatie-rutiera-si-pietonala\/\">\n<div class=\"heateor_sss_sharing_title\">DISTRIBUIE ACEST ARTICOL<\/div>\n<\/div>\n<\/div>\n<p>[analyse_source url=&#8221;https:\/\/www.buzau.net\/stiri-din-buzau\/primaria-ramnicu-sarat-anunta-consultare-publica-pentru-noi-masuri-de-circulatie-rutiera-si-pietonala\/&#8221;]<\/p>\n","protected":false},"excerpt":{"rendered":"<p>[analyse_image type=&#8221;featured&#8221; src=&#8221;https:\/\/www.buzau.net\/stiri-din-buzau\/wp-content\/uploads\/2025\/03\/primaria-rm-sarat-ramnicu-sarat.jpg&#8221;] Prim\u0103ria Municipiului R\u00e2mnicu S\u0103rat a anun\u021bat, la data de 1 septembrie 2026, deschiderea procedurii de transparen\u021b\u0103 decizional\u0103 pentru elaborarea unui proiect de hot\u0103r\u00e2re privind stabilirea unor m\u0103suri administrative de circula\u021bie rutier\u0103 \u0219i pietonal\u0103 \u00een municipiu. Anun\u021bul este f\u0103cut \u00een temeiul Legii nr. 52\/2003 privind transparen\u021ba decizional\u0103 \u0219i al H.G. nr. 831\/2022, care [&hellip;]<\/p>\n","protected":false},"author":1,"featured_media":0,"comment_status":"open","ping_status":"","sticky":false,"template":"","format":"standard","meta":{"footnotes":""},"categories":[2],"tags":[113,226],"class_list":["post-2122953","post","type-post","status-publish","format-standard","hentry","category-politics","tag-buzau-net","tag-crawlmanager"],"_links":{"self":[{"href":"https:\/\/analyse.optim.biz\/index.php?rest_route=\/wp\/v2\/posts\/2122953","targetHints":{"allow":["GET"]}}],"collection":[{"href":"https:\/\/analyse.optim.biz\/index.php?rest_route=\/wp\/v2\/posts"}],"about":[{"href":"https:\/\/analyse.optim.biz\/index.php?rest_route=\/wp\/v2\/types\/post"}],"author":[{"embeddable":true,"href":"https:\/\/analyse.optim.biz\/index.php?rest_route=\/wp\/v2\/users\/1"}],"replies":[{"embeddable":true,"href":"https:\/\/analyse.optim.biz\/index.php?rest_route=%2Fwp%2Fv2%2Fcomments&post=2122953"}],"version-history":[{"count":0,"href":"https:\/\/analyse.optim.biz\/index.php?rest_route=\/wp\/v2\/posts\/2122953\/revisions"}],"wp:attachment":[{"href":"https:\/\/analyse.optim.biz\/index.php?rest_route=%2Fwp%2Fv2%2Fmedia&parent=2122953"}],"wp:term":[{"taxonomy":"category","embeddable":true,"href":"https:\/\/analyse.optim.biz\/index.php?rest_route=%2Fwp%2Fv2%2Fcategories&post=2122953"},{"taxonomy":"post_tag","embeddable":true,"href":"https:\/\/analyse.optim.biz\/index.php?rest_route=%2Fwp%2Fv2%2Ftags&post=2122953"}],"curies":[{"name":"wp","href":"https:\/\/api.w.org\/{rel}","templated":true}]}}